{"id":513,"date":"2023-11-08T04:21:34","date_gmt":"2023-11-08T03:21:34","guid":{"rendered":"https:\/\/footdavant.fr\/actualites\/manchester-united-et-arsenal-envisagent-le-transfert-de-federico-chiesa\/"},"modified":"2023-11-08T04:21:35","modified_gmt":"2023-11-08T03:21:35","slug":"manchester-united-et-arsenal-envisagent-le-transfert-de-federico-chiesa","status":"publish","type":"post","link":"https:\/\/footdavant.fr\/actualites\/manchester-united-et-arsenal-envisagent-le-transfert-de-federico-chiesa\/","title":{"rendered":"Manchester United et Arsenal envisagent le transfert de Federico Chiesa \u2013"},"content":{"rendered":"<div id=\"penci-post-entry-inner\">\n<p>\t\t\t<i class=\"penci-post-countview-number-check\" style=\"display:none\">14<\/i><\/p>\n<p><!--Article Start--><br \/>Malgr\u00e9 le duo tr\u00e8s attendu de Dusan Vlahovic et Federico Chiesa \u00e0 la Juventus, un temps de jeu commun coh\u00e9rent leur a \u00e9chapp\u00e9.  Federico Chiesa, en particulier, a attir\u00e9 l&rsquo;attention des g\u00e9ants de la Premier League, Manchester United et Arsenal.<\/p>\n<p>Le potentiel d&rsquo;un duo dynamique \u00e0 la Juventus impliquant Dusan Vlahovic et Federico Chiesa a suscit\u00e9 beaucoup d&rsquo;enthousiasme.<\/p>\n<p>Cependant, la r\u00e9alit\u00e9 est g\u00e2ch\u00e9e par un manque de continuit\u00e9.  Issus d&rsquo;un lien fort lors de leur passage \u00e0 la Fiorentina, les deux talents se sont retrouv\u00e9s \u00e0 la Juventus avec de grandes attentes.<\/p>\n<p>Malheureusement, des blessures ont entach\u00e9 ce partenariat, l&rsquo;absence prolong\u00e9e de Chiesa et les r\u00e9cents probl\u00e8mes \u00e0 l&rsquo;aine de Vlahovic limitant leur collaboration sur le terrain.<\/p>\n<p>Alors que la Juventus affronte la Fiorentina, un match charg\u00e9 d&rsquo;importance pour les deux joueurs, Vlahovic devrait \u00eatre un rempla\u00e7ant, laissant Chiesa potentiellement faire \u00e9quipe avec Moise Kean.<\/p>\n<p>Ce match intervient \u00e0 un moment o\u00f9 les sp\u00e9culations sur le march\u00e9 des transferts p\u00e8sent lourd sur le club.  La Juventus a ouvertement d\u00e9clar\u00e9 qu&rsquo;aucun joueur n&rsquo;\u00e9tait \u00e0 l&rsquo;\u00e9cart des discussions de transfert, y compris Chiesa, qui est consid\u00e9r\u00e9 comme un atout cl\u00e9 \u00e0 Turin.<\/p>\n<p>Le c\u00e9l\u00e8bre journaliste Ekrem Konur a rapport\u00e9 que Manchester United et Arsenal maintiennent un vif int\u00e9r\u00eat pour Chiesa.<\/p>\n<p>Alors que ses discussions contractuelles sont en cours et pourraient s&rsquo;\u00e9tendre au-del\u00e0 de 2025, la ma\u00eetrise de l&rsquo;anglais de Chiesa et son ambition de jouer en Premier League pourraient influencer une \u00e9volution de carri\u00e8re significative.<\/p>\n<p>Bien qu&rsquo;il se concentre actuellement sur son r\u00f4le \u00e0 la Juventus et son retour \u00e0 Franchi en tant que joueur titulaire, la fin de la saison pourrait inciter \u00e0 une \u00e9valuation cruciale de sa trajectoire.<\/p>\n<p>La strat\u00e9gie de la Juventus consiste \u00e0 renforcer la position de Chiesa pour exiger des frais de transfert plus \u00e9lev\u00e9s en cas d&rsquo;offre.<\/p>\n<p>En tant que l&rsquo;un des talents les plus pris\u00e9s de l&rsquo;\u00e9quipe, l&rsquo;avenir de Chiesa fait l&rsquo;objet d&rsquo;une planification complexe de la part de la Juventus, alignant ses int\u00e9r\u00eats financiers sur les aspirations professionnelles du joueur.<\/p>\n<p><!-- AI CONTENT END 2 --><\/p><\/div>\n","protected":false},"excerpt":{"rendered":"<p>14 Malgr\u00e9 le duo tr\u00e8s attendu de Dusan Vlahovic et Federico Chiesa \u00e0 la Juventus, un temps de jeu commun coh\u00e9rent leur a \u00e9chapp\u00e9. Federico<\/p>\n","protected":false},"author":1,"featured_media":514,"comment_status":"closed","ping_status":"","sticky":false,"template":"","format":"standard","meta":{"footnotes":""},"categories":[3],"tags":[67,702,699,701,11,700,13],"yoast_head":"<!-- This site is optimized with the Yoast SEO plugin v21.0 - https:\/\/yoast.com\/wordpress\/plugins\/seo\/ -->\n<title>Manchester United et Arsenal envisagent le transfert de Federico Chiesa \u2013<\/title>\n<meta name=\"robots\" content=\"index, follow, max-snippet:-1, max-image-preview:large, max-video-preview:-1\" \/>\n<link rel=\"canonical\" href=\"https:\/\/footdavant.fr\/actualites\/manchester-united-et-arsenal-envisagent-le-transfert-de-federico-chiesa\/\" \/>\n<meta property=\"og:locale\" content=\"fr_FR\" \/>\n<meta property=\"og:type\" content=\"article\" \/>\n<meta property=\"og:title\" content=\"Manchester United et Arsenal envisagent le transfert de Federico Chiesa \u2013\" \/>\n<meta property=\"og:description\" content=\"14 Malgr\u00e9 le duo tr\u00e8s attendu de Dusan Vlahovic et Federico Chiesa \u00e0 la Juventus, un temps de jeu commun coh\u00e9rent leur a \u00e9chapp\u00e9. Federico\" \/>\n<meta property=\"og:url\" content=\"https:\/\/footdavant.fr\/actualites\/manchester-united-et-arsenal-envisagent-le-transfert-de-federico-chiesa\/\" \/>\n<meta property=\"og:site_name\" content=\"Foot d&#039;avant\" \/>\n<meta property=\"article:publisher\" content=\"https:\/\/www.facebook.com\/Footdavant\/\" \/>\n<meta property=\"article:published_time\" content=\"2023-11-08T03:21:34+00:00\" \/>\n<meta property=\"article:modified_time\" content=\"2023-11-08T03:21:35+00:00\" \/>\n<meta property=\"og:image\" content=\"https:\/\/footdavant.fr\/actualites\/wp-content\/uploads\/2023\/11\/Manchester-United-et-Arsenal-envisagent-le-transfert-de-Federico-Chiesa.jpg\" \/>\n\t<meta property=\"og:image:width\" content=\"1599\" \/>\n\t<meta property=\"og:image:height\" content=\"700\" \/>\n\t<meta property=\"og:image:type\" content=\"image\/jpeg\" \/>\n<meta name=\"author\" content=\"Cl\u00e9ment\" \/>\n<meta name=\"twitter:card\" content=\"summary_large_image\" \/>\n<meta name=\"twitter:creator\" content=\"@FootdavantFr\" \/>\n<meta name=\"twitter:site\" content=\"@FootdavantFr\" \/>\n<meta name=\"twitter:label1\" content=\"\u00c9crit par\" \/>\n\t<meta name=\"twitter:data1\" content=\"Cl\u00e9ment\" \/>\n\t<meta name=\"twitter:label2\" content=\"Dur\u00e9e de lecture estim\u00e9e\" \/>\n\t<meta name=\"twitter:data2\" content=\"2 minutes\" \/>\n<script type=\"application\/ld+json\" class=\"yoast-schema-graph\">{\"@context\":\"https:\/\/schema.org\",\"@graph\":[{\"@type\":\"Article\",\"@id\":\"https:\/\/footdavant.fr\/actualites\/manchester-united-et-arsenal-envisagent-le-transfert-de-federico-chiesa\/#article\",\"isPartOf\":{\"@id\":\"https:\/\/footdavant.fr\/actualites\/manchester-united-et-arsenal-envisagent-le-transfert-de-federico-chiesa\/\"},\"author\":{\"name\":\"Cl\u00e9ment\",\"@id\":\"https:\/\/footdavant.fr\/actualites\/#\/schema\/person\/bc222566d95871b37e597b3ed3ba5e1d\"},\"headline\":\"Manchester United et Arsenal envisagent le transfert de Federico Chiesa \u2013\",\"datePublished\":\"2023-11-08T03:21:34+00:00\",\"dateModified\":\"2023-11-08T03:21:35+00:00\",\"mainEntityOfPage\":{\"@id\":\"https:\/\/footdavant.fr\/actualites\/manchester-united-et-arsenal-envisagent-le-transfert-de-federico-chiesa\/\"},\"wordCount\":364,\"publisher\":{\"@id\":\"https:\/\/footdavant.fr\/actualites\/#organization\"},\"keywords\":[\"Arsenal\",\"Chiesa\",\"envisagent\",\"Federico\",\"Manchester\",\"transfert\",\"United\"],\"articleSection\":[\"Football\"],\"inLanguage\":\"fr-FR\"},{\"@type\":\"WebPage\",\"@id\":\"https:\/\/footdavant.fr\/actualites\/manchester-united-et-arsenal-envisagent-le-transfert-de-federico-chiesa\/\",\"url\":\"https:\/\/footdavant.fr\/actualites\/manchester-united-et-arsenal-envisagent-le-transfert-de-federico-chiesa\/\",\"name\":\"Manchester United et Arsenal envisagent le transfert de Federico Chiesa \u2013\",\"isPartOf\":{\"@id\":\"https:\/\/footdavant.fr\/actualites\/#website\"},\"datePublished\":\"2023-11-08T03:21:34+00:00\",\"dateModified\":\"2023-11-08T03:21:35+00:00\",\"breadcrumb\":{\"@id\":\"https:\/\/footdavant.fr\/actualites\/manchester-united-et-arsenal-envisagent-le-transfert-de-federico-chiesa\/#breadcrumb\"},\"inLanguage\":\"fr-FR\",\"potentialAction\":[{\"@type\":\"ReadAction\",\"target\":[\"https:\/\/footdavant.fr\/actualites\/manchester-united-et-arsenal-envisagent-le-transfert-de-federico-chiesa\/\"]}]},{\"@type\":\"BreadcrumbList\",\"@id\":\"https:\/\/footdavant.fr\/actualites\/manchester-united-et-arsenal-envisagent-le-transfert-de-federico-chiesa\/#breadcrumb\",\"itemListElement\":[{\"@type\":\"ListItem\",\"position\":1,\"name\":\"Accueil\",\"item\":\"https:\/\/footdavant.fr\/actualites\/\"},{\"@type\":\"ListItem\",\"position\":2,\"name\":\"Manchester United et Arsenal envisagent le transfert de Federico Chiesa \u2013\"}]},{\"@type\":\"WebSite\",\"@id\":\"https:\/\/footdavant.fr\/actualites\/#website\",\"url\":\"https:\/\/footdavant.fr\/actualites\/\",\"name\":\"Foot d'avant\",\"description\":\"\",\"publisher\":{\"@id\":\"https:\/\/footdavant.fr\/actualites\/#organization\"},\"potentialAction\":[{\"@type\":\"SearchAction\",\"target\":{\"@type\":\"EntryPoint\",\"urlTemplate\":\"https:\/\/footdavant.fr\/actualites\/?s={search_term_string}\"},\"query-input\":\"required name=search_term_string\"}],\"inLanguage\":\"fr-FR\"},{\"@type\":\"Organization\",\"@id\":\"https:\/\/footdavant.fr\/actualites\/#organization\",\"name\":\"Foot d'avant\",\"url\":\"https:\/\/footdavant.fr\/actualites\/\",\"logo\":{\"@type\":\"ImageObject\",\"inLanguage\":\"fr-FR\",\"@id\":\"https:\/\/footdavant.fr\/actualites\/#\/schema\/logo\/image\/\",\"url\":\"https:\/\/footdavant.fr\/actualites\/wp-content\/uploads\/2023\/09\/Copy-of-FootDavant-Logo.png\",\"contentUrl\":\"https:\/\/footdavant.fr\/actualites\/wp-content\/uploads\/2023\/09\/Copy-of-FootDavant-Logo.png\",\"width\":936,\"height\":549,\"caption\":\"Foot d'avant\"},\"image\":{\"@id\":\"https:\/\/footdavant.fr\/actualites\/#\/schema\/logo\/image\/\"},\"sameAs\":[\"https:\/\/www.facebook.com\/Footdavant\/\",\"https:\/\/twitter.com\/FootdavantFr\",\"https:\/\/www.instagram.com\/footdavant.fr\/\"]},{\"@type\":\"Person\",\"@id\":\"https:\/\/footdavant.fr\/actualites\/#\/schema\/person\/bc222566d95871b37e597b3ed3ba5e1d\",\"name\":\"Cl\u00e9ment\",\"image\":{\"@type\":\"ImageObject\",\"inLanguage\":\"fr-FR\",\"@id\":\"https:\/\/footdavant.fr\/actualites\/#\/schema\/person\/image\/\",\"url\":\"https:\/\/secure.gravatar.com\/avatar\/7728b29aac2719421e1a9159b2254c44?s=96&d=mm&r=g\",\"contentUrl\":\"https:\/\/secure.gravatar.com\/avatar\/7728b29aac2719421e1a9159b2254c44?s=96&d=mm&r=g\",\"caption\":\"Cl\u00e9ment\"},\"sameAs\":[\"https:\/\/footdavant.fr\/\"]}]}<\/script>\n<!-- \/ Yoast SEO plugin. -->","yoast_head_json":{"title":"Manchester United et Arsenal envisagent le transfert de Federico Chiesa \u2013","robots":{"index":"index","follow":"follow","max-snippet":"max-snippet:-1","max-image-preview":"max-image-preview:large","max-video-preview":"max-video-preview:-1"},"canonical":"https:\/\/footdavant.fr\/actualites\/manchester-united-et-arsenal-envisagent-le-transfert-de-federico-chiesa\/","og_locale":"fr_FR","og_type":"article","og_title":"Manchester United et Arsenal envisagent le transfert de Federico Chiesa \u2013","og_description":"14 Malgr\u00e9 le duo tr\u00e8s attendu de Dusan Vlahovic et Federico Chiesa \u00e0 la Juventus, un temps de jeu commun coh\u00e9rent leur a \u00e9chapp\u00e9. Federico","og_url":"https:\/\/footdavant.fr\/actualites\/manchester-united-et-arsenal-envisagent-le-transfert-de-federico-chiesa\/","og_site_name":"Foot d&#039;avant","article_publisher":"https:\/\/www.facebook.com\/Footdavant\/","article_published_time":"2023-11-08T03:21:34+00:00","article_modified_time":"2023-11-08T03:21:35+00:00","og_image":[{"width":1599,"height":700,"url":"https:\/\/footdavant.fr\/actualites\/wp-content\/uploads\/2023\/11\/Manchester-United-et-Arsenal-envisagent-le-transfert-de-Federico-Chiesa.jpg","type":"image\/jpeg"}],"author":"Cl\u00e9ment","twitter_card":"summary_large_image","twitter_creator":"@FootdavantFr","twitter_site":"@FootdavantFr","twitter_misc":{"\u00c9crit par":"Cl\u00e9ment","Dur\u00e9e de lecture estim\u00e9e":"2 minutes"},"schema":{"@context":"https:\/\/schema.org","@graph":[{"@type":"Article","@id":"https:\/\/footdavant.fr\/actualites\/manchester-united-et-arsenal-envisagent-le-transfert-de-federico-chiesa\/#article","isPartOf":{"@id":"https:\/\/footdavant.fr\/actualites\/manchester-united-et-arsenal-envisagent-le-transfert-de-federico-chiesa\/"},"author":{"name":"Cl\u00e9ment","@id":"https:\/\/footdavant.fr\/actualites\/#\/schema\/person\/bc222566d95871b37e597b3ed3ba5e1d"},"headline":"Manchester United et Arsenal envisagent le transfert de Federico Chiesa \u2013","datePublished":"2023-11-08T03:21:34+00:00","dateModified":"2023-11-08T03:21:35+00:00","mainEntityOfPage":{"@id":"https:\/\/footdavant.fr\/actualites\/manchester-united-et-arsenal-envisagent-le-transfert-de-federico-chiesa\/"},"wordCount":364,"publisher":{"@id":"https:\/\/footdavant.fr\/actualites\/#organization"},"keywords":["Arsenal","Chiesa","envisagent","Federico","Manchester","transfert","United"],"articleSection":["Football"],"inLanguage":"fr-FR"},{"@type":"WebPage","@id":"https:\/\/footdavant.fr\/actualites\/manchester-united-et-arsenal-envisagent-le-transfert-de-federico-chiesa\/","url":"https:\/\/footdavant.fr\/actualites\/manchester-united-et-arsenal-envisagent-le-transfert-de-federico-chiesa\/","name":"Manchester United et Arsenal envisagent le transfert de Federico Chiesa \u2013","isPartOf":{"@id":"https:\/\/footdavant.fr\/actualites\/#website"},"datePublished":"2023-11-08T03:21:34+00:00","dateModified":"2023-11-08T03:21:35+00:00","breadcrumb":{"@id":"https:\/\/footdavant.fr\/actualites\/manchester-united-et-arsenal-envisagent-le-transfert-de-federico-chiesa\/#breadcrumb"},"inLanguage":"fr-FR","potentialAction":[{"@type":"ReadAction","target":["https:\/\/footdavant.fr\/actualites\/manchester-united-et-arsenal-envisagent-le-transfert-de-federico-chiesa\/"]}]},{"@type":"BreadcrumbList","@id":"https:\/\/footdavant.fr\/actualites\/manchester-united-et-arsenal-envisagent-le-transfert-de-federico-chiesa\/#breadcrumb","itemListElement":[{"@type":"ListItem","position":1,"name":"Accueil","item":"https:\/\/footdavant.fr\/actualites\/"},{"@type":"ListItem","position":2,"name":"Manchester United et Arsenal envisagent le transfert de Federico Chiesa \u2013"}]},{"@type":"WebSite","@id":"https:\/\/footdavant.fr\/actualites\/#website","url":"https:\/\/footdavant.fr\/actualites\/","name":"Foot d'avant","description":"","publisher":{"@id":"https:\/\/footdavant.fr\/actualites\/#organization"},"potentialAction":[{"@type":"SearchAction","target":{"@type":"EntryPoint","urlTemplate":"https:\/\/footdavant.fr\/actualites\/?s={search_term_string}"},"query-input":"required name=search_term_string"}],"inLanguage":"fr-FR"},{"@type":"Organization","@id":"https:\/\/footdavant.fr\/actualites\/#organization","name":"Foot d'avant","url":"https:\/\/footdavant.fr\/actualites\/","logo":{"@type":"ImageObject","inLanguage":"fr-FR","@id":"https:\/\/footdavant.fr\/actualites\/#\/schema\/logo\/image\/","url":"https:\/\/footdavant.fr\/actualites\/wp-content\/uploads\/2023\/09\/Copy-of-FootDavant-Logo.png","contentUrl":"https:\/\/footdavant.fr\/actualites\/wp-content\/uploads\/2023\/09\/Copy-of-FootDavant-Logo.png","width":936,"height":549,"caption":"Foot d'avant"},"image":{"@id":"https:\/\/footdavant.fr\/actualites\/#\/schema\/logo\/image\/"},"sameAs":["https:\/\/www.facebook.com\/Footdavant\/","https:\/\/twitter.com\/FootdavantFr","https:\/\/www.instagram.com\/footdavant.fr\/"]},{"@type":"Person","@id":"https:\/\/footdavant.fr\/actualites\/#\/schema\/person\/bc222566d95871b37e597b3ed3ba5e1d","name":"Cl\u00e9ment","image":{"@type":"ImageObject","inLanguage":"fr-FR","@id":"https:\/\/footdavant.fr\/actualites\/#\/schema\/person\/image\/","url":"https:\/\/secure.gravatar.com\/avatar\/7728b29aac2719421e1a9159b2254c44?s=96&d=mm&r=g","contentUrl":"https:\/\/secure.gravatar.com\/avatar\/7728b29aac2719421e1a9159b2254c44?s=96&d=mm&r=g","caption":"Cl\u00e9ment"},"sameAs":["https:\/\/footdavant.fr\/"]}]}},"_links":{"self":[{"href":"https:\/\/footdavant.fr\/actualites\/wp-json\/wp\/v2\/posts\/513"}],"collection":[{"href":"https:\/\/footdavant.fr\/actualites\/wp-json\/wp\/v2\/posts"}],"about":[{"href":"https:\/\/footdavant.fr\/actualites\/wp-json\/wp\/v2\/types\/post"}],"author":[{"embeddable":true,"href":"https:\/\/footdavant.fr\/actualites\/wp-json\/wp\/v2\/users\/1"}],"replies":[{"embeddable":true,"href":"https:\/\/footdavant.fr\/actualites\/wp-json\/wp\/v2\/comments?post=513"}],"version-history":[{"count":1,"href":"https:\/\/footdavant.fr\/actualites\/wp-json\/wp\/v2\/posts\/513\/revisions"}],"predecessor-version":[{"id":515,"href":"https:\/\/footdavant.fr\/actualites\/wp-json\/wp\/v2\/posts\/513\/revisions\/515"}],"wp:featuredmedia":[{"embeddable":true,"href":"https:\/\/footdavant.fr\/actualites\/wp-json\/wp\/v2\/media\/514"}],"wp:attachment":[{"href":"https:\/\/footdavant.fr\/actualites\/wp-json\/wp\/v2\/media?parent=513"}],"wp:term":[{"taxonomy":"category","embeddable":true,"href":"https:\/\/footdavant.fr\/actualites\/wp-json\/wp\/v2\/categories?post=513"},{"taxonomy":"post_tag","embeddable":true,"href":"https:\/\/footdavant.fr\/actualites\/wp-json\/wp\/v2\/tags?post=513"}],"curies":[{"name":"wp","href":"https:\/\/api.w.org\/{rel}","templated":true}]}}