{"id":5197,"date":"2024-02-17T16:50:18","date_gmt":"2024-02-17T15:50:18","guid":{"rendered":"https:\/\/footdavant.fr\/actualites\/jurgen-klopp-fait-un-aveu-de-blessure-ecrasante-alors-que-la-mise-a-jour-de-nunez-est-publiee\/"},"modified":"2024-02-17T16:50:27","modified_gmt":"2024-02-17T15:50:27","slug":"jurgen-klopp-fait-un-aveu-de-blessure-ecrasante-alors-que-la-mise-a-jour-de-nunez-est-publiee","status":"publish","type":"post","link":"https:\/\/footdavant.fr\/actualites\/jurgen-klopp-fait-un-aveu-de-blessure-ecrasante-alors-que-la-mise-a-jour-de-nunez-est-publiee\/","title":{"rendered":"Jurgen Klopp fait un aveu de blessure \u00e9crasante alors que la mise \u00e0 jour de Nunez est publi\u00e9e"},"content":{"rendered":"<div id=\"article-body\">\n<!-- Article Start --><\/p>\n<p>Le Community Gtech Stadium a \u00e9t\u00e9 le th\u00e9\u00e2tre d&rsquo;un r\u00e9cit m\u00e9diatique vraiment ridicule sur la p\u00e9riode qui avait pr\u00e9c\u00e9d\u00e9 la derni\u00e8re victoire des Reds au domicile des Bees.<\/p>\n<p>Le travail a n\u00e9anmoins \u00e9t\u00e9 accompli, m\u00eame s&rsquo;il a co\u00fbt\u00e9 cher au personnel, Neil Jones relayant les informations troublantes de Jurgen Klopp sur Darwin Nunez, Diogo Jota et Curtis Jones.<\/p>\n<blockquote class=\"twitter-lazy tweet-txt lazyload\" data-width=\"500\" data-dnt=\"true\">\n<p lang=\"en\" dir=\"ltr\">J\u00fcrgen Klopp sur les blessures de Liverpool<\/p>\n<p>\u00ab\u00a0Des \u00e9motions mitig\u00e9es parce que nous avons perdu des joueurs, dont nous ne savons pas \u00e0 quel point c&rsquo;est grave. Cela ne s&rsquo;annonce bien pour aucun d&rsquo;eux (Jota et Jones).\u00a0\u00bb<a rel=\"nofollow\" href=\"https:\/\/twitter.com\/hashtag\/LFC?src=hash&amp;ref_src=twsrc%5Etfw\">#LFC<\/a> \ud83d\udd34<\/p>\n<p>\u2013 Neil Jones (@neiljonesgoal) <a rel=\"nofollow\" href=\"https:\/\/twitter.com\/neiljonesgoal\/status\/1758868929718452463?ref_src=twsrc%5Etfw\">17 f\u00e9vrier 2024<\/a><\/p>\n<\/blockquote>\n<blockquote class=\"twitter-lazy tweet-txt lazyload\" data-width=\"500\" data-dnt=\"true\">\n<p lang=\"en\" dir=\"ltr\">Klopp dit qu&rsquo;il n&rsquo;est \u00ab\u00a0pas s\u00fbr\u00a0\u00bb que N\u00fa\u00f1ez soit bless\u00e9 apr\u00e8s un probl\u00e8me en premi\u00e8re mi-temps, mais dit qu&rsquo;ils ont quand m\u00eame d\u00e9cid\u00e9 de jouer la s\u00e9curit\u00e9 et de faire entrer Gakpo.<a rel=\"nofollow\" href=\"https:\/\/twitter.com\/hashtag\/LFC?src=hash&amp;ref_src=twsrc%5Etfw\">#LFC<\/a><\/p>\n<p>\u2013 Neil Jones (@neiljonesgoal) <a rel=\"nofollow\" href=\"https:\/\/twitter.com\/neiljonesgoal\/status\/1758869324834439248?ref_src=twsrc%5Etfw\">17 f\u00e9vrier 2024<\/a><\/p>\n<\/blockquote>\n<p><iframe class=\"lazyload\" style=\"border-radius: 12px\" width=\"100%\" height=\"152\" title=\"Spotify Embed: #Ep101 of The Empire of the Kop Podcast: Replacing Jurgen Klopp\ud83c\udf99\ufe0f\" frameborder=\"0\" allowfullscreen=\"\" allow=\"autoplay; clipboard-write; encrypted-media; fullscreen; picture-in-picture\" data-src=\"https:\/\/open.spotify.com\/embed\/episode\/5xrpjmFvPJbOoPzGi6pxj3?utm_source=oembed\"><\/iframe><\/p>\n<\/p>\n<h2>Espoir pour Nunez\u2026 moins pour Jones et Jota<\/h2>\n<p>Ce ne sera jamais une bonne nouvelle si le manager admet que \u00ab \u00e7a n\u2019a pas l\u2019air g\u00e9nial \u00bb, n\u2019est-ce pas ?<\/p>\n<p>\u00c0 tout le moins, le jeu des reproches sur le service m\u00e9dical cessera pendant un certain temps apr\u00e8s la diffusion d&rsquo;images montrant chaque kilo de Christian Norgaard tombant sur le genou de Jota.<\/p>\n<p>Juste avertissement : ce n&rsquo;est pas une montre confortable et vous pouvez comprendre pourquoi le n\u00b020 a \u00e9t\u00e9 aper\u00e7u en train de souffrir s\u00e9rieusement alors qu&rsquo;il \u00e9tait transport\u00e9 hors du terrain.<\/p>\n<figure class=\"wp-caption alignnone\"><picture><source type=\"image\/webp\" data- data-><\/source><\/picture><figcaption class=\"wp-caption-text\">Curtis Jones avant d&rsquo;\u00eatre retir\u00e9 \u2013 (Photo d&rsquo;ADRIAN DENNIS\/AFP via Getty Images)<\/figcaption><\/figure>\n<p>Joignons simplement nos mains et prions pour que nous ne soyons pas priv\u00e9s de notre \u00ab slotter \u00bb r\u00e9sident ou de Jones pendant une longue p\u00e9riode.<\/p>\n<p>C&rsquo;est le moment critique, Reds \u2013 et nous avons besoin de notre meilleur disponible.<\/p>\n<\/p>\n<p><span class=\"embed-youtube\" style=\"text-align:center; display: block;\"><\/span><\/p>\n<p><!-- Article End -->\t\t\t\t<\/div>\n<p><script async src=\"https:\/\/platform.twitter.com\/widgets.js\" charset=\"utf-8\"><\/script><\/p>\n","protected":false},"excerpt":{"rendered":"<p>Le Community Gtech Stadium a \u00e9t\u00e9 le th\u00e9\u00e2tre d&rsquo;un r\u00e9cit m\u00e9diatique vraiment ridicule sur la p\u00e9riode qui avait pr\u00e9c\u00e9d\u00e9 la derni\u00e8re victoire des Reds au<\/p>\n","protected":false},"author":1,"featured_media":5198,"comment_status":"closed","ping_status":"","sticky":false,"template":"","format":"standard","meta":{"footnotes":""},"categories":[3],"tags":[318,2173,15,3724,217,152,328,237,238,327,2447,3725],"yoast_head":"<!-- This site is optimized with the Yoast SEO plugin v21.0 - https:\/\/yoast.com\/wordpress\/plugins\/seo\/ -->\n<title>Jurgen Klopp fait un aveu de blessure \u00e9crasante alors que la mise \u00e0 jour de Nunez est publi\u00e9e<\/title>\n<meta name=\"robots\" content=\"index, follow, max-snippet:-1, max-image-preview:large, max-video-preview:-1\" \/>\n<link rel=\"canonical\" href=\"https:\/\/footdavant.fr\/actualites\/jurgen-klopp-fait-un-aveu-de-blessure-ecrasante-alors-que-la-mise-a-jour-de-nunez-est-publiee\/\" \/>\n<meta property=\"og:locale\" content=\"fr_FR\" \/>\n<meta property=\"og:type\" content=\"article\" \/>\n<meta property=\"og:title\" content=\"Jurgen Klopp fait un aveu de blessure \u00e9crasante alors que la mise \u00e0 jour de Nunez est publi\u00e9e\" \/>\n<meta property=\"og:description\" content=\"Le Community Gtech Stadium a \u00e9t\u00e9 le th\u00e9\u00e2tre d&rsquo;un r\u00e9cit m\u00e9diatique vraiment ridicule sur la p\u00e9riode qui avait pr\u00e9c\u00e9d\u00e9 la derni\u00e8re victoire des Reds au\" \/>\n<meta property=\"og:url\" content=\"https:\/\/footdavant.fr\/actualites\/jurgen-klopp-fait-un-aveu-de-blessure-ecrasante-alors-que-la-mise-a-jour-de-nunez-est-publiee\/\" \/>\n<meta property=\"og:site_name\" content=\"Foot d&#039;avant\" \/>\n<meta property=\"article:publisher\" content=\"https:\/\/www.facebook.com\/Footdavant\/\" \/>\n<meta property=\"article:published_time\" content=\"2024-02-17T15:50:18+00:00\" \/>\n<meta property=\"article:modified_time\" content=\"2024-02-17T15:50:27+00:00\" \/>\n<meta property=\"og:image\" content=\"https:\/\/footdavant.fr\/actualites\/wp-content\/uploads\/2024\/02\/1708185018_Jurgen-Klopp-fait-un-aveu-de-blessure-ecrasante-alors-que-scaled.jpg\" \/>\n\t<meta property=\"og:image:width\" content=\"2560\" \/>\n\t<meta property=\"og:image:height\" content=\"1706\" \/>\n\t<meta property=\"og:image:type\" content=\"image\/jpeg\" \/>\n<meta name=\"author\" content=\"Cl\u00e9ment\" \/>\n<meta name=\"twitter:card\" content=\"summary_large_image\" \/>\n<meta name=\"twitter:creator\" content=\"@FootdavantFr\" \/>\n<meta name=\"twitter:site\" content=\"@FootdavantFr\" \/>\n<meta name=\"twitter:label1\" content=\"\u00c9crit par\" \/>\n\t<meta name=\"twitter:data1\" content=\"Cl\u00e9ment\" \/>\n\t<meta name=\"twitter:label2\" content=\"Dur\u00e9e de lecture estim\u00e9e\" \/>\n\t<meta name=\"twitter:data2\" content=\"2 minutes\" \/>\n<script type=\"application\/ld+json\" class=\"yoast-schema-graph\">{\"@context\":\"https:\/\/schema.org\",\"@graph\":[{\"@type\":\"Article\",\"@id\":\"https:\/\/footdavant.fr\/actualites\/jurgen-klopp-fait-un-aveu-de-blessure-ecrasante-alors-que-la-mise-a-jour-de-nunez-est-publiee\/#article\",\"isPartOf\":{\"@id\":\"https:\/\/footdavant.fr\/actualites\/jurgen-klopp-fait-un-aveu-de-blessure-ecrasante-alors-que-la-mise-a-jour-de-nunez-est-publiee\/\"},\"author\":{\"name\":\"Cl\u00e9ment\",\"@id\":\"https:\/\/footdavant.fr\/actualites\/#\/schema\/person\/bc222566d95871b37e597b3ed3ba5e1d\"},\"headline\":\"Jurgen Klopp fait un aveu de blessure \u00e9crasante alors que la mise \u00e0 jour de Nunez est publi\u00e9e\",\"datePublished\":\"2024-02-17T15:50:18+00:00\",\"dateModified\":\"2024-02-17T15:50:27+00:00\",\"mainEntityOfPage\":{\"@id\":\"https:\/\/footdavant.fr\/actualites\/jurgen-klopp-fait-un-aveu-de-blessure-ecrasante-alors-que-la-mise-a-jour-de-nunez-est-publiee\/\"},\"wordCount\":326,\"publisher\":{\"@id\":\"https:\/\/footdavant.fr\/actualites\/#organization\"},\"keywords\":[\"alors\",\"aveu\",\"Blessure\",\"\u00e9crasante\",\"est\",\"fait\",\"jour\",\"Jurgen\",\"Klopp\",\"mise\",\"Nunez\",\"publi\u00e9e\"],\"articleSection\":[\"Football\"],\"inLanguage\":\"fr-FR\"},{\"@type\":\"WebPage\",\"@id\":\"https:\/\/footdavant.fr\/actualites\/jurgen-klopp-fait-un-aveu-de-blessure-ecrasante-alors-que-la-mise-a-jour-de-nunez-est-publiee\/\",\"url\":\"https:\/\/footdavant.fr\/actualites\/jurgen-klopp-fait-un-aveu-de-blessure-ecrasante-alors-que-la-mise-a-jour-de-nunez-est-publiee\/\",\"name\":\"Jurgen Klopp fait un aveu de blessure \u00e9crasante alors que la mise \u00e0 jour de Nunez est publi\u00e9e\",\"isPartOf\":{\"@id\":\"https:\/\/footdavant.fr\/actualites\/#website\"},\"datePublished\":\"2024-02-17T15:50:18+00:00\",\"dateModified\":\"2024-02-17T15:50:27+00:00\",\"breadcrumb\":{\"@id\":\"https:\/\/footdavant.fr\/actualites\/jurgen-klopp-fait-un-aveu-de-blessure-ecrasante-alors-que-la-mise-a-jour-de-nunez-est-publiee\/#breadcrumb\"},\"inLanguage\":\"fr-FR\",\"potentialAction\":[{\"@type\":\"ReadAction\",\"target\":[\"https:\/\/footdavant.fr\/actualites\/jurgen-klopp-fait-un-aveu-de-blessure-ecrasante-alors-que-la-mise-a-jour-de-nunez-est-publiee\/\"]}]},{\"@type\":\"BreadcrumbList\",\"@id\":\"https:\/\/footdavant.fr\/actualites\/jurgen-klopp-fait-un-aveu-de-blessure-ecrasante-alors-que-la-mise-a-jour-de-nunez-est-publiee\/#breadcrumb\",\"itemListElement\":[{\"@type\":\"ListItem\",\"position\":1,\"name\":\"Accueil\",\"item\":\"https:\/\/footdavant.fr\/actualites\/\"},{\"@type\":\"ListItem\",\"position\":2,\"name\":\"Jurgen Klopp fait un aveu de blessure \u00e9crasante alors que la mise \u00e0 jour de Nunez est publi\u00e9e\"}]},{\"@type\":\"WebSite\",\"@id\":\"https:\/\/footdavant.fr\/actualites\/#website\",\"url\":\"https:\/\/footdavant.fr\/actualites\/\",\"name\":\"Foot d'avant\",\"description\":\"\",\"publisher\":{\"@id\":\"https:\/\/footdavant.fr\/actualites\/#organization\"},\"potentialAction\":[{\"@type\":\"SearchAction\",\"target\":{\"@type\":\"EntryPoint\",\"urlTemplate\":\"https:\/\/footdavant.fr\/actualites\/?s={search_term_string}\"},\"query-input\":\"required name=search_term_string\"}],\"inLanguage\":\"fr-FR\"},{\"@type\":\"Organization\",\"@id\":\"https:\/\/footdavant.fr\/actualites\/#organization\",\"name\":\"Foot d'avant\",\"url\":\"https:\/\/footdavant.fr\/actualites\/\",\"logo\":{\"@type\":\"ImageObject\",\"inLanguage\":\"fr-FR\",\"@id\":\"https:\/\/footdavant.fr\/actualites\/#\/schema\/logo\/image\/\",\"url\":\"https:\/\/footdavant.fr\/actualites\/wp-content\/uploads\/2023\/09\/Copy-of-FootDavant-Logo.png\",\"contentUrl\":\"https:\/\/footdavant.fr\/actualites\/wp-content\/uploads\/2023\/09\/Copy-of-FootDavant-Logo.png\",\"width\":936,\"height\":549,\"caption\":\"Foot d'avant\"},\"image\":{\"@id\":\"https:\/\/footdavant.fr\/actualites\/#\/schema\/logo\/image\/\"},\"sameAs\":[\"https:\/\/www.facebook.com\/Footdavant\/\",\"https:\/\/twitter.com\/FootdavantFr\",\"https:\/\/www.instagram.com\/footdavant.fr\/\"]},{\"@type\":\"Person\",\"@id\":\"https:\/\/footdavant.fr\/actualites\/#\/schema\/person\/bc222566d95871b37e597b3ed3ba5e1d\",\"name\":\"Cl\u00e9ment\",\"image\":{\"@type\":\"ImageObject\",\"inLanguage\":\"fr-FR\",\"@id\":\"https:\/\/footdavant.fr\/actualites\/#\/schema\/person\/image\/\",\"url\":\"https:\/\/secure.gravatar.com\/avatar\/7728b29aac2719421e1a9159b2254c44?s=96&d=mm&r=g\",\"contentUrl\":\"https:\/\/secure.gravatar.com\/avatar\/7728b29aac2719421e1a9159b2254c44?s=96&d=mm&r=g\",\"caption\":\"Cl\u00e9ment\"},\"sameAs\":[\"https:\/\/footdavant.fr\/\"]}]}<\/script>\n<!-- \/ Yoast SEO plugin. -->","yoast_head_json":{"title":"Jurgen Klopp fait un aveu de blessure \u00e9crasante alors que la mise \u00e0 jour de Nunez est publi\u00e9e","robots":{"index":"index","follow":"follow","max-snippet":"max-snippet:-1","max-image-preview":"max-image-preview:large","max-video-preview":"max-video-preview:-1"},"canonical":"https:\/\/footdavant.fr\/actualites\/jurgen-klopp-fait-un-aveu-de-blessure-ecrasante-alors-que-la-mise-a-jour-de-nunez-est-publiee\/","og_locale":"fr_FR","og_type":"article","og_title":"Jurgen Klopp fait un aveu de blessure \u00e9crasante alors que la mise \u00e0 jour de Nunez est publi\u00e9e","og_description":"Le Community Gtech Stadium a \u00e9t\u00e9 le th\u00e9\u00e2tre d&rsquo;un r\u00e9cit m\u00e9diatique vraiment ridicule sur la p\u00e9riode qui avait pr\u00e9c\u00e9d\u00e9 la derni\u00e8re victoire des Reds au","og_url":"https:\/\/footdavant.fr\/actualites\/jurgen-klopp-fait-un-aveu-de-blessure-ecrasante-alors-que-la-mise-a-jour-de-nunez-est-publiee\/","og_site_name":"Foot d&#039;avant","article_publisher":"https:\/\/www.facebook.com\/Footdavant\/","article_published_time":"2024-02-17T15:50:18+00:00","article_modified_time":"2024-02-17T15:50:27+00:00","og_image":[{"width":2560,"height":1706,"url":"https:\/\/footdavant.fr\/actualites\/wp-content\/uploads\/2024\/02\/1708185018_Jurgen-Klopp-fait-un-aveu-de-blessure-ecrasante-alors-que-scaled.jpg","type":"image\/jpeg"}],"author":"Cl\u00e9ment","twitter_card":"summary_large_image","twitter_creator":"@FootdavantFr","twitter_site":"@FootdavantFr","twitter_misc":{"\u00c9crit par":"Cl\u00e9ment","Dur\u00e9e de lecture estim\u00e9e":"2 minutes"},"schema":{"@context":"https:\/\/schema.org","@graph":[{"@type":"Article","@id":"https:\/\/footdavant.fr\/actualites\/jurgen-klopp-fait-un-aveu-de-blessure-ecrasante-alors-que-la-mise-a-jour-de-nunez-est-publiee\/#article","isPartOf":{"@id":"https:\/\/footdavant.fr\/actualites\/jurgen-klopp-fait-un-aveu-de-blessure-ecrasante-alors-que-la-mise-a-jour-de-nunez-est-publiee\/"},"author":{"name":"Cl\u00e9ment","@id":"https:\/\/footdavant.fr\/actualites\/#\/schema\/person\/bc222566d95871b37e597b3ed3ba5e1d"},"headline":"Jurgen Klopp fait un aveu de blessure \u00e9crasante alors que la mise \u00e0 jour de Nunez est publi\u00e9e","datePublished":"2024-02-17T15:50:18+00:00","dateModified":"2024-02-17T15:50:27+00:00","mainEntityOfPage":{"@id":"https:\/\/footdavant.fr\/actualites\/jurgen-klopp-fait-un-aveu-de-blessure-ecrasante-alors-que-la-mise-a-jour-de-nunez-est-publiee\/"},"wordCount":326,"publisher":{"@id":"https:\/\/footdavant.fr\/actualites\/#organization"},"keywords":["alors","aveu","Blessure","\u00e9crasante","est","fait","jour","Jurgen","Klopp","mise","Nunez","publi\u00e9e"],"articleSection":["Football"],"inLanguage":"fr-FR"},{"@type":"WebPage","@id":"https:\/\/footdavant.fr\/actualites\/jurgen-klopp-fait-un-aveu-de-blessure-ecrasante-alors-que-la-mise-a-jour-de-nunez-est-publiee\/","url":"https:\/\/footdavant.fr\/actualites\/jurgen-klopp-fait-un-aveu-de-blessure-ecrasante-alors-que-la-mise-a-jour-de-nunez-est-publiee\/","name":"Jurgen Klopp fait un aveu de blessure \u00e9crasante alors que la mise \u00e0 jour de Nunez est publi\u00e9e","isPartOf":{"@id":"https:\/\/footdavant.fr\/actualites\/#website"},"datePublished":"2024-02-17T15:50:18+00:00","dateModified":"2024-02-17T15:50:27+00:00","breadcrumb":{"@id":"https:\/\/footdavant.fr\/actualites\/jurgen-klopp-fait-un-aveu-de-blessure-ecrasante-alors-que-la-mise-a-jour-de-nunez-est-publiee\/#breadcrumb"},"inLanguage":"fr-FR","potentialAction":[{"@type":"ReadAction","target":["https:\/\/footdavant.fr\/actualites\/jurgen-klopp-fait-un-aveu-de-blessure-ecrasante-alors-que-la-mise-a-jour-de-nunez-est-publiee\/"]}]},{"@type":"BreadcrumbList","@id":"https:\/\/footdavant.fr\/actualites\/jurgen-klopp-fait-un-aveu-de-blessure-ecrasante-alors-que-la-mise-a-jour-de-nunez-est-publiee\/#breadcrumb","itemListElement":[{"@type":"ListItem","position":1,"name":"Accueil","item":"https:\/\/footdavant.fr\/actualites\/"},{"@type":"ListItem","position":2,"name":"Jurgen Klopp fait un aveu de blessure \u00e9crasante alors que la mise \u00e0 jour de Nunez est publi\u00e9e"}]},{"@type":"WebSite","@id":"https:\/\/footdavant.fr\/actualites\/#website","url":"https:\/\/footdavant.fr\/actualites\/","name":"Foot d'avant","description":"","publisher":{"@id":"https:\/\/footdavant.fr\/actualites\/#organization"},"potentialAction":[{"@type":"SearchAction","target":{"@type":"EntryPoint","urlTemplate":"https:\/\/footdavant.fr\/actualites\/?s={search_term_string}"},"query-input":"required name=search_term_string"}],"inLanguage":"fr-FR"},{"@type":"Organization","@id":"https:\/\/footdavant.fr\/actualites\/#organization","name":"Foot d'avant","url":"https:\/\/footdavant.fr\/actualites\/","logo":{"@type":"ImageObject","inLanguage":"fr-FR","@id":"https:\/\/footdavant.fr\/actualites\/#\/schema\/logo\/image\/","url":"https:\/\/footdavant.fr\/actualites\/wp-content\/uploads\/2023\/09\/Copy-of-FootDavant-Logo.png","contentUrl":"https:\/\/footdavant.fr\/actualites\/wp-content\/uploads\/2023\/09\/Copy-of-FootDavant-Logo.png","width":936,"height":549,"caption":"Foot d'avant"},"image":{"@id":"https:\/\/footdavant.fr\/actualites\/#\/schema\/logo\/image\/"},"sameAs":["https:\/\/www.facebook.com\/Footdavant\/","https:\/\/twitter.com\/FootdavantFr","https:\/\/www.instagram.com\/footdavant.fr\/"]},{"@type":"Person","@id":"https:\/\/footdavant.fr\/actualites\/#\/schema\/person\/bc222566d95871b37e597b3ed3ba5e1d","name":"Cl\u00e9ment","image":{"@type":"ImageObject","inLanguage":"fr-FR","@id":"https:\/\/footdavant.fr\/actualites\/#\/schema\/person\/image\/","url":"https:\/\/secure.gravatar.com\/avatar\/7728b29aac2719421e1a9159b2254c44?s=96&d=mm&r=g","contentUrl":"https:\/\/secure.gravatar.com\/avatar\/7728b29aac2719421e1a9159b2254c44?s=96&d=mm&r=g","caption":"Cl\u00e9ment"},"sameAs":["https:\/\/footdavant.fr\/"]}]}},"_links":{"self":[{"href":"https:\/\/footdavant.fr\/actualites\/wp-json\/wp\/v2\/posts\/5197"}],"collection":[{"href":"https:\/\/footdavant.fr\/actualites\/wp-json\/wp\/v2\/posts"}],"about":[{"href":"https:\/\/footdavant.fr\/actualites\/wp-json\/wp\/v2\/types\/post"}],"author":[{"embeddable":true,"href":"https:\/\/footdavant.fr\/actualites\/wp-json\/wp\/v2\/users\/1"}],"replies":[{"embeddable":true,"href":"https:\/\/footdavant.fr\/actualites\/wp-json\/wp\/v2\/comments?post=5197"}],"version-history":[{"count":1,"href":"https:\/\/footdavant.fr\/actualites\/wp-json\/wp\/v2\/posts\/5197\/revisions"}],"predecessor-version":[{"id":5199,"href":"https:\/\/footdavant.fr\/actualites\/wp-json\/wp\/v2\/posts\/5197\/revisions\/5199"}],"wp:featuredmedia":[{"embeddable":true,"href":"https:\/\/footdavant.fr\/actualites\/wp-json\/wp\/v2\/media\/5198"}],"wp:attachment":[{"href":"https:\/\/footdavant.fr\/actualites\/wp-json\/wp\/v2\/media?parent=5197"}],"wp:term":[{"taxonomy":"category","embeddable":true,"href":"https:\/\/footdavant.fr\/actualites\/wp-json\/wp\/v2\/categories?post=5197"},{"taxonomy":"post_tag","embeddable":true,"href":"https:\/\/footdavant.fr\/actualites\/wp-json\/wp\/v2\/tags?post=5197"}],"curies":[{"name":"wp","href":"https:\/\/api.w.org\/{rel}","templated":true}]}}