{"id":52,"date":"2023-10-30T11:30:16","date_gmt":"2023-10-30T10:30:16","guid":{"rendered":"https:\/\/footdavant.fr\/actualites\/jours-feries-ours-un-blog-darsenal\/"},"modified":"2023-10-30T11:30:17","modified_gmt":"2023-10-30T10:30:17","slug":"jours-feries-ours-un-blog-darsenal","status":"publish","type":"post","link":"https:\/\/footdavant.fr\/actualites\/jours-feries-ours-un-blog-darsenal\/","title":{"rendered":"Jours f\u00e9ri\u00e9s ours |   &#8230;un blog d&rsquo;Arsenal"},"content":{"rendered":"<div>\n<p>Bonjour les amis.<\/p>\n<p>C&rsquo;est un jour f\u00e9ri\u00e9 ici.  Cela ne fait aucune diff\u00e9rence pour ceux d\u2019entre vous qui ne sont pas l\u00e0, mais pour ceux qui le sont, c\u2019est une chose.  Je ne dis pas que vous devez d\u00e9m\u00e9nager en Irlande pour en profiter, mais c&rsquo;est s\u00fbrement une consid\u00e9ration pour ceux qui se dirigent vers les bureaux et les lieux de travail aujourd&rsquo;hui.<\/p>\n<p>\u00abJ&rsquo;en ai marre de \u00e7a\u00bb, pourraient penser certains, et je comprends tout \u00e0 fait.  Vous \u00eates \u00e9cras\u00e9 par le syst\u00e8me.  Si vous \u00e9tiez en Irlande, vous auriez un jour de repos suppl\u00e9mentaire.  Bien s\u00fbr, certaines choses sont ouvertes aujourd&rsquo;hui et certaines personnes doivent aller travailler, mais r\u00e9sister est dans votre droit constitutionnel.  Si votre patron vous dit \u00ab \u00c9coute mon pote, tu es sur la liste pour le quart de travail d&rsquo;aujourd&rsquo;hui \u00bb, vous pouvez simplement r\u00e9pondre \u00ab Tenez bon, je serai l\u00e0 demain \u00bb.<\/p>\n<p>Maintenant, vous pourriez \u00eatre vir\u00e9.  En fait, c&rsquo;est fort probable, mais en fin de compte, vous avez donn\u00e9 la priorit\u00e9 \u00e0 l&rsquo;\u00e9quilibre entre travail et vie priv\u00e9e, et c&rsquo;est la chose la plus importante.  Pensez simplement \u00e0 ce patron qui essaie fr\u00e9n\u00e9tiquement de trouver quelqu&rsquo;un d&rsquo;autre pour travailler pendant ce quart de travail pendant que vous vous pr\u00e9lassez sur le canap\u00e9 en lisant un livre, ou simplement en vous grattant comme un vieil ours content.  Ou m\u00eame un ours qui n&rsquo;est pas tr\u00e8s satisfait de sa vie mais qui peut simplement g\u00e9rer une d\u00e9mangeaison s&rsquo;il en a une.<\/p>\n<p>En parlant d&rsquo;ours, le num\u00e9ro 7 sur ma liste de raisons pour lesquelles je ne veux pas mourir est d&rsquo;\u00eatre mang\u00e9 par un ours.  Je ne suis pas forc\u00e9ment exigeant sur le type d&rsquo;ours.  N&rsquo;importe quel ours en fait, mais je suppose qu&rsquo;il s&rsquo;agit plus probablement d&rsquo;un grizzli que d&rsquo;un panda ou d&rsquo;un koala, par exemple.  Les pandas semblent plus int\u00e9ress\u00e9s par les chutes ou les descentes de collines, mais peut-\u00eatre que vous n&rsquo;auriez pas de chance et que vous en rencontreriez un atteint de la rage ou simplement de tr\u00e8s mauvaise humeur.  En toute honn\u00eatet\u00e9, nous en avons tous.<\/p>\n<p>C&rsquo;est une autre bonne chose de l&rsquo;Irlande.  Nous n\u2019avons aucun ours.  Il y en a peut-\u00eatre dans le zoo, mais dans la nature, nous sommes une nation sans ours.  Cela att\u00e9nue certainement mon anxi\u00e9t\u00e9 de me faire d\u00e9vorer le cr\u00e2ne.  Vous pouvez vivre votre journ\u00e9e dans une relative tranquillit\u00e9 en sachant qu&rsquo;\u00e0 moins que quelque chose d&rsquo;absolument extraordinaire ne se produise \u2013 comme un ours qui se cache dans la soute d&rsquo;un avion transatlantique pour se refaire une nouvelle vie ailleurs \u2013 vous \u00eates plut\u00f4t en s\u00e9curit\u00e9.  M\u00eame alors, comment passerait-il la douane ?  Ce n&rsquo;est pas comme s&rsquo;il pouvait s&rsquo;habiller comme trois petits gar\u00e7ons avec un pardessus et un chapeau et se contenter de fl\u00e2ner parmi les arriv\u00e9es.<\/p>\n<p>\u00c0 MOINS QUE\u2026 il l\u2019ait fait \u00e0 Halloween et que tout le monde pensait que c\u2019\u00e9tait un costume tr\u00e8s r\u00e9aliste et compl\u00e8tement fantastique.  Ce qui veut dire que je vais devoir redoubler de vigilance ces prochains jours \u00e9tant donn\u00e9 la p\u00e9riode de l&rsquo;ann\u00e9e que nous sommes.  Je dirai ici et maintenant, sans craindre de me jeter un mauvais sort, que c&rsquo;est assez improbable, mais je viens de voir Eddie Nketiah marquer un tripl\u00e9 avec un hurleur de 30 m\u00e8tres dans la lucarne, donc vous ne pouvez rien gouverner. compl\u00e8tement ces jours-ci.<\/p>\n<p>C&rsquo;est pourquoi je v\u00e9rifie encore mes chaussures tous les jours.  Le num\u00e9ro 5 sur ma liste de raisons pour lesquelles je ne veux pas mourir est d&rsquo;avoir un scorpion dans ta chaussure.  Encore une fois, nous avons la chance en Irlande de ne pas avoir beaucoup de scorpions, donc ce n&rsquo;est pas vraiment une menace, mais on ne peut jamais dire jamais.  Peut-\u00eatre que le scorpion s&rsquo;est gliss\u00e9 dans la poche de l&rsquo;ours alors qu&rsquo;il se rangeait dans l&rsquo;avion.  Et pour ceux d&rsquo;entre vous qui pensent \u00ab Les ours n&rsquo;ont pas de poches, idiot, ce ne sont pas des kangourous \u00bb, rappelez-vous qu&rsquo;il porte un pardessus.  Qui est l&rsquo;idiot maintenant ?<\/p>\n<p>Droite.  Je vais aller.  Nous allons enregistrer un Arsecast Extra dans peu de temps.  Gardez un \u0153il sur l&rsquo;appel \u00e0 questions sur Twitter <a rel=\"nofollow noopener\" href=\"https:\/\/twitter.com\/gunnerblog\" target=\"_blank\">@gunnerblog<\/a> et <a rel=\"nofollow noopener\" href=\"https:\/\/twitter.com\/arseblog\" target=\"_blank\">@arseblog<\/a> sur Twitter avec le hashtag <em>#arsecastextra<\/em> \u2013 ou si vous \u00eates membre d&rsquo;Arseblog sur Patreon, laissez votre question dans le <em>#arsecast-questions-extra<\/em> cha\u00eene sur notre serveur Discord.<\/p>\n<p>Pour l\u2019instant, m\u00e9fiez-vous des b\u00eates poilues carnivores.  Vous ne voulez pas sortir par l\u00e0, je peux vous l&rsquo;assurer.<\/p>\n<\/div>\n<p><script async src=\"https:\/\/platform.twitter.com\/widgets.js\" charset=\"utf-8\"><\/script><\/p>\n","protected":false},"excerpt":{"rendered":"<p>Bonjour les amis. C&rsquo;est un jour f\u00e9ri\u00e9 ici. Cela ne fait aucune diff\u00e9rence pour ceux d\u2019entre vous qui ne sont pas l\u00e0, mais pour ceux<\/p>\n","protected":false},"author":1,"featured_media":53,"comment_status":"closed","ping_status":"","sticky":false,"template":"","format":"standard","meta":{"footnotes":""},"categories":[3],"tags":[57,58,59,56,55],"yoast_head":"<!-- This site is optimized with the Yoast SEO plugin v21.0 - https:\/\/yoast.com\/wordpress\/plugins\/seo\/ -->\n<title>Jours f\u00e9ri\u00e9s ours |  ...un blog d&#039;Arsenal<\/title>\n<meta name=\"robots\" content=\"index, follow, max-snippet:-1, max-image-preview:large, max-video-preview:-1\" \/>\n<link rel=\"canonical\" href=\"https:\/\/footdavant.fr\/actualites\/jours-feries-ours-un-blog-darsenal\/\" \/>\n<meta property=\"og:locale\" content=\"fr_FR\" \/>\n<meta property=\"og:type\" content=\"article\" \/>\n<meta property=\"og:title\" content=\"Jours f\u00e9ri\u00e9s ours |  ...un blog d&#039;Arsenal\" \/>\n<meta property=\"og:description\" content=\"Bonjour les amis. C&rsquo;est un jour f\u00e9ri\u00e9 ici. Cela ne fait aucune diff\u00e9rence pour ceux d\u2019entre vous qui ne sont pas l\u00e0, mais pour ceux\" \/>\n<meta property=\"og:url\" content=\"https:\/\/footdavant.fr\/actualites\/jours-feries-ours-un-blog-darsenal\/\" \/>\n<meta property=\"og:site_name\" content=\"Foot d&#039;avant\" \/>\n<meta property=\"article:publisher\" content=\"https:\/\/www.facebook.com\/Footdavant\/\" \/>\n<meta property=\"article:published_time\" content=\"2023-10-30T10:30:16+00:00\" \/>\n<meta property=\"article:modified_time\" content=\"2023-10-30T10:30:17+00:00\" \/>\n<meta property=\"og:image\" content=\"https:\/\/footdavant.fr\/actualites\/wp-content\/uploads\/2023\/10\/Jours-feries-ours-un-blog-dArsenal.jpg\" \/>\n\t<meta property=\"og:image:width\" content=\"1500\" \/>\n\t<meta property=\"og:image:height\" content=\"750\" \/>\n\t<meta property=\"og:image:type\" content=\"image\/jpeg\" \/>\n<meta name=\"author\" content=\"Cl\u00e9ment\" \/>\n<meta name=\"twitter:card\" content=\"summary_large_image\" \/>\n<meta name=\"twitter:creator\" content=\"@FootdavantFr\" \/>\n<meta name=\"twitter:site\" content=\"@FootdavantFr\" \/>\n<meta name=\"twitter:label1\" content=\"\u00c9crit par\" \/>\n\t<meta name=\"twitter:data1\" content=\"Cl\u00e9ment\" \/>\n\t<meta name=\"twitter:label2\" content=\"Dur\u00e9e de lecture estim\u00e9e\" \/>\n\t<meta name=\"twitter:data2\" content=\"4 minutes\" \/>\n<script type=\"application\/ld+json\" class=\"yoast-schema-graph\">{\"@context\":\"https:\/\/schema.org\",\"@graph\":[{\"@type\":\"Article\",\"@id\":\"https:\/\/footdavant.fr\/actualites\/jours-feries-ours-un-blog-darsenal\/#article\",\"isPartOf\":{\"@id\":\"https:\/\/footdavant.fr\/actualites\/jours-feries-ours-un-blog-darsenal\/\"},\"author\":{\"name\":\"Cl\u00e9ment\",\"@id\":\"https:\/\/footdavant.fr\/actualites\/#\/schema\/person\/bc222566d95871b37e597b3ed3ba5e1d\"},\"headline\":\"Jours f\u00e9ri\u00e9s ours | &#8230;un blog d&rsquo;Arsenal\",\"datePublished\":\"2023-10-30T10:30:16+00:00\",\"dateModified\":\"2023-10-30T10:30:17+00:00\",\"mainEntityOfPage\":{\"@id\":\"https:\/\/footdavant.fr\/actualites\/jours-feries-ours-un-blog-darsenal\/\"},\"wordCount\":784,\"publisher\":{\"@id\":\"https:\/\/footdavant.fr\/actualites\/#organization\"},\"keywords\":[\"...un\",\"blog\",\"dArsenal\",\"f\u00e9ri\u00e9s\",\"Jours\"],\"articleSection\":[\"Football\"],\"inLanguage\":\"fr-FR\"},{\"@type\":\"WebPage\",\"@id\":\"https:\/\/footdavant.fr\/actualites\/jours-feries-ours-un-blog-darsenal\/\",\"url\":\"https:\/\/footdavant.fr\/actualites\/jours-feries-ours-un-blog-darsenal\/\",\"name\":\"Jours f\u00e9ri\u00e9s ours | ...un blog d'Arsenal\",\"isPartOf\":{\"@id\":\"https:\/\/footdavant.fr\/actualites\/#website\"},\"datePublished\":\"2023-10-30T10:30:16+00:00\",\"dateModified\":\"2023-10-30T10:30:17+00:00\",\"breadcrumb\":{\"@id\":\"https:\/\/footdavant.fr\/actualites\/jours-feries-ours-un-blog-darsenal\/#breadcrumb\"},\"inLanguage\":\"fr-FR\",\"potentialAction\":[{\"@type\":\"ReadAction\",\"target\":[\"https:\/\/footdavant.fr\/actualites\/jours-feries-ours-un-blog-darsenal\/\"]}]},{\"@type\":\"BreadcrumbList\",\"@id\":\"https:\/\/footdavant.fr\/actualites\/jours-feries-ours-un-blog-darsenal\/#breadcrumb\",\"itemListElement\":[{\"@type\":\"ListItem\",\"position\":1,\"name\":\"Accueil\",\"item\":\"https:\/\/footdavant.fr\/actualites\/\"},{\"@type\":\"ListItem\",\"position\":2,\"name\":\"Jours f\u00e9ri\u00e9s ours | &#8230;un blog d&rsquo;Arsenal\"}]},{\"@type\":\"WebSite\",\"@id\":\"https:\/\/footdavant.fr\/actualites\/#website\",\"url\":\"https:\/\/footdavant.fr\/actualites\/\",\"name\":\"Foot d'avant\",\"description\":\"\",\"publisher\":{\"@id\":\"https:\/\/footdavant.fr\/actualites\/#organization\"},\"potentialAction\":[{\"@type\":\"SearchAction\",\"target\":{\"@type\":\"EntryPoint\",\"urlTemplate\":\"https:\/\/footdavant.fr\/actualites\/?s={search_term_string}\"},\"query-input\":\"required name=search_term_string\"}],\"inLanguage\":\"fr-FR\"},{\"@type\":\"Organization\",\"@id\":\"https:\/\/footdavant.fr\/actualites\/#organization\",\"name\":\"Foot d'avant\",\"url\":\"https:\/\/footdavant.fr\/actualites\/\",\"logo\":{\"@type\":\"ImageObject\",\"inLanguage\":\"fr-FR\",\"@id\":\"https:\/\/footdavant.fr\/actualites\/#\/schema\/logo\/image\/\",\"url\":\"https:\/\/footdavant.fr\/actualites\/wp-content\/uploads\/2023\/09\/Copy-of-FootDavant-Logo.png\",\"contentUrl\":\"https:\/\/footdavant.fr\/actualites\/wp-content\/uploads\/2023\/09\/Copy-of-FootDavant-Logo.png\",\"width\":936,\"height\":549,\"caption\":\"Foot d'avant\"},\"image\":{\"@id\":\"https:\/\/footdavant.fr\/actualites\/#\/schema\/logo\/image\/\"},\"sameAs\":[\"https:\/\/www.facebook.com\/Footdavant\/\",\"https:\/\/twitter.com\/FootdavantFr\",\"https:\/\/www.instagram.com\/footdavant.fr\/\"]},{\"@type\":\"Person\",\"@id\":\"https:\/\/footdavant.fr\/actualites\/#\/schema\/person\/bc222566d95871b37e597b3ed3ba5e1d\",\"name\":\"Cl\u00e9ment\",\"image\":{\"@type\":\"ImageObject\",\"inLanguage\":\"fr-FR\",\"@id\":\"https:\/\/footdavant.fr\/actualites\/#\/schema\/person\/image\/\",\"url\":\"https:\/\/secure.gravatar.com\/avatar\/7728b29aac2719421e1a9159b2254c44?s=96&d=mm&r=g\",\"contentUrl\":\"https:\/\/secure.gravatar.com\/avatar\/7728b29aac2719421e1a9159b2254c44?s=96&d=mm&r=g\",\"caption\":\"Cl\u00e9ment\"},\"sameAs\":[\"https:\/\/footdavant.fr\/\"]}]}<\/script>\n<!-- \/ Yoast SEO plugin. -->","yoast_head_json":{"title":"Jours f\u00e9ri\u00e9s ours |  ...un blog d'Arsenal","robots":{"index":"index","follow":"follow","max-snippet":"max-snippet:-1","max-image-preview":"max-image-preview:large","max-video-preview":"max-video-preview:-1"},"canonical":"https:\/\/footdavant.fr\/actualites\/jours-feries-ours-un-blog-darsenal\/","og_locale":"fr_FR","og_type":"article","og_title":"Jours f\u00e9ri\u00e9s ours |  ...un blog d'Arsenal","og_description":"Bonjour les amis. C&rsquo;est un jour f\u00e9ri\u00e9 ici. Cela ne fait aucune diff\u00e9rence pour ceux d\u2019entre vous qui ne sont pas l\u00e0, mais pour ceux","og_url":"https:\/\/footdavant.fr\/actualites\/jours-feries-ours-un-blog-darsenal\/","og_site_name":"Foot d&#039;avant","article_publisher":"https:\/\/www.facebook.com\/Footdavant\/","article_published_time":"2023-10-30T10:30:16+00:00","article_modified_time":"2023-10-30T10:30:17+00:00","og_image":[{"width":1500,"height":750,"url":"https:\/\/footdavant.fr\/actualites\/wp-content\/uploads\/2023\/10\/Jours-feries-ours-un-blog-dArsenal.jpg","type":"image\/jpeg"}],"author":"Cl\u00e9ment","twitter_card":"summary_large_image","twitter_creator":"@FootdavantFr","twitter_site":"@FootdavantFr","twitter_misc":{"\u00c9crit par":"Cl\u00e9ment","Dur\u00e9e de lecture estim\u00e9e":"4 minutes"},"schema":{"@context":"https:\/\/schema.org","@graph":[{"@type":"Article","@id":"https:\/\/footdavant.fr\/actualites\/jours-feries-ours-un-blog-darsenal\/#article","isPartOf":{"@id":"https:\/\/footdavant.fr\/actualites\/jours-feries-ours-un-blog-darsenal\/"},"author":{"name":"Cl\u00e9ment","@id":"https:\/\/footdavant.fr\/actualites\/#\/schema\/person\/bc222566d95871b37e597b3ed3ba5e1d"},"headline":"Jours f\u00e9ri\u00e9s ours | &#8230;un blog d&rsquo;Arsenal","datePublished":"2023-10-30T10:30:16+00:00","dateModified":"2023-10-30T10:30:17+00:00","mainEntityOfPage":{"@id":"https:\/\/footdavant.fr\/actualites\/jours-feries-ours-un-blog-darsenal\/"},"wordCount":784,"publisher":{"@id":"https:\/\/footdavant.fr\/actualites\/#organization"},"keywords":["...un","blog","dArsenal","f\u00e9ri\u00e9s","Jours"],"articleSection":["Football"],"inLanguage":"fr-FR"},{"@type":"WebPage","@id":"https:\/\/footdavant.fr\/actualites\/jours-feries-ours-un-blog-darsenal\/","url":"https:\/\/footdavant.fr\/actualites\/jours-feries-ours-un-blog-darsenal\/","name":"Jours f\u00e9ri\u00e9s ours | ...un blog d'Arsenal","isPartOf":{"@id":"https:\/\/footdavant.fr\/actualites\/#website"},"datePublished":"2023-10-30T10:30:16+00:00","dateModified":"2023-10-30T10:30:17+00:00","breadcrumb":{"@id":"https:\/\/footdavant.fr\/actualites\/jours-feries-ours-un-blog-darsenal\/#breadcrumb"},"inLanguage":"fr-FR","potentialAction":[{"@type":"ReadAction","target":["https:\/\/footdavant.fr\/actualites\/jours-feries-ours-un-blog-darsenal\/"]}]},{"@type":"BreadcrumbList","@id":"https:\/\/footdavant.fr\/actualites\/jours-feries-ours-un-blog-darsenal\/#breadcrumb","itemListElement":[{"@type":"ListItem","position":1,"name":"Accueil","item":"https:\/\/footdavant.fr\/actualites\/"},{"@type":"ListItem","position":2,"name":"Jours f\u00e9ri\u00e9s ours | &#8230;un blog d&rsquo;Arsenal"}]},{"@type":"WebSite","@id":"https:\/\/footdavant.fr\/actualites\/#website","url":"https:\/\/footdavant.fr\/actualites\/","name":"Foot d'avant","description":"","publisher":{"@id":"https:\/\/footdavant.fr\/actualites\/#organization"},"potentialAction":[{"@type":"SearchAction","target":{"@type":"EntryPoint","urlTemplate":"https:\/\/footdavant.fr\/actualites\/?s={search_term_string}"},"query-input":"required name=search_term_string"}],"inLanguage":"fr-FR"},{"@type":"Organization","@id":"https:\/\/footdavant.fr\/actualites\/#organization","name":"Foot d'avant","url":"https:\/\/footdavant.fr\/actualites\/","logo":{"@type":"ImageObject","inLanguage":"fr-FR","@id":"https:\/\/footdavant.fr\/actualites\/#\/schema\/logo\/image\/","url":"https:\/\/footdavant.fr\/actualites\/wp-content\/uploads\/2023\/09\/Copy-of-FootDavant-Logo.png","contentUrl":"https:\/\/footdavant.fr\/actualites\/wp-content\/uploads\/2023\/09\/Copy-of-FootDavant-Logo.png","width":936,"height":549,"caption":"Foot d'avant"},"image":{"@id":"https:\/\/footdavant.fr\/actualites\/#\/schema\/logo\/image\/"},"sameAs":["https:\/\/www.facebook.com\/Footdavant\/","https:\/\/twitter.com\/FootdavantFr","https:\/\/www.instagram.com\/footdavant.fr\/"]},{"@type":"Person","@id":"https:\/\/footdavant.fr\/actualites\/#\/schema\/person\/bc222566d95871b37e597b3ed3ba5e1d","name":"Cl\u00e9ment","image":{"@type":"ImageObject","inLanguage":"fr-FR","@id":"https:\/\/footdavant.fr\/actualites\/#\/schema\/person\/image\/","url":"https:\/\/secure.gravatar.com\/avatar\/7728b29aac2719421e1a9159b2254c44?s=96&d=mm&r=g","contentUrl":"https:\/\/secure.gravatar.com\/avatar\/7728b29aac2719421e1a9159b2254c44?s=96&d=mm&r=g","caption":"Cl\u00e9ment"},"sameAs":["https:\/\/footdavant.fr\/"]}]}},"_links":{"self":[{"href":"https:\/\/footdavant.fr\/actualites\/wp-json\/wp\/v2\/posts\/52"}],"collection":[{"href":"https:\/\/footdavant.fr\/actualites\/wp-json\/wp\/v2\/posts"}],"about":[{"href":"https:\/\/footdavant.fr\/actualites\/wp-json\/wp\/v2\/types\/post"}],"author":[{"embeddable":true,"href":"https:\/\/footdavant.fr\/actualites\/wp-json\/wp\/v2\/users\/1"}],"replies":[{"embeddable":true,"href":"https:\/\/footdavant.fr\/actualites\/wp-json\/wp\/v2\/comments?post=52"}],"version-history":[{"count":1,"href":"https:\/\/footdavant.fr\/actualites\/wp-json\/wp\/v2\/posts\/52\/revisions"}],"predecessor-version":[{"id":54,"href":"https:\/\/footdavant.fr\/actualites\/wp-json\/wp\/v2\/posts\/52\/revisions\/54"}],"wp:featuredmedia":[{"embeddable":true,"href":"https:\/\/footdavant.fr\/actualites\/wp-json\/wp\/v2\/media\/53"}],"wp:attachment":[{"href":"https:\/\/footdavant.fr\/actualites\/wp-json\/wp\/v2\/media?parent=52"}],"wp:term":[{"taxonomy":"category","embeddable":true,"href":"https:\/\/footdavant.fr\/actualites\/wp-json\/wp\/v2\/categories?post=52"},{"taxonomy":"post_tag","embeddable":true,"href":"https:\/\/footdavant.fr\/actualites\/wp-json\/wp\/v2\/tags?post=52"}],"curies":[{"name":"wp","href":"https:\/\/api.w.org\/{rel}","templated":true}]}}