{"id":5203,"date":"2024-02-17T20:48:03","date_gmt":"2024-02-17T19:48:03","guid":{"rendered":"https:\/\/footdavant.fr\/actualites\/jaylen-brown-est-le-premier-all-star-a-participer-au-concours-dunk-depuis-2018\/"},"modified":"2024-02-17T20:48:04","modified_gmt":"2024-02-17T19:48:04","slug":"jaylen-brown-est-le-premier-all-star-a-participer-au-concours-dunk-depuis-2018","status":"publish","type":"post","link":"https:\/\/footdavant.fr\/actualites\/jaylen-brown-est-le-premier-all-star-a-participer-au-concours-dunk-depuis-2018\/","title":{"rendered":"Jaylen Brown est le premier All-Star \u00e0 participer au concours Dunk depuis 2018"},"content":{"rendered":"<div>\n<p>Le Slam Dunk Contest a toujours \u00e9t\u00e9 l\u2019un des \u00e9v\u00e9nements marquants du All-Star Weekend.  Il s&rsquo;agit g\u00e9n\u00e9ralement de la comp\u00e9tition finale des festivit\u00e9s du samedi soir, et peut parfois offrir des moments forts qui perdurent dans l&rsquo;\u00e9ternit\u00e9 de la NBA, comme ceux de Vince Carter ou d&rsquo;Aaron Gordon.<\/p>\n<h2>NBA\u00a0: premier concours All-Star In Dunk depuis 2018<\/h2>\n<blockquote class=\"twitter-tweet\">\n<p dir=\"ltr\" lang=\"en\">Jaylen Brown prend son envol \u00e0 l&rsquo;entra\u00eenement du dunk !  \ud83d\ude1b<\/p>\n<p>Qu&rsquo;est-ce que le 3x <a rel=\"nofollow\" href=\"https:\/\/twitter.com\/hashtag\/NBAAllStar?src=hash&amp;ref_src=twsrc%5Etfw\">#NBAAllStar<\/a> avoir en r\u00e9serve pour <a rel=\"nofollow\" href=\"https:\/\/twitter.com\/hashtag\/ATTSlamDunk?src=hash&amp;ref_src=twsrc%5Etfw\">#ATTSlamDunk<\/a>?<a rel=\"nofollow\" href=\"https:\/\/twitter.com\/hashtag\/StateFarmSaturday?src=hash&amp;ref_src=twsrc%5Etfw\">#StateFarmSamedi<\/a>: 17\/02 \u00e0 20h00\/et sur TNT <a rel=\"nofollow\" href=\"https:\/\/t.co\/JZuArCz2Bl\">pic.twitter.com\/JZuArCz2Bl<\/a><\/p>\n<p>-NBA (@NBA) <a rel=\"nofollow\" href=\"https:\/\/twitter.com\/NBA\/status\/1757845370690764875?ref_src=twsrc%5Etfw\">14 f\u00e9vrier 2024<\/a><\/p>\n<\/blockquote>\n<p>Mais certains diront que l\u2019\u00e9v\u00e9nement a perdu un peu de son \u00e9clat au cours des derni\u00e8res ann\u00e9es, et cela est en grande partie d\u00fb au manque de grands noms qui y participent.<\/p>\n<p>Prenez par exemple la version la plus r\u00e9cente du Dunk Contest.  Sur les quatre participants en 2023, l\u2019un avait une moyenne de 5 points par match, un \u00e9tait un G-Leaguer et les deux autres \u00e9taient KJ Martin et Trey Murphy III.  L&rsquo;\u00e9v\u00e9nement a fini par \u00eatre remport\u00e9 par Mac McClung, le joueur de la G-League.<\/p>\n<p>Le manque de puissance des stars dans le NBA Slam Dunk Contest a \u00e9t\u00e9 un th\u00e8me.  En fait, au cours des neuf ann\u00e9es pr\u00e9c\u00e9dant 2024, seuls trois All-Stars actuels ont concouru\u00a0;  Andre Drummond en 2016, DeAndre Jordan en 2017 et Victor Oladipo en 2018. Il n&rsquo;y en a plus eu depuis.<\/p>\n<p>Jusqu&rsquo;\u00e0 cette ann\u00e9e.  M\u00eame si le peloton pour 2024 comprend encore des noms moins connus comme Mac McClung et Jacob Toppin, l&rsquo;un des meilleurs joueurs de la meilleure \u00e9quipe de la ligue y participera.  L&rsquo;ailier des Boston Celtics, Jaylen Brown, a inscrit son nom dans le pool pour le All-Star Weekend cette ann\u00e9e, fournissant \u00e0 l&rsquo;\u00e9v\u00e9nement un regain de puissance de star indispensable.<\/p>\n<h2>Qui est le favori pour gagner en 2024 ?<\/h2>\n<blockquote class=\"twitter-tweet\">\n<p dir=\"ltr\" lang=\"en\">All-Stars du concours NBA Slam Dunk<\/p>\n<p>(Via <a rel=\"nofollow\" href=\"https:\/\/twitter.com\/Sportico?ref_src=twsrc%5Etfw\">@Sportico<\/a> ) <a rel=\"nofollow\" href=\"https:\/\/t.co\/CnkEtcqQrY\">pic.twitter.com\/CnkEtcqQrY<\/a><\/p>\n<p>\u2013 NBACentral (@TheDunkCentral) <a rel=\"nofollow\" href=\"https:\/\/twitter.com\/TheDunkCentral\/status\/1758521167609008561?ref_src=twsrc%5Etfw\">16 f\u00e9vrier 2024<\/a><\/p>\n<\/blockquote>\n<p>Si Brown sera certainement le nom le plus reconnaissable, la recrue du Miami Heat, Jaime Jaquez Jr., sera \u00e9galement l&rsquo;un des quatre.  Jaquez a fait irruption sur la sc\u00e8ne avec un d\u00e9but de saison canon pour sa premi\u00e8re saison en NBA, et bien qu&rsquo;il se soit un peu calm\u00e9, il est toujours consid\u00e9r\u00e9 comme l&rsquo;un des meilleurs joueurs de premi\u00e8re ann\u00e9e de la ligue cette ann\u00e9e.<\/p>\n<p>Selon les parieurs de BetOnline, c&rsquo;est le champion de l&rsquo;ann\u00e9e derni\u00e8re qui a les meilleures chances de remporter le titre ce soir \u00e0 Indianapolis.  McClung est r\u00e9pertori\u00e9 comme le grand favori avec une d\u00e9signation de -275, Brown \u00e9tant le deuxi\u00e8me plus proche de la liste \u00e0 +450.  Jaquez Jr est de retour \u00e0 +800 tandis que Toppin est cot\u00e9 \u00e0 +900.<\/p>\n<\/p><\/div>\n<p><script async src=\"https:\/\/platform.twitter.com\/widgets.js\" charset=\"utf-8\"><\/script><\/p>\n","protected":false},"excerpt":{"rendered":"<p>Le Slam Dunk Contest a toujours \u00e9t\u00e9 l\u2019un des \u00e9v\u00e9nements marquants du All-Star Weekend. Il s&rsquo;agit g\u00e9n\u00e9ralement de la comp\u00e9tition finale des festivit\u00e9s du samedi<\/p>\n","protected":false},"author":1,"featured_media":5204,"comment_status":"closed","ping_status":"","sticky":false,"template":"","format":"standard","meta":{"footnotes":""},"categories":[3],"tags":[3728,3727,359,695,3729,217,3726,3624,201],"yoast_head":"<!-- This site is optimized with the Yoast SEO plugin v21.0 - https:\/\/yoast.com\/wordpress\/plugins\/seo\/ -->\n<title>Jaylen Brown est le premier All-Star \u00e0 participer au concours Dunk depuis 2018<\/title>\n<meta name=\"robots\" content=\"index, follow, max-snippet:-1, max-image-preview:large, max-video-preview:-1\" \/>\n<link rel=\"canonical\" href=\"https:\/\/footdavant.fr\/actualites\/jaylen-brown-est-le-premier-all-star-a-participer-au-concours-dunk-depuis-2018\/\" \/>\n<meta property=\"og:locale\" content=\"fr_FR\" \/>\n<meta property=\"og:type\" content=\"article\" \/>\n<meta property=\"og:title\" content=\"Jaylen Brown est le premier All-Star \u00e0 participer au concours Dunk depuis 2018\" \/>\n<meta property=\"og:description\" content=\"Le Slam Dunk Contest a toujours \u00e9t\u00e9 l\u2019un des \u00e9v\u00e9nements marquants du All-Star Weekend. Il s&rsquo;agit g\u00e9n\u00e9ralement de la comp\u00e9tition finale des festivit\u00e9s du samedi\" \/>\n<meta property=\"og:url\" content=\"https:\/\/footdavant.fr\/actualites\/jaylen-brown-est-le-premier-all-star-a-participer-au-concours-dunk-depuis-2018\/\" \/>\n<meta property=\"og:site_name\" content=\"Foot d&#039;avant\" \/>\n<meta property=\"article:publisher\" content=\"https:\/\/www.facebook.com\/Footdavant\/\" \/>\n<meta property=\"article:published_time\" content=\"2024-02-17T19:48:03+00:00\" \/>\n<meta property=\"article:modified_time\" content=\"2024-02-17T19:48:04+00:00\" \/>\n<meta property=\"og:image\" content=\"https:\/\/footdavant.fr\/actualites\/wp-content\/uploads\/2024\/02\/Jaylen-Brown-est-le-premier-All-Star-a-participer-au-concours.jpeg\" \/>\n\t<meta property=\"og:image:width\" content=\"650\" \/>\n\t<meta property=\"og:image:height\" content=\"366\" \/>\n\t<meta property=\"og:image:type\" content=\"image\/jpeg\" \/>\n<meta name=\"author\" content=\"Cl\u00e9ment\" \/>\n<meta name=\"twitter:card\" content=\"summary_large_image\" \/>\n<meta name=\"twitter:creator\" content=\"@FootdavantFr\" \/>\n<meta name=\"twitter:site\" content=\"@FootdavantFr\" \/>\n<meta name=\"twitter:label1\" content=\"\u00c9crit par\" \/>\n\t<meta name=\"twitter:data1\" content=\"Cl\u00e9ment\" \/>\n\t<meta name=\"twitter:label2\" content=\"Dur\u00e9e de lecture estim\u00e9e\" \/>\n\t<meta name=\"twitter:data2\" content=\"2 minutes\" \/>\n<script type=\"application\/ld+json\" class=\"yoast-schema-graph\">{\"@context\":\"https:\/\/schema.org\",\"@graph\":[{\"@type\":\"Article\",\"@id\":\"https:\/\/footdavant.fr\/actualites\/jaylen-brown-est-le-premier-all-star-a-participer-au-concours-dunk-depuis-2018\/#article\",\"isPartOf\":{\"@id\":\"https:\/\/footdavant.fr\/actualites\/jaylen-brown-est-le-premier-all-star-a-participer-au-concours-dunk-depuis-2018\/\"},\"author\":{\"name\":\"Cl\u00e9ment\",\"@id\":\"https:\/\/footdavant.fr\/actualites\/#\/schema\/person\/bc222566d95871b37e597b3ed3ba5e1d\"},\"headline\":\"Jaylen Brown est le premier All-Star \u00e0 participer au concours Dunk depuis 2018\",\"datePublished\":\"2024-02-17T19:48:03+00:00\",\"dateModified\":\"2024-02-17T19:48:04+00:00\",\"mainEntityOfPage\":{\"@id\":\"https:\/\/footdavant.fr\/actualites\/jaylen-brown-est-le-premier-all-star-a-participer-au-concours-dunk-depuis-2018\/\"},\"wordCount\":472,\"publisher\":{\"@id\":\"https:\/\/footdavant.fr\/actualites\/#organization\"},\"keywords\":[\"AllStar\",\"Brown\",\"concours\",\"depuis\",\"Dunk\",\"est\",\"Jaylen\",\"participer\",\"Premier\"],\"articleSection\":[\"Football\"],\"inLanguage\":\"fr-FR\"},{\"@type\":\"WebPage\",\"@id\":\"https:\/\/footdavant.fr\/actualites\/jaylen-brown-est-le-premier-all-star-a-participer-au-concours-dunk-depuis-2018\/\",\"url\":\"https:\/\/footdavant.fr\/actualites\/jaylen-brown-est-le-premier-all-star-a-participer-au-concours-dunk-depuis-2018\/\",\"name\":\"Jaylen Brown est le premier All-Star \u00e0 participer au concours Dunk depuis 2018\",\"isPartOf\":{\"@id\":\"https:\/\/footdavant.fr\/actualites\/#website\"},\"datePublished\":\"2024-02-17T19:48:03+00:00\",\"dateModified\":\"2024-02-17T19:48:04+00:00\",\"breadcrumb\":{\"@id\":\"https:\/\/footdavant.fr\/actualites\/jaylen-brown-est-le-premier-all-star-a-participer-au-concours-dunk-depuis-2018\/#breadcrumb\"},\"inLanguage\":\"fr-FR\",\"potentialAction\":[{\"@type\":\"ReadAction\",\"target\":[\"https:\/\/footdavant.fr\/actualites\/jaylen-brown-est-le-premier-all-star-a-participer-au-concours-dunk-depuis-2018\/\"]}]},{\"@type\":\"BreadcrumbList\",\"@id\":\"https:\/\/footdavant.fr\/actualites\/jaylen-brown-est-le-premier-all-star-a-participer-au-concours-dunk-depuis-2018\/#breadcrumb\",\"itemListElement\":[{\"@type\":\"ListItem\",\"position\":1,\"name\":\"Accueil\",\"item\":\"https:\/\/footdavant.fr\/actualites\/\"},{\"@type\":\"ListItem\",\"position\":2,\"name\":\"Jaylen Brown est le premier All-Star \u00e0 participer au concours Dunk depuis 2018\"}]},{\"@type\":\"WebSite\",\"@id\":\"https:\/\/footdavant.fr\/actualites\/#website\",\"url\":\"https:\/\/footdavant.fr\/actualites\/\",\"name\":\"Foot d'avant\",\"description\":\"\",\"publisher\":{\"@id\":\"https:\/\/footdavant.fr\/actualites\/#organization\"},\"potentialAction\":[{\"@type\":\"SearchAction\",\"target\":{\"@type\":\"EntryPoint\",\"urlTemplate\":\"https:\/\/footdavant.fr\/actualites\/?s={search_term_string}\"},\"query-input\":\"required name=search_term_string\"}],\"inLanguage\":\"fr-FR\"},{\"@type\":\"Organization\",\"@id\":\"https:\/\/footdavant.fr\/actualites\/#organization\",\"name\":\"Foot d'avant\",\"url\":\"https:\/\/footdavant.fr\/actualites\/\",\"logo\":{\"@type\":\"ImageObject\",\"inLanguage\":\"fr-FR\",\"@id\":\"https:\/\/footdavant.fr\/actualites\/#\/schema\/logo\/image\/\",\"url\":\"https:\/\/footdavant.fr\/actualites\/wp-content\/uploads\/2023\/09\/Copy-of-FootDavant-Logo.png\",\"contentUrl\":\"https:\/\/footdavant.fr\/actualites\/wp-content\/uploads\/2023\/09\/Copy-of-FootDavant-Logo.png\",\"width\":936,\"height\":549,\"caption\":\"Foot d'avant\"},\"image\":{\"@id\":\"https:\/\/footdavant.fr\/actualites\/#\/schema\/logo\/image\/\"},\"sameAs\":[\"https:\/\/www.facebook.com\/Footdavant\/\",\"https:\/\/twitter.com\/FootdavantFr\",\"https:\/\/www.instagram.com\/footdavant.fr\/\"]},{\"@type\":\"Person\",\"@id\":\"https:\/\/footdavant.fr\/actualites\/#\/schema\/person\/bc222566d95871b37e597b3ed3ba5e1d\",\"name\":\"Cl\u00e9ment\",\"image\":{\"@type\":\"ImageObject\",\"inLanguage\":\"fr-FR\",\"@id\":\"https:\/\/footdavant.fr\/actualites\/#\/schema\/person\/image\/\",\"url\":\"https:\/\/secure.gravatar.com\/avatar\/7728b29aac2719421e1a9159b2254c44?s=96&d=mm&r=g\",\"contentUrl\":\"https:\/\/secure.gravatar.com\/avatar\/7728b29aac2719421e1a9159b2254c44?s=96&d=mm&r=g\",\"caption\":\"Cl\u00e9ment\"},\"sameAs\":[\"https:\/\/footdavant.fr\/\"]}]}<\/script>\n<!-- \/ Yoast SEO plugin. -->","yoast_head_json":{"title":"Jaylen Brown est le premier All-Star \u00e0 participer au concours Dunk depuis 2018","robots":{"index":"index","follow":"follow","max-snippet":"max-snippet:-1","max-image-preview":"max-image-preview:large","max-video-preview":"max-video-preview:-1"},"canonical":"https:\/\/footdavant.fr\/actualites\/jaylen-brown-est-le-premier-all-star-a-participer-au-concours-dunk-depuis-2018\/","og_locale":"fr_FR","og_type":"article","og_title":"Jaylen Brown est le premier All-Star \u00e0 participer au concours Dunk depuis 2018","og_description":"Le Slam Dunk Contest a toujours \u00e9t\u00e9 l\u2019un des \u00e9v\u00e9nements marquants du All-Star Weekend. Il s&rsquo;agit g\u00e9n\u00e9ralement de la comp\u00e9tition finale des festivit\u00e9s du samedi","og_url":"https:\/\/footdavant.fr\/actualites\/jaylen-brown-est-le-premier-all-star-a-participer-au-concours-dunk-depuis-2018\/","og_site_name":"Foot d&#039;avant","article_publisher":"https:\/\/www.facebook.com\/Footdavant\/","article_published_time":"2024-02-17T19:48:03+00:00","article_modified_time":"2024-02-17T19:48:04+00:00","og_image":[{"width":650,"height":366,"url":"https:\/\/footdavant.fr\/actualites\/wp-content\/uploads\/2024\/02\/Jaylen-Brown-est-le-premier-All-Star-a-participer-au-concours.jpeg","type":"image\/jpeg"}],"author":"Cl\u00e9ment","twitter_card":"summary_large_image","twitter_creator":"@FootdavantFr","twitter_site":"@FootdavantFr","twitter_misc":{"\u00c9crit par":"Cl\u00e9ment","Dur\u00e9e de lecture estim\u00e9e":"2 minutes"},"schema":{"@context":"https:\/\/schema.org","@graph":[{"@type":"Article","@id":"https:\/\/footdavant.fr\/actualites\/jaylen-brown-est-le-premier-all-star-a-participer-au-concours-dunk-depuis-2018\/#article","isPartOf":{"@id":"https:\/\/footdavant.fr\/actualites\/jaylen-brown-est-le-premier-all-star-a-participer-au-concours-dunk-depuis-2018\/"},"author":{"name":"Cl\u00e9ment","@id":"https:\/\/footdavant.fr\/actualites\/#\/schema\/person\/bc222566d95871b37e597b3ed3ba5e1d"},"headline":"Jaylen Brown est le premier All-Star \u00e0 participer au concours Dunk depuis 2018","datePublished":"2024-02-17T19:48:03+00:00","dateModified":"2024-02-17T19:48:04+00:00","mainEntityOfPage":{"@id":"https:\/\/footdavant.fr\/actualites\/jaylen-brown-est-le-premier-all-star-a-participer-au-concours-dunk-depuis-2018\/"},"wordCount":472,"publisher":{"@id":"https:\/\/footdavant.fr\/actualites\/#organization"},"keywords":["AllStar","Brown","concours","depuis","Dunk","est","Jaylen","participer","Premier"],"articleSection":["Football"],"inLanguage":"fr-FR"},{"@type":"WebPage","@id":"https:\/\/footdavant.fr\/actualites\/jaylen-brown-est-le-premier-all-star-a-participer-au-concours-dunk-depuis-2018\/","url":"https:\/\/footdavant.fr\/actualites\/jaylen-brown-est-le-premier-all-star-a-participer-au-concours-dunk-depuis-2018\/","name":"Jaylen Brown est le premier All-Star \u00e0 participer au concours Dunk depuis 2018","isPartOf":{"@id":"https:\/\/footdavant.fr\/actualites\/#website"},"datePublished":"2024-02-17T19:48:03+00:00","dateModified":"2024-02-17T19:48:04+00:00","breadcrumb":{"@id":"https:\/\/footdavant.fr\/actualites\/jaylen-brown-est-le-premier-all-star-a-participer-au-concours-dunk-depuis-2018\/#breadcrumb"},"inLanguage":"fr-FR","potentialAction":[{"@type":"ReadAction","target":["https:\/\/footdavant.fr\/actualites\/jaylen-brown-est-le-premier-all-star-a-participer-au-concours-dunk-depuis-2018\/"]}]},{"@type":"BreadcrumbList","@id":"https:\/\/footdavant.fr\/actualites\/jaylen-brown-est-le-premier-all-star-a-participer-au-concours-dunk-depuis-2018\/#breadcrumb","itemListElement":[{"@type":"ListItem","position":1,"name":"Accueil","item":"https:\/\/footdavant.fr\/actualites\/"},{"@type":"ListItem","position":2,"name":"Jaylen Brown est le premier All-Star \u00e0 participer au concours Dunk depuis 2018"}]},{"@type":"WebSite","@id":"https:\/\/footdavant.fr\/actualites\/#website","url":"https:\/\/footdavant.fr\/actualites\/","name":"Foot d'avant","description":"","publisher":{"@id":"https:\/\/footdavant.fr\/actualites\/#organization"},"potentialAction":[{"@type":"SearchAction","target":{"@type":"EntryPoint","urlTemplate":"https:\/\/footdavant.fr\/actualites\/?s={search_term_string}"},"query-input":"required name=search_term_string"}],"inLanguage":"fr-FR"},{"@type":"Organization","@id":"https:\/\/footdavant.fr\/actualites\/#organization","name":"Foot d'avant","url":"https:\/\/footdavant.fr\/actualites\/","logo":{"@type":"ImageObject","inLanguage":"fr-FR","@id":"https:\/\/footdavant.fr\/actualites\/#\/schema\/logo\/image\/","url":"https:\/\/footdavant.fr\/actualites\/wp-content\/uploads\/2023\/09\/Copy-of-FootDavant-Logo.png","contentUrl":"https:\/\/footdavant.fr\/actualites\/wp-content\/uploads\/2023\/09\/Copy-of-FootDavant-Logo.png","width":936,"height":549,"caption":"Foot d'avant"},"image":{"@id":"https:\/\/footdavant.fr\/actualites\/#\/schema\/logo\/image\/"},"sameAs":["https:\/\/www.facebook.com\/Footdavant\/","https:\/\/twitter.com\/FootdavantFr","https:\/\/www.instagram.com\/footdavant.fr\/"]},{"@type":"Person","@id":"https:\/\/footdavant.fr\/actualites\/#\/schema\/person\/bc222566d95871b37e597b3ed3ba5e1d","name":"Cl\u00e9ment","image":{"@type":"ImageObject","inLanguage":"fr-FR","@id":"https:\/\/footdavant.fr\/actualites\/#\/schema\/person\/image\/","url":"https:\/\/secure.gravatar.com\/avatar\/7728b29aac2719421e1a9159b2254c44?s=96&d=mm&r=g","contentUrl":"https:\/\/secure.gravatar.com\/avatar\/7728b29aac2719421e1a9159b2254c44?s=96&d=mm&r=g","caption":"Cl\u00e9ment"},"sameAs":["https:\/\/footdavant.fr\/"]}]}},"_links":{"self":[{"href":"https:\/\/footdavant.fr\/actualites\/wp-json\/wp\/v2\/posts\/5203"}],"collection":[{"href":"https:\/\/footdavant.fr\/actualites\/wp-json\/wp\/v2\/posts"}],"about":[{"href":"https:\/\/footdavant.fr\/actualites\/wp-json\/wp\/v2\/types\/post"}],"author":[{"embeddable":true,"href":"https:\/\/footdavant.fr\/actualites\/wp-json\/wp\/v2\/users\/1"}],"replies":[{"embeddable":true,"href":"https:\/\/footdavant.fr\/actualites\/wp-json\/wp\/v2\/comments?post=5203"}],"version-history":[{"count":1,"href":"https:\/\/footdavant.fr\/actualites\/wp-json\/wp\/v2\/posts\/5203\/revisions"}],"predecessor-version":[{"id":5205,"href":"https:\/\/footdavant.fr\/actualites\/wp-json\/wp\/v2\/posts\/5203\/revisions\/5205"}],"wp:featuredmedia":[{"embeddable":true,"href":"https:\/\/footdavant.fr\/actualites\/wp-json\/wp\/v2\/media\/5204"}],"wp:attachment":[{"href":"https:\/\/footdavant.fr\/actualites\/wp-json\/wp\/v2\/media?parent=5203"}],"wp:term":[{"taxonomy":"category","embeddable":true,"href":"https:\/\/footdavant.fr\/actualites\/wp-json\/wp\/v2\/categories?post=5203"},{"taxonomy":"post_tag","embeddable":true,"href":"https:\/\/footdavant.fr\/actualites\/wp-json\/wp\/v2\/tags?post=5203"}],"curies":[{"name":"wp","href":"https:\/\/api.w.org\/{rel}","templated":true}]}}