{"id":5209,"date":"2024-02-18T00:48:31","date_gmt":"2024-02-17T23:48:31","guid":{"rendered":"https:\/\/footdavant.fr\/actualites\/erik-ten-hag-dit-quil-a-ete-toujours-convaincu-que-son-equipe-de-man-united-reussirait-cette-saison\/"},"modified":"2024-02-18T00:48:32","modified_gmt":"2024-02-17T23:48:32","slug":"erik-ten-hag-dit-quil-a-ete-toujours-convaincu-que-son-equipe-de-man-united-reussirait-cette-saison","status":"publish","type":"post","link":"https:\/\/footdavant.fr\/actualites\/erik-ten-hag-dit-quil-a-ete-toujours-convaincu-que-son-equipe-de-man-united-reussirait-cette-saison\/","title":{"rendered":"Erik ten Hag dit qu&rsquo;il a \u00e9t\u00e9 \u00ab\u00a0toujours convaincu\u00a0\u00bb que son \u00e9quipe de Man United r\u00e9ussirait cette saison &#8211;"},"content":{"rendered":"<div id=\"penci-post-entry-inner\">\n<p>\t\t\t<i class=\"penci-post-countview-number-check\" style=\"display:none\">6<\/i><\/p>\n<p><!--Article Start--><br \/>Erik ten Hag insiste sur le fait qu&rsquo;il est trop t\u00f4t pour dire que Manchester United a \u00ab franchi un cap \u00bb.<\/p>\n<p>S&rsquo;exprimant lors de la conf\u00e9rence de presse d&rsquo;avant-match avant le choc de demain en Premier League contre Luton Town, le coach a d\u00e9clar\u00e9 que m\u00eame si des progr\u00e8s ont \u00e9t\u00e9 r\u00e9alis\u00e9s, il reste encore beaucoup de travail \u00e0 faire pour revenir au niveau de la Ligue des champions.<\/p>\n<p>\u00ab Tout d&rsquo;abord, je pense qu&rsquo;il est trop rapide de dire que nous avons franchi un cap.  Nous n\u2019en sommes pas encore l\u00e0, nous ne sommes toujours pas en mesure de le dire.  Nous sommes de retour dans la course, mais pas dans la position que nous souhaitons occuper dans ce club \u2013 c&rsquo;est-\u00e0-dire au minimum parmi les quatre premiers \u2013 donc nous devons rattraper notre retard et nous le faisons toujours.<\/p>\n<p>\u00ab Mais je pense que nous allons d\u00e9sormais dans la bonne direction.  J\u2019ai toujours \u00e9t\u00e9 convaincu que nous le ferions une fois que les joueurs seraient disponibles.  Avec cette \u00e9quipe, je savais qu&rsquo;avec moi, mon staff technique, mes joueurs et notre coh\u00e9sion, nous avions la qualit\u00e9 pour jouer dans le top quatre.  Bien s\u00fbr, nous avons d\u00fb le prouver tout au long de la saison, mais j&rsquo;ai toujours \u00e9t\u00e9 convaincu que nous le ferions.<\/p>\n<p>Ten Hag a \u00e9galement laiss\u00e9 entendre que les transferts estivaux avaient \u00e9t\u00e9 effectu\u00e9s en sachant que cela signifierait une saison difficile pour United.<\/p>\n<p>\u00ab Quand nous \u00e9tions en \u00e9t\u00e9, je pense que nous avions une tr\u00e8s bonne dynamique.  Nous avions termin\u00e9 troisi\u00e8mes, nous avons gagn\u00e9 une finale et avons particip\u00e9 \u00e0 une autre finale.  Ensuite, nous avons choisi de faire venir des jeunes joueurs pour l&rsquo;avenir \u2013 et cela a \u00e9t\u00e9 li\u00e9 \u00e0 FFP.<\/p>\n<p>\u00ab\u00a0Avec ce choix, vous savez qu&rsquo;il vous faudra plus de temps avant de pouvoir pr\u00e9tendre aux premi\u00e8res places de la Premier League ou de la Ligue des Champions\u00a0\u00bb.<\/p>\n<p>Cependant, il a estim\u00e9 que ces restrictions financi\u00e8res lui permettaient d&rsquo;amener de jeunes joueurs tels que Kobbie Mainoo \u00e0 la premi\u00e8re \u00e9quipe.<\/p>\n<p>\u00ab Manchester United sera toujours un club acheteur \u2013 mais je pense que l\u2019histoire prouve qu\u2019il donne toujours des opportunit\u00e9s depuis l\u2019acad\u00e9mie jusqu\u2019\u00e0 la premi\u00e8re \u00e9quipe si un joueur le m\u00e9rite.  C&rsquo;est dans l&rsquo;ADN.  Selon moi, il y avait des joueurs qui avaient du potentiel.  Nous leur avons donn\u00e9 le temps de se d\u00e9velopper et de progresser \u00bb, a-t-il d\u00e9clar\u00e9.<\/p>\n<p>La premi\u00e8re rencontre de United \u00e0 Kenilworth Road dans l&rsquo;\u00e8re de la Premier League d\u00e9butera demain (dimanche) \u00e0 16h30.<\/p>\n<p>Une victoire ram\u00e8nerait les Red Devils \u00e0 trois points des Spurs, cinqui\u00e8mes, qui ont perdu \u00e0 domicile contre les Wolves aujourd&rsquo;hui.<\/p>\n<p>Selon le niveau des clubs anglais dans la comp\u00e9tition europ\u00e9enne, une cinqui\u00e8me place pourrait suffire \u00e0 se qualifier pour la Ligue des champions l&rsquo;ann\u00e9e prochaine.<\/p>\n<p><!-- AI CONTENT END 3 --><\/p><\/div>\n","protected":false},"excerpt":{"rendered":"<p>6 Erik ten Hag insiste sur le fait qu&rsquo;il est trop t\u00f4t pour dire que Manchester United a \u00ab franchi un cap \u00bb. S&rsquo;exprimant lors<\/p>\n","protected":false},"author":1,"featured_media":1808,"comment_status":"closed","ping_status":"","sticky":false,"template":"","format":"standard","meta":{"footnotes":""},"categories":[3],"tags":[1222,810,125,28,190,776,192,24,514,3730,482,86,191,809,13],"yoast_head":"<!-- This site is optimized with the Yoast SEO plugin v21.0 - https:\/\/yoast.com\/wordpress\/plugins\/seo\/ -->\n<title>Erik ten Hag dit qu&#039;il a \u00e9t\u00e9 &quot;toujours convaincu&quot; que son \u00e9quipe de Man United r\u00e9ussirait cette saison -<\/title>\n<meta name=\"robots\" content=\"index, follow, max-snippet:-1, max-image-preview:large, max-video-preview:-1\" \/>\n<link rel=\"canonical\" href=\"https:\/\/footdavant.fr\/actualites\/erik-ten-hag-dit-quil-a-ete-toujours-convaincu-que-son-equipe-de-man-united-reussirait-cette-saison\/\" \/>\n<meta property=\"og:locale\" content=\"fr_FR\" \/>\n<meta property=\"og:type\" content=\"article\" \/>\n<meta property=\"og:title\" content=\"Erik ten Hag dit qu&#039;il a \u00e9t\u00e9 &quot;toujours convaincu&quot; que son \u00e9quipe de Man United r\u00e9ussirait cette saison -\" \/>\n<meta property=\"og:description\" content=\"6 Erik ten Hag insiste sur le fait qu&rsquo;il est trop t\u00f4t pour dire que Manchester United a \u00ab franchi un cap \u00bb. S&rsquo;exprimant lors\" \/>\n<meta property=\"og:url\" content=\"https:\/\/footdavant.fr\/actualites\/erik-ten-hag-dit-quil-a-ete-toujours-convaincu-que-son-equipe-de-man-united-reussirait-cette-saison\/\" \/>\n<meta property=\"og:site_name\" content=\"Foot d&#039;avant\" \/>\n<meta property=\"article:publisher\" content=\"https:\/\/www.facebook.com\/Footdavant\/\" \/>\n<meta property=\"article:published_time\" content=\"2024-02-17T23:48:31+00:00\" \/>\n<meta property=\"article:modified_time\" content=\"2024-02-17T23:48:32+00:00\" \/>\n<meta property=\"og:image\" content=\"https:\/\/footdavant.fr\/actualites\/wp-content\/uploads\/2023\/12\/Erik-ten-Hag-dit-quAndre-Onana-nest-pas-imparable.jpg\" \/>\n\t<meta property=\"og:image:width\" content=\"1600\" \/>\n\t<meta property=\"og:image:height\" content=\"700\" \/>\n\t<meta property=\"og:image:type\" content=\"image\/jpeg\" \/>\n<meta name=\"author\" content=\"Cl\u00e9ment\" \/>\n<meta name=\"twitter:card\" content=\"summary_large_image\" \/>\n<meta name=\"twitter:creator\" content=\"@FootdavantFr\" \/>\n<meta name=\"twitter:site\" content=\"@FootdavantFr\" \/>\n<meta name=\"twitter:label1\" content=\"\u00c9crit par\" \/>\n\t<meta name=\"twitter:data1\" content=\"Cl\u00e9ment\" \/>\n\t<meta name=\"twitter:label2\" content=\"Dur\u00e9e de lecture estim\u00e9e\" \/>\n\t<meta name=\"twitter:data2\" content=\"2 minutes\" \/>\n<script type=\"application\/ld+json\" class=\"yoast-schema-graph\">{\"@context\":\"https:\/\/schema.org\",\"@graph\":[{\"@type\":\"Article\",\"@id\":\"https:\/\/footdavant.fr\/actualites\/erik-ten-hag-dit-quil-a-ete-toujours-convaincu-que-son-equipe-de-man-united-reussirait-cette-saison\/#article\",\"isPartOf\":{\"@id\":\"https:\/\/footdavant.fr\/actualites\/erik-ten-hag-dit-quil-a-ete-toujours-convaincu-que-son-equipe-de-man-united-reussirait-cette-saison\/\"},\"author\":{\"name\":\"Cl\u00e9ment\",\"@id\":\"https:\/\/footdavant.fr\/actualites\/#\/schema\/person\/bc222566d95871b37e597b3ed3ba5e1d\"},\"headline\":\"Erik ten Hag dit qu&rsquo;il a \u00e9t\u00e9 \u00ab\u00a0toujours convaincu\u00a0\u00bb que son \u00e9quipe de Man United r\u00e9ussirait cette saison &#8211;\",\"datePublished\":\"2024-02-17T23:48:31+00:00\",\"dateModified\":\"2024-02-17T23:48:32+00:00\",\"mainEntityOfPage\":{\"@id\":\"https:\/\/footdavant.fr\/actualites\/erik-ten-hag-dit-quil-a-ete-toujours-convaincu-que-son-equipe-de-man-united-reussirait-cette-saison\/\"},\"wordCount\":503,\"publisher\":{\"@id\":\"https:\/\/footdavant.fr\/actualites\/#organization\"},\"keywords\":[\"cette\",\"convaincu\",\"dit\",\"\u00c9quipe\",\"Erik\",\"\u00e9t\u00e9\",\"Hag\",\"Man\",\"quil\",\"r\u00e9ussirait\",\"saison\",\"son\",\"ten\",\"toujours\",\"United\"],\"articleSection\":[\"Football\"],\"inLanguage\":\"fr-FR\"},{\"@type\":\"WebPage\",\"@id\":\"https:\/\/footdavant.fr\/actualites\/erik-ten-hag-dit-quil-a-ete-toujours-convaincu-que-son-equipe-de-man-united-reussirait-cette-saison\/\",\"url\":\"https:\/\/footdavant.fr\/actualites\/erik-ten-hag-dit-quil-a-ete-toujours-convaincu-que-son-equipe-de-man-united-reussirait-cette-saison\/\",\"name\":\"Erik ten Hag dit qu'il a \u00e9t\u00e9 \\\"toujours convaincu\\\" que son \u00e9quipe de Man United r\u00e9ussirait cette saison -\",\"isPartOf\":{\"@id\":\"https:\/\/footdavant.fr\/actualites\/#website\"},\"datePublished\":\"2024-02-17T23:48:31+00:00\",\"dateModified\":\"2024-02-17T23:48:32+00:00\",\"breadcrumb\":{\"@id\":\"https:\/\/footdavant.fr\/actualites\/erik-ten-hag-dit-quil-a-ete-toujours-convaincu-que-son-equipe-de-man-united-reussirait-cette-saison\/#breadcrumb\"},\"inLanguage\":\"fr-FR\",\"potentialAction\":[{\"@type\":\"ReadAction\",\"target\":[\"https:\/\/footdavant.fr\/actualites\/erik-ten-hag-dit-quil-a-ete-toujours-convaincu-que-son-equipe-de-man-united-reussirait-cette-saison\/\"]}]},{\"@type\":\"BreadcrumbList\",\"@id\":\"https:\/\/footdavant.fr\/actualites\/erik-ten-hag-dit-quil-a-ete-toujours-convaincu-que-son-equipe-de-man-united-reussirait-cette-saison\/#breadcrumb\",\"itemListElement\":[{\"@type\":\"ListItem\",\"position\":1,\"name\":\"Accueil\",\"item\":\"https:\/\/footdavant.fr\/actualites\/\"},{\"@type\":\"ListItem\",\"position\":2,\"name\":\"Erik ten Hag dit qu&rsquo;il a \u00e9t\u00e9 \u00ab\u00a0toujours convaincu\u00a0\u00bb que son \u00e9quipe de Man United r\u00e9ussirait cette saison &#8211;\"}]},{\"@type\":\"WebSite\",\"@id\":\"https:\/\/footdavant.fr\/actualites\/#website\",\"url\":\"https:\/\/footdavant.fr\/actualites\/\",\"name\":\"Foot d'avant\",\"description\":\"\",\"publisher\":{\"@id\":\"https:\/\/footdavant.fr\/actualites\/#organization\"},\"potentialAction\":[{\"@type\":\"SearchAction\",\"target\":{\"@type\":\"EntryPoint\",\"urlTemplate\":\"https:\/\/footdavant.fr\/actualites\/?s={search_term_string}\"},\"query-input\":\"required name=search_term_string\"}],\"inLanguage\":\"fr-FR\"},{\"@type\":\"Organization\",\"@id\":\"https:\/\/footdavant.fr\/actualites\/#organization\",\"name\":\"Foot d'avant\",\"url\":\"https:\/\/footdavant.fr\/actualites\/\",\"logo\":{\"@type\":\"ImageObject\",\"inLanguage\":\"fr-FR\",\"@id\":\"https:\/\/footdavant.fr\/actualites\/#\/schema\/logo\/image\/\",\"url\":\"https:\/\/footdavant.fr\/actualites\/wp-content\/uploads\/2023\/09\/Copy-of-FootDavant-Logo.png\",\"contentUrl\":\"https:\/\/footdavant.fr\/actualites\/wp-content\/uploads\/2023\/09\/Copy-of-FootDavant-Logo.png\",\"width\":936,\"height\":549,\"caption\":\"Foot d'avant\"},\"image\":{\"@id\":\"https:\/\/footdavant.fr\/actualites\/#\/schema\/logo\/image\/\"},\"sameAs\":[\"https:\/\/www.facebook.com\/Footdavant\/\",\"https:\/\/twitter.com\/FootdavantFr\",\"https:\/\/www.instagram.com\/footdavant.fr\/\"]},{\"@type\":\"Person\",\"@id\":\"https:\/\/footdavant.fr\/actualites\/#\/schema\/person\/bc222566d95871b37e597b3ed3ba5e1d\",\"name\":\"Cl\u00e9ment\",\"image\":{\"@type\":\"ImageObject\",\"inLanguage\":\"fr-FR\",\"@id\":\"https:\/\/footdavant.fr\/actualites\/#\/schema\/person\/image\/\",\"url\":\"https:\/\/secure.gravatar.com\/avatar\/7728b29aac2719421e1a9159b2254c44?s=96&d=mm&r=g\",\"contentUrl\":\"https:\/\/secure.gravatar.com\/avatar\/7728b29aac2719421e1a9159b2254c44?s=96&d=mm&r=g\",\"caption\":\"Cl\u00e9ment\"},\"sameAs\":[\"https:\/\/footdavant.fr\/\"]}]}<\/script>\n<!-- \/ Yoast SEO plugin. -->","yoast_head_json":{"title":"Erik ten Hag dit qu'il a \u00e9t\u00e9 \"toujours convaincu\" que son \u00e9quipe de Man United r\u00e9ussirait cette saison -","robots":{"index":"index","follow":"follow","max-snippet":"max-snippet:-1","max-image-preview":"max-image-preview:large","max-video-preview":"max-video-preview:-1"},"canonical":"https:\/\/footdavant.fr\/actualites\/erik-ten-hag-dit-quil-a-ete-toujours-convaincu-que-son-equipe-de-man-united-reussirait-cette-saison\/","og_locale":"fr_FR","og_type":"article","og_title":"Erik ten Hag dit qu'il a \u00e9t\u00e9 \"toujours convaincu\" que son \u00e9quipe de Man United r\u00e9ussirait cette saison -","og_description":"6 Erik ten Hag insiste sur le fait qu&rsquo;il est trop t\u00f4t pour dire que Manchester United a \u00ab franchi un cap \u00bb. S&rsquo;exprimant lors","og_url":"https:\/\/footdavant.fr\/actualites\/erik-ten-hag-dit-quil-a-ete-toujours-convaincu-que-son-equipe-de-man-united-reussirait-cette-saison\/","og_site_name":"Foot d&#039;avant","article_publisher":"https:\/\/www.facebook.com\/Footdavant\/","article_published_time":"2024-02-17T23:48:31+00:00","article_modified_time":"2024-02-17T23:48:32+00:00","og_image":[{"width":1600,"height":700,"url":"https:\/\/footdavant.fr\/actualites\/wp-content\/uploads\/2023\/12\/Erik-ten-Hag-dit-quAndre-Onana-nest-pas-imparable.jpg","type":"image\/jpeg"}],"author":"Cl\u00e9ment","twitter_card":"summary_large_image","twitter_creator":"@FootdavantFr","twitter_site":"@FootdavantFr","twitter_misc":{"\u00c9crit par":"Cl\u00e9ment","Dur\u00e9e de lecture estim\u00e9e":"2 minutes"},"schema":{"@context":"https:\/\/schema.org","@graph":[{"@type":"Article","@id":"https:\/\/footdavant.fr\/actualites\/erik-ten-hag-dit-quil-a-ete-toujours-convaincu-que-son-equipe-de-man-united-reussirait-cette-saison\/#article","isPartOf":{"@id":"https:\/\/footdavant.fr\/actualites\/erik-ten-hag-dit-quil-a-ete-toujours-convaincu-que-son-equipe-de-man-united-reussirait-cette-saison\/"},"author":{"name":"Cl\u00e9ment","@id":"https:\/\/footdavant.fr\/actualites\/#\/schema\/person\/bc222566d95871b37e597b3ed3ba5e1d"},"headline":"Erik ten Hag dit qu&rsquo;il a \u00e9t\u00e9 \u00ab\u00a0toujours convaincu\u00a0\u00bb que son \u00e9quipe de Man United r\u00e9ussirait cette saison &#8211;","datePublished":"2024-02-17T23:48:31+00:00","dateModified":"2024-02-17T23:48:32+00:00","mainEntityOfPage":{"@id":"https:\/\/footdavant.fr\/actualites\/erik-ten-hag-dit-quil-a-ete-toujours-convaincu-que-son-equipe-de-man-united-reussirait-cette-saison\/"},"wordCount":503,"publisher":{"@id":"https:\/\/footdavant.fr\/actualites\/#organization"},"keywords":["cette","convaincu","dit","\u00c9quipe","Erik","\u00e9t\u00e9","Hag","Man","quil","r\u00e9ussirait","saison","son","ten","toujours","United"],"articleSection":["Football"],"inLanguage":"fr-FR"},{"@type":"WebPage","@id":"https:\/\/footdavant.fr\/actualites\/erik-ten-hag-dit-quil-a-ete-toujours-convaincu-que-son-equipe-de-man-united-reussirait-cette-saison\/","url":"https:\/\/footdavant.fr\/actualites\/erik-ten-hag-dit-quil-a-ete-toujours-convaincu-que-son-equipe-de-man-united-reussirait-cette-saison\/","name":"Erik ten Hag dit qu'il a \u00e9t\u00e9 \"toujours convaincu\" que son \u00e9quipe de Man United r\u00e9ussirait cette saison -","isPartOf":{"@id":"https:\/\/footdavant.fr\/actualites\/#website"},"datePublished":"2024-02-17T23:48:31+00:00","dateModified":"2024-02-17T23:48:32+00:00","breadcrumb":{"@id":"https:\/\/footdavant.fr\/actualites\/erik-ten-hag-dit-quil-a-ete-toujours-convaincu-que-son-equipe-de-man-united-reussirait-cette-saison\/#breadcrumb"},"inLanguage":"fr-FR","potentialAction":[{"@type":"ReadAction","target":["https:\/\/footdavant.fr\/actualites\/erik-ten-hag-dit-quil-a-ete-toujours-convaincu-que-son-equipe-de-man-united-reussirait-cette-saison\/"]}]},{"@type":"BreadcrumbList","@id":"https:\/\/footdavant.fr\/actualites\/erik-ten-hag-dit-quil-a-ete-toujours-convaincu-que-son-equipe-de-man-united-reussirait-cette-saison\/#breadcrumb","itemListElement":[{"@type":"ListItem","position":1,"name":"Accueil","item":"https:\/\/footdavant.fr\/actualites\/"},{"@type":"ListItem","position":2,"name":"Erik ten Hag dit qu&rsquo;il a \u00e9t\u00e9 \u00ab\u00a0toujours convaincu\u00a0\u00bb que son \u00e9quipe de Man United r\u00e9ussirait cette saison &#8211;"}]},{"@type":"WebSite","@id":"https:\/\/footdavant.fr\/actualites\/#website","url":"https:\/\/footdavant.fr\/actualites\/","name":"Foot d'avant","description":"","publisher":{"@id":"https:\/\/footdavant.fr\/actualites\/#organization"},"potentialAction":[{"@type":"SearchAction","target":{"@type":"EntryPoint","urlTemplate":"https:\/\/footdavant.fr\/actualites\/?s={search_term_string}"},"query-input":"required name=search_term_string"}],"inLanguage":"fr-FR"},{"@type":"Organization","@id":"https:\/\/footdavant.fr\/actualites\/#organization","name":"Foot d'avant","url":"https:\/\/footdavant.fr\/actualites\/","logo":{"@type":"ImageObject","inLanguage":"fr-FR","@id":"https:\/\/footdavant.fr\/actualites\/#\/schema\/logo\/image\/","url":"https:\/\/footdavant.fr\/actualites\/wp-content\/uploads\/2023\/09\/Copy-of-FootDavant-Logo.png","contentUrl":"https:\/\/footdavant.fr\/actualites\/wp-content\/uploads\/2023\/09\/Copy-of-FootDavant-Logo.png","width":936,"height":549,"caption":"Foot d'avant"},"image":{"@id":"https:\/\/footdavant.fr\/actualites\/#\/schema\/logo\/image\/"},"sameAs":["https:\/\/www.facebook.com\/Footdavant\/","https:\/\/twitter.com\/FootdavantFr","https:\/\/www.instagram.com\/footdavant.fr\/"]},{"@type":"Person","@id":"https:\/\/footdavant.fr\/actualites\/#\/schema\/person\/bc222566d95871b37e597b3ed3ba5e1d","name":"Cl\u00e9ment","image":{"@type":"ImageObject","inLanguage":"fr-FR","@id":"https:\/\/footdavant.fr\/actualites\/#\/schema\/person\/image\/","url":"https:\/\/secure.gravatar.com\/avatar\/7728b29aac2719421e1a9159b2254c44?s=96&d=mm&r=g","contentUrl":"https:\/\/secure.gravatar.com\/avatar\/7728b29aac2719421e1a9159b2254c44?s=96&d=mm&r=g","caption":"Cl\u00e9ment"},"sameAs":["https:\/\/footdavant.fr\/"]}]}},"_links":{"self":[{"href":"https:\/\/footdavant.fr\/actualites\/wp-json\/wp\/v2\/posts\/5209"}],"collection":[{"href":"https:\/\/footdavant.fr\/actualites\/wp-json\/wp\/v2\/posts"}],"about":[{"href":"https:\/\/footdavant.fr\/actualites\/wp-json\/wp\/v2\/types\/post"}],"author":[{"embeddable":true,"href":"https:\/\/footdavant.fr\/actualites\/wp-json\/wp\/v2\/users\/1"}],"replies":[{"embeddable":true,"href":"https:\/\/footdavant.fr\/actualites\/wp-json\/wp\/v2\/comments?post=5209"}],"version-history":[{"count":1,"href":"https:\/\/footdavant.fr\/actualites\/wp-json\/wp\/v2\/posts\/5209\/revisions"}],"predecessor-version":[{"id":5210,"href":"https:\/\/footdavant.fr\/actualites\/wp-json\/wp\/v2\/posts\/5209\/revisions\/5210"}],"wp:featuredmedia":[{"embeddable":true,"href":"https:\/\/footdavant.fr\/actualites\/wp-json\/wp\/v2\/media\/1808"}],"wp:attachment":[{"href":"https:\/\/footdavant.fr\/actualites\/wp-json\/wp\/v2\/media?parent=5209"}],"wp:term":[{"taxonomy":"category","embeddable":true,"href":"https:\/\/footdavant.fr\/actualites\/wp-json\/wp\/v2\/categories?post=5209"},{"taxonomy":"post_tag","embeddable":true,"href":"https:\/\/footdavant.fr\/actualites\/wp-json\/wp\/v2\/tags?post=5209"}],"curies":[{"name":"wp","href":"https:\/\/api.w.org\/{rel}","templated":true}]}}