{"id":5214,"date":"2024-02-18T04:49:23","date_gmt":"2024-02-18T03:49:23","guid":{"rendered":"https:\/\/footdavant.fr\/actualites\/opinion-la-grande-decision-offensive-de-pochettino-avant-city\/"},"modified":"2024-02-18T04:49:23","modified_gmt":"2024-02-18T03:49:23","slug":"opinion-la-grande-decision-offensive-de-pochettino-avant-city","status":"publish","type":"post","link":"https:\/\/footdavant.fr\/actualites\/opinion-la-grande-decision-offensive-de-pochettino-avant-city\/","title":{"rendered":"Opinion: La grande d\u00e9cision offensive de Pochettino avant City"},"content":{"rendered":"<div id=\"mvp-content-main\">\n<p>Je me souviens avoir \u00e9t\u00e9 au stade Etihad la derni\u00e8re fois que Chelsea y a jou\u00e9 \u00e0 la fin de la saison derni\u00e8re, et c&rsquo;\u00e9tait un plus bas historique.<\/p>\n<p>City a \u00e9t\u00e9 sacr\u00e9 champion ce jour-l\u00e0 et a c\u00e9l\u00e9br\u00e9 le troph\u00e9e \u00e0 la fin du match, ce que j&rsquo;ai bien s\u00fbr d\u00fb \u00e9viter.  Mais c\u2019\u00e9tait un moment de caniveau pour le club et l\u2019\u00e9quipe, et m\u00eame s\u2019il y avait, et il y a encore bien s\u00fbr, de l\u2019espoir pour l\u2019avenir, c\u2019\u00e9tait difficile \u00e0 absorber.  City nous a domin\u00e9 et nous n\u2019avions absolument rien.  Les supporters en d\u00e9placement n&rsquo;avaient rien, et les supporters de City nous scandaient juste \u00e0 chaque match.<\/p>\n<p>Mais samedi, ce sera peut-\u00eatre diff\u00e9rent, non\u00a0?  Une saison termin\u00e9e, un nouveau manager et un groupe de joueurs rajeunis qui semblent maintenant faire tout ce qu&rsquo;ils peuvent pour essayer de prouver quelque chose ?  Je pense que nous sommes dans une situation l\u00e9g\u00e8rement meilleure que la saison derni\u00e8re, m\u00eame s\u2019il y a \u00e9galement eu beaucoup de troubles et de pessimisme cette saison.  Les deux derniers matchs nous donneront peut-\u00eatre l&rsquo;espoir dont nous avons besoin pour celui-ci, mais voyons voir.<\/p>\n<p>Comme je l&rsquo;ai dit ces deux derni\u00e8res semaines, je ne me laisse pas emporter par les deux derni\u00e8res victoires, pas une chance.  J&rsquo;y suis all\u00e9 plusieurs fois auparavant pour \u00eatre \u00e0 nouveau d\u00e9\u00e7u et en col\u00e8re, donc je garde mes attentes tr\u00e8s basses, en particulier en allant au Manchester City de Pep Guardiola !<\/p>\n<p>Nous avons TR\u00c8S bien jou\u00e9 contre Aston Villa, et assez bien en seconde p\u00e9riode contre Crystal Palace.  Mais les deux matchs avant Villa et la premi\u00e8re mi-temps contre Palace, nous avons \u00e9t\u00e9 \u00e9pouvantables.  Ma m\u00e9moire est bonne, et je pense que c&rsquo;est pourquoi, personnellement, je dois garder mon optimisme bas pour le moment.  Il y a \u00e9galement eu des signes bons et positifs, il reste donc un peu d\u2019espoir.<\/p>\n<p>City ne pouvait manquer que Jack Grealish apr\u00e8s qu&rsquo;il ait \u00e9t\u00e9 expuls\u00e9 lors de sa victoire en Ligue des champions au FC Copenhague, un match dans lequel Bernardo Silva a \u00e9galement \u00e9t\u00e9 remplac\u00e9.  Josko Gvardiol manquera \u00e9galement environ deux semaines d&rsquo;action.<\/p>\n<p>Chelsea, quant \u00e0 lui, \u00e9valuera Thiago Silva apr\u00e8s la blessure \u00e0 l&rsquo;aine qu&rsquo;il a subie contre Crystal Palace lundi soir.  Benoit Badiashile manquera \u00e9galement environ un mois d&rsquo;action en raison d&rsquo;un probl\u00e8me similaire.<\/p>\n<p>Romeo Lavia, Reece James, Robert Sanchez de retour \u00e0 l&rsquo;entra\u00eenement partiel), Wesley Fofana, Marc Cucurella et Lesley Ugochukwu sont des absents de longue dur\u00e9e.<\/p>\n<p>Il faudra attendre les confirmations d\u00e9finitives de Mauricio Pochettino lors de la conf\u00e9rence de presse de vendredi apr\u00e8s quelques \u00e9valuations et tests de condition physique tardifs pour des joueurs comme Silva et Malo Gusto.  Silva a \u00e9t\u00e9 bless\u00e9, mais Gusto \u00e9tait fatigu\u00e9, selon Pochettino.<\/p>\n<p>La formation de Pochettino se choisit principalement en ce moment, sauf en attaque, et c&rsquo;est l\u00e0 que le coach doit prendre sa plus grande d\u00e9cision pour City.  Je pense que Noni Madueke sera remplac\u00e9 par Christopher Nkunku, et Nicolas Jackson pourrait revenir jouer plus centralement, afin que Cole Palmer puisse aller dans la moiti\u00e9 droite o\u00f9 il est le plus efficace.  Le reste, en pensant aux blessures, se choisit.<\/p>\n<\/p>\n<p>C&rsquo;est probablement LE match de championnat le plus difficile auquel nous puissions faire face, \u00e0 City.  Mais rien n&rsquo;est impossible dans le football et comme nous l&rsquo;avons montr\u00e9 lors de notre dernier match contre eux, nous sommes plus que capables de nous affronter.  Donc, si nous prenons en compte cela, la dynamique de nos deux derniers matches, la confiance qui s&rsquo;est construite, ainsi que l&rsquo;excellent esprit d&rsquo;\u00e9quipe et la solidarit\u00e9 dont nous avons fait preuve, alors tout est possible.<\/p>\n<p>Comme nous l\u2019avons tous vu, des matchs comme celui-ci peuvent parfois convenir \u00e0 cette \u00e9quipe de Chelsea.  Nous luttons contre un bloc bas, donc il pourrait au moins \u00eatre plus ouvert dans un sens offensif.  Mais l\u2019autre c\u00f4t\u00e9 de cela est que nous avons aussi parfois du mal \u00e0 jouer contre une presse haute et aussi, tout comme un jeu ouvert peut aider dans notre attaque, cela aura l\u2019effet inverse pour notre d\u00e9fense.  Ma seule pr\u00e9occupation est que si nous sommes trop press\u00e9s, nous perdrons beaucoup le ballon et pr\u00e9parerons des attaques pour City, et si nous faisons l&rsquo;alternative et allons longtemps, il n&rsquo;y a pas de point focal vers lequel viser.<\/p>\n<p>C&rsquo;est tellement important qu&rsquo;Enzo Fern\u00e1ndez reste proche de Moises Caicedo, surtout quand nous jouons de l&rsquo;arri\u00e8re.  Les arri\u00e8res lat\u00e9raux devront \u00eatre synchronis\u00e9s en termes de blocage de l\u2019un si l\u2019autre dispara\u00eet.  Et nos d\u00e9fenseurs vont devoir \u00eatre tr\u00e8s actifs et \u00eatre pleinement conscients des courses et des contre-attaques.<\/p>\n<p>Si chaque joueur est \u00e0 son niveau, nous pouvons battre n\u2019importe quelle \u00e9quipe aujourd\u2019hui.  Mais si nous ne sommes pas dans notre jeu et que la tactique n&rsquo;est pas parfaite de la part de Mauricio Pochettino, comme nous l&rsquo;avons \u00e9galement vu, nous risquons \u00e0 nouveau de nous humilier et de nous retrouver embarrass\u00e9s.<\/p>\n<p>Esp\u00e9rons qu\u2019ils se pr\u00e9senteront comme ils l\u2019ont fait \u00e0 Villa, et esp\u00e9rons que City aura un match aussi terrible que Villa l\u2019a fait ce jour-l\u00e0 aussi !<\/p>\n<div class=\"feature-box\">Si vous souhaitez figurer sur Talk Chelsea.<\/div>\n<p>\t\t\t\t\t\t\t\t\t<!--mvp-post-tags--><\/p><\/div>\n","protected":false},"excerpt":{"rendered":"<p>Je me souviens avoir \u00e9t\u00e9 au stade Etihad la derni\u00e8re fois que Chelsea y a jou\u00e9 \u00e0 la fin de la saison derni\u00e8re, et c&rsquo;\u00e9tait<\/p>\n","protected":false},"author":1,"featured_media":207,"comment_status":"closed","ping_status":"","sticky":false,"template":"","format":"standard","meta":{"footnotes":""},"categories":[3],"tags":[491,27,497,1751,1538,3223,47],"yoast_head":"<!-- This site is optimized with the Yoast SEO plugin v21.0 - https:\/\/yoast.com\/wordpress\/plugins\/seo\/ -->\n<title>Opinion: La grande d\u00e9cision offensive de Pochettino avant City<\/title>\n<meta name=\"robots\" content=\"index, follow, max-snippet:-1, max-image-preview:large, max-video-preview:-1\" \/>\n<link rel=\"canonical\" href=\"https:\/\/footdavant.fr\/actualites\/opinion-la-grande-decision-offensive-de-pochettino-avant-city\/\" \/>\n<meta property=\"og:locale\" content=\"fr_FR\" \/>\n<meta property=\"og:type\" content=\"article\" \/>\n<meta property=\"og:title\" content=\"Opinion: La grande d\u00e9cision offensive de Pochettino avant City\" \/>\n<meta property=\"og:description\" content=\"Je me souviens avoir \u00e9t\u00e9 au stade Etihad la derni\u00e8re fois que Chelsea y a jou\u00e9 \u00e0 la fin de la saison derni\u00e8re, et c&rsquo;\u00e9tait\" \/>\n<meta property=\"og:url\" content=\"https:\/\/footdavant.fr\/actualites\/opinion-la-grande-decision-offensive-de-pochettino-avant-city\/\" \/>\n<meta property=\"og:site_name\" content=\"Foot d&#039;avant\" \/>\n<meta property=\"article:publisher\" content=\"https:\/\/www.facebook.com\/Footdavant\/\" \/>\n<meta property=\"article:published_time\" content=\"2024-02-18T03:49:23+00:00\" \/>\n<meta property=\"og:image\" content=\"https:\/\/footdavant.fr\/actualites\/wp-content\/uploads\/2023\/11\/Nico-Jackson-est-brut-mais-subit-une-pression-inutile-\u2013.jpg\" \/>\n\t<meta property=\"og:image:width\" content=\"1000\" \/>\n\t<meta property=\"og:image:height\" content=\"600\" \/>\n\t<meta property=\"og:image:type\" content=\"image\/jpeg\" \/>\n<meta name=\"author\" content=\"Cl\u00e9ment\" \/>\n<meta name=\"twitter:card\" content=\"summary_large_image\" \/>\n<meta name=\"twitter:creator\" content=\"@FootdavantFr\" \/>\n<meta name=\"twitter:site\" content=\"@FootdavantFr\" \/>\n<meta name=\"twitter:label1\" content=\"\u00c9crit par\" \/>\n\t<meta name=\"twitter:data1\" content=\"Cl\u00e9ment\" \/>\n\t<meta name=\"twitter:label2\" content=\"Dur\u00e9e de lecture estim\u00e9e\" \/>\n\t<meta name=\"twitter:data2\" content=\"5 minutes\" \/>\n<script type=\"application\/ld+json\" class=\"yoast-schema-graph\">{\"@context\":\"https:\/\/schema.org\",\"@graph\":[{\"@type\":\"Article\",\"@id\":\"https:\/\/footdavant.fr\/actualites\/opinion-la-grande-decision-offensive-de-pochettino-avant-city\/#article\",\"isPartOf\":{\"@id\":\"https:\/\/footdavant.fr\/actualites\/opinion-la-grande-decision-offensive-de-pochettino-avant-city\/\"},\"author\":{\"name\":\"Cl\u00e9ment\",\"@id\":\"https:\/\/footdavant.fr\/actualites\/#\/schema\/person\/bc222566d95871b37e597b3ed3ba5e1d\"},\"headline\":\"Opinion: La grande d\u00e9cision offensive de Pochettino avant City\",\"datePublished\":\"2024-02-18T03:49:23+00:00\",\"dateModified\":\"2024-02-18T03:49:23+00:00\",\"mainEntityOfPage\":{\"@id\":\"https:\/\/footdavant.fr\/actualites\/opinion-la-grande-decision-offensive-de-pochettino-avant-city\/\"},\"wordCount\":915,\"publisher\":{\"@id\":\"https:\/\/footdavant.fr\/actualites\/#organization\"},\"keywords\":[\"avant\",\"City\",\"d\u00e9cision\",\"grande\",\"offensive\",\"opinion\",\"Pochettino\"],\"articleSection\":[\"Football\"],\"inLanguage\":\"fr-FR\"},{\"@type\":\"WebPage\",\"@id\":\"https:\/\/footdavant.fr\/actualites\/opinion-la-grande-decision-offensive-de-pochettino-avant-city\/\",\"url\":\"https:\/\/footdavant.fr\/actualites\/opinion-la-grande-decision-offensive-de-pochettino-avant-city\/\",\"name\":\"Opinion: La grande d\u00e9cision offensive de Pochettino avant City\",\"isPartOf\":{\"@id\":\"https:\/\/footdavant.fr\/actualites\/#website\"},\"datePublished\":\"2024-02-18T03:49:23+00:00\",\"dateModified\":\"2024-02-18T03:49:23+00:00\",\"breadcrumb\":{\"@id\":\"https:\/\/footdavant.fr\/actualites\/opinion-la-grande-decision-offensive-de-pochettino-avant-city\/#breadcrumb\"},\"inLanguage\":\"fr-FR\",\"potentialAction\":[{\"@type\":\"ReadAction\",\"target\":[\"https:\/\/footdavant.fr\/actualites\/opinion-la-grande-decision-offensive-de-pochettino-avant-city\/\"]}]},{\"@type\":\"BreadcrumbList\",\"@id\":\"https:\/\/footdavant.fr\/actualites\/opinion-la-grande-decision-offensive-de-pochettino-avant-city\/#breadcrumb\",\"itemListElement\":[{\"@type\":\"ListItem\",\"position\":1,\"name\":\"Accueil\",\"item\":\"https:\/\/footdavant.fr\/actualites\/\"},{\"@type\":\"ListItem\",\"position\":2,\"name\":\"Opinion: La grande d\u00e9cision offensive de Pochettino avant City\"}]},{\"@type\":\"WebSite\",\"@id\":\"https:\/\/footdavant.fr\/actualites\/#website\",\"url\":\"https:\/\/footdavant.fr\/actualites\/\",\"name\":\"Foot d'avant\",\"description\":\"\",\"publisher\":{\"@id\":\"https:\/\/footdavant.fr\/actualites\/#organization\"},\"potentialAction\":[{\"@type\":\"SearchAction\",\"target\":{\"@type\":\"EntryPoint\",\"urlTemplate\":\"https:\/\/footdavant.fr\/actualites\/?s={search_term_string}\"},\"query-input\":\"required name=search_term_string\"}],\"inLanguage\":\"fr-FR\"},{\"@type\":\"Organization\",\"@id\":\"https:\/\/footdavant.fr\/actualites\/#organization\",\"name\":\"Foot d'avant\",\"url\":\"https:\/\/footdavant.fr\/actualites\/\",\"logo\":{\"@type\":\"ImageObject\",\"inLanguage\":\"fr-FR\",\"@id\":\"https:\/\/footdavant.fr\/actualites\/#\/schema\/logo\/image\/\",\"url\":\"https:\/\/footdavant.fr\/actualites\/wp-content\/uploads\/2023\/09\/Copy-of-FootDavant-Logo.png\",\"contentUrl\":\"https:\/\/footdavant.fr\/actualites\/wp-content\/uploads\/2023\/09\/Copy-of-FootDavant-Logo.png\",\"width\":936,\"height\":549,\"caption\":\"Foot d'avant\"},\"image\":{\"@id\":\"https:\/\/footdavant.fr\/actualites\/#\/schema\/logo\/image\/\"},\"sameAs\":[\"https:\/\/www.facebook.com\/Footdavant\/\",\"https:\/\/twitter.com\/FootdavantFr\",\"https:\/\/www.instagram.com\/footdavant.fr\/\"]},{\"@type\":\"Person\",\"@id\":\"https:\/\/footdavant.fr\/actualites\/#\/schema\/person\/bc222566d95871b37e597b3ed3ba5e1d\",\"name\":\"Cl\u00e9ment\",\"image\":{\"@type\":\"ImageObject\",\"inLanguage\":\"fr-FR\",\"@id\":\"https:\/\/footdavant.fr\/actualites\/#\/schema\/person\/image\/\",\"url\":\"https:\/\/secure.gravatar.com\/avatar\/7728b29aac2719421e1a9159b2254c44?s=96&d=mm&r=g\",\"contentUrl\":\"https:\/\/secure.gravatar.com\/avatar\/7728b29aac2719421e1a9159b2254c44?s=96&d=mm&r=g\",\"caption\":\"Cl\u00e9ment\"},\"sameAs\":[\"https:\/\/footdavant.fr\/\"]}]}<\/script>\n<!-- \/ Yoast SEO plugin. -->","yoast_head_json":{"title":"Opinion: La grande d\u00e9cision offensive de Pochettino avant City","robots":{"index":"index","follow":"follow","max-snippet":"max-snippet:-1","max-image-preview":"max-image-preview:large","max-video-preview":"max-video-preview:-1"},"canonical":"https:\/\/footdavant.fr\/actualites\/opinion-la-grande-decision-offensive-de-pochettino-avant-city\/","og_locale":"fr_FR","og_type":"article","og_title":"Opinion: La grande d\u00e9cision offensive de Pochettino avant City","og_description":"Je me souviens avoir \u00e9t\u00e9 au stade Etihad la derni\u00e8re fois que Chelsea y a jou\u00e9 \u00e0 la fin de la saison derni\u00e8re, et c&rsquo;\u00e9tait","og_url":"https:\/\/footdavant.fr\/actualites\/opinion-la-grande-decision-offensive-de-pochettino-avant-city\/","og_site_name":"Foot d&#039;avant","article_publisher":"https:\/\/www.facebook.com\/Footdavant\/","article_published_time":"2024-02-18T03:49:23+00:00","og_image":[{"width":1000,"height":600,"url":"https:\/\/footdavant.fr\/actualites\/wp-content\/uploads\/2023\/11\/Nico-Jackson-est-brut-mais-subit-une-pression-inutile-\u2013.jpg","type":"image\/jpeg"}],"author":"Cl\u00e9ment","twitter_card":"summary_large_image","twitter_creator":"@FootdavantFr","twitter_site":"@FootdavantFr","twitter_misc":{"\u00c9crit par":"Cl\u00e9ment","Dur\u00e9e de lecture estim\u00e9e":"5 minutes"},"schema":{"@context":"https:\/\/schema.org","@graph":[{"@type":"Article","@id":"https:\/\/footdavant.fr\/actualites\/opinion-la-grande-decision-offensive-de-pochettino-avant-city\/#article","isPartOf":{"@id":"https:\/\/footdavant.fr\/actualites\/opinion-la-grande-decision-offensive-de-pochettino-avant-city\/"},"author":{"name":"Cl\u00e9ment","@id":"https:\/\/footdavant.fr\/actualites\/#\/schema\/person\/bc222566d95871b37e597b3ed3ba5e1d"},"headline":"Opinion: La grande d\u00e9cision offensive de Pochettino avant City","datePublished":"2024-02-18T03:49:23+00:00","dateModified":"2024-02-18T03:49:23+00:00","mainEntityOfPage":{"@id":"https:\/\/footdavant.fr\/actualites\/opinion-la-grande-decision-offensive-de-pochettino-avant-city\/"},"wordCount":915,"publisher":{"@id":"https:\/\/footdavant.fr\/actualites\/#organization"},"keywords":["avant","City","d\u00e9cision","grande","offensive","opinion","Pochettino"],"articleSection":["Football"],"inLanguage":"fr-FR"},{"@type":"WebPage","@id":"https:\/\/footdavant.fr\/actualites\/opinion-la-grande-decision-offensive-de-pochettino-avant-city\/","url":"https:\/\/footdavant.fr\/actualites\/opinion-la-grande-decision-offensive-de-pochettino-avant-city\/","name":"Opinion: La grande d\u00e9cision offensive de Pochettino avant City","isPartOf":{"@id":"https:\/\/footdavant.fr\/actualites\/#website"},"datePublished":"2024-02-18T03:49:23+00:00","dateModified":"2024-02-18T03:49:23+00:00","breadcrumb":{"@id":"https:\/\/footdavant.fr\/actualites\/opinion-la-grande-decision-offensive-de-pochettino-avant-city\/#breadcrumb"},"inLanguage":"fr-FR","potentialAction":[{"@type":"ReadAction","target":["https:\/\/footdavant.fr\/actualites\/opinion-la-grande-decision-offensive-de-pochettino-avant-city\/"]}]},{"@type":"BreadcrumbList","@id":"https:\/\/footdavant.fr\/actualites\/opinion-la-grande-decision-offensive-de-pochettino-avant-city\/#breadcrumb","itemListElement":[{"@type":"ListItem","position":1,"name":"Accueil","item":"https:\/\/footdavant.fr\/actualites\/"},{"@type":"ListItem","position":2,"name":"Opinion: La grande d\u00e9cision offensive de Pochettino avant City"}]},{"@type":"WebSite","@id":"https:\/\/footdavant.fr\/actualites\/#website","url":"https:\/\/footdavant.fr\/actualites\/","name":"Foot d'avant","description":"","publisher":{"@id":"https:\/\/footdavant.fr\/actualites\/#organization"},"potentialAction":[{"@type":"SearchAction","target":{"@type":"EntryPoint","urlTemplate":"https:\/\/footdavant.fr\/actualites\/?s={search_term_string}"},"query-input":"required name=search_term_string"}],"inLanguage":"fr-FR"},{"@type":"Organization","@id":"https:\/\/footdavant.fr\/actualites\/#organization","name":"Foot d'avant","url":"https:\/\/footdavant.fr\/actualites\/","logo":{"@type":"ImageObject","inLanguage":"fr-FR","@id":"https:\/\/footdavant.fr\/actualites\/#\/schema\/logo\/image\/","url":"https:\/\/footdavant.fr\/actualites\/wp-content\/uploads\/2023\/09\/Copy-of-FootDavant-Logo.png","contentUrl":"https:\/\/footdavant.fr\/actualites\/wp-content\/uploads\/2023\/09\/Copy-of-FootDavant-Logo.png","width":936,"height":549,"caption":"Foot d'avant"},"image":{"@id":"https:\/\/footdavant.fr\/actualites\/#\/schema\/logo\/image\/"},"sameAs":["https:\/\/www.facebook.com\/Footdavant\/","https:\/\/twitter.com\/FootdavantFr","https:\/\/www.instagram.com\/footdavant.fr\/"]},{"@type":"Person","@id":"https:\/\/footdavant.fr\/actualites\/#\/schema\/person\/bc222566d95871b37e597b3ed3ba5e1d","name":"Cl\u00e9ment","image":{"@type":"ImageObject","inLanguage":"fr-FR","@id":"https:\/\/footdavant.fr\/actualites\/#\/schema\/person\/image\/","url":"https:\/\/secure.gravatar.com\/avatar\/7728b29aac2719421e1a9159b2254c44?s=96&d=mm&r=g","contentUrl":"https:\/\/secure.gravatar.com\/avatar\/7728b29aac2719421e1a9159b2254c44?s=96&d=mm&r=g","caption":"Cl\u00e9ment"},"sameAs":["https:\/\/footdavant.fr\/"]}]}},"_links":{"self":[{"href":"https:\/\/footdavant.fr\/actualites\/wp-json\/wp\/v2\/posts\/5214"}],"collection":[{"href":"https:\/\/footdavant.fr\/actualites\/wp-json\/wp\/v2\/posts"}],"about":[{"href":"https:\/\/footdavant.fr\/actualites\/wp-json\/wp\/v2\/types\/post"}],"author":[{"embeddable":true,"href":"https:\/\/footdavant.fr\/actualites\/wp-json\/wp\/v2\/users\/1"}],"replies":[{"embeddable":true,"href":"https:\/\/footdavant.fr\/actualites\/wp-json\/wp\/v2\/comments?post=5214"}],"version-history":[{"count":1,"href":"https:\/\/footdavant.fr\/actualites\/wp-json\/wp\/v2\/posts\/5214\/revisions"}],"predecessor-version":[{"id":5215,"href":"https:\/\/footdavant.fr\/actualites\/wp-json\/wp\/v2\/posts\/5214\/revisions\/5215"}],"wp:featuredmedia":[{"embeddable":true,"href":"https:\/\/footdavant.fr\/actualites\/wp-json\/wp\/v2\/media\/207"}],"wp:attachment":[{"href":"https:\/\/footdavant.fr\/actualites\/wp-json\/wp\/v2\/media?parent=5214"}],"wp:term":[{"taxonomy":"category","embeddable":true,"href":"https:\/\/footdavant.fr\/actualites\/wp-json\/wp\/v2\/categories?post=5214"},{"taxonomy":"post_tag","embeddable":true,"href":"https:\/\/footdavant.fr\/actualites\/wp-json\/wp\/v2\/tags?post=5214"}],"curies":[{"name":"wp","href":"https:\/\/api.w.org\/{rel}","templated":true}]}}