{"id":522,"date":"2023-11-08T06:48:45","date_gmt":"2023-11-08T05:48:45","guid":{"rendered":"https:\/\/footdavant.fr\/actualites\/pochettino-ne-fera-quun-seul-changement-pour-arsenal\/"},"modified":"2023-11-08T06:48:45","modified_gmt":"2023-11-08T05:48:45","slug":"pochettino-ne-fera-quun-seul-changement-pour-arsenal","status":"publish","type":"post","link":"https:\/\/footdavant.fr\/actualites\/pochettino-ne-fera-quun-seul-changement-pour-arsenal\/","title":{"rendered":"Pochettino ne fera qu\u2019un seul changement pour Arsenal \u2013"},"content":{"rendered":"<div id=\"mvp-content-main\">\n<p>Le dernier match de Chelsea en Premier League semble d\u00e9j\u00e0 avoir lieu il y a quelque temps, mais il se trouve aussi que c&rsquo;est notre meilleur et le plus impressionnant r\u00e9sultat de la saison jusqu&rsquo;\u00e0 pr\u00e9sent.<\/p>\n<p>Nous avons battu une \u00e9quipe, nous avons marqu\u00e9 quatre buts, nos attaquants marquaient et, au moins en seconde p\u00e9riode, nous avons jou\u00e9 un tr\u00e8s bon football.<\/p>\n<p>Donc vraiment, et j&rsquo;\u00e9cris ceci du point de vue de Pochettino et de ce que je pense qu&rsquo;il pensera, je ne vois que des blessures ou de la fatigue obliger \u00e0 des changements, autres qu&rsquo;en haut.<\/p>\n<p>Pour moi, c&rsquo;est Malo Gusto qui entre et commence en arri\u00e8re droit et je ne risque pas Reece James d\u00e8s le d\u00e9but, et je ne pense pas non plus que Poch le fera.  Mais je pense en fait que Poch pourrait rester avec Marc Cucurella \u00e0 l&rsquo;arri\u00e8re droit simplement parce qu&rsquo;il y a jou\u00e9 quelques matchs et que nous avons gagn\u00e9 chaque match.<\/p>\n<p>Je pense que beaucoup de gens se demandent pourquoi changer une formule gagnante\u00a0?  Et j\u2019en vois le grand avantage.  Mais pour moi, comme je l&rsquo;ai expliqu\u00e9 hier, je pr\u00e9f\u00e8rerais un jeu naturel d&rsquo;arri\u00e8re droit l\u00e0-bas.<\/p>\n<p>Le seul changement que je pense que Poch apportera est celui du haut.  Armando Broja est rentr\u00e9 t\u00f4t de son service international par mesure de pr\u00e9caution afin que Chelsea puisse s&rsquo;assurer qu&rsquo;il a toutes ses chances d&rsquo;\u00eatre en forme pour Arsenal, mais m\u00eame si cela ne s&rsquo;\u00e9tait pas produit, je suis presque s\u00fbr que Nicolas Jackson l&rsquo;aurait remplac\u00e9, et sera le seul changement par rapport \u00e0 notre Xl de d\u00e9part contre Burnley.<\/p>\n<p>Jackson a subi une petite op\u00e9ration au poignet, mais j&rsquo;ai entendu dire qu&rsquo;il \u00e9tait peu probable que cela le maintienne en dehors du match contre Arsenal \u2013 nous devons donc esp\u00e9rer le meilleur l\u00e0-bas.  Il a d\u00e9j\u00e0 jou\u00e9 avec des sangles, donc je m&rsquo;attendrais \u00e0 ce que cela continue.<\/p>\n<div id=\"attachment_40494\" style=\"width: 1010px\" class=\"wp-caption alignnone\">\n<p id=\"caption-attachment-40494\" class=\"wp-caption-text\">Photo de Matthew Ashton \u2013 AMA\/Getty Images<\/p>\n<\/div>\n<p>Beaucoup voudront que Mykhailo Mudryk commence ce match uniquement \u00e0 cause de la situation d&rsquo;Arsenal.  Mais je ne vois tout simplement pas que cela se produise.  Par qui va-t-il recommencer ?  Raheem Sterling, qui a \u00e9t\u00e9 un feu absolu lors du dernier match pour nous et n&rsquo;a pas jou\u00e9 en mission internationale ?  Ou Cole Palmer qui, pour moi, est un incontournable, s&rsquo;il est en pleine forme\u00a0?<\/p>\n<p>Les deux seuls sc\u00e9narios dans lesquels Mudryk commence est celui o\u00f9 Palmer n\u2019est pas jug\u00e9 en pleine forme apr\u00e8s son match mort la semaine derni\u00e8re pour les U21 d\u2019Angleterre.  Mais encore une fois, cela ne devrait pas suffire \u00e0 le tenir \u00e0 l\u2019\u00e9cart de ce match.  Et puis le deuxi\u00e8me sc\u00e9nario est que Palmer joue au centre au lieu de Moises Caicedo, Enzo Fernandez ou Conor Gallagher, et que Mudryk joue \u00e0 l&rsquo;\u00e9cart.  Mais cela n\u2019arriverait que si l\u2019un des trois susmentionn\u00e9s revenait d\u2019un service international fatigu\u00e9 ou bless\u00e9, alors esp\u00e9rons que cela n\u2019arrivera pas.<\/p>\n<p>Il reste \u00e9videmment de l\u00e9gers points d&rsquo;interrogation sur la blessure d&rsquo;Axel Disasi, mais j&rsquo;esp\u00e8re qu&rsquo;il sera pr\u00eat \u00e0 jouer et les derniers rapports le sugg\u00e8rent.  Les autres se choisissent eux-m\u00eames.  Donc, tant que tout le monde est en forme et pas fatigu\u00e9, je peux voir que ce sera la m\u00eame formation qui a battu Burnley 4-1 le week-end dernier.<\/p>\n<div class=\"feature-box\">Si vous souhaitez figurer sur Talk Chelsea.<\/div>\n<p>\t\t\t\t\t\t\t\t\t<!--mvp-post-tags--><\/p><\/div>\n","protected":false},"excerpt":{"rendered":"<p>Le dernier match de Chelsea en Premier League semble d\u00e9j\u00e0 avoir lieu il y a quelque temps, mais il se trouve aussi que c&rsquo;est notre<\/p>\n","protected":false},"author":1,"featured_media":523,"comment_status":"closed","ping_status":"","sticky":false,"template":"","format":"standard","meta":{"footnotes":""},"categories":[3],"tags":[67,710,707,47,51,708,709],"yoast_head":"<!-- This site is optimized with the Yoast SEO plugin v21.0 - https:\/\/yoast.com\/wordpress\/plugins\/seo\/ -->\n<title>Pochettino ne fera qu\u2019un seul changement pour Arsenal \u2013<\/title>\n<meta name=\"robots\" content=\"index, follow, max-snippet:-1, max-image-preview:large, max-video-preview:-1\" \/>\n<link rel=\"canonical\" href=\"https:\/\/footdavant.fr\/actualites\/pochettino-ne-fera-quun-seul-changement-pour-arsenal\/\" \/>\n<meta property=\"og:locale\" content=\"fr_FR\" \/>\n<meta property=\"og:type\" content=\"article\" \/>\n<meta property=\"og:title\" content=\"Pochettino ne fera qu\u2019un seul changement pour Arsenal \u2013\" \/>\n<meta property=\"og:description\" content=\"Le dernier match de Chelsea en Premier League semble d\u00e9j\u00e0 avoir lieu il y a quelque temps, mais il se trouve aussi que c&rsquo;est notre\" \/>\n<meta property=\"og:url\" content=\"https:\/\/footdavant.fr\/actualites\/pochettino-ne-fera-quun-seul-changement-pour-arsenal\/\" \/>\n<meta property=\"og:site_name\" content=\"Foot d&#039;avant\" \/>\n<meta property=\"article:publisher\" content=\"https:\/\/www.facebook.com\/Footdavant\/\" \/>\n<meta property=\"article:published_time\" content=\"2023-11-08T05:48:45+00:00\" \/>\n<meta property=\"og:image\" content=\"https:\/\/footdavant.fr\/actualites\/wp-content\/uploads\/2023\/11\/Pochettino-ne-fera-quun-seul-changement-pour-Arsenal-\u2013.jpg\" \/>\n\t<meta property=\"og:image:width\" content=\"1000\" \/>\n\t<meta property=\"og:image:height\" content=\"600\" \/>\n\t<meta property=\"og:image:type\" content=\"image\/jpeg\" \/>\n<meta name=\"author\" content=\"Cl\u00e9ment\" \/>\n<meta name=\"twitter:card\" content=\"summary_large_image\" \/>\n<meta name=\"twitter:creator\" content=\"@FootdavantFr\" \/>\n<meta name=\"twitter:site\" content=\"@FootdavantFr\" \/>\n<meta name=\"twitter:label1\" content=\"\u00c9crit par\" \/>\n\t<meta name=\"twitter:data1\" content=\"Cl\u00e9ment\" \/>\n\t<meta name=\"twitter:label2\" content=\"Dur\u00e9e de lecture estim\u00e9e\" \/>\n\t<meta name=\"twitter:data2\" content=\"3 minutes\" \/>\n<script type=\"application\/ld+json\" class=\"yoast-schema-graph\">{\"@context\":\"https:\/\/schema.org\",\"@graph\":[{\"@type\":\"Article\",\"@id\":\"https:\/\/footdavant.fr\/actualites\/pochettino-ne-fera-quun-seul-changement-pour-arsenal\/#article\",\"isPartOf\":{\"@id\":\"https:\/\/footdavant.fr\/actualites\/pochettino-ne-fera-quun-seul-changement-pour-arsenal\/\"},\"author\":{\"name\":\"Cl\u00e9ment\",\"@id\":\"https:\/\/footdavant.fr\/actualites\/#\/schema\/person\/bc222566d95871b37e597b3ed3ba5e1d\"},\"headline\":\"Pochettino ne fera qu\u2019un seul changement pour Arsenal \u2013\",\"datePublished\":\"2023-11-08T05:48:45+00:00\",\"dateModified\":\"2023-11-08T05:48:45+00:00\",\"mainEntityOfPage\":{\"@id\":\"https:\/\/footdavant.fr\/actualites\/pochettino-ne-fera-quun-seul-changement-pour-arsenal\/\"},\"wordCount\":596,\"publisher\":{\"@id\":\"https:\/\/footdavant.fr\/actualites\/#organization\"},\"keywords\":[\"Arsenal\",\"changement\",\"fera\",\"Pochettino\",\"pour\",\"quun\",\"seul\"],\"articleSection\":[\"Football\"],\"inLanguage\":\"fr-FR\"},{\"@type\":\"WebPage\",\"@id\":\"https:\/\/footdavant.fr\/actualites\/pochettino-ne-fera-quun-seul-changement-pour-arsenal\/\",\"url\":\"https:\/\/footdavant.fr\/actualites\/pochettino-ne-fera-quun-seul-changement-pour-arsenal\/\",\"name\":\"Pochettino ne fera qu\u2019un seul changement pour Arsenal \u2013\",\"isPartOf\":{\"@id\":\"https:\/\/footdavant.fr\/actualites\/#website\"},\"datePublished\":\"2023-11-08T05:48:45+00:00\",\"dateModified\":\"2023-11-08T05:48:45+00:00\",\"breadcrumb\":{\"@id\":\"https:\/\/footdavant.fr\/actualites\/pochettino-ne-fera-quun-seul-changement-pour-arsenal\/#breadcrumb\"},\"inLanguage\":\"fr-FR\",\"potentialAction\":[{\"@type\":\"ReadAction\",\"target\":[\"https:\/\/footdavant.fr\/actualites\/pochettino-ne-fera-quun-seul-changement-pour-arsenal\/\"]}]},{\"@type\":\"BreadcrumbList\",\"@id\":\"https:\/\/footdavant.fr\/actualites\/pochettino-ne-fera-quun-seul-changement-pour-arsenal\/#breadcrumb\",\"itemListElement\":[{\"@type\":\"ListItem\",\"position\":1,\"name\":\"Accueil\",\"item\":\"https:\/\/footdavant.fr\/actualites\/\"},{\"@type\":\"ListItem\",\"position\":2,\"name\":\"Pochettino ne fera qu\u2019un seul changement pour Arsenal \u2013\"}]},{\"@type\":\"WebSite\",\"@id\":\"https:\/\/footdavant.fr\/actualites\/#website\",\"url\":\"https:\/\/footdavant.fr\/actualites\/\",\"name\":\"Foot d'avant\",\"description\":\"\",\"publisher\":{\"@id\":\"https:\/\/footdavant.fr\/actualites\/#organization\"},\"potentialAction\":[{\"@type\":\"SearchAction\",\"target\":{\"@type\":\"EntryPoint\",\"urlTemplate\":\"https:\/\/footdavant.fr\/actualites\/?s={search_term_string}\"},\"query-input\":\"required name=search_term_string\"}],\"inLanguage\":\"fr-FR\"},{\"@type\":\"Organization\",\"@id\":\"https:\/\/footdavant.fr\/actualites\/#organization\",\"name\":\"Foot d'avant\",\"url\":\"https:\/\/footdavant.fr\/actualites\/\",\"logo\":{\"@type\":\"ImageObject\",\"inLanguage\":\"fr-FR\",\"@id\":\"https:\/\/footdavant.fr\/actualites\/#\/schema\/logo\/image\/\",\"url\":\"https:\/\/footdavant.fr\/actualites\/wp-content\/uploads\/2023\/09\/Copy-of-FootDavant-Logo.png\",\"contentUrl\":\"https:\/\/footdavant.fr\/actualites\/wp-content\/uploads\/2023\/09\/Copy-of-FootDavant-Logo.png\",\"width\":936,\"height\":549,\"caption\":\"Foot d'avant\"},\"image\":{\"@id\":\"https:\/\/footdavant.fr\/actualites\/#\/schema\/logo\/image\/\"},\"sameAs\":[\"https:\/\/www.facebook.com\/Footdavant\/\",\"https:\/\/twitter.com\/FootdavantFr\",\"https:\/\/www.instagram.com\/footdavant.fr\/\"]},{\"@type\":\"Person\",\"@id\":\"https:\/\/footdavant.fr\/actualites\/#\/schema\/person\/bc222566d95871b37e597b3ed3ba5e1d\",\"name\":\"Cl\u00e9ment\",\"image\":{\"@type\":\"ImageObject\",\"inLanguage\":\"fr-FR\",\"@id\":\"https:\/\/footdavant.fr\/actualites\/#\/schema\/person\/image\/\",\"url\":\"https:\/\/secure.gravatar.com\/avatar\/7728b29aac2719421e1a9159b2254c44?s=96&d=mm&r=g\",\"contentUrl\":\"https:\/\/secure.gravatar.com\/avatar\/7728b29aac2719421e1a9159b2254c44?s=96&d=mm&r=g\",\"caption\":\"Cl\u00e9ment\"},\"sameAs\":[\"https:\/\/footdavant.fr\/\"]}]}<\/script>\n<!-- \/ Yoast SEO plugin. -->","yoast_head_json":{"title":"Pochettino ne fera qu\u2019un seul changement pour Arsenal \u2013","robots":{"index":"index","follow":"follow","max-snippet":"max-snippet:-1","max-image-preview":"max-image-preview:large","max-video-preview":"max-video-preview:-1"},"canonical":"https:\/\/footdavant.fr\/actualites\/pochettino-ne-fera-quun-seul-changement-pour-arsenal\/","og_locale":"fr_FR","og_type":"article","og_title":"Pochettino ne fera qu\u2019un seul changement pour Arsenal \u2013","og_description":"Le dernier match de Chelsea en Premier League semble d\u00e9j\u00e0 avoir lieu il y a quelque temps, mais il se trouve aussi que c&rsquo;est notre","og_url":"https:\/\/footdavant.fr\/actualites\/pochettino-ne-fera-quun-seul-changement-pour-arsenal\/","og_site_name":"Foot d&#039;avant","article_publisher":"https:\/\/www.facebook.com\/Footdavant\/","article_published_time":"2023-11-08T05:48:45+00:00","og_image":[{"width":1000,"height":600,"url":"https:\/\/footdavant.fr\/actualites\/wp-content\/uploads\/2023\/11\/Pochettino-ne-fera-quun-seul-changement-pour-Arsenal-\u2013.jpg","type":"image\/jpeg"}],"author":"Cl\u00e9ment","twitter_card":"summary_large_image","twitter_creator":"@FootdavantFr","twitter_site":"@FootdavantFr","twitter_misc":{"\u00c9crit par":"Cl\u00e9ment","Dur\u00e9e de lecture estim\u00e9e":"3 minutes"},"schema":{"@context":"https:\/\/schema.org","@graph":[{"@type":"Article","@id":"https:\/\/footdavant.fr\/actualites\/pochettino-ne-fera-quun-seul-changement-pour-arsenal\/#article","isPartOf":{"@id":"https:\/\/footdavant.fr\/actualites\/pochettino-ne-fera-quun-seul-changement-pour-arsenal\/"},"author":{"name":"Cl\u00e9ment","@id":"https:\/\/footdavant.fr\/actualites\/#\/schema\/person\/bc222566d95871b37e597b3ed3ba5e1d"},"headline":"Pochettino ne fera qu\u2019un seul changement pour Arsenal \u2013","datePublished":"2023-11-08T05:48:45+00:00","dateModified":"2023-11-08T05:48:45+00:00","mainEntityOfPage":{"@id":"https:\/\/footdavant.fr\/actualites\/pochettino-ne-fera-quun-seul-changement-pour-arsenal\/"},"wordCount":596,"publisher":{"@id":"https:\/\/footdavant.fr\/actualites\/#organization"},"keywords":["Arsenal","changement","fera","Pochettino","pour","quun","seul"],"articleSection":["Football"],"inLanguage":"fr-FR"},{"@type":"WebPage","@id":"https:\/\/footdavant.fr\/actualites\/pochettino-ne-fera-quun-seul-changement-pour-arsenal\/","url":"https:\/\/footdavant.fr\/actualites\/pochettino-ne-fera-quun-seul-changement-pour-arsenal\/","name":"Pochettino ne fera qu\u2019un seul changement pour Arsenal \u2013","isPartOf":{"@id":"https:\/\/footdavant.fr\/actualites\/#website"},"datePublished":"2023-11-08T05:48:45+00:00","dateModified":"2023-11-08T05:48:45+00:00","breadcrumb":{"@id":"https:\/\/footdavant.fr\/actualites\/pochettino-ne-fera-quun-seul-changement-pour-arsenal\/#breadcrumb"},"inLanguage":"fr-FR","potentialAction":[{"@type":"ReadAction","target":["https:\/\/footdavant.fr\/actualites\/pochettino-ne-fera-quun-seul-changement-pour-arsenal\/"]}]},{"@type":"BreadcrumbList","@id":"https:\/\/footdavant.fr\/actualites\/pochettino-ne-fera-quun-seul-changement-pour-arsenal\/#breadcrumb","itemListElement":[{"@type":"ListItem","position":1,"name":"Accueil","item":"https:\/\/footdavant.fr\/actualites\/"},{"@type":"ListItem","position":2,"name":"Pochettino ne fera qu\u2019un seul changement pour Arsenal \u2013"}]},{"@type":"WebSite","@id":"https:\/\/footdavant.fr\/actualites\/#website","url":"https:\/\/footdavant.fr\/actualites\/","name":"Foot d'avant","description":"","publisher":{"@id":"https:\/\/footdavant.fr\/actualites\/#organization"},"potentialAction":[{"@type":"SearchAction","target":{"@type":"EntryPoint","urlTemplate":"https:\/\/footdavant.fr\/actualites\/?s={search_term_string}"},"query-input":"required name=search_term_string"}],"inLanguage":"fr-FR"},{"@type":"Organization","@id":"https:\/\/footdavant.fr\/actualites\/#organization","name":"Foot d'avant","url":"https:\/\/footdavant.fr\/actualites\/","logo":{"@type":"ImageObject","inLanguage":"fr-FR","@id":"https:\/\/footdavant.fr\/actualites\/#\/schema\/logo\/image\/","url":"https:\/\/footdavant.fr\/actualites\/wp-content\/uploads\/2023\/09\/Copy-of-FootDavant-Logo.png","contentUrl":"https:\/\/footdavant.fr\/actualites\/wp-content\/uploads\/2023\/09\/Copy-of-FootDavant-Logo.png","width":936,"height":549,"caption":"Foot d'avant"},"image":{"@id":"https:\/\/footdavant.fr\/actualites\/#\/schema\/logo\/image\/"},"sameAs":["https:\/\/www.facebook.com\/Footdavant\/","https:\/\/twitter.com\/FootdavantFr","https:\/\/www.instagram.com\/footdavant.fr\/"]},{"@type":"Person","@id":"https:\/\/footdavant.fr\/actualites\/#\/schema\/person\/bc222566d95871b37e597b3ed3ba5e1d","name":"Cl\u00e9ment","image":{"@type":"ImageObject","inLanguage":"fr-FR","@id":"https:\/\/footdavant.fr\/actualites\/#\/schema\/person\/image\/","url":"https:\/\/secure.gravatar.com\/avatar\/7728b29aac2719421e1a9159b2254c44?s=96&d=mm&r=g","contentUrl":"https:\/\/secure.gravatar.com\/avatar\/7728b29aac2719421e1a9159b2254c44?s=96&d=mm&r=g","caption":"Cl\u00e9ment"},"sameAs":["https:\/\/footdavant.fr\/"]}]}},"_links":{"self":[{"href":"https:\/\/footdavant.fr\/actualites\/wp-json\/wp\/v2\/posts\/522"}],"collection":[{"href":"https:\/\/footdavant.fr\/actualites\/wp-json\/wp\/v2\/posts"}],"about":[{"href":"https:\/\/footdavant.fr\/actualites\/wp-json\/wp\/v2\/types\/post"}],"author":[{"embeddable":true,"href":"https:\/\/footdavant.fr\/actualites\/wp-json\/wp\/v2\/users\/1"}],"replies":[{"embeddable":true,"href":"https:\/\/footdavant.fr\/actualites\/wp-json\/wp\/v2\/comments?post=522"}],"version-history":[{"count":1,"href":"https:\/\/footdavant.fr\/actualites\/wp-json\/wp\/v2\/posts\/522\/revisions"}],"predecessor-version":[{"id":524,"href":"https:\/\/footdavant.fr\/actualites\/wp-json\/wp\/v2\/posts\/522\/revisions\/524"}],"wp:featuredmedia":[{"embeddable":true,"href":"https:\/\/footdavant.fr\/actualites\/wp-json\/wp\/v2\/media\/523"}],"wp:attachment":[{"href":"https:\/\/footdavant.fr\/actualites\/wp-json\/wp\/v2\/media?parent=522"}],"wp:term":[{"taxonomy":"category","embeddable":true,"href":"https:\/\/footdavant.fr\/actualites\/wp-json\/wp\/v2\/categories?post=522"},{"taxonomy":"post_tag","embeddable":true,"href":"https:\/\/footdavant.fr\/actualites\/wp-json\/wp\/v2\/tags?post=522"}],"curies":[{"name":"wp","href":"https:\/\/api.w.org\/{rel}","templated":true}]}}