{"id":5228,"date":"2024-02-18T12:48:15","date_gmt":"2024-02-18T11:48:15","guid":{"rendered":"https:\/\/footdavant.fr\/actualites\/fini-les-euros-curtis-jones-un-ami-de-la-famille-suggere-une-blessure-a-long-terme\/"},"modified":"2024-02-18T12:48:17","modified_gmt":"2024-02-18T11:48:17","slug":"fini-les-euros-curtis-jones-un-ami-de-la-famille-suggere-une-blessure-a-long-terme","status":"publish","type":"post","link":"https:\/\/footdavant.fr\/actualites\/fini-les-euros-curtis-jones-un-ami-de-la-famille-suggere-une-blessure-a-long-terme\/","title":{"rendered":"Fini les euros\u00a0;  Curtis Jones, \u00ab\u00a0un ami de la famille\u00a0\u00bb, sugg\u00e8re une blessure \u00e0 long terme"},"content":{"rendered":"<p><\/p>\n<div id=\"article-body\">\n<!-- Article Start --><\/p>\n<p>Curtis Jones a \u00e9t\u00e9 remplac\u00e9 contre Brentford dans un match \u00e0 la fois incroyable et d\u00e9chirant, avec une brillante performance ternie par quelques probl\u00e8mes de blessures.<\/p>\n<p>Notre n\u00b017 \u200b\u200ba quitt\u00e9 le terrain avec un probl\u00e8me \u00e0 la cheville et Jurgen Klopp n&rsquo;a pas encore \u00e9t\u00e9 en mesure de fournir plus d&rsquo;informations sur le probl\u00e8me, \u00e0 part : (vialiverpoolfc.com)<\/p>\n<p>Cependant, un utilisateur X \u2013 <a rel=\"nofollow\" href=\"https:\/\/twitter.com\/kittycat542\/status\/1759011851080196364\">qui pr\u00e9tend \u00eatre<\/a> a mis en ligne un message (qui a depuis \u00e9t\u00e9 supprim\u00e9) qui disait\u00a0: .<\/p>\n<\/p>\n<p>Cela n&rsquo;offre pas grand-chose en termes de calendrier, mais cela sugg\u00e9rerait au moins une blessure suffisamment grave pour voir le Scouser rater notre finale de la Coupe Carabao le week-end prochain.<\/p>\n<p>Cependant, Cat (l&rsquo;amie de la famille) a ensuite commenc\u00e9 \u00e0 aimer <a rel=\"nofollow\" href=\"https:\/\/twitter.com\/v3leedsinfidel\/status\/1758968581868364255?t=M_J_anrXeAQUd50cywxpWg&amp;s=31\">un autre message<\/a> qui citait le point sur sa blessure, qui disait\u00a0:\u00a0.<\/p>\n<p>M\u00eame si, encore une fois, rien de concret ne peut \u00eatre lu l\u00e0-dedans \u2013 aimer un post qui semble impliquer qu\u2019il manque un tournoi cet \u00e9t\u00e9 n\u2019est certainement pas quelque chose que nous voulons voir.<\/p>\n<\/p>\n<p>Une autre mise \u00e0 jour de l&rsquo;ami de la famille a d\u00e9clar\u00e9 qu&rsquo;elle ne devait pas fournir plus d&rsquo;informations et que nous devrons donc attendre de voir \u00e0 quel point le milieu de terrain est vraiment mauvais, avant d&rsquo;examiner cela trop loin.<\/p>\n<p>La r\u00e9action n\u00e9gative de ces messages a conduit \u00e0 la suppression de la mise \u00e0 jour sur la condition physique, mais il semble que le joueur de 23 ans ait subi une blessure \u00e0 Achille qui pourrait le mettre \u00e0 l&rsquo;\u00e9cart pendant une longue p\u00e9riode.<\/p>\n<p>Ce serait un coup dur pour le joueur et le club, alors que nos pr\u00e9occupations en mati\u00e8re de blessures continuent de cro\u00eetre.<\/p>\n<\/p>\n<p><span class=\"embed-youtube\" style=\"text-align:center; display: block;\"><\/span><\/p>\n<p><!-- Article End -->\t\t\t\t<\/div>\n<p><script async src=\"https:\/\/platform.twitter.com\/widgets.js\" charset=\"utf-8\"><\/script><\/p>\n","protected":false},"excerpt":{"rendered":"<p>Curtis Jones a \u00e9t\u00e9 remplac\u00e9 contre Brentford dans un match \u00e0 la fois incroyable et d\u00e9chirant, avec une brillante performance ternie par quelques probl\u00e8mes de<\/p>\n","protected":false},"author":1,"featured_media":5229,"comment_status":"closed","ping_status":"","sticky":false,"template":"","format":"standard","meta":{"footnotes":""},"categories":[3],"tags":[3735,15,1409,3734,2755,3733,968,93,1827,1161,1828,92],"yoast_head":"<!-- This site is optimized with the Yoast SEO plugin v21.0 - https:\/\/yoast.com\/wordpress\/plugins\/seo\/ -->\n<title>Fini les euros\u00a0; Curtis Jones, &quot;un ami de la famille&quot;, sugg\u00e8re une blessure \u00e0 long terme<\/title>\n<meta name=\"robots\" content=\"index, follow, max-snippet:-1, max-image-preview:large, max-video-preview:-1\" \/>\n<link rel=\"canonical\" href=\"https:\/\/footdavant.fr\/actualites\/fini-les-euros-curtis-jones-un-ami-de-la-famille-suggere-une-blessure-a-long-terme\/\" \/>\n<meta property=\"og:locale\" content=\"fr_FR\" \/>\n<meta property=\"og:type\" content=\"article\" \/>\n<meta property=\"og:title\" content=\"Fini les euros\u00a0; Curtis Jones, &quot;un ami de la famille&quot;, sugg\u00e8re une blessure \u00e0 long terme\" \/>\n<meta property=\"og:description\" content=\"Curtis Jones a \u00e9t\u00e9 remplac\u00e9 contre Brentford dans un match \u00e0 la fois incroyable et d\u00e9chirant, avec une brillante performance ternie par quelques probl\u00e8mes de\" \/>\n<meta property=\"og:url\" content=\"https:\/\/footdavant.fr\/actualites\/fini-les-euros-curtis-jones-un-ami-de-la-famille-suggere-une-blessure-a-long-terme\/\" \/>\n<meta property=\"og:site_name\" content=\"Foot d&#039;avant\" \/>\n<meta property=\"article:publisher\" content=\"https:\/\/www.facebook.com\/Footdavant\/\" \/>\n<meta property=\"article:published_time\" content=\"2024-02-18T11:48:15+00:00\" \/>\n<meta property=\"article:modified_time\" content=\"2024-02-18T11:48:17+00:00\" \/>\n<meta property=\"og:image\" content=\"https:\/\/footdavant.fr\/actualites\/wp-content\/uploads\/2024\/02\/Fini-les-euros-Curtis-Jones-un-ami-de-la-famille.jpg\" \/>\n\t<meta property=\"og:image:width\" content=\"1920\" \/>\n\t<meta property=\"og:image:height\" content=\"960\" \/>\n\t<meta property=\"og:image:type\" content=\"image\/jpeg\" \/>\n<meta name=\"author\" content=\"Cl\u00e9ment\" \/>\n<meta name=\"twitter:card\" content=\"summary_large_image\" \/>\n<meta name=\"twitter:creator\" content=\"@FootdavantFr\" \/>\n<meta name=\"twitter:site\" content=\"@FootdavantFr\" \/>\n<meta name=\"twitter:label1\" content=\"\u00c9crit par\" \/>\n\t<meta name=\"twitter:data1\" content=\"Cl\u00e9ment\" \/>\n\t<meta name=\"twitter:label2\" content=\"Dur\u00e9e de lecture estim\u00e9e\" \/>\n\t<meta name=\"twitter:data2\" content=\"1 minute\" \/>\n<script type=\"application\/ld+json\" class=\"yoast-schema-graph\">{\"@context\":\"https:\/\/schema.org\",\"@graph\":[{\"@type\":\"Article\",\"@id\":\"https:\/\/footdavant.fr\/actualites\/fini-les-euros-curtis-jones-un-ami-de-la-famille-suggere-une-blessure-a-long-terme\/#article\",\"isPartOf\":{\"@id\":\"https:\/\/footdavant.fr\/actualites\/fini-les-euros-curtis-jones-un-ami-de-la-famille-suggere-une-blessure-a-long-terme\/\"},\"author\":{\"name\":\"Cl\u00e9ment\",\"@id\":\"https:\/\/footdavant.fr\/actualites\/#\/schema\/person\/bc222566d95871b37e597b3ed3ba5e1d\"},\"headline\":\"Fini les euros\u00a0; Curtis Jones, \u00ab\u00a0un ami de la famille\u00a0\u00bb, sugg\u00e8re une blessure \u00e0 long terme\",\"datePublished\":\"2024-02-18T11:48:15+00:00\",\"dateModified\":\"2024-02-18T11:48:17+00:00\",\"mainEntityOfPage\":{\"@id\":\"https:\/\/footdavant.fr\/actualites\/fini-les-euros-curtis-jones-un-ami-de-la-famille-suggere-une-blessure-a-long-terme\/\"},\"wordCount\":298,\"publisher\":{\"@id\":\"https:\/\/footdavant.fr\/actualites\/#organization\"},\"keywords\":[\"ami\",\"Blessure\",\"Curtis\",\"euros\",\"famille\",\"Fini\",\"Jones\",\"les\",\"long\",\"sugg\u00e8re\",\"terme\",\"une\"],\"articleSection\":[\"Football\"],\"inLanguage\":\"fr-FR\"},{\"@type\":\"WebPage\",\"@id\":\"https:\/\/footdavant.fr\/actualites\/fini-les-euros-curtis-jones-un-ami-de-la-famille-suggere-une-blessure-a-long-terme\/\",\"url\":\"https:\/\/footdavant.fr\/actualites\/fini-les-euros-curtis-jones-un-ami-de-la-famille-suggere-une-blessure-a-long-terme\/\",\"name\":\"Fini les euros\u00a0; Curtis Jones, \\\"un ami de la famille\\\", sugg\u00e8re une blessure \u00e0 long terme\",\"isPartOf\":{\"@id\":\"https:\/\/footdavant.fr\/actualites\/#website\"},\"datePublished\":\"2024-02-18T11:48:15+00:00\",\"dateModified\":\"2024-02-18T11:48:17+00:00\",\"breadcrumb\":{\"@id\":\"https:\/\/footdavant.fr\/actualites\/fini-les-euros-curtis-jones-un-ami-de-la-famille-suggere-une-blessure-a-long-terme\/#breadcrumb\"},\"inLanguage\":\"fr-FR\",\"potentialAction\":[{\"@type\":\"ReadAction\",\"target\":[\"https:\/\/footdavant.fr\/actualites\/fini-les-euros-curtis-jones-un-ami-de-la-famille-suggere-une-blessure-a-long-terme\/\"]}]},{\"@type\":\"BreadcrumbList\",\"@id\":\"https:\/\/footdavant.fr\/actualites\/fini-les-euros-curtis-jones-un-ami-de-la-famille-suggere-une-blessure-a-long-terme\/#breadcrumb\",\"itemListElement\":[{\"@type\":\"ListItem\",\"position\":1,\"name\":\"Accueil\",\"item\":\"https:\/\/footdavant.fr\/actualites\/\"},{\"@type\":\"ListItem\",\"position\":2,\"name\":\"Fini les euros\u00a0; Curtis Jones, \u00ab\u00a0un ami de la famille\u00a0\u00bb, sugg\u00e8re une blessure \u00e0 long terme\"}]},{\"@type\":\"WebSite\",\"@id\":\"https:\/\/footdavant.fr\/actualites\/#website\",\"url\":\"https:\/\/footdavant.fr\/actualites\/\",\"name\":\"Foot d'avant\",\"description\":\"\",\"publisher\":{\"@id\":\"https:\/\/footdavant.fr\/actualites\/#organization\"},\"potentialAction\":[{\"@type\":\"SearchAction\",\"target\":{\"@type\":\"EntryPoint\",\"urlTemplate\":\"https:\/\/footdavant.fr\/actualites\/?s={search_term_string}\"},\"query-input\":\"required name=search_term_string\"}],\"inLanguage\":\"fr-FR\"},{\"@type\":\"Organization\",\"@id\":\"https:\/\/footdavant.fr\/actualites\/#organization\",\"name\":\"Foot d'avant\",\"url\":\"https:\/\/footdavant.fr\/actualites\/\",\"logo\":{\"@type\":\"ImageObject\",\"inLanguage\":\"fr-FR\",\"@id\":\"https:\/\/footdavant.fr\/actualites\/#\/schema\/logo\/image\/\",\"url\":\"https:\/\/footdavant.fr\/actualites\/wp-content\/uploads\/2023\/09\/Copy-of-FootDavant-Logo.png\",\"contentUrl\":\"https:\/\/footdavant.fr\/actualites\/wp-content\/uploads\/2023\/09\/Copy-of-FootDavant-Logo.png\",\"width\":936,\"height\":549,\"caption\":\"Foot d'avant\"},\"image\":{\"@id\":\"https:\/\/footdavant.fr\/actualites\/#\/schema\/logo\/image\/\"},\"sameAs\":[\"https:\/\/www.facebook.com\/Footdavant\/\",\"https:\/\/twitter.com\/FootdavantFr\",\"https:\/\/www.instagram.com\/footdavant.fr\/\"]},{\"@type\":\"Person\",\"@id\":\"https:\/\/footdavant.fr\/actualites\/#\/schema\/person\/bc222566d95871b37e597b3ed3ba5e1d\",\"name\":\"Cl\u00e9ment\",\"image\":{\"@type\":\"ImageObject\",\"inLanguage\":\"fr-FR\",\"@id\":\"https:\/\/footdavant.fr\/actualites\/#\/schema\/person\/image\/\",\"url\":\"https:\/\/secure.gravatar.com\/avatar\/7728b29aac2719421e1a9159b2254c44?s=96&d=mm&r=g\",\"contentUrl\":\"https:\/\/secure.gravatar.com\/avatar\/7728b29aac2719421e1a9159b2254c44?s=96&d=mm&r=g\",\"caption\":\"Cl\u00e9ment\"},\"sameAs\":[\"https:\/\/footdavant.fr\/\"]}]}<\/script>\n<!-- \/ Yoast SEO plugin. -->","yoast_head_json":{"title":"Fini les euros\u00a0; Curtis Jones, \"un ami de la famille\", sugg\u00e8re une blessure \u00e0 long terme","robots":{"index":"index","follow":"follow","max-snippet":"max-snippet:-1","max-image-preview":"max-image-preview:large","max-video-preview":"max-video-preview:-1"},"canonical":"https:\/\/footdavant.fr\/actualites\/fini-les-euros-curtis-jones-un-ami-de-la-famille-suggere-une-blessure-a-long-terme\/","og_locale":"fr_FR","og_type":"article","og_title":"Fini les euros\u00a0; Curtis Jones, \"un ami de la famille\", sugg\u00e8re une blessure \u00e0 long terme","og_description":"Curtis Jones a \u00e9t\u00e9 remplac\u00e9 contre Brentford dans un match \u00e0 la fois incroyable et d\u00e9chirant, avec une brillante performance ternie par quelques probl\u00e8mes de","og_url":"https:\/\/footdavant.fr\/actualites\/fini-les-euros-curtis-jones-un-ami-de-la-famille-suggere-une-blessure-a-long-terme\/","og_site_name":"Foot d&#039;avant","article_publisher":"https:\/\/www.facebook.com\/Footdavant\/","article_published_time":"2024-02-18T11:48:15+00:00","article_modified_time":"2024-02-18T11:48:17+00:00","og_image":[{"width":1920,"height":960,"url":"https:\/\/footdavant.fr\/actualites\/wp-content\/uploads\/2024\/02\/Fini-les-euros-Curtis-Jones-un-ami-de-la-famille.jpg","type":"image\/jpeg"}],"author":"Cl\u00e9ment","twitter_card":"summary_large_image","twitter_creator":"@FootdavantFr","twitter_site":"@FootdavantFr","twitter_misc":{"\u00c9crit par":"Cl\u00e9ment","Dur\u00e9e de lecture estim\u00e9e":"1 minute"},"schema":{"@context":"https:\/\/schema.org","@graph":[{"@type":"Article","@id":"https:\/\/footdavant.fr\/actualites\/fini-les-euros-curtis-jones-un-ami-de-la-famille-suggere-une-blessure-a-long-terme\/#article","isPartOf":{"@id":"https:\/\/footdavant.fr\/actualites\/fini-les-euros-curtis-jones-un-ami-de-la-famille-suggere-une-blessure-a-long-terme\/"},"author":{"name":"Cl\u00e9ment","@id":"https:\/\/footdavant.fr\/actualites\/#\/schema\/person\/bc222566d95871b37e597b3ed3ba5e1d"},"headline":"Fini les euros\u00a0; Curtis Jones, \u00ab\u00a0un ami de la famille\u00a0\u00bb, sugg\u00e8re une blessure \u00e0 long terme","datePublished":"2024-02-18T11:48:15+00:00","dateModified":"2024-02-18T11:48:17+00:00","mainEntityOfPage":{"@id":"https:\/\/footdavant.fr\/actualites\/fini-les-euros-curtis-jones-un-ami-de-la-famille-suggere-une-blessure-a-long-terme\/"},"wordCount":298,"publisher":{"@id":"https:\/\/footdavant.fr\/actualites\/#organization"},"keywords":["ami","Blessure","Curtis","euros","famille","Fini","Jones","les","long","sugg\u00e8re","terme","une"],"articleSection":["Football"],"inLanguage":"fr-FR"},{"@type":"WebPage","@id":"https:\/\/footdavant.fr\/actualites\/fini-les-euros-curtis-jones-un-ami-de-la-famille-suggere-une-blessure-a-long-terme\/","url":"https:\/\/footdavant.fr\/actualites\/fini-les-euros-curtis-jones-un-ami-de-la-famille-suggere-une-blessure-a-long-terme\/","name":"Fini les euros\u00a0; Curtis Jones, \"un ami de la famille\", sugg\u00e8re une blessure \u00e0 long terme","isPartOf":{"@id":"https:\/\/footdavant.fr\/actualites\/#website"},"datePublished":"2024-02-18T11:48:15+00:00","dateModified":"2024-02-18T11:48:17+00:00","breadcrumb":{"@id":"https:\/\/footdavant.fr\/actualites\/fini-les-euros-curtis-jones-un-ami-de-la-famille-suggere-une-blessure-a-long-terme\/#breadcrumb"},"inLanguage":"fr-FR","potentialAction":[{"@type":"ReadAction","target":["https:\/\/footdavant.fr\/actualites\/fini-les-euros-curtis-jones-un-ami-de-la-famille-suggere-une-blessure-a-long-terme\/"]}]},{"@type":"BreadcrumbList","@id":"https:\/\/footdavant.fr\/actualites\/fini-les-euros-curtis-jones-un-ami-de-la-famille-suggere-une-blessure-a-long-terme\/#breadcrumb","itemListElement":[{"@type":"ListItem","position":1,"name":"Accueil","item":"https:\/\/footdavant.fr\/actualites\/"},{"@type":"ListItem","position":2,"name":"Fini les euros\u00a0; Curtis Jones, \u00ab\u00a0un ami de la famille\u00a0\u00bb, sugg\u00e8re une blessure \u00e0 long terme"}]},{"@type":"WebSite","@id":"https:\/\/footdavant.fr\/actualites\/#website","url":"https:\/\/footdavant.fr\/actualites\/","name":"Foot d'avant","description":"","publisher":{"@id":"https:\/\/footdavant.fr\/actualites\/#organization"},"potentialAction":[{"@type":"SearchAction","target":{"@type":"EntryPoint","urlTemplate":"https:\/\/footdavant.fr\/actualites\/?s={search_term_string}"},"query-input":"required name=search_term_string"}],"inLanguage":"fr-FR"},{"@type":"Organization","@id":"https:\/\/footdavant.fr\/actualites\/#organization","name":"Foot d'avant","url":"https:\/\/footdavant.fr\/actualites\/","logo":{"@type":"ImageObject","inLanguage":"fr-FR","@id":"https:\/\/footdavant.fr\/actualites\/#\/schema\/logo\/image\/","url":"https:\/\/footdavant.fr\/actualites\/wp-content\/uploads\/2023\/09\/Copy-of-FootDavant-Logo.png","contentUrl":"https:\/\/footdavant.fr\/actualites\/wp-content\/uploads\/2023\/09\/Copy-of-FootDavant-Logo.png","width":936,"height":549,"caption":"Foot d'avant"},"image":{"@id":"https:\/\/footdavant.fr\/actualites\/#\/schema\/logo\/image\/"},"sameAs":["https:\/\/www.facebook.com\/Footdavant\/","https:\/\/twitter.com\/FootdavantFr","https:\/\/www.instagram.com\/footdavant.fr\/"]},{"@type":"Person","@id":"https:\/\/footdavant.fr\/actualites\/#\/schema\/person\/bc222566d95871b37e597b3ed3ba5e1d","name":"Cl\u00e9ment","image":{"@type":"ImageObject","inLanguage":"fr-FR","@id":"https:\/\/footdavant.fr\/actualites\/#\/schema\/person\/image\/","url":"https:\/\/secure.gravatar.com\/avatar\/7728b29aac2719421e1a9159b2254c44?s=96&d=mm&r=g","contentUrl":"https:\/\/secure.gravatar.com\/avatar\/7728b29aac2719421e1a9159b2254c44?s=96&d=mm&r=g","caption":"Cl\u00e9ment"},"sameAs":["https:\/\/footdavant.fr\/"]}]}},"_links":{"self":[{"href":"https:\/\/footdavant.fr\/actualites\/wp-json\/wp\/v2\/posts\/5228"}],"collection":[{"href":"https:\/\/footdavant.fr\/actualites\/wp-json\/wp\/v2\/posts"}],"about":[{"href":"https:\/\/footdavant.fr\/actualites\/wp-json\/wp\/v2\/types\/post"}],"author":[{"embeddable":true,"href":"https:\/\/footdavant.fr\/actualites\/wp-json\/wp\/v2\/users\/1"}],"replies":[{"embeddable":true,"href":"https:\/\/footdavant.fr\/actualites\/wp-json\/wp\/v2\/comments?post=5228"}],"version-history":[{"count":1,"href":"https:\/\/footdavant.fr\/actualites\/wp-json\/wp\/v2\/posts\/5228\/revisions"}],"predecessor-version":[{"id":5230,"href":"https:\/\/footdavant.fr\/actualites\/wp-json\/wp\/v2\/posts\/5228\/revisions\/5230"}],"wp:featuredmedia":[{"embeddable":true,"href":"https:\/\/footdavant.fr\/actualites\/wp-json\/wp\/v2\/media\/5229"}],"wp:attachment":[{"href":"https:\/\/footdavant.fr\/actualites\/wp-json\/wp\/v2\/media?parent=5228"}],"wp:term":[{"taxonomy":"category","embeddable":true,"href":"https:\/\/footdavant.fr\/actualites\/wp-json\/wp\/v2\/categories?post=5228"},{"taxonomy":"post_tag","embeddable":true,"href":"https:\/\/footdavant.fr\/actualites\/wp-json\/wp\/v2\/tags?post=5228"}],"curies":[{"name":"wp","href":"https:\/\/api.w.org\/{rel}","templated":true}]}}