{"id":5231,"date":"2024-02-18T14:48:07","date_gmt":"2024-02-18T13:48:07","guid":{"rendered":"https:\/\/footdavant.fr\/actualites\/barcelone-fixe-le-prix-demande-pour-manchester-united-et-frenkie-de-jong-lie-a-chelsea\/"},"modified":"2024-02-18T14:48:08","modified_gmt":"2024-02-18T13:48:08","slug":"barcelone-fixe-le-prix-demande-pour-manchester-united-et-frenkie-de-jong-lie-a-chelsea","status":"publish","type":"post","link":"https:\/\/footdavant.fr\/actualites\/barcelone-fixe-le-prix-demande-pour-manchester-united-et-frenkie-de-jong-lie-a-chelsea\/","title":{"rendered":"Barcelone \u00ab\u00a0fixe le prix demand\u00e9 pour Manchester United et Frenkie de Jong, li\u00e9 \u00e0 Chelsea\u00a0\u00bb"},"content":{"rendered":"<p>Barcelone aurait fix\u00e9 un prix demand\u00e9 pour le milieu de terrain Frenkie de Jong alors qu&rsquo;il envisage de vendre le N\u00e9erlandais cet \u00e9t\u00e9.<\/p>\n<div id=\"article_body\" itemprop=\"articleBody\">\n<h3 class=\"firstPara\">\n<strong class=\"autotag\">Barcelone<\/strong> auraient pris une d\u00e9cision sur <strong class=\"autotag\">Frenkie de Jong<\/strong>C&rsquo;est le prix demand\u00e9 avant le mercato estival.<\/h3>\n<p>Depuis qu&rsquo;il a quitt\u00e9 l&rsquo;Ajax pour un montant de 75 millions d&rsquo;euros en 2019, De Jong a disput\u00e9 un total de 206 apparitions pour Barcelone, toutes comp\u00e9titions confondues.<\/p>\n<p>Au moins 42 sorties ont \u00e9t\u00e9 effectu\u00e9es au cours de chacune de ses quatre saisons termin\u00e9es, mais l&rsquo;international n\u00e9erlandais a pass\u00e9 la majorit\u00e9 de son temps au Camp Nou avec des sp\u00e9culations persistantes sur son avenir.<\/p>\n<p>En raison des probl\u00e8mes financiers bien document\u00e9s de Barcelone, ils se sont montr\u00e9s dispos\u00e9s \u00e0 tirer profit de leurs plus gros revenus et de ceux qui percevraient les frais les plus lucratifs.<\/p>\n<p>De Jong figure en t\u00eate de liste dans chaque cat\u00e9gorie, mais son contrat jusqu&rsquo;en 2026 lui permet de dicter son propre avenir.<\/p>\n<p class=\"imgI\">\n<p>A l&rsquo;arriv\u00e9e de <strong class=\"autotag\">Erik Ten Hag<\/strong> \u00e0 <strong class=\"autotag\">Manchester United<\/strong> en 2022, De Jong a rejet\u00e9 les avances des g\u00e9ants de la Premier League, tandis que <strong class=\"autotag\">Chelsea<\/strong> ont \u00e9galement \u00e9t\u00e9 cr\u00e9dit\u00e9s d&rsquo;un int\u00e9r\u00eat dans le pass\u00e9.<\/p>\n<p>Cependant, des informations r\u00e9centes sugg\u00e8rent que le joueur de 26 ans est pr\u00eat \u00e0 envisager une sortie des g\u00e9ants catalans \u00e0 la fin de la saison.<\/p>\n<p>Selon <em>Monde Deportivo<\/em>Barcelone est pr\u00eat \u00e0 se s\u00e9parer de De Jong pour un montant de l&rsquo;ordre de 85 millions de livres sterling.<\/p>\n<p>Dans le grand sch\u00e9ma des choses, cela pourrait s&rsquo;av\u00e9rer \u00eatre une position ambitieuse de la part de Barcelone, De Jong n&rsquo;ayant contribu\u00e9 qu&rsquo;un seul but et aucune passe d\u00e9cisive en 23 apparitions cette campagne.<\/p>\n<p class=\"imgI\"><img decoding=\"async\" loading=\"lazy\" class=\"l\" src=\"https:\/\/footdavant.fr\/actualites\/wp-content\/uploads\/2024\/02\/1708264087_811_Barcelone-fixe-le-prix-demande-pour-Manchester-United-et-Frenkie.JPG\" title=\"Le milieu de terrain de Barcelone Frenkie de Jong le 23 septembre 2023\" alt=\"Le milieu de terrain de Barcelone Frenkie de Jong le 23 septembre 2023\" width=\"640\" height=\"480\"><\/p>\n<p>Depuis qu&rsquo;il s&rsquo;est remis d&rsquo;une blessure \u00e0 la cheville plus t\u00f4t dans la saison, De Jong a jou\u00e9 90 minutes dans tous les 11 matchs de Barcelone en Liga, sauf un, soulignant ainsi son statut dans l&rsquo;\u00e9quipe.<\/p>\n<p>N\u00e9anmoins, Barcelone n&rsquo;a triomph\u00e9 que lors de cinq de ces rencontres, se situant \u00e0 10 points du leader du Real Madrid au classement.<\/p>\n<p>Lors de son dernier commentaire public sur son avenir, De Jong a d\u00e9clar\u00e9 <em>SAI<\/em> qu&rsquo;un changement de ligue \u00e9tait \u00ab\u00a0une possibilit\u00e9\u00a0\u00bb, mais a insist\u00e9 sur le fait qu&rsquo;il restait \u00ab\u00a0tr\u00e8s satisfait\u00a0\u00bb de la vie \u00e0 Barcelone.<\/p>\n<p>Ainsi que Man United et Chelsea, <strong class=\"autotag\">Tottenham Hotspur<\/strong> ont \u00e9galement \u00e9t\u00e9 li\u00e9s \u00e0 une approche estivale pour De Jong.<\/p>\n<\/div>\n","protected":false},"excerpt":{"rendered":"<p>Barcelone aurait fix\u00e9 un prix demand\u00e9 pour le milieu de terrain Frenkie de Jong alors qu&rsquo;il envisage de vendre le N\u00e9erlandais cet \u00e9t\u00e9. Barcelone auraient<\/p>\n","protected":false},"author":1,"featured_media":5232,"comment_status":"closed","ping_status":"","sticky":false,"template":"","format":"standard","meta":{"footnotes":""},"categories":[5],"tags":[130,171,74,113,2711,2712,301,11,51,73,13],"yoast_head":"<!-- This site is optimized with the Yoast SEO plugin v21.0 - https:\/\/yoast.com\/wordpress\/plugins\/seo\/ -->\n<title>Barcelone &quot;fixe le prix demand\u00e9 pour Manchester United et Frenkie de Jong, li\u00e9 \u00e0 Chelsea&quot;<\/title>\n<meta name=\"robots\" content=\"index, follow, max-snippet:-1, max-image-preview:large, max-video-preview:-1\" \/>\n<link rel=\"canonical\" href=\"https:\/\/footdavant.fr\/actualites\/barcelone-fixe-le-prix-demande-pour-manchester-united-et-frenkie-de-jong-lie-a-chelsea\/\" \/>\n<meta property=\"og:locale\" content=\"fr_FR\" \/>\n<meta property=\"og:type\" content=\"article\" \/>\n<meta property=\"og:title\" content=\"Barcelone &quot;fixe le prix demand\u00e9 pour Manchester United et Frenkie de Jong, li\u00e9 \u00e0 Chelsea&quot;\" \/>\n<meta property=\"og:description\" content=\"Barcelone aurait fix\u00e9 un prix demand\u00e9 pour le milieu de terrain Frenkie de Jong alors qu&rsquo;il envisage de vendre le N\u00e9erlandais cet \u00e9t\u00e9. Barcelone auraient\" \/>\n<meta property=\"og:url\" content=\"https:\/\/footdavant.fr\/actualites\/barcelone-fixe-le-prix-demande-pour-manchester-united-et-frenkie-de-jong-lie-a-chelsea\/\" \/>\n<meta property=\"og:site_name\" content=\"Foot d&#039;avant\" \/>\n<meta property=\"article:publisher\" content=\"https:\/\/www.facebook.com\/Footdavant\/\" \/>\n<meta property=\"article:published_time\" content=\"2024-02-18T13:48:07+00:00\" \/>\n<meta property=\"article:modified_time\" content=\"2024-02-18T13:48:08+00:00\" \/>\n<meta property=\"og:image\" content=\"https:\/\/footdavant.fr\/actualites\/wp-content\/uploads\/2024\/02\/Barcelone-fixe-le-prix-demande-pour-Manchester-United-et-Frenkie.JPG\" \/>\n\t<meta property=\"og:image:width\" content=\"640\" \/>\n\t<meta property=\"og:image:height\" content=\"480\" \/>\n\t<meta property=\"og:image:type\" content=\"image\/jpeg\" \/>\n<meta name=\"author\" content=\"Cl\u00e9ment\" \/>\n<meta name=\"twitter:card\" content=\"summary_large_image\" \/>\n<meta name=\"twitter:creator\" content=\"@FootdavantFr\" \/>\n<meta name=\"twitter:site\" content=\"@FootdavantFr\" \/>\n<meta name=\"twitter:label1\" content=\"\u00c9crit par\" \/>\n\t<meta name=\"twitter:data1\" content=\"Cl\u00e9ment\" \/>\n\t<meta name=\"twitter:label2\" content=\"Dur\u00e9e de lecture estim\u00e9e\" \/>\n\t<meta name=\"twitter:data2\" content=\"2 minutes\" \/>\n<script type=\"application\/ld+json\" class=\"yoast-schema-graph\">{\"@context\":\"https:\/\/schema.org\",\"@graph\":[{\"@type\":\"Article\",\"@id\":\"https:\/\/footdavant.fr\/actualites\/barcelone-fixe-le-prix-demande-pour-manchester-united-et-frenkie-de-jong-lie-a-chelsea\/#article\",\"isPartOf\":{\"@id\":\"https:\/\/footdavant.fr\/actualites\/barcelone-fixe-le-prix-demande-pour-manchester-united-et-frenkie-de-jong-lie-a-chelsea\/\"},\"author\":{\"name\":\"Cl\u00e9ment\",\"@id\":\"https:\/\/footdavant.fr\/actualites\/#\/schema\/person\/bc222566d95871b37e597b3ed3ba5e1d\"},\"headline\":\"Barcelone \u00ab\u00a0fixe le prix demand\u00e9 pour Manchester United et Frenkie de Jong, li\u00e9 \u00e0 Chelsea\u00a0\u00bb\",\"datePublished\":\"2024-02-18T13:48:07+00:00\",\"dateModified\":\"2024-02-18T13:48:08+00:00\",\"mainEntityOfPage\":{\"@id\":\"https:\/\/footdavant.fr\/actualites\/barcelone-fixe-le-prix-demande-pour-manchester-united-et-frenkie-de-jong-lie-a-chelsea\/\"},\"wordCount\":416,\"publisher\":{\"@id\":\"https:\/\/footdavant.fr\/actualites\/#organization\"},\"keywords\":[\"Barcelone\",\"Chelsea\",\"demand\u00e9\",\"fixe\",\"Frenkie\",\"Jong\",\"li\u00e9\",\"Manchester\",\"pour\",\"prix\",\"United\"],\"articleSection\":[\"Premier League\"],\"inLanguage\":\"fr-FR\"},{\"@type\":\"WebPage\",\"@id\":\"https:\/\/footdavant.fr\/actualites\/barcelone-fixe-le-prix-demande-pour-manchester-united-et-frenkie-de-jong-lie-a-chelsea\/\",\"url\":\"https:\/\/footdavant.fr\/actualites\/barcelone-fixe-le-prix-demande-pour-manchester-united-et-frenkie-de-jong-lie-a-chelsea\/\",\"name\":\"Barcelone \\\"fixe le prix demand\u00e9 pour Manchester United et Frenkie de Jong, li\u00e9 \u00e0 Chelsea\\\"\",\"isPartOf\":{\"@id\":\"https:\/\/footdavant.fr\/actualites\/#website\"},\"datePublished\":\"2024-02-18T13:48:07+00:00\",\"dateModified\":\"2024-02-18T13:48:08+00:00\",\"breadcrumb\":{\"@id\":\"https:\/\/footdavant.fr\/actualites\/barcelone-fixe-le-prix-demande-pour-manchester-united-et-frenkie-de-jong-lie-a-chelsea\/#breadcrumb\"},\"inLanguage\":\"fr-FR\",\"potentialAction\":[{\"@type\":\"ReadAction\",\"target\":[\"https:\/\/footdavant.fr\/actualites\/barcelone-fixe-le-prix-demande-pour-manchester-united-et-frenkie-de-jong-lie-a-chelsea\/\"]}]},{\"@type\":\"BreadcrumbList\",\"@id\":\"https:\/\/footdavant.fr\/actualites\/barcelone-fixe-le-prix-demande-pour-manchester-united-et-frenkie-de-jong-lie-a-chelsea\/#breadcrumb\",\"itemListElement\":[{\"@type\":\"ListItem\",\"position\":1,\"name\":\"Accueil\",\"item\":\"https:\/\/footdavant.fr\/actualites\/\"},{\"@type\":\"ListItem\",\"position\":2,\"name\":\"Barcelone \u00ab\u00a0fixe le prix demand\u00e9 pour Manchester United et Frenkie de Jong, li\u00e9 \u00e0 Chelsea\u00a0\u00bb\"}]},{\"@type\":\"WebSite\",\"@id\":\"https:\/\/footdavant.fr\/actualites\/#website\",\"url\":\"https:\/\/footdavant.fr\/actualites\/\",\"name\":\"Foot d'avant\",\"description\":\"\",\"publisher\":{\"@id\":\"https:\/\/footdavant.fr\/actualites\/#organization\"},\"potentialAction\":[{\"@type\":\"SearchAction\",\"target\":{\"@type\":\"EntryPoint\",\"urlTemplate\":\"https:\/\/footdavant.fr\/actualites\/?s={search_term_string}\"},\"query-input\":\"required name=search_term_string\"}],\"inLanguage\":\"fr-FR\"},{\"@type\":\"Organization\",\"@id\":\"https:\/\/footdavant.fr\/actualites\/#organization\",\"name\":\"Foot d'avant\",\"url\":\"https:\/\/footdavant.fr\/actualites\/\",\"logo\":{\"@type\":\"ImageObject\",\"inLanguage\":\"fr-FR\",\"@id\":\"https:\/\/footdavant.fr\/actualites\/#\/schema\/logo\/image\/\",\"url\":\"https:\/\/footdavant.fr\/actualites\/wp-content\/uploads\/2023\/09\/Copy-of-FootDavant-Logo.png\",\"contentUrl\":\"https:\/\/footdavant.fr\/actualites\/wp-content\/uploads\/2023\/09\/Copy-of-FootDavant-Logo.png\",\"width\":936,\"height\":549,\"caption\":\"Foot d'avant\"},\"image\":{\"@id\":\"https:\/\/footdavant.fr\/actualites\/#\/schema\/logo\/image\/\"},\"sameAs\":[\"https:\/\/www.facebook.com\/Footdavant\/\",\"https:\/\/twitter.com\/FootdavantFr\",\"https:\/\/www.instagram.com\/footdavant.fr\/\"]},{\"@type\":\"Person\",\"@id\":\"https:\/\/footdavant.fr\/actualites\/#\/schema\/person\/bc222566d95871b37e597b3ed3ba5e1d\",\"name\":\"Cl\u00e9ment\",\"image\":{\"@type\":\"ImageObject\",\"inLanguage\":\"fr-FR\",\"@id\":\"https:\/\/footdavant.fr\/actualites\/#\/schema\/person\/image\/\",\"url\":\"https:\/\/secure.gravatar.com\/avatar\/7728b29aac2719421e1a9159b2254c44?s=96&d=mm&r=g\",\"contentUrl\":\"https:\/\/secure.gravatar.com\/avatar\/7728b29aac2719421e1a9159b2254c44?s=96&d=mm&r=g\",\"caption\":\"Cl\u00e9ment\"},\"sameAs\":[\"https:\/\/footdavant.fr\/\"]}]}<\/script>\n<!-- \/ Yoast SEO plugin. -->","yoast_head_json":{"title":"Barcelone \"fixe le prix demand\u00e9 pour Manchester United et Frenkie de Jong, li\u00e9 \u00e0 Chelsea\"","robots":{"index":"index","follow":"follow","max-snippet":"max-snippet:-1","max-image-preview":"max-image-preview:large","max-video-preview":"max-video-preview:-1"},"canonical":"https:\/\/footdavant.fr\/actualites\/barcelone-fixe-le-prix-demande-pour-manchester-united-et-frenkie-de-jong-lie-a-chelsea\/","og_locale":"fr_FR","og_type":"article","og_title":"Barcelone \"fixe le prix demand\u00e9 pour Manchester United et Frenkie de Jong, li\u00e9 \u00e0 Chelsea\"","og_description":"Barcelone aurait fix\u00e9 un prix demand\u00e9 pour le milieu de terrain Frenkie de Jong alors qu&rsquo;il envisage de vendre le N\u00e9erlandais cet \u00e9t\u00e9. Barcelone auraient","og_url":"https:\/\/footdavant.fr\/actualites\/barcelone-fixe-le-prix-demande-pour-manchester-united-et-frenkie-de-jong-lie-a-chelsea\/","og_site_name":"Foot d&#039;avant","article_publisher":"https:\/\/www.facebook.com\/Footdavant\/","article_published_time":"2024-02-18T13:48:07+00:00","article_modified_time":"2024-02-18T13:48:08+00:00","og_image":[{"width":640,"height":480,"url":"https:\/\/footdavant.fr\/actualites\/wp-content\/uploads\/2024\/02\/Barcelone-fixe-le-prix-demande-pour-Manchester-United-et-Frenkie.JPG","type":"image\/jpeg"}],"author":"Cl\u00e9ment","twitter_card":"summary_large_image","twitter_creator":"@FootdavantFr","twitter_site":"@FootdavantFr","twitter_misc":{"\u00c9crit par":"Cl\u00e9ment","Dur\u00e9e de lecture estim\u00e9e":"2 minutes"},"schema":{"@context":"https:\/\/schema.org","@graph":[{"@type":"Article","@id":"https:\/\/footdavant.fr\/actualites\/barcelone-fixe-le-prix-demande-pour-manchester-united-et-frenkie-de-jong-lie-a-chelsea\/#article","isPartOf":{"@id":"https:\/\/footdavant.fr\/actualites\/barcelone-fixe-le-prix-demande-pour-manchester-united-et-frenkie-de-jong-lie-a-chelsea\/"},"author":{"name":"Cl\u00e9ment","@id":"https:\/\/footdavant.fr\/actualites\/#\/schema\/person\/bc222566d95871b37e597b3ed3ba5e1d"},"headline":"Barcelone \u00ab\u00a0fixe le prix demand\u00e9 pour Manchester United et Frenkie de Jong, li\u00e9 \u00e0 Chelsea\u00a0\u00bb","datePublished":"2024-02-18T13:48:07+00:00","dateModified":"2024-02-18T13:48:08+00:00","mainEntityOfPage":{"@id":"https:\/\/footdavant.fr\/actualites\/barcelone-fixe-le-prix-demande-pour-manchester-united-et-frenkie-de-jong-lie-a-chelsea\/"},"wordCount":416,"publisher":{"@id":"https:\/\/footdavant.fr\/actualites\/#organization"},"keywords":["Barcelone","Chelsea","demand\u00e9","fixe","Frenkie","Jong","li\u00e9","Manchester","pour","prix","United"],"articleSection":["Premier League"],"inLanguage":"fr-FR"},{"@type":"WebPage","@id":"https:\/\/footdavant.fr\/actualites\/barcelone-fixe-le-prix-demande-pour-manchester-united-et-frenkie-de-jong-lie-a-chelsea\/","url":"https:\/\/footdavant.fr\/actualites\/barcelone-fixe-le-prix-demande-pour-manchester-united-et-frenkie-de-jong-lie-a-chelsea\/","name":"Barcelone \"fixe le prix demand\u00e9 pour Manchester United et Frenkie de Jong, li\u00e9 \u00e0 Chelsea\"","isPartOf":{"@id":"https:\/\/footdavant.fr\/actualites\/#website"},"datePublished":"2024-02-18T13:48:07+00:00","dateModified":"2024-02-18T13:48:08+00:00","breadcrumb":{"@id":"https:\/\/footdavant.fr\/actualites\/barcelone-fixe-le-prix-demande-pour-manchester-united-et-frenkie-de-jong-lie-a-chelsea\/#breadcrumb"},"inLanguage":"fr-FR","potentialAction":[{"@type":"ReadAction","target":["https:\/\/footdavant.fr\/actualites\/barcelone-fixe-le-prix-demande-pour-manchester-united-et-frenkie-de-jong-lie-a-chelsea\/"]}]},{"@type":"BreadcrumbList","@id":"https:\/\/footdavant.fr\/actualites\/barcelone-fixe-le-prix-demande-pour-manchester-united-et-frenkie-de-jong-lie-a-chelsea\/#breadcrumb","itemListElement":[{"@type":"ListItem","position":1,"name":"Accueil","item":"https:\/\/footdavant.fr\/actualites\/"},{"@type":"ListItem","position":2,"name":"Barcelone \u00ab\u00a0fixe le prix demand\u00e9 pour Manchester United et Frenkie de Jong, li\u00e9 \u00e0 Chelsea\u00a0\u00bb"}]},{"@type":"WebSite","@id":"https:\/\/footdavant.fr\/actualites\/#website","url":"https:\/\/footdavant.fr\/actualites\/","name":"Foot d'avant","description":"","publisher":{"@id":"https:\/\/footdavant.fr\/actualites\/#organization"},"potentialAction":[{"@type":"SearchAction","target":{"@type":"EntryPoint","urlTemplate":"https:\/\/footdavant.fr\/actualites\/?s={search_term_string}"},"query-input":"required name=search_term_string"}],"inLanguage":"fr-FR"},{"@type":"Organization","@id":"https:\/\/footdavant.fr\/actualites\/#organization","name":"Foot d'avant","url":"https:\/\/footdavant.fr\/actualites\/","logo":{"@type":"ImageObject","inLanguage":"fr-FR","@id":"https:\/\/footdavant.fr\/actualites\/#\/schema\/logo\/image\/","url":"https:\/\/footdavant.fr\/actualites\/wp-content\/uploads\/2023\/09\/Copy-of-FootDavant-Logo.png","contentUrl":"https:\/\/footdavant.fr\/actualites\/wp-content\/uploads\/2023\/09\/Copy-of-FootDavant-Logo.png","width":936,"height":549,"caption":"Foot d'avant"},"image":{"@id":"https:\/\/footdavant.fr\/actualites\/#\/schema\/logo\/image\/"},"sameAs":["https:\/\/www.facebook.com\/Footdavant\/","https:\/\/twitter.com\/FootdavantFr","https:\/\/www.instagram.com\/footdavant.fr\/"]},{"@type":"Person","@id":"https:\/\/footdavant.fr\/actualites\/#\/schema\/person\/bc222566d95871b37e597b3ed3ba5e1d","name":"Cl\u00e9ment","image":{"@type":"ImageObject","inLanguage":"fr-FR","@id":"https:\/\/footdavant.fr\/actualites\/#\/schema\/person\/image\/","url":"https:\/\/secure.gravatar.com\/avatar\/7728b29aac2719421e1a9159b2254c44?s=96&d=mm&r=g","contentUrl":"https:\/\/secure.gravatar.com\/avatar\/7728b29aac2719421e1a9159b2254c44?s=96&d=mm&r=g","caption":"Cl\u00e9ment"},"sameAs":["https:\/\/footdavant.fr\/"]}]}},"_links":{"self":[{"href":"https:\/\/footdavant.fr\/actualites\/wp-json\/wp\/v2\/posts\/5231"}],"collection":[{"href":"https:\/\/footdavant.fr\/actualites\/wp-json\/wp\/v2\/posts"}],"about":[{"href":"https:\/\/footdavant.fr\/actualites\/wp-json\/wp\/v2\/types\/post"}],"author":[{"embeddable":true,"href":"https:\/\/footdavant.fr\/actualites\/wp-json\/wp\/v2\/users\/1"}],"replies":[{"embeddable":true,"href":"https:\/\/footdavant.fr\/actualites\/wp-json\/wp\/v2\/comments?post=5231"}],"version-history":[{"count":1,"href":"https:\/\/footdavant.fr\/actualites\/wp-json\/wp\/v2\/posts\/5231\/revisions"}],"predecessor-version":[{"id":5233,"href":"https:\/\/footdavant.fr\/actualites\/wp-json\/wp\/v2\/posts\/5231\/revisions\/5233"}],"wp:featuredmedia":[{"embeddable":true,"href":"https:\/\/footdavant.fr\/actualites\/wp-json\/wp\/v2\/media\/5232"}],"wp:attachment":[{"href":"https:\/\/footdavant.fr\/actualites\/wp-json\/wp\/v2\/media?parent=5231"}],"wp:term":[{"taxonomy":"category","embeddable":true,"href":"https:\/\/footdavant.fr\/actualites\/wp-json\/wp\/v2\/categories?post=5231"},{"taxonomy":"post_tag","embeddable":true,"href":"https:\/\/footdavant.fr\/actualites\/wp-json\/wp\/v2\/tags?post=5231"}],"curies":[{"name":"wp","href":"https:\/\/api.w.org\/{rel}","templated":true}]}}