{"id":5237,"date":"2024-02-18T17:53:38","date_gmt":"2024-02-18T16:53:38","guid":{"rendered":"https:\/\/footdavant.fr\/actualites\/xavi-minimise-ronald-araujo-et-la-blessure-de-pedri-craint-avant-le-choc-de-naples\/"},"modified":"2024-02-18T17:53:39","modified_gmt":"2024-02-18T16:53:39","slug":"xavi-minimise-ronald-araujo-et-la-blessure-de-pedri-craint-avant-le-choc-de-naples","status":"publish","type":"post","link":"https:\/\/footdavant.fr\/actualites\/xavi-minimise-ronald-araujo-et-la-blessure-de-pedri-craint-avant-le-choc-de-naples\/","title":{"rendered":"Xavi minimise Ronald Araujo et la blessure de Pedri craint avant le choc de Naples"},"content":{"rendered":"<p>L&rsquo;entra\u00eeneur-chef de Barcelone, Xavi, insiste sur le fait que ni Ronald Araujo ni Pedri ne se sont bless\u00e9s contre le Celta Vigo.<\/p>\n<div id=\"article_body\" itemprop=\"articleBody\">\n<h3 class=\"firstPara\">\n<strong class=\"autotag\">Barcelone<\/strong> l&rsquo;entra\u00eeneur-chef <strong class=\"autotag\">Xavi<\/strong> a insist\u00e9 sur le fait que ni l&rsquo;un ni l&rsquo;autre <strong class=\"autotag\">Ronald Araujo<\/strong> ni <strong class=\"autotag\">P\u00e9dri<\/strong> s&rsquo;est bless\u00e9 lors du choc de dimanche en Liga avec <strong class=\"autotag\">Celta Vigo<\/strong>.<\/h3>\n<p>Araujo a \u00e9t\u00e9 remplac\u00e9 \u00e0 l&rsquo;intervalle de la victoire 2-1 de son \u00e9quipe, <strong class=\"autotag\">Inigo Martinez<\/strong> entrant sur le terrain, tandis que Pedri a \u00e9t\u00e9 retir\u00e9 \u00e0 la 75e minute pour <strong class=\"autotag\">Ferm\u00edn L\u00f3pez<\/strong>.<\/p>\n<p>Des inqui\u00e9tudes ont \u00e9t\u00e9 exprim\u00e9es quant \u00e0 la forme physique du duo avant le match de la semaine prochaine. <strong class=\"autotag\">Ligue des champions<\/strong> huiti\u00e8mes de finale aller avec <strong class=\"autotag\">Naples<\/strong>mais Xavi a d\u00e9clar\u00e9 qu&rsquo;aucun des deux joueurs n&rsquo;\u00e9tait bless\u00e9.<\/p>\n<p>\u00ab\u00a0Il n&rsquo;y a eu aucun bless\u00e9 aujourd&rsquo;hui. Ni Araujo ni Pedri ne sont bless\u00e9s. Ils vont bien\u00a0\u00bb, a d\u00e9clar\u00e9 Xavi aux journalistes apr\u00e8s le succ\u00e8s serr\u00e9 contre le Celta dans l&rsquo;\u00e9lite espagnole.<\/p>\n<p>\u00ab\u00a0Le football est injuste en g\u00e9n\u00e9ral. Le Celta a fait un gros effort sans aucune r\u00e9compense. Cependant, si nous ne gagnions pas aujourd&rsquo;hui, ce serait \u00e9galement injuste. Je pense vraiment que nous m\u00e9ritons les trois points.\u00a0\u00bb<\/p>\n<p class=\"imgI\">\n<p><strong class=\"autotag\">Iago Aspas<\/strong> annul\u00e9 un match d&rsquo;ouverture de <strong class=\"autotag\">Robert Lewandowski<\/strong> pour laisser les deux \u00e9quipes \u00e0 \u00e9galit\u00e9 au d\u00e9but de la seconde p\u00e9riode \u00e0 Vigo, mais le deuxi\u00e8me de Lewandowski a permis aux champions de l&#8217;emporter tardivement.<\/p>\n<p>\u00ab\u00a0Aujourd&rsquo;hui, nous avons \u00e9t\u00e9 bien meilleurs que contre Grenade. Nous avons bien jou\u00e9, sans souffrir en d\u00e9fense, mais nous n&rsquo;avons pas cr\u00e9\u00e9 suffisamment d&rsquo;occasions. Nous n&rsquo;avons pas bien fait dans le dernier tiers\u00a0\u00bb, a ajout\u00e9 Xavi.<\/p>\n<p>\u00ab\u00a0Selon le Big Data, nous devrions \u00eatre en premi\u00e8re position compte tenu du nombre d&rsquo;occasions que nous nous cr\u00e9ons en moyenne. Nous avons encore une fois \u00e9t\u00e9 p\u00e9nalis\u00e9s par notre erreur d\u00e9fensive.\u00a0\u00bb<\/p>\n<p>Xavi a \u00e9galement d\u00e9clar\u00e9 qu&rsquo;il avait de \u00ab\u00a0bonnes sensations\u00a0\u00bb avant le choc de Naples, Barcelone cherchant un r\u00e9sultat positif \u00e0 remporter pour le match retour des huiti\u00e8mes de finale.<\/p>\n<p class=\"imgI\"><img decoding=\"async\" loading=\"lazy\" class=\"l\" src=\"https:\/\/footdavant.fr\/actualites\/wp-content\/uploads\/2024\/02\/1708275218_150_Xavi-minimise-Ronald-Araujo-et-la-blessure-de-Pedri-craint.jpg\" title=\"L'entra\u00eeneur de Barcelone Xavi r\u00e9agit le 4 novembre 2023\" alt=\"L'entra\u00eeneur de Barcelone Xavi r\u00e9agit le 4 novembre 2023\" width=\"640\" height=\"480\"><\/p>\n<p>\u00ab\u00a0J&rsquo;ai de bonnes sensations avant le match de mercredi. L&rsquo;attitude de l&rsquo;\u00e9quipe \u00e9tait tr\u00e8s bonne. Cette victoire est formidable pour notre confiance. Nous avons fait plus de bonnes choses que de mauvaises.\u00a0\u00bb<\/p>\n<p>Xavi quitte son poste d&rsquo;entra\u00eeneur-chef cet \u00e9t\u00e9, mais il cherche toujours \u00e0 remporter deux troph\u00e9es, et la victoire de samedi contre le Celta les a rapproch\u00e9s \u00e0 sept points du leader de la Liga, le Real Madrid.<\/p>\n<p>Pendant ce temps, Naples a eu du mal \u00e0 \u00e9galer ses exploits de la saison derni\u00e8re, les Bleus occupant actuellement la neuvi\u00e8me position du classement de Serie A.<\/p>\n<p>En cons\u00e9quence, malgr\u00e9 les probl\u00e8mes de Barcelone cette saison, ils auront envie de se frayer un chemin \u00e0 travers les deux manches pour r\u00e9server une place en quarts de finale de la comp\u00e9tition.<\/p>\n<\/div>\n","protected":false},"excerpt":{"rendered":"<p>L&rsquo;entra\u00eeneur-chef de Barcelone, Xavi, insiste sur le fait que ni Ronald Araujo ni Pedri ne se sont bless\u00e9s contre le Celta Vigo. Barcelone l&rsquo;entra\u00eeneur-chef Xavi<\/p>\n","protected":false},"author":1,"featured_media":5238,"comment_status":"closed","ping_status":"","sticky":false,"template":"","format":"standard","meta":{"footnotes":""},"categories":[4],"tags":[2242,491,15,332,1345,1400,551,471,2241,124],"yoast_head":"<!-- This site is optimized with the Yoast SEO plugin v21.0 - https:\/\/yoast.com\/wordpress\/plugins\/seo\/ -->\n<title>Xavi minimise Ronald Araujo et la blessure de Pedri craint avant le choc de Naples<\/title>\n<meta name=\"robots\" content=\"index, follow, max-snippet:-1, max-image-preview:large, max-video-preview:-1\" \/>\n<link rel=\"canonical\" href=\"https:\/\/footdavant.fr\/actualites\/xavi-minimise-ronald-araujo-et-la-blessure-de-pedri-craint-avant-le-choc-de-naples\/\" \/>\n<meta property=\"og:locale\" content=\"fr_FR\" \/>\n<meta property=\"og:type\" content=\"article\" \/>\n<meta property=\"og:title\" content=\"Xavi minimise Ronald Araujo et la blessure de Pedri craint avant le choc de Naples\" \/>\n<meta property=\"og:description\" content=\"L&rsquo;entra\u00eeneur-chef de Barcelone, Xavi, insiste sur le fait que ni Ronald Araujo ni Pedri ne se sont bless\u00e9s contre le Celta Vigo. Barcelone l&rsquo;entra\u00eeneur-chef Xavi\" \/>\n<meta property=\"og:url\" content=\"https:\/\/footdavant.fr\/actualites\/xavi-minimise-ronald-araujo-et-la-blessure-de-pedri-craint-avant-le-choc-de-naples\/\" \/>\n<meta property=\"og:site_name\" content=\"Foot d&#039;avant\" \/>\n<meta property=\"article:publisher\" content=\"https:\/\/www.facebook.com\/Footdavant\/\" \/>\n<meta property=\"article:published_time\" content=\"2024-02-18T16:53:38+00:00\" \/>\n<meta property=\"article:modified_time\" content=\"2024-02-18T16:53:39+00:00\" \/>\n<meta property=\"og:image\" content=\"https:\/\/footdavant.fr\/actualites\/wp-content\/uploads\/2024\/02\/Xavi-minimise-Ronald-Araujo-et-la-blessure-de-Pedri-craint.jpg\" \/>\n\t<meta property=\"og:image:width\" content=\"640\" \/>\n\t<meta property=\"og:image:height\" content=\"480\" \/>\n\t<meta property=\"og:image:type\" content=\"image\/jpeg\" \/>\n<meta name=\"author\" content=\"Cl\u00e9ment\" \/>\n<meta name=\"twitter:card\" content=\"summary_large_image\" \/>\n<meta name=\"twitter:creator\" content=\"@FootdavantFr\" \/>\n<meta name=\"twitter:site\" content=\"@FootdavantFr\" \/>\n<meta name=\"twitter:label1\" content=\"\u00c9crit par\" \/>\n\t<meta name=\"twitter:data1\" content=\"Cl\u00e9ment\" \/>\n\t<meta name=\"twitter:label2\" content=\"Dur\u00e9e de lecture estim\u00e9e\" \/>\n\t<meta name=\"twitter:data2\" content=\"2 minutes\" \/>\n<script type=\"application\/ld+json\" class=\"yoast-schema-graph\">{\"@context\":\"https:\/\/schema.org\",\"@graph\":[{\"@type\":\"Article\",\"@id\":\"https:\/\/footdavant.fr\/actualites\/xavi-minimise-ronald-araujo-et-la-blessure-de-pedri-craint-avant-le-choc-de-naples\/#article\",\"isPartOf\":{\"@id\":\"https:\/\/footdavant.fr\/actualites\/xavi-minimise-ronald-araujo-et-la-blessure-de-pedri-craint-avant-le-choc-de-naples\/\"},\"author\":{\"name\":\"Cl\u00e9ment\",\"@id\":\"https:\/\/footdavant.fr\/actualites\/#\/schema\/person\/bc222566d95871b37e597b3ed3ba5e1d\"},\"headline\":\"Xavi minimise Ronald Araujo et la blessure de Pedri craint avant le choc de Naples\",\"datePublished\":\"2024-02-18T16:53:38+00:00\",\"dateModified\":\"2024-02-18T16:53:39+00:00\",\"mainEntityOfPage\":{\"@id\":\"https:\/\/footdavant.fr\/actualites\/xavi-minimise-ronald-araujo-et-la-blessure-de-pedri-craint-avant-le-choc-de-naples\/\"},\"wordCount\":499,\"publisher\":{\"@id\":\"https:\/\/footdavant.fr\/actualites\/#organization\"},\"keywords\":[\"Araujo\",\"avant\",\"Blessure\",\"choc\",\"craint\",\"minimise\",\"Naples\",\"Pedri\",\"Ronald\",\"Xavi\"],\"articleSection\":[\"Champions League\"],\"inLanguage\":\"fr-FR\"},{\"@type\":\"WebPage\",\"@id\":\"https:\/\/footdavant.fr\/actualites\/xavi-minimise-ronald-araujo-et-la-blessure-de-pedri-craint-avant-le-choc-de-naples\/\",\"url\":\"https:\/\/footdavant.fr\/actualites\/xavi-minimise-ronald-araujo-et-la-blessure-de-pedri-craint-avant-le-choc-de-naples\/\",\"name\":\"Xavi minimise Ronald Araujo et la blessure de Pedri craint avant le choc de Naples\",\"isPartOf\":{\"@id\":\"https:\/\/footdavant.fr\/actualites\/#website\"},\"datePublished\":\"2024-02-18T16:53:38+00:00\",\"dateModified\":\"2024-02-18T16:53:39+00:00\",\"breadcrumb\":{\"@id\":\"https:\/\/footdavant.fr\/actualites\/xavi-minimise-ronald-araujo-et-la-blessure-de-pedri-craint-avant-le-choc-de-naples\/#breadcrumb\"},\"inLanguage\":\"fr-FR\",\"potentialAction\":[{\"@type\":\"ReadAction\",\"target\":[\"https:\/\/footdavant.fr\/actualites\/xavi-minimise-ronald-araujo-et-la-blessure-de-pedri-craint-avant-le-choc-de-naples\/\"]}]},{\"@type\":\"BreadcrumbList\",\"@id\":\"https:\/\/footdavant.fr\/actualites\/xavi-minimise-ronald-araujo-et-la-blessure-de-pedri-craint-avant-le-choc-de-naples\/#breadcrumb\",\"itemListElement\":[{\"@type\":\"ListItem\",\"position\":1,\"name\":\"Accueil\",\"item\":\"https:\/\/footdavant.fr\/actualites\/\"},{\"@type\":\"ListItem\",\"position\":2,\"name\":\"Xavi minimise Ronald Araujo et la blessure de Pedri craint avant le choc de Naples\"}]},{\"@type\":\"WebSite\",\"@id\":\"https:\/\/footdavant.fr\/actualites\/#website\",\"url\":\"https:\/\/footdavant.fr\/actualites\/\",\"name\":\"Foot d'avant\",\"description\":\"\",\"publisher\":{\"@id\":\"https:\/\/footdavant.fr\/actualites\/#organization\"},\"potentialAction\":[{\"@type\":\"SearchAction\",\"target\":{\"@type\":\"EntryPoint\",\"urlTemplate\":\"https:\/\/footdavant.fr\/actualites\/?s={search_term_string}\"},\"query-input\":\"required name=search_term_string\"}],\"inLanguage\":\"fr-FR\"},{\"@type\":\"Organization\",\"@id\":\"https:\/\/footdavant.fr\/actualites\/#organization\",\"name\":\"Foot d'avant\",\"url\":\"https:\/\/footdavant.fr\/actualites\/\",\"logo\":{\"@type\":\"ImageObject\",\"inLanguage\":\"fr-FR\",\"@id\":\"https:\/\/footdavant.fr\/actualites\/#\/schema\/logo\/image\/\",\"url\":\"https:\/\/footdavant.fr\/actualites\/wp-content\/uploads\/2023\/09\/Copy-of-FootDavant-Logo.png\",\"contentUrl\":\"https:\/\/footdavant.fr\/actualites\/wp-content\/uploads\/2023\/09\/Copy-of-FootDavant-Logo.png\",\"width\":936,\"height\":549,\"caption\":\"Foot d'avant\"},\"image\":{\"@id\":\"https:\/\/footdavant.fr\/actualites\/#\/schema\/logo\/image\/\"},\"sameAs\":[\"https:\/\/www.facebook.com\/Footdavant\/\",\"https:\/\/twitter.com\/FootdavantFr\",\"https:\/\/www.instagram.com\/footdavant.fr\/\"]},{\"@type\":\"Person\",\"@id\":\"https:\/\/footdavant.fr\/actualites\/#\/schema\/person\/bc222566d95871b37e597b3ed3ba5e1d\",\"name\":\"Cl\u00e9ment\",\"image\":{\"@type\":\"ImageObject\",\"inLanguage\":\"fr-FR\",\"@id\":\"https:\/\/footdavant.fr\/actualites\/#\/schema\/person\/image\/\",\"url\":\"https:\/\/secure.gravatar.com\/avatar\/7728b29aac2719421e1a9159b2254c44?s=96&d=mm&r=g\",\"contentUrl\":\"https:\/\/secure.gravatar.com\/avatar\/7728b29aac2719421e1a9159b2254c44?s=96&d=mm&r=g\",\"caption\":\"Cl\u00e9ment\"},\"sameAs\":[\"https:\/\/footdavant.fr\/\"]}]}<\/script>\n<!-- \/ Yoast SEO plugin. -->","yoast_head_json":{"title":"Xavi minimise Ronald Araujo et la blessure de Pedri craint avant le choc de Naples","robots":{"index":"index","follow":"follow","max-snippet":"max-snippet:-1","max-image-preview":"max-image-preview:large","max-video-preview":"max-video-preview:-1"},"canonical":"https:\/\/footdavant.fr\/actualites\/xavi-minimise-ronald-araujo-et-la-blessure-de-pedri-craint-avant-le-choc-de-naples\/","og_locale":"fr_FR","og_type":"article","og_title":"Xavi minimise Ronald Araujo et la blessure de Pedri craint avant le choc de Naples","og_description":"L&rsquo;entra\u00eeneur-chef de Barcelone, Xavi, insiste sur le fait que ni Ronald Araujo ni Pedri ne se sont bless\u00e9s contre le Celta Vigo. Barcelone l&rsquo;entra\u00eeneur-chef Xavi","og_url":"https:\/\/footdavant.fr\/actualites\/xavi-minimise-ronald-araujo-et-la-blessure-de-pedri-craint-avant-le-choc-de-naples\/","og_site_name":"Foot d&#039;avant","article_publisher":"https:\/\/www.facebook.com\/Footdavant\/","article_published_time":"2024-02-18T16:53:38+00:00","article_modified_time":"2024-02-18T16:53:39+00:00","og_image":[{"width":640,"height":480,"url":"https:\/\/footdavant.fr\/actualites\/wp-content\/uploads\/2024\/02\/Xavi-minimise-Ronald-Araujo-et-la-blessure-de-Pedri-craint.jpg","type":"image\/jpeg"}],"author":"Cl\u00e9ment","twitter_card":"summary_large_image","twitter_creator":"@FootdavantFr","twitter_site":"@FootdavantFr","twitter_misc":{"\u00c9crit par":"Cl\u00e9ment","Dur\u00e9e de lecture estim\u00e9e":"2 minutes"},"schema":{"@context":"https:\/\/schema.org","@graph":[{"@type":"Article","@id":"https:\/\/footdavant.fr\/actualites\/xavi-minimise-ronald-araujo-et-la-blessure-de-pedri-craint-avant-le-choc-de-naples\/#article","isPartOf":{"@id":"https:\/\/footdavant.fr\/actualites\/xavi-minimise-ronald-araujo-et-la-blessure-de-pedri-craint-avant-le-choc-de-naples\/"},"author":{"name":"Cl\u00e9ment","@id":"https:\/\/footdavant.fr\/actualites\/#\/schema\/person\/bc222566d95871b37e597b3ed3ba5e1d"},"headline":"Xavi minimise Ronald Araujo et la blessure de Pedri craint avant le choc de Naples","datePublished":"2024-02-18T16:53:38+00:00","dateModified":"2024-02-18T16:53:39+00:00","mainEntityOfPage":{"@id":"https:\/\/footdavant.fr\/actualites\/xavi-minimise-ronald-araujo-et-la-blessure-de-pedri-craint-avant-le-choc-de-naples\/"},"wordCount":499,"publisher":{"@id":"https:\/\/footdavant.fr\/actualites\/#organization"},"keywords":["Araujo","avant","Blessure","choc","craint","minimise","Naples","Pedri","Ronald","Xavi"],"articleSection":["Champions League"],"inLanguage":"fr-FR"},{"@type":"WebPage","@id":"https:\/\/footdavant.fr\/actualites\/xavi-minimise-ronald-araujo-et-la-blessure-de-pedri-craint-avant-le-choc-de-naples\/","url":"https:\/\/footdavant.fr\/actualites\/xavi-minimise-ronald-araujo-et-la-blessure-de-pedri-craint-avant-le-choc-de-naples\/","name":"Xavi minimise Ronald Araujo et la blessure de Pedri craint avant le choc de Naples","isPartOf":{"@id":"https:\/\/footdavant.fr\/actualites\/#website"},"datePublished":"2024-02-18T16:53:38+00:00","dateModified":"2024-02-18T16:53:39+00:00","breadcrumb":{"@id":"https:\/\/footdavant.fr\/actualites\/xavi-minimise-ronald-araujo-et-la-blessure-de-pedri-craint-avant-le-choc-de-naples\/#breadcrumb"},"inLanguage":"fr-FR","potentialAction":[{"@type":"ReadAction","target":["https:\/\/footdavant.fr\/actualites\/xavi-minimise-ronald-araujo-et-la-blessure-de-pedri-craint-avant-le-choc-de-naples\/"]}]},{"@type":"BreadcrumbList","@id":"https:\/\/footdavant.fr\/actualites\/xavi-minimise-ronald-araujo-et-la-blessure-de-pedri-craint-avant-le-choc-de-naples\/#breadcrumb","itemListElement":[{"@type":"ListItem","position":1,"name":"Accueil","item":"https:\/\/footdavant.fr\/actualites\/"},{"@type":"ListItem","position":2,"name":"Xavi minimise Ronald Araujo et la blessure de Pedri craint avant le choc de Naples"}]},{"@type":"WebSite","@id":"https:\/\/footdavant.fr\/actualites\/#website","url":"https:\/\/footdavant.fr\/actualites\/","name":"Foot d'avant","description":"","publisher":{"@id":"https:\/\/footdavant.fr\/actualites\/#organization"},"potentialAction":[{"@type":"SearchAction","target":{"@type":"EntryPoint","urlTemplate":"https:\/\/footdavant.fr\/actualites\/?s={search_term_string}"},"query-input":"required name=search_term_string"}],"inLanguage":"fr-FR"},{"@type":"Organization","@id":"https:\/\/footdavant.fr\/actualites\/#organization","name":"Foot d'avant","url":"https:\/\/footdavant.fr\/actualites\/","logo":{"@type":"ImageObject","inLanguage":"fr-FR","@id":"https:\/\/footdavant.fr\/actualites\/#\/schema\/logo\/image\/","url":"https:\/\/footdavant.fr\/actualites\/wp-content\/uploads\/2023\/09\/Copy-of-FootDavant-Logo.png","contentUrl":"https:\/\/footdavant.fr\/actualites\/wp-content\/uploads\/2023\/09\/Copy-of-FootDavant-Logo.png","width":936,"height":549,"caption":"Foot d'avant"},"image":{"@id":"https:\/\/footdavant.fr\/actualites\/#\/schema\/logo\/image\/"},"sameAs":["https:\/\/www.facebook.com\/Footdavant\/","https:\/\/twitter.com\/FootdavantFr","https:\/\/www.instagram.com\/footdavant.fr\/"]},{"@type":"Person","@id":"https:\/\/footdavant.fr\/actualites\/#\/schema\/person\/bc222566d95871b37e597b3ed3ba5e1d","name":"Cl\u00e9ment","image":{"@type":"ImageObject","inLanguage":"fr-FR","@id":"https:\/\/footdavant.fr\/actualites\/#\/schema\/person\/image\/","url":"https:\/\/secure.gravatar.com\/avatar\/7728b29aac2719421e1a9159b2254c44?s=96&d=mm&r=g","contentUrl":"https:\/\/secure.gravatar.com\/avatar\/7728b29aac2719421e1a9159b2254c44?s=96&d=mm&r=g","caption":"Cl\u00e9ment"},"sameAs":["https:\/\/footdavant.fr\/"]}]}},"_links":{"self":[{"href":"https:\/\/footdavant.fr\/actualites\/wp-json\/wp\/v2\/posts\/5237"}],"collection":[{"href":"https:\/\/footdavant.fr\/actualites\/wp-json\/wp\/v2\/posts"}],"about":[{"href":"https:\/\/footdavant.fr\/actualites\/wp-json\/wp\/v2\/types\/post"}],"author":[{"embeddable":true,"href":"https:\/\/footdavant.fr\/actualites\/wp-json\/wp\/v2\/users\/1"}],"replies":[{"embeddable":true,"href":"https:\/\/footdavant.fr\/actualites\/wp-json\/wp\/v2\/comments?post=5237"}],"version-history":[{"count":1,"href":"https:\/\/footdavant.fr\/actualites\/wp-json\/wp\/v2\/posts\/5237\/revisions"}],"predecessor-version":[{"id":5239,"href":"https:\/\/footdavant.fr\/actualites\/wp-json\/wp\/v2\/posts\/5237\/revisions\/5239"}],"wp:featuredmedia":[{"embeddable":true,"href":"https:\/\/footdavant.fr\/actualites\/wp-json\/wp\/v2\/media\/5238"}],"wp:attachment":[{"href":"https:\/\/footdavant.fr\/actualites\/wp-json\/wp\/v2\/media?parent=5237"}],"wp:term":[{"taxonomy":"category","embeddable":true,"href":"https:\/\/footdavant.fr\/actualites\/wp-json\/wp\/v2\/categories?post=5237"},{"taxonomy":"post_tag","embeddable":true,"href":"https:\/\/footdavant.fr\/actualites\/wp-json\/wp\/v2\/tags?post=5237"}],"curies":[{"name":"wp","href":"https:\/\/api.w.org\/{rel}","templated":true}]}}