{"id":5240,"date":"2024-02-18T18:48:04","date_gmt":"2024-02-18T17:48:04","guid":{"rendered":"https:\/\/footdavant.fr\/actualites\/arsenal-envisage-la-vente-demile-smith-rowe-cet-ete\/"},"modified":"2024-02-18T18:48:05","modified_gmt":"2024-02-18T17:48:05","slug":"arsenal-envisage-la-vente-demile-smith-rowe-cet-ete","status":"publish","type":"post","link":"https:\/\/footdavant.fr\/actualites\/arsenal-envisage-la-vente-demile-smith-rowe-cet-ete\/","title":{"rendered":"Arsenal \u00ab\u00a0envisage la vente d&rsquo;Emile Smith Rowe cet \u00e9t\u00e9\u00a0\u00bb"},"content":{"rendered":"<p>Arsenal envisagerait davantage de tirer profit d\u2019Emile Smith Rowe pendant le mercato estival.<\/p>\n<div id=\"article_body\" itemprop=\"articleBody\">\n<h3 class=\"firstPara\">\n<strong class=\"autotag\">Arsenal<\/strong> continueraient d&rsquo;\u00e9valuer la possibilit\u00e9 de vendre <strong class=\"autotag\">\u00c9mile Smith Rowe<\/strong> cet \u00e9t\u00e9.<\/h3>\n<p>Il fut un temps au cours de la campagne 2021-22 o\u00f9 Smith Rowe \u00e9tait consid\u00e9r\u00e9 comme l\u2019un des acteurs cl\u00e9s de <strong class=\"autotag\">Mikel Arteta<\/strong>l&rsquo;\u00e9quipe.<\/p>\n<p>Dix buts et deux passes d\u00e9cisives ont \u00e9t\u00e9 inscrits en 33 matches de Premier League au cours de cette campagne particuli\u00e8re, mais des blessures persistantes ont emp\u00each\u00e9 l&rsquo;international anglais de progresser davantage dans sa carri\u00e8re.<\/p>\n<p>Smith Rowe n\u2019a accumul\u00e9 que 577 minutes de football depuis le d\u00e9but de 2022-23, ce temps de jeu \u00e9tant r\u00e9parti sur jusqu\u2019\u00e0 28 apparitions dans toutes les comp\u00e9titions.<\/p>\n<p>Cela montre \u00e0 quel point Smith Rowe a \u00e9t\u00e9 largement limit\u00e9 aux sorties de remplacement et il n\u2019a effectu\u00e9 que deux d\u00e9parts en Premier League au cours de la campagne en cours.<\/p>\n<p class=\"imgI\">\n<p>Bien que le plus r\u00e9cent d&rsquo;entre eux ait eu lieu le 30 janvier, le joueur de 23 ans n&rsquo;a pas jou\u00e9 depuis, restant un rempla\u00e7ant inutilis\u00e9 contre Liverpool et ratant la victoire 6-0 contre West Ham United en raison d&rsquo;une blessure.<\/p>\n<p>L&rsquo;attaquant polyvalent a souffert d&rsquo;un probl\u00e8me \u00e0 la cheville lors de l&rsquo;entra\u00eenement dans les jours pr\u00e9c\u00e9dant ce match, mais cela ne semble pas suffisamment grave pour le tenir \u00e0 l&rsquo;\u00e9cart \u00e0 long terme.<\/p>\n<p>N\u00e9anmoins, selon <em>Initi\u00e9 au football<\/em>Smith Rowe reste dans la r\u00e9flexion d&rsquo;Arsenal alors qu&rsquo;ils r\u00e9fl\u00e9chissent \u00e0 la mani\u00e8re de renforcer leur position FFP.<\/p>\n<p>Leur besoin de rester du bon c\u00f4t\u00e9 des r\u00e9glementations sur les b\u00e9n\u00e9fices et la durabilit\u00e9 de la Premier League signifiait qu&rsquo;Arteta n&rsquo;a pas ajout\u00e9 \u00e0 son \u00e9quipe en janvier.<\/p>\n<p class=\"imgI\"><img decoding=\"async\" loading=\"lazy\" class=\"l\" src=\"https:\/\/footdavant.fr\/actualites\/wp-content\/uploads\/2024\/02\/Arsenal-envisage-la-vente-dEmile-Smith-Rowe-cet-ete.jpg\" title=\"Mikel Arteta, manager d'Arsenal, photographi\u00e9 le 7 janvier 2024\" alt=\"Mikel Arteta, manager d'Arsenal, photographi\u00e9 le 7 janvier 2024\" width=\"640\" height=\"480\"><\/p>\n<p>Vendre Smith Rowe entra\u00eenerait une am\u00e9lioration substantielle de leur situation financi\u00e8re gr\u00e2ce au fait que le joueur est dipl\u00f4m\u00e9 de l&rsquo;acad\u00e9mie et capable de g\u00e9n\u00e9rer de purs profits.<\/p>\n<p>Le rapport sugg\u00e8re qu&rsquo;Arsenal se concentre sur la r\u00e9alisation de signatures plus notables s&rsquo;il est capable de se donner plus de latitude sur le march\u00e9 des transferts.<\/p>\n<p>Smith Rowe pourrait \u00e9galement envisager un transfert ailleurs pour relancer sa carri\u00e8re, malgr\u00e9 ses affinit\u00e9s avec les Gunners qu&rsquo;il a rejoint en 2010.<\/p>\n<p>Dans l\u2019\u00e9tat actuel des choses, son contrat doit expirer en 2026, les deux parties se dirigeant vers une p\u00e9riode o\u00f9 des d\u00e9cisions devront \u00eatre prises sur son avenir.<\/p>\n<\/div>\n","protected":false},"excerpt":{"rendered":"<p>Arsenal envisagerait davantage de tirer profit d\u2019Emile Smith Rowe pendant le mercato estival. Arsenal continueraient d&rsquo;\u00e9valuer la possibilit\u00e9 de vendre \u00c9mile Smith Rowe cet \u00e9t\u00e9.<\/p>\n","protected":false},"author":1,"featured_media":5241,"comment_status":"closed","ping_status":"","sticky":false,"template":"","format":"standard","meta":{"footnotes":""},"categories":[5],"tags":[67,775,3741,496,776,2146,2145,3740],"yoast_head":"<!-- This site is optimized with the Yoast SEO plugin v21.0 - https:\/\/yoast.com\/wordpress\/plugins\/seo\/ -->\n<title>Arsenal &quot;envisage la vente d&#039;Emile Smith Rowe cet \u00e9t\u00e9&quot;<\/title>\n<meta name=\"robots\" content=\"index, follow, max-snippet:-1, max-image-preview:large, max-video-preview:-1\" \/>\n<link rel=\"canonical\" href=\"https:\/\/footdavant.fr\/actualites\/arsenal-envisage-la-vente-demile-smith-rowe-cet-ete\/\" \/>\n<meta property=\"og:locale\" content=\"fr_FR\" \/>\n<meta property=\"og:type\" content=\"article\" \/>\n<meta property=\"og:title\" content=\"Arsenal &quot;envisage la vente d&#039;Emile Smith Rowe cet \u00e9t\u00e9&quot;\" \/>\n<meta property=\"og:description\" content=\"Arsenal envisagerait davantage de tirer profit d\u2019Emile Smith Rowe pendant le mercato estival. Arsenal continueraient d&rsquo;\u00e9valuer la possibilit\u00e9 de vendre \u00c9mile Smith Rowe cet \u00e9t\u00e9.\" \/>\n<meta property=\"og:url\" content=\"https:\/\/footdavant.fr\/actualites\/arsenal-envisage-la-vente-demile-smith-rowe-cet-ete\/\" \/>\n<meta property=\"og:site_name\" content=\"Foot d&#039;avant\" \/>\n<meta property=\"article:publisher\" content=\"https:\/\/www.facebook.com\/Footdavant\/\" \/>\n<meta property=\"article:published_time\" content=\"2024-02-18T17:48:04+00:00\" \/>\n<meta property=\"article:modified_time\" content=\"2024-02-18T17:48:05+00:00\" \/>\n<meta property=\"og:image\" content=\"https:\/\/footdavant.fr\/actualites\/wp-content\/uploads\/2024\/02\/Arsenal-envisage-la-vente-dEmile-Smith-Rowe-cet-ete.jpeg\" \/>\n\t<meta property=\"og:image:width\" content=\"640\" \/>\n\t<meta property=\"og:image:height\" content=\"480\" \/>\n\t<meta property=\"og:image:type\" content=\"image\/jpeg\" \/>\n<meta name=\"author\" content=\"Cl\u00e9ment\" \/>\n<meta name=\"twitter:card\" content=\"summary_large_image\" \/>\n<meta name=\"twitter:creator\" content=\"@FootdavantFr\" \/>\n<meta name=\"twitter:site\" content=\"@FootdavantFr\" \/>\n<meta name=\"twitter:label1\" content=\"\u00c9crit par\" \/>\n\t<meta name=\"twitter:data1\" content=\"Cl\u00e9ment\" \/>\n\t<meta name=\"twitter:label2\" content=\"Dur\u00e9e de lecture estim\u00e9e\" \/>\n\t<meta name=\"twitter:data2\" content=\"2 minutes\" \/>\n<script type=\"application\/ld+json\" class=\"yoast-schema-graph\">{\"@context\":\"https:\/\/schema.org\",\"@graph\":[{\"@type\":\"Article\",\"@id\":\"https:\/\/footdavant.fr\/actualites\/arsenal-envisage-la-vente-demile-smith-rowe-cet-ete\/#article\",\"isPartOf\":{\"@id\":\"https:\/\/footdavant.fr\/actualites\/arsenal-envisage-la-vente-demile-smith-rowe-cet-ete\/\"},\"author\":{\"name\":\"Cl\u00e9ment\",\"@id\":\"https:\/\/footdavant.fr\/actualites\/#\/schema\/person\/bc222566d95871b37e597b3ed3ba5e1d\"},\"headline\":\"Arsenal \u00ab\u00a0envisage la vente d&rsquo;Emile Smith Rowe cet \u00e9t\u00e9\u00a0\u00bb\",\"datePublished\":\"2024-02-18T17:48:04+00:00\",\"dateModified\":\"2024-02-18T17:48:05+00:00\",\"mainEntityOfPage\":{\"@id\":\"https:\/\/footdavant.fr\/actualites\/arsenal-envisage-la-vente-demile-smith-rowe-cet-ete\/\"},\"wordCount\":417,\"publisher\":{\"@id\":\"https:\/\/footdavant.fr\/actualites\/#organization\"},\"keywords\":[\"Arsenal\",\"cet\",\"dEmile\",\"envisage\",\"\u00e9t\u00e9\",\"Rowe\",\"Smith\",\"vente\"],\"articleSection\":[\"Premier League\"],\"inLanguage\":\"fr-FR\"},{\"@type\":\"WebPage\",\"@id\":\"https:\/\/footdavant.fr\/actualites\/arsenal-envisage-la-vente-demile-smith-rowe-cet-ete\/\",\"url\":\"https:\/\/footdavant.fr\/actualites\/arsenal-envisage-la-vente-demile-smith-rowe-cet-ete\/\",\"name\":\"Arsenal \\\"envisage la vente d'Emile Smith Rowe cet \u00e9t\u00e9\\\"\",\"isPartOf\":{\"@id\":\"https:\/\/footdavant.fr\/actualites\/#website\"},\"datePublished\":\"2024-02-18T17:48:04+00:00\",\"dateModified\":\"2024-02-18T17:48:05+00:00\",\"breadcrumb\":{\"@id\":\"https:\/\/footdavant.fr\/actualites\/arsenal-envisage-la-vente-demile-smith-rowe-cet-ete\/#breadcrumb\"},\"inLanguage\":\"fr-FR\",\"potentialAction\":[{\"@type\":\"ReadAction\",\"target\":[\"https:\/\/footdavant.fr\/actualites\/arsenal-envisage-la-vente-demile-smith-rowe-cet-ete\/\"]}]},{\"@type\":\"BreadcrumbList\",\"@id\":\"https:\/\/footdavant.fr\/actualites\/arsenal-envisage-la-vente-demile-smith-rowe-cet-ete\/#breadcrumb\",\"itemListElement\":[{\"@type\":\"ListItem\",\"position\":1,\"name\":\"Accueil\",\"item\":\"https:\/\/footdavant.fr\/actualites\/\"},{\"@type\":\"ListItem\",\"position\":2,\"name\":\"Arsenal \u00ab\u00a0envisage la vente d&rsquo;Emile Smith Rowe cet \u00e9t\u00e9\u00a0\u00bb\"}]},{\"@type\":\"WebSite\",\"@id\":\"https:\/\/footdavant.fr\/actualites\/#website\",\"url\":\"https:\/\/footdavant.fr\/actualites\/\",\"name\":\"Foot d'avant\",\"description\":\"\",\"publisher\":{\"@id\":\"https:\/\/footdavant.fr\/actualites\/#organization\"},\"potentialAction\":[{\"@type\":\"SearchAction\",\"target\":{\"@type\":\"EntryPoint\",\"urlTemplate\":\"https:\/\/footdavant.fr\/actualites\/?s={search_term_string}\"},\"query-input\":\"required name=search_term_string\"}],\"inLanguage\":\"fr-FR\"},{\"@type\":\"Organization\",\"@id\":\"https:\/\/footdavant.fr\/actualites\/#organization\",\"name\":\"Foot d'avant\",\"url\":\"https:\/\/footdavant.fr\/actualites\/\",\"logo\":{\"@type\":\"ImageObject\",\"inLanguage\":\"fr-FR\",\"@id\":\"https:\/\/footdavant.fr\/actualites\/#\/schema\/logo\/image\/\",\"url\":\"https:\/\/footdavant.fr\/actualites\/wp-content\/uploads\/2023\/09\/Copy-of-FootDavant-Logo.png\",\"contentUrl\":\"https:\/\/footdavant.fr\/actualites\/wp-content\/uploads\/2023\/09\/Copy-of-FootDavant-Logo.png\",\"width\":936,\"height\":549,\"caption\":\"Foot d'avant\"},\"image\":{\"@id\":\"https:\/\/footdavant.fr\/actualites\/#\/schema\/logo\/image\/\"},\"sameAs\":[\"https:\/\/www.facebook.com\/Footdavant\/\",\"https:\/\/twitter.com\/FootdavantFr\",\"https:\/\/www.instagram.com\/footdavant.fr\/\"]},{\"@type\":\"Person\",\"@id\":\"https:\/\/footdavant.fr\/actualites\/#\/schema\/person\/bc222566d95871b37e597b3ed3ba5e1d\",\"name\":\"Cl\u00e9ment\",\"image\":{\"@type\":\"ImageObject\",\"inLanguage\":\"fr-FR\",\"@id\":\"https:\/\/footdavant.fr\/actualites\/#\/schema\/person\/image\/\",\"url\":\"https:\/\/secure.gravatar.com\/avatar\/7728b29aac2719421e1a9159b2254c44?s=96&d=mm&r=g\",\"contentUrl\":\"https:\/\/secure.gravatar.com\/avatar\/7728b29aac2719421e1a9159b2254c44?s=96&d=mm&r=g\",\"caption\":\"Cl\u00e9ment\"},\"sameAs\":[\"https:\/\/footdavant.fr\/\"]}]}<\/script>\n<!-- \/ Yoast SEO plugin. -->","yoast_head_json":{"title":"Arsenal \"envisage la vente d'Emile Smith Rowe cet \u00e9t\u00e9\"","robots":{"index":"index","follow":"follow","max-snippet":"max-snippet:-1","max-image-preview":"max-image-preview:large","max-video-preview":"max-video-preview:-1"},"canonical":"https:\/\/footdavant.fr\/actualites\/arsenal-envisage-la-vente-demile-smith-rowe-cet-ete\/","og_locale":"fr_FR","og_type":"article","og_title":"Arsenal \"envisage la vente d'Emile Smith Rowe cet \u00e9t\u00e9\"","og_description":"Arsenal envisagerait davantage de tirer profit d\u2019Emile Smith Rowe pendant le mercato estival. Arsenal continueraient d&rsquo;\u00e9valuer la possibilit\u00e9 de vendre \u00c9mile Smith Rowe cet \u00e9t\u00e9.","og_url":"https:\/\/footdavant.fr\/actualites\/arsenal-envisage-la-vente-demile-smith-rowe-cet-ete\/","og_site_name":"Foot d&#039;avant","article_publisher":"https:\/\/www.facebook.com\/Footdavant\/","article_published_time":"2024-02-18T17:48:04+00:00","article_modified_time":"2024-02-18T17:48:05+00:00","og_image":[{"width":640,"height":480,"url":"https:\/\/footdavant.fr\/actualites\/wp-content\/uploads\/2024\/02\/Arsenal-envisage-la-vente-dEmile-Smith-Rowe-cet-ete.jpeg","type":"image\/jpeg"}],"author":"Cl\u00e9ment","twitter_card":"summary_large_image","twitter_creator":"@FootdavantFr","twitter_site":"@FootdavantFr","twitter_misc":{"\u00c9crit par":"Cl\u00e9ment","Dur\u00e9e de lecture estim\u00e9e":"2 minutes"},"schema":{"@context":"https:\/\/schema.org","@graph":[{"@type":"Article","@id":"https:\/\/footdavant.fr\/actualites\/arsenal-envisage-la-vente-demile-smith-rowe-cet-ete\/#article","isPartOf":{"@id":"https:\/\/footdavant.fr\/actualites\/arsenal-envisage-la-vente-demile-smith-rowe-cet-ete\/"},"author":{"name":"Cl\u00e9ment","@id":"https:\/\/footdavant.fr\/actualites\/#\/schema\/person\/bc222566d95871b37e597b3ed3ba5e1d"},"headline":"Arsenal \u00ab\u00a0envisage la vente d&rsquo;Emile Smith Rowe cet \u00e9t\u00e9\u00a0\u00bb","datePublished":"2024-02-18T17:48:04+00:00","dateModified":"2024-02-18T17:48:05+00:00","mainEntityOfPage":{"@id":"https:\/\/footdavant.fr\/actualites\/arsenal-envisage-la-vente-demile-smith-rowe-cet-ete\/"},"wordCount":417,"publisher":{"@id":"https:\/\/footdavant.fr\/actualites\/#organization"},"keywords":["Arsenal","cet","dEmile","envisage","\u00e9t\u00e9","Rowe","Smith","vente"],"articleSection":["Premier League"],"inLanguage":"fr-FR"},{"@type":"WebPage","@id":"https:\/\/footdavant.fr\/actualites\/arsenal-envisage-la-vente-demile-smith-rowe-cet-ete\/","url":"https:\/\/footdavant.fr\/actualites\/arsenal-envisage-la-vente-demile-smith-rowe-cet-ete\/","name":"Arsenal \"envisage la vente d'Emile Smith Rowe cet \u00e9t\u00e9\"","isPartOf":{"@id":"https:\/\/footdavant.fr\/actualites\/#website"},"datePublished":"2024-02-18T17:48:04+00:00","dateModified":"2024-02-18T17:48:05+00:00","breadcrumb":{"@id":"https:\/\/footdavant.fr\/actualites\/arsenal-envisage-la-vente-demile-smith-rowe-cet-ete\/#breadcrumb"},"inLanguage":"fr-FR","potentialAction":[{"@type":"ReadAction","target":["https:\/\/footdavant.fr\/actualites\/arsenal-envisage-la-vente-demile-smith-rowe-cet-ete\/"]}]},{"@type":"BreadcrumbList","@id":"https:\/\/footdavant.fr\/actualites\/arsenal-envisage-la-vente-demile-smith-rowe-cet-ete\/#breadcrumb","itemListElement":[{"@type":"ListItem","position":1,"name":"Accueil","item":"https:\/\/footdavant.fr\/actualites\/"},{"@type":"ListItem","position":2,"name":"Arsenal \u00ab\u00a0envisage la vente d&rsquo;Emile Smith Rowe cet \u00e9t\u00e9\u00a0\u00bb"}]},{"@type":"WebSite","@id":"https:\/\/footdavant.fr\/actualites\/#website","url":"https:\/\/footdavant.fr\/actualites\/","name":"Foot d'avant","description":"","publisher":{"@id":"https:\/\/footdavant.fr\/actualites\/#organization"},"potentialAction":[{"@type":"SearchAction","target":{"@type":"EntryPoint","urlTemplate":"https:\/\/footdavant.fr\/actualites\/?s={search_term_string}"},"query-input":"required name=search_term_string"}],"inLanguage":"fr-FR"},{"@type":"Organization","@id":"https:\/\/footdavant.fr\/actualites\/#organization","name":"Foot d'avant","url":"https:\/\/footdavant.fr\/actualites\/","logo":{"@type":"ImageObject","inLanguage":"fr-FR","@id":"https:\/\/footdavant.fr\/actualites\/#\/schema\/logo\/image\/","url":"https:\/\/footdavant.fr\/actualites\/wp-content\/uploads\/2023\/09\/Copy-of-FootDavant-Logo.png","contentUrl":"https:\/\/footdavant.fr\/actualites\/wp-content\/uploads\/2023\/09\/Copy-of-FootDavant-Logo.png","width":936,"height":549,"caption":"Foot d'avant"},"image":{"@id":"https:\/\/footdavant.fr\/actualites\/#\/schema\/logo\/image\/"},"sameAs":["https:\/\/www.facebook.com\/Footdavant\/","https:\/\/twitter.com\/FootdavantFr","https:\/\/www.instagram.com\/footdavant.fr\/"]},{"@type":"Person","@id":"https:\/\/footdavant.fr\/actualites\/#\/schema\/person\/bc222566d95871b37e597b3ed3ba5e1d","name":"Cl\u00e9ment","image":{"@type":"ImageObject","inLanguage":"fr-FR","@id":"https:\/\/footdavant.fr\/actualites\/#\/schema\/person\/image\/","url":"https:\/\/secure.gravatar.com\/avatar\/7728b29aac2719421e1a9159b2254c44?s=96&d=mm&r=g","contentUrl":"https:\/\/secure.gravatar.com\/avatar\/7728b29aac2719421e1a9159b2254c44?s=96&d=mm&r=g","caption":"Cl\u00e9ment"},"sameAs":["https:\/\/footdavant.fr\/"]}]}},"_links":{"self":[{"href":"https:\/\/footdavant.fr\/actualites\/wp-json\/wp\/v2\/posts\/5240"}],"collection":[{"href":"https:\/\/footdavant.fr\/actualites\/wp-json\/wp\/v2\/posts"}],"about":[{"href":"https:\/\/footdavant.fr\/actualites\/wp-json\/wp\/v2\/types\/post"}],"author":[{"embeddable":true,"href":"https:\/\/footdavant.fr\/actualites\/wp-json\/wp\/v2\/users\/1"}],"replies":[{"embeddable":true,"href":"https:\/\/footdavant.fr\/actualites\/wp-json\/wp\/v2\/comments?post=5240"}],"version-history":[{"count":1,"href":"https:\/\/footdavant.fr\/actualites\/wp-json\/wp\/v2\/posts\/5240\/revisions"}],"predecessor-version":[{"id":5242,"href":"https:\/\/footdavant.fr\/actualites\/wp-json\/wp\/v2\/posts\/5240\/revisions\/5242"}],"wp:featuredmedia":[{"embeddable":true,"href":"https:\/\/footdavant.fr\/actualites\/wp-json\/wp\/v2\/media\/5241"}],"wp:attachment":[{"href":"https:\/\/footdavant.fr\/actualites\/wp-json\/wp\/v2\/media?parent=5240"}],"wp:term":[{"taxonomy":"category","embeddable":true,"href":"https:\/\/footdavant.fr\/actualites\/wp-json\/wp\/v2\/categories?post=5240"},{"taxonomy":"post_tag","embeddable":true,"href":"https:\/\/footdavant.fr\/actualites\/wp-json\/wp\/v2\/tags?post=5240"}],"curies":[{"name":"wp","href":"https:\/\/api.w.org\/{rel}","templated":true}]}}