{"id":5249,"date":"2024-02-18T22:49:47","date_gmt":"2024-02-18T21:49:47","guid":{"rendered":"https:\/\/footdavant.fr\/actualites\/brentford-signe-igor-thiago-du-club-de-bruges\/"},"modified":"2024-02-18T22:49:48","modified_gmt":"2024-02-18T21:49:48","slug":"brentford-signe-igor-thiago-du-club-de-bruges","status":"publish","type":"post","link":"https:\/\/footdavant.fr\/actualites\/brentford-signe-igor-thiago-du-club-de-bruges\/","title":{"rendered":"Brentford signe Igor Thiago du Club de Bruges"},"content":{"rendered":"<p>Brentford annonce qu&rsquo;il recrutera l&rsquo;attaquant br\u00e9silien Igor Thiago du Club de Bruges lors de l&rsquo;ouverture de la fen\u00eatre de transfert le 1er juillet.<\/p>\n<div id=\"article_body\" itemprop=\"articleBody\">\n<h3 class=\"firstPara\">\n<strong class=\"autotag\">Brentford<\/strong> ont annonc\u00e9 la signature de forward <strong class=\"autotag\">Igor Thiago<\/strong> depuis <strong class=\"autotag\">Club de Bruges<\/strong>.<\/h3>\n<p>Les Bees ont conclu un accord avec la partie belge pour recruter l&rsquo;attaquant br\u00e9silien pour un montant record d&rsquo;environ 30 millions de livres sterling.<\/p>\n<p>Thiago a sign\u00e9 un contrat de cinq ans avec le club de Premier League, qui comprend une option de prolongation de 12 mois suppl\u00e9mentaires.<\/p>\n<p>Le joueur de 22 ans terminera le reste de la saison avec le Club de Bruges avant de rejoindre ses nouveaux co\u00e9quipiers de Brentford avant la campagne 2024-25.<\/p>\n<blockquote class=\"twitter-tweet\">\n<p lang=\"en\" dir=\"ltr\">Nous sommes ravis d&rsquo;annoncer la signature de l&rsquo;attaquant Igor Thiago du Club de Bruges \ud83d\ude4c<\/p>\n<p>\u270d Le Br\u00e9silien a sign\u00e9 un contrat de cinq ans et nous rejoindra le 1er juillet<\/p>\n<p>\u2013 Brentford FC (@BrentfordFC) <a rel=\"nofollow\" href=\"https:\/\/twitter.com\/BrentfordFC\/status\/1757827313012502666?ref_src=twsrc%5Etfw\">14 f\u00e9vrier 2024<\/a>\n<\/p><\/blockquote>\n<p>\u00ab\u00a0Je suis tr\u00e8s heureux que nous ayons \u00e9t\u00e9 proactifs en tant que club\u00a0\u00bb, a d\u00e9clar\u00e9 l&rsquo;entra\u00eeneur-chef de Brentford. <strong class=\"autotag\">Thomas Franck<\/strong> a d\u00e9clar\u00e9 sur le site officiel du club.<\/p>\n<p>\u00ab\u00a0Un grand m\u00e9rite \u00e0 <strong class=\"autotag\">Matthieu Benham<\/strong>, <strong class=\"autotag\">Phil Gilles<\/strong> et <strong class=\"autotag\">Lee Dykes<\/strong> pour le travail acharn\u00e9 qu&rsquo;ils ont accompli.  Nous sommes en avance sur la courbe.  Nous avons recrut\u00e9 un joueur cl\u00e9 pour un poste cl\u00e9.<\/p>\n<p>\u00ab\u00a0Thiago est un attaquant tr\u00e8s excitant qui correspond \u00e0 son r\u00f4le dans notre \u00e9quipe. Il travaille dur et est un tr\u00e8s bon joueur de pressing. Il est \u00e9galement une pr\u00e9sence physique, tr\u00e8s bon dans la surface et peut lier le jeu.<\/p>\n<p>\u00ab\u00a0Il progresse bien dans le championnat belge, il y a donc un gros potentiel et nous avons h\u00e2te de le voir sous un maillot rouge et blanc.\u00a0\u00bb<\/p>\n<p class=\"imgI\">\n<p>L&rsquo;attaquant a d\u00e9but\u00e9 sa carri\u00e8re avec le club br\u00e9silien de Cruzeiro avant d&rsquo;effectuer un transfert vers le club bulgare de Ludogorets en 2022. <\/p>\n<p>Apr\u00e8s avoir marqu\u00e9 21 buts en 55 apparitions pour Ludogorets, Thiago a \u00e9t\u00e9 transf\u00e9r\u00e9 au Club de Bruges avant la campagne en cours.<\/p>\n<p>Thiago a continu\u00e9 \u00e0 trouver constamment le chemin des filets dans son nouvel environnement, apr\u00e8s avoir inscrit 26 buts en 40 matches de comp\u00e9tition cette saison.<\/p>\n<p>La nouvelle du transfert de l&rsquo;attaquant \u00e0 Brentford intervient dans un contexte d&rsquo;incertitude entourant l&rsquo;avenir \u00e0 long terme de l&rsquo;international anglais. <strong class=\"autotag\">Ivan Toney<\/strong>.<\/p>\n<p>Il reste moins de 18 mois de contrat au joueur de 27 ans, et Frank a r\u00e9cemment admis qu&rsquo;il \u00e9tait probable que l&rsquo;attaquant soit vendu cet \u00e9t\u00e9.<\/p>\n<\/div>\n<p><script async src=\"https:\/\/platform.twitter.com\/widgets.js\" charset=\"utf-8\"><\/script><\/p>\n","protected":false},"excerpt":{"rendered":"<p>Brentford annonce qu&rsquo;il recrutera l&rsquo;attaquant br\u00e9silien Igor Thiago du Club de Bruges lors de l&rsquo;ouverture de la fen\u00eatre de transfert le 1er juillet. Brentford ont<\/p>\n","protected":false},"author":1,"featured_media":5250,"comment_status":"closed","ping_status":"","sticky":false,"template":"","format":"standard","meta":{"footnotes":""},"categories":[5],"tags":[52,3743,333,3742,515,394],"yoast_head":"<!-- This site is optimized with the Yoast SEO plugin v21.0 - https:\/\/yoast.com\/wordpress\/plugins\/seo\/ -->\n<title>Brentford signe Igor Thiago du Club de Bruges<\/title>\n<meta name=\"robots\" content=\"index, follow, max-snippet:-1, max-image-preview:large, max-video-preview:-1\" \/>\n<link rel=\"canonical\" href=\"https:\/\/footdavant.fr\/actualites\/brentford-signe-igor-thiago-du-club-de-bruges\/\" \/>\n<meta property=\"og:locale\" content=\"fr_FR\" \/>\n<meta property=\"og:type\" content=\"article\" \/>\n<meta property=\"og:title\" content=\"Brentford signe Igor Thiago du Club de Bruges\" \/>\n<meta property=\"og:description\" content=\"Brentford annonce qu&rsquo;il recrutera l&rsquo;attaquant br\u00e9silien Igor Thiago du Club de Bruges lors de l&rsquo;ouverture de la fen\u00eatre de transfert le 1er juillet. Brentford ont\" \/>\n<meta property=\"og:url\" content=\"https:\/\/footdavant.fr\/actualites\/brentford-signe-igor-thiago-du-club-de-bruges\/\" \/>\n<meta property=\"og:site_name\" content=\"Foot d&#039;avant\" \/>\n<meta property=\"article:publisher\" content=\"https:\/\/www.facebook.com\/Footdavant\/\" \/>\n<meta property=\"article:published_time\" content=\"2024-02-18T21:49:47+00:00\" \/>\n<meta property=\"article:modified_time\" content=\"2024-02-18T21:49:48+00:00\" \/>\n<meta property=\"og:image\" content=\"https:\/\/footdavant.fr\/actualites\/wp-content\/uploads\/2024\/02\/Brentford-signe-Igor-Thiago-du-Club-de-Bruges.jpg\" \/>\n\t<meta property=\"og:image:width\" content=\"640\" \/>\n\t<meta property=\"og:image:height\" content=\"480\" \/>\n\t<meta property=\"og:image:type\" content=\"image\/jpeg\" \/>\n<meta name=\"author\" content=\"Cl\u00e9ment\" \/>\n<meta name=\"twitter:card\" content=\"summary_large_image\" \/>\n<meta name=\"twitter:creator\" content=\"@FootdavantFr\" \/>\n<meta name=\"twitter:site\" content=\"@FootdavantFr\" \/>\n<meta name=\"twitter:label1\" content=\"\u00c9crit par\" \/>\n\t<meta name=\"twitter:data1\" content=\"Cl\u00e9ment\" \/>\n\t<meta name=\"twitter:label2\" content=\"Dur\u00e9e de lecture estim\u00e9e\" \/>\n\t<meta name=\"twitter:data2\" content=\"2 minutes\" \/>\n<script type=\"application\/ld+json\" class=\"yoast-schema-graph\">{\"@context\":\"https:\/\/schema.org\",\"@graph\":[{\"@type\":\"Article\",\"@id\":\"https:\/\/footdavant.fr\/actualites\/brentford-signe-igor-thiago-du-club-de-bruges\/#article\",\"isPartOf\":{\"@id\":\"https:\/\/footdavant.fr\/actualites\/brentford-signe-igor-thiago-du-club-de-bruges\/\"},\"author\":{\"name\":\"Cl\u00e9ment\",\"@id\":\"https:\/\/footdavant.fr\/actualites\/#\/schema\/person\/bc222566d95871b37e597b3ed3ba5e1d\"},\"headline\":\"Brentford signe Igor Thiago du Club de Bruges\",\"datePublished\":\"2024-02-18T21:49:47+00:00\",\"dateModified\":\"2024-02-18T21:49:48+00:00\",\"mainEntityOfPage\":{\"@id\":\"https:\/\/footdavant.fr\/actualites\/brentford-signe-igor-thiago-du-club-de-bruges\/\"},\"wordCount\":417,\"publisher\":{\"@id\":\"https:\/\/footdavant.fr\/actualites\/#organization\"},\"keywords\":[\"Brentford\",\"Bruges\",\"club\",\"Igor\",\"signe\",\"Thiago\"],\"articleSection\":[\"Premier League\"],\"inLanguage\":\"fr-FR\"},{\"@type\":\"WebPage\",\"@id\":\"https:\/\/footdavant.fr\/actualites\/brentford-signe-igor-thiago-du-club-de-bruges\/\",\"url\":\"https:\/\/footdavant.fr\/actualites\/brentford-signe-igor-thiago-du-club-de-bruges\/\",\"name\":\"Brentford signe Igor Thiago du Club de Bruges\",\"isPartOf\":{\"@id\":\"https:\/\/footdavant.fr\/actualites\/#website\"},\"datePublished\":\"2024-02-18T21:49:47+00:00\",\"dateModified\":\"2024-02-18T21:49:48+00:00\",\"breadcrumb\":{\"@id\":\"https:\/\/footdavant.fr\/actualites\/brentford-signe-igor-thiago-du-club-de-bruges\/#breadcrumb\"},\"inLanguage\":\"fr-FR\",\"potentialAction\":[{\"@type\":\"ReadAction\",\"target\":[\"https:\/\/footdavant.fr\/actualites\/brentford-signe-igor-thiago-du-club-de-bruges\/\"]}]},{\"@type\":\"BreadcrumbList\",\"@id\":\"https:\/\/footdavant.fr\/actualites\/brentford-signe-igor-thiago-du-club-de-bruges\/#breadcrumb\",\"itemListElement\":[{\"@type\":\"ListItem\",\"position\":1,\"name\":\"Accueil\",\"item\":\"https:\/\/footdavant.fr\/actualites\/\"},{\"@type\":\"ListItem\",\"position\":2,\"name\":\"Brentford signe Igor Thiago du Club de Bruges\"}]},{\"@type\":\"WebSite\",\"@id\":\"https:\/\/footdavant.fr\/actualites\/#website\",\"url\":\"https:\/\/footdavant.fr\/actualites\/\",\"name\":\"Foot d'avant\",\"description\":\"\",\"publisher\":{\"@id\":\"https:\/\/footdavant.fr\/actualites\/#organization\"},\"potentialAction\":[{\"@type\":\"SearchAction\",\"target\":{\"@type\":\"EntryPoint\",\"urlTemplate\":\"https:\/\/footdavant.fr\/actualites\/?s={search_term_string}\"},\"query-input\":\"required name=search_term_string\"}],\"inLanguage\":\"fr-FR\"},{\"@type\":\"Organization\",\"@id\":\"https:\/\/footdavant.fr\/actualites\/#organization\",\"name\":\"Foot d'avant\",\"url\":\"https:\/\/footdavant.fr\/actualites\/\",\"logo\":{\"@type\":\"ImageObject\",\"inLanguage\":\"fr-FR\",\"@id\":\"https:\/\/footdavant.fr\/actualites\/#\/schema\/logo\/image\/\",\"url\":\"https:\/\/footdavant.fr\/actualites\/wp-content\/uploads\/2023\/09\/Copy-of-FootDavant-Logo.png\",\"contentUrl\":\"https:\/\/footdavant.fr\/actualites\/wp-content\/uploads\/2023\/09\/Copy-of-FootDavant-Logo.png\",\"width\":936,\"height\":549,\"caption\":\"Foot d'avant\"},\"image\":{\"@id\":\"https:\/\/footdavant.fr\/actualites\/#\/schema\/logo\/image\/\"},\"sameAs\":[\"https:\/\/www.facebook.com\/Footdavant\/\",\"https:\/\/twitter.com\/FootdavantFr\",\"https:\/\/www.instagram.com\/footdavant.fr\/\"]},{\"@type\":\"Person\",\"@id\":\"https:\/\/footdavant.fr\/actualites\/#\/schema\/person\/bc222566d95871b37e597b3ed3ba5e1d\",\"name\":\"Cl\u00e9ment\",\"image\":{\"@type\":\"ImageObject\",\"inLanguage\":\"fr-FR\",\"@id\":\"https:\/\/footdavant.fr\/actualites\/#\/schema\/person\/image\/\",\"url\":\"https:\/\/secure.gravatar.com\/avatar\/7728b29aac2719421e1a9159b2254c44?s=96&d=mm&r=g\",\"contentUrl\":\"https:\/\/secure.gravatar.com\/avatar\/7728b29aac2719421e1a9159b2254c44?s=96&d=mm&r=g\",\"caption\":\"Cl\u00e9ment\"},\"sameAs\":[\"https:\/\/footdavant.fr\/\"]}]}<\/script>\n<!-- \/ Yoast SEO plugin. -->","yoast_head_json":{"title":"Brentford signe Igor Thiago du Club de Bruges","robots":{"index":"index","follow":"follow","max-snippet":"max-snippet:-1","max-image-preview":"max-image-preview:large","max-video-preview":"max-video-preview:-1"},"canonical":"https:\/\/footdavant.fr\/actualites\/brentford-signe-igor-thiago-du-club-de-bruges\/","og_locale":"fr_FR","og_type":"article","og_title":"Brentford signe Igor Thiago du Club de Bruges","og_description":"Brentford annonce qu&rsquo;il recrutera l&rsquo;attaquant br\u00e9silien Igor Thiago du Club de Bruges lors de l&rsquo;ouverture de la fen\u00eatre de transfert le 1er juillet. Brentford ont","og_url":"https:\/\/footdavant.fr\/actualites\/brentford-signe-igor-thiago-du-club-de-bruges\/","og_site_name":"Foot d&#039;avant","article_publisher":"https:\/\/www.facebook.com\/Footdavant\/","article_published_time":"2024-02-18T21:49:47+00:00","article_modified_time":"2024-02-18T21:49:48+00:00","og_image":[{"width":640,"height":480,"url":"https:\/\/footdavant.fr\/actualites\/wp-content\/uploads\/2024\/02\/Brentford-signe-Igor-Thiago-du-Club-de-Bruges.jpg","type":"image\/jpeg"}],"author":"Cl\u00e9ment","twitter_card":"summary_large_image","twitter_creator":"@FootdavantFr","twitter_site":"@FootdavantFr","twitter_misc":{"\u00c9crit par":"Cl\u00e9ment","Dur\u00e9e de lecture estim\u00e9e":"2 minutes"},"schema":{"@context":"https:\/\/schema.org","@graph":[{"@type":"Article","@id":"https:\/\/footdavant.fr\/actualites\/brentford-signe-igor-thiago-du-club-de-bruges\/#article","isPartOf":{"@id":"https:\/\/footdavant.fr\/actualites\/brentford-signe-igor-thiago-du-club-de-bruges\/"},"author":{"name":"Cl\u00e9ment","@id":"https:\/\/footdavant.fr\/actualites\/#\/schema\/person\/bc222566d95871b37e597b3ed3ba5e1d"},"headline":"Brentford signe Igor Thiago du Club de Bruges","datePublished":"2024-02-18T21:49:47+00:00","dateModified":"2024-02-18T21:49:48+00:00","mainEntityOfPage":{"@id":"https:\/\/footdavant.fr\/actualites\/brentford-signe-igor-thiago-du-club-de-bruges\/"},"wordCount":417,"publisher":{"@id":"https:\/\/footdavant.fr\/actualites\/#organization"},"keywords":["Brentford","Bruges","club","Igor","signe","Thiago"],"articleSection":["Premier League"],"inLanguage":"fr-FR"},{"@type":"WebPage","@id":"https:\/\/footdavant.fr\/actualites\/brentford-signe-igor-thiago-du-club-de-bruges\/","url":"https:\/\/footdavant.fr\/actualites\/brentford-signe-igor-thiago-du-club-de-bruges\/","name":"Brentford signe Igor Thiago du Club de Bruges","isPartOf":{"@id":"https:\/\/footdavant.fr\/actualites\/#website"},"datePublished":"2024-02-18T21:49:47+00:00","dateModified":"2024-02-18T21:49:48+00:00","breadcrumb":{"@id":"https:\/\/footdavant.fr\/actualites\/brentford-signe-igor-thiago-du-club-de-bruges\/#breadcrumb"},"inLanguage":"fr-FR","potentialAction":[{"@type":"ReadAction","target":["https:\/\/footdavant.fr\/actualites\/brentford-signe-igor-thiago-du-club-de-bruges\/"]}]},{"@type":"BreadcrumbList","@id":"https:\/\/footdavant.fr\/actualites\/brentford-signe-igor-thiago-du-club-de-bruges\/#breadcrumb","itemListElement":[{"@type":"ListItem","position":1,"name":"Accueil","item":"https:\/\/footdavant.fr\/actualites\/"},{"@type":"ListItem","position":2,"name":"Brentford signe Igor Thiago du Club de Bruges"}]},{"@type":"WebSite","@id":"https:\/\/footdavant.fr\/actualites\/#website","url":"https:\/\/footdavant.fr\/actualites\/","name":"Foot d'avant","description":"","publisher":{"@id":"https:\/\/footdavant.fr\/actualites\/#organization"},"potentialAction":[{"@type":"SearchAction","target":{"@type":"EntryPoint","urlTemplate":"https:\/\/footdavant.fr\/actualites\/?s={search_term_string}"},"query-input":"required name=search_term_string"}],"inLanguage":"fr-FR"},{"@type":"Organization","@id":"https:\/\/footdavant.fr\/actualites\/#organization","name":"Foot d'avant","url":"https:\/\/footdavant.fr\/actualites\/","logo":{"@type":"ImageObject","inLanguage":"fr-FR","@id":"https:\/\/footdavant.fr\/actualites\/#\/schema\/logo\/image\/","url":"https:\/\/footdavant.fr\/actualites\/wp-content\/uploads\/2023\/09\/Copy-of-FootDavant-Logo.png","contentUrl":"https:\/\/footdavant.fr\/actualites\/wp-content\/uploads\/2023\/09\/Copy-of-FootDavant-Logo.png","width":936,"height":549,"caption":"Foot d'avant"},"image":{"@id":"https:\/\/footdavant.fr\/actualites\/#\/schema\/logo\/image\/"},"sameAs":["https:\/\/www.facebook.com\/Footdavant\/","https:\/\/twitter.com\/FootdavantFr","https:\/\/www.instagram.com\/footdavant.fr\/"]},{"@type":"Person","@id":"https:\/\/footdavant.fr\/actualites\/#\/schema\/person\/bc222566d95871b37e597b3ed3ba5e1d","name":"Cl\u00e9ment","image":{"@type":"ImageObject","inLanguage":"fr-FR","@id":"https:\/\/footdavant.fr\/actualites\/#\/schema\/person\/image\/","url":"https:\/\/secure.gravatar.com\/avatar\/7728b29aac2719421e1a9159b2254c44?s=96&d=mm&r=g","contentUrl":"https:\/\/secure.gravatar.com\/avatar\/7728b29aac2719421e1a9159b2254c44?s=96&d=mm&r=g","caption":"Cl\u00e9ment"},"sameAs":["https:\/\/footdavant.fr\/"]}]}},"_links":{"self":[{"href":"https:\/\/footdavant.fr\/actualites\/wp-json\/wp\/v2\/posts\/5249"}],"collection":[{"href":"https:\/\/footdavant.fr\/actualites\/wp-json\/wp\/v2\/posts"}],"about":[{"href":"https:\/\/footdavant.fr\/actualites\/wp-json\/wp\/v2\/types\/post"}],"author":[{"embeddable":true,"href":"https:\/\/footdavant.fr\/actualites\/wp-json\/wp\/v2\/users\/1"}],"replies":[{"embeddable":true,"href":"https:\/\/footdavant.fr\/actualites\/wp-json\/wp\/v2\/comments?post=5249"}],"version-history":[{"count":1,"href":"https:\/\/footdavant.fr\/actualites\/wp-json\/wp\/v2\/posts\/5249\/revisions"}],"predecessor-version":[{"id":5251,"href":"https:\/\/footdavant.fr\/actualites\/wp-json\/wp\/v2\/posts\/5249\/revisions\/5251"}],"wp:featuredmedia":[{"embeddable":true,"href":"https:\/\/footdavant.fr\/actualites\/wp-json\/wp\/v2\/media\/5250"}],"wp:attachment":[{"href":"https:\/\/footdavant.fr\/actualites\/wp-json\/wp\/v2\/media?parent=5249"}],"wp:term":[{"taxonomy":"category","embeddable":true,"href":"https:\/\/footdavant.fr\/actualites\/wp-json\/wp\/v2\/categories?post=5249"},{"taxonomy":"post_tag","embeddable":true,"href":"https:\/\/footdavant.fr\/actualites\/wp-json\/wp\/v2\/tags?post=5249"}],"curies":[{"name":"wp","href":"https:\/\/api.w.org\/{rel}","templated":true}]}}