{"id":5252,"date":"2024-02-19T00:48:15","date_gmt":"2024-02-18T23:48:15","guid":{"rendered":"https:\/\/footdavant.fr\/actualites\/mauricio-pochettino-a-besoin-que-cette-equipe-de-chelsea-joue-90-minutes-pas-19\/"},"modified":"2024-02-19T00:48:16","modified_gmt":"2024-02-18T23:48:16","slug":"mauricio-pochettino-a-besoin-que-cette-equipe-de-chelsea-joue-90-minutes-pas-19","status":"publish","type":"post","link":"https:\/\/footdavant.fr\/actualites\/mauricio-pochettino-a-besoin-que-cette-equipe-de-chelsea-joue-90-minutes-pas-19\/","title":{"rendered":"Mauricio Pochettino a besoin que cette \u00e9quipe de Chelsea joue 90 minutes, pas 19 \u2013"},"content":{"rendered":"<div id=\"mvp-content-main\">\n<p>Chelsea a gagn\u00e9 hier soir, mais Mauricio Pochettino ne se fait aucune illusion sur la performance globale.<\/p>\n<p>Les choses se sont am\u00e9lior\u00e9es en deuxi\u00e8me p\u00e9riode, mais la premi\u00e8re mi-temps a \u00e9t\u00e9 aussi mauvaise en attaque que celle que nous avons vue toute la saison.  Les Bleus ont accumul\u00e9 420 passes sans un seul tir cadr\u00e9.  C&rsquo;\u00e9tait absolument douloureux \u00e0 regarder.<\/p>\n<p>Apr\u00e8s le match, Pochettino a admis que c&rsquo;\u00e9tait \u00ab plat \u00bb et pas \u00e0 la hauteur de ses standards.  Lui et ses entra\u00eeneurs n&rsquo;\u00e9taient clairement pas satisfaits de ce qu&rsquo;ils ont vu :<\/p>\n<p>\u00ab En premi\u00e8re mi-temps, nous avons \u00e9t\u00e9 tellement d\u00e9\u00e7us.  La performance n&rsquo;\u00e9tait pas g\u00e9niale.  Nous \u00e9tions si lents et si plats et tr\u00e8s d\u00e9\u00e7us.<\/p>\n<p>\u00ab Nous sommes tous tr\u00e8s d\u00e9\u00e7us des 45 premi\u00e8res minutes, mais en seconde p\u00e9riode, nous avons commenc\u00e9 le match comme nous devrions commencer d\u00e8s la premi\u00e8re minute.  Mais au final, je pense que nous avons m\u00e9rit\u00e9 la victoire.<\/p>\n<p>Nous sommes heureux qu&rsquo;il voie ce que nous disons \u2013 mais ce qui est inqui\u00e9tant, c&rsquo;est qu&rsquo;il ne semble pas pouvoir faire quoi que ce soit \u00e0 ce sujet.  Il fait clairement de son mieux pour que le groupe se mobilise avant de sortir jouer, alors quel est le probl\u00e8me ?<\/p>\n<p>Nous ne pouvons pas croire qu&rsquo;il n&rsquo;est pas capable de les motiver \u2013 ils semblent tous l&rsquo;appr\u00e9cier et continuent de croire en lui.  Est-ce juste une question de nerfs ?  Ils sont capables de passer \u00e0 la vitesse sup\u00e9rieure.  Nous l\u2019avons vu en seconde p\u00e9riode hier soir et lors de tout le match contre Aston Villa la semaine derni\u00e8re.<\/p>\n<p>Alors pourquoi ne pouvons-nous pas voir cela \u00e0 chaque match ?  C&rsquo;est un casse-t\u00eate que Pochettino doit r\u00e9soudre, et bient\u00f4t.  Si nous jouons comme nous l&rsquo;avons fait en premi\u00e8re mi-temps contre Palace lorsque nous jouerons contre City samedi, nous serons d\u00e9chir\u00e9s et tous ceux qui ont des billets Man City contre Chelsea pourront le voir de leurs propres yeux.<\/p>\n<div class=\"feature-box\">Si vous souhaitez figurer sur Talk Chelsea.<\/div>\n<p>\t\t\t\t\t\t\t\t\t<!--mvp-post-tags--><\/p><\/div>\n","protected":false},"excerpt":{"rendered":"<p>Chelsea a gagn\u00e9 hier soir, mais Mauricio Pochettino ne se fait aucune illusion sur la performance globale. Les choses se sont am\u00e9lior\u00e9es en deuxi\u00e8me p\u00e9riode,<\/p>\n","protected":false},"author":1,"featured_media":4756,"comment_status":"closed","ping_status":"","sticky":false,"template":"","format":"standard","meta":{"footnotes":""},"categories":[3],"tags":[433,1222,171,28,1432,592,3587,71,47],"yoast_head":"<!-- This site is optimized with the Yoast SEO plugin v21.0 - https:\/\/yoast.com\/wordpress\/plugins\/seo\/ -->\n<title>Mauricio Pochettino a besoin que cette \u00e9quipe de Chelsea joue 90 minutes, pas 19 \u2013<\/title>\n<meta name=\"robots\" content=\"index, follow, max-snippet:-1, max-image-preview:large, max-video-preview:-1\" \/>\n<link rel=\"canonical\" href=\"https:\/\/footdavant.fr\/actualites\/mauricio-pochettino-a-besoin-que-cette-equipe-de-chelsea-joue-90-minutes-pas-19\/\" \/>\n<meta property=\"og:locale\" content=\"fr_FR\" \/>\n<meta property=\"og:type\" content=\"article\" \/>\n<meta property=\"og:title\" content=\"Mauricio Pochettino a besoin que cette \u00e9quipe de Chelsea joue 90 minutes, pas 19 \u2013\" \/>\n<meta property=\"og:description\" content=\"Chelsea a gagn\u00e9 hier soir, mais Mauricio Pochettino ne se fait aucune illusion sur la performance globale. Les choses se sont am\u00e9lior\u00e9es en deuxi\u00e8me p\u00e9riode,\" \/>\n<meta property=\"og:url\" content=\"https:\/\/footdavant.fr\/actualites\/mauricio-pochettino-a-besoin-que-cette-equipe-de-chelsea-joue-90-minutes-pas-19\/\" \/>\n<meta property=\"og:site_name\" content=\"Foot d&#039;avant\" \/>\n<meta property=\"article:publisher\" content=\"https:\/\/www.facebook.com\/Footdavant\/\" \/>\n<meta property=\"article:published_time\" content=\"2024-02-18T23:48:15+00:00\" \/>\n<meta property=\"article:modified_time\" content=\"2024-02-18T23:48:16+00:00\" \/>\n<meta property=\"og:image\" content=\"https:\/\/footdavant.fr\/actualites\/wp-content\/uploads\/2024\/02\/1707242048_Pochettino-devrait-probablement-y-aller-mais-les-autres-a-Chelsea.jpg\" \/>\n\t<meta property=\"og:image:width\" content=\"1600\" \/>\n\t<meta property=\"og:image:height\" content=\"960\" \/>\n\t<meta property=\"og:image:type\" content=\"image\/jpeg\" \/>\n<meta name=\"author\" content=\"Cl\u00e9ment\" \/>\n<meta name=\"twitter:card\" content=\"summary_large_image\" \/>\n<meta name=\"twitter:creator\" content=\"@FootdavantFr\" \/>\n<meta name=\"twitter:site\" content=\"@FootdavantFr\" \/>\n<meta name=\"twitter:label1\" content=\"\u00c9crit par\" \/>\n\t<meta name=\"twitter:data1\" content=\"Cl\u00e9ment\" \/>\n\t<meta name=\"twitter:label2\" content=\"Dur\u00e9e de lecture estim\u00e9e\" \/>\n\t<meta name=\"twitter:data2\" content=\"2 minutes\" \/>\n<script type=\"application\/ld+json\" class=\"yoast-schema-graph\">{\"@context\":\"https:\/\/schema.org\",\"@graph\":[{\"@type\":\"Article\",\"@id\":\"https:\/\/footdavant.fr\/actualites\/mauricio-pochettino-a-besoin-que-cette-equipe-de-chelsea-joue-90-minutes-pas-19\/#article\",\"isPartOf\":{\"@id\":\"https:\/\/footdavant.fr\/actualites\/mauricio-pochettino-a-besoin-que-cette-equipe-de-chelsea-joue-90-minutes-pas-19\/\"},\"author\":{\"name\":\"Cl\u00e9ment\",\"@id\":\"https:\/\/footdavant.fr\/actualites\/#\/schema\/person\/bc222566d95871b37e597b3ed3ba5e1d\"},\"headline\":\"Mauricio Pochettino a besoin que cette \u00e9quipe de Chelsea joue 90 minutes, pas 19 \u2013\",\"datePublished\":\"2024-02-18T23:48:15+00:00\",\"dateModified\":\"2024-02-18T23:48:16+00:00\",\"mainEntityOfPage\":{\"@id\":\"https:\/\/footdavant.fr\/actualites\/mauricio-pochettino-a-besoin-que-cette-equipe-de-chelsea-joue-90-minutes-pas-19\/\"},\"wordCount\":362,\"publisher\":{\"@id\":\"https:\/\/footdavant.fr\/actualites\/#organization\"},\"keywords\":[\"besoin\",\"cette\",\"Chelsea\",\"\u00c9quipe\",\"joue\",\"Mauricio\",\"minutes\",\"pas\",\"Pochettino\"],\"articleSection\":[\"Football\"],\"inLanguage\":\"fr-FR\"},{\"@type\":\"WebPage\",\"@id\":\"https:\/\/footdavant.fr\/actualites\/mauricio-pochettino-a-besoin-que-cette-equipe-de-chelsea-joue-90-minutes-pas-19\/\",\"url\":\"https:\/\/footdavant.fr\/actualites\/mauricio-pochettino-a-besoin-que-cette-equipe-de-chelsea-joue-90-minutes-pas-19\/\",\"name\":\"Mauricio Pochettino a besoin que cette \u00e9quipe de Chelsea joue 90 minutes, pas 19 \u2013\",\"isPartOf\":{\"@id\":\"https:\/\/footdavant.fr\/actualites\/#website\"},\"datePublished\":\"2024-02-18T23:48:15+00:00\",\"dateModified\":\"2024-02-18T23:48:16+00:00\",\"breadcrumb\":{\"@id\":\"https:\/\/footdavant.fr\/actualites\/mauricio-pochettino-a-besoin-que-cette-equipe-de-chelsea-joue-90-minutes-pas-19\/#breadcrumb\"},\"inLanguage\":\"fr-FR\",\"potentialAction\":[{\"@type\":\"ReadAction\",\"target\":[\"https:\/\/footdavant.fr\/actualites\/mauricio-pochettino-a-besoin-que-cette-equipe-de-chelsea-joue-90-minutes-pas-19\/\"]}]},{\"@type\":\"BreadcrumbList\",\"@id\":\"https:\/\/footdavant.fr\/actualites\/mauricio-pochettino-a-besoin-que-cette-equipe-de-chelsea-joue-90-minutes-pas-19\/#breadcrumb\",\"itemListElement\":[{\"@type\":\"ListItem\",\"position\":1,\"name\":\"Accueil\",\"item\":\"https:\/\/footdavant.fr\/actualites\/\"},{\"@type\":\"ListItem\",\"position\":2,\"name\":\"Mauricio Pochettino a besoin que cette \u00e9quipe de Chelsea joue 90 minutes, pas 19 \u2013\"}]},{\"@type\":\"WebSite\",\"@id\":\"https:\/\/footdavant.fr\/actualites\/#website\",\"url\":\"https:\/\/footdavant.fr\/actualites\/\",\"name\":\"Foot d'avant\",\"description\":\"\",\"publisher\":{\"@id\":\"https:\/\/footdavant.fr\/actualites\/#organization\"},\"potentialAction\":[{\"@type\":\"SearchAction\",\"target\":{\"@type\":\"EntryPoint\",\"urlTemplate\":\"https:\/\/footdavant.fr\/actualites\/?s={search_term_string}\"},\"query-input\":\"required name=search_term_string\"}],\"inLanguage\":\"fr-FR\"},{\"@type\":\"Organization\",\"@id\":\"https:\/\/footdavant.fr\/actualites\/#organization\",\"name\":\"Foot d'avant\",\"url\":\"https:\/\/footdavant.fr\/actualites\/\",\"logo\":{\"@type\":\"ImageObject\",\"inLanguage\":\"fr-FR\",\"@id\":\"https:\/\/footdavant.fr\/actualites\/#\/schema\/logo\/image\/\",\"url\":\"https:\/\/footdavant.fr\/actualites\/wp-content\/uploads\/2023\/09\/Copy-of-FootDavant-Logo.png\",\"contentUrl\":\"https:\/\/footdavant.fr\/actualites\/wp-content\/uploads\/2023\/09\/Copy-of-FootDavant-Logo.png\",\"width\":936,\"height\":549,\"caption\":\"Foot d'avant\"},\"image\":{\"@id\":\"https:\/\/footdavant.fr\/actualites\/#\/schema\/logo\/image\/\"},\"sameAs\":[\"https:\/\/www.facebook.com\/Footdavant\/\",\"https:\/\/twitter.com\/FootdavantFr\",\"https:\/\/www.instagram.com\/footdavant.fr\/\"]},{\"@type\":\"Person\",\"@id\":\"https:\/\/footdavant.fr\/actualites\/#\/schema\/person\/bc222566d95871b37e597b3ed3ba5e1d\",\"name\":\"Cl\u00e9ment\",\"image\":{\"@type\":\"ImageObject\",\"inLanguage\":\"fr-FR\",\"@id\":\"https:\/\/footdavant.fr\/actualites\/#\/schema\/person\/image\/\",\"url\":\"https:\/\/secure.gravatar.com\/avatar\/7728b29aac2719421e1a9159b2254c44?s=96&d=mm&r=g\",\"contentUrl\":\"https:\/\/secure.gravatar.com\/avatar\/7728b29aac2719421e1a9159b2254c44?s=96&d=mm&r=g\",\"caption\":\"Cl\u00e9ment\"},\"sameAs\":[\"https:\/\/footdavant.fr\/\"]}]}<\/script>\n<!-- \/ Yoast SEO plugin. -->","yoast_head_json":{"title":"Mauricio Pochettino a besoin que cette \u00e9quipe de Chelsea joue 90 minutes, pas 19 \u2013","robots":{"index":"index","follow":"follow","max-snippet":"max-snippet:-1","max-image-preview":"max-image-preview:large","max-video-preview":"max-video-preview:-1"},"canonical":"https:\/\/footdavant.fr\/actualites\/mauricio-pochettino-a-besoin-que-cette-equipe-de-chelsea-joue-90-minutes-pas-19\/","og_locale":"fr_FR","og_type":"article","og_title":"Mauricio Pochettino a besoin que cette \u00e9quipe de Chelsea joue 90 minutes, pas 19 \u2013","og_description":"Chelsea a gagn\u00e9 hier soir, mais Mauricio Pochettino ne se fait aucune illusion sur la performance globale. Les choses se sont am\u00e9lior\u00e9es en deuxi\u00e8me p\u00e9riode,","og_url":"https:\/\/footdavant.fr\/actualites\/mauricio-pochettino-a-besoin-que-cette-equipe-de-chelsea-joue-90-minutes-pas-19\/","og_site_name":"Foot d&#039;avant","article_publisher":"https:\/\/www.facebook.com\/Footdavant\/","article_published_time":"2024-02-18T23:48:15+00:00","article_modified_time":"2024-02-18T23:48:16+00:00","og_image":[{"width":1600,"height":960,"url":"https:\/\/footdavant.fr\/actualites\/wp-content\/uploads\/2024\/02\/1707242048_Pochettino-devrait-probablement-y-aller-mais-les-autres-a-Chelsea.jpg","type":"image\/jpeg"}],"author":"Cl\u00e9ment","twitter_card":"summary_large_image","twitter_creator":"@FootdavantFr","twitter_site":"@FootdavantFr","twitter_misc":{"\u00c9crit par":"Cl\u00e9ment","Dur\u00e9e de lecture estim\u00e9e":"2 minutes"},"schema":{"@context":"https:\/\/schema.org","@graph":[{"@type":"Article","@id":"https:\/\/footdavant.fr\/actualites\/mauricio-pochettino-a-besoin-que-cette-equipe-de-chelsea-joue-90-minutes-pas-19\/#article","isPartOf":{"@id":"https:\/\/footdavant.fr\/actualites\/mauricio-pochettino-a-besoin-que-cette-equipe-de-chelsea-joue-90-minutes-pas-19\/"},"author":{"name":"Cl\u00e9ment","@id":"https:\/\/footdavant.fr\/actualites\/#\/schema\/person\/bc222566d95871b37e597b3ed3ba5e1d"},"headline":"Mauricio Pochettino a besoin que cette \u00e9quipe de Chelsea joue 90 minutes, pas 19 \u2013","datePublished":"2024-02-18T23:48:15+00:00","dateModified":"2024-02-18T23:48:16+00:00","mainEntityOfPage":{"@id":"https:\/\/footdavant.fr\/actualites\/mauricio-pochettino-a-besoin-que-cette-equipe-de-chelsea-joue-90-minutes-pas-19\/"},"wordCount":362,"publisher":{"@id":"https:\/\/footdavant.fr\/actualites\/#organization"},"keywords":["besoin","cette","Chelsea","\u00c9quipe","joue","Mauricio","minutes","pas","Pochettino"],"articleSection":["Football"],"inLanguage":"fr-FR"},{"@type":"WebPage","@id":"https:\/\/footdavant.fr\/actualites\/mauricio-pochettino-a-besoin-que-cette-equipe-de-chelsea-joue-90-minutes-pas-19\/","url":"https:\/\/footdavant.fr\/actualites\/mauricio-pochettino-a-besoin-que-cette-equipe-de-chelsea-joue-90-minutes-pas-19\/","name":"Mauricio Pochettino a besoin que cette \u00e9quipe de Chelsea joue 90 minutes, pas 19 \u2013","isPartOf":{"@id":"https:\/\/footdavant.fr\/actualites\/#website"},"datePublished":"2024-02-18T23:48:15+00:00","dateModified":"2024-02-18T23:48:16+00:00","breadcrumb":{"@id":"https:\/\/footdavant.fr\/actualites\/mauricio-pochettino-a-besoin-que-cette-equipe-de-chelsea-joue-90-minutes-pas-19\/#breadcrumb"},"inLanguage":"fr-FR","potentialAction":[{"@type":"ReadAction","target":["https:\/\/footdavant.fr\/actualites\/mauricio-pochettino-a-besoin-que-cette-equipe-de-chelsea-joue-90-minutes-pas-19\/"]}]},{"@type":"BreadcrumbList","@id":"https:\/\/footdavant.fr\/actualites\/mauricio-pochettino-a-besoin-que-cette-equipe-de-chelsea-joue-90-minutes-pas-19\/#breadcrumb","itemListElement":[{"@type":"ListItem","position":1,"name":"Accueil","item":"https:\/\/footdavant.fr\/actualites\/"},{"@type":"ListItem","position":2,"name":"Mauricio Pochettino a besoin que cette \u00e9quipe de Chelsea joue 90 minutes, pas 19 \u2013"}]},{"@type":"WebSite","@id":"https:\/\/footdavant.fr\/actualites\/#website","url":"https:\/\/footdavant.fr\/actualites\/","name":"Foot d'avant","description":"","publisher":{"@id":"https:\/\/footdavant.fr\/actualites\/#organization"},"potentialAction":[{"@type":"SearchAction","target":{"@type":"EntryPoint","urlTemplate":"https:\/\/footdavant.fr\/actualites\/?s={search_term_string}"},"query-input":"required name=search_term_string"}],"inLanguage":"fr-FR"},{"@type":"Organization","@id":"https:\/\/footdavant.fr\/actualites\/#organization","name":"Foot d'avant","url":"https:\/\/footdavant.fr\/actualites\/","logo":{"@type":"ImageObject","inLanguage":"fr-FR","@id":"https:\/\/footdavant.fr\/actualites\/#\/schema\/logo\/image\/","url":"https:\/\/footdavant.fr\/actualites\/wp-content\/uploads\/2023\/09\/Copy-of-FootDavant-Logo.png","contentUrl":"https:\/\/footdavant.fr\/actualites\/wp-content\/uploads\/2023\/09\/Copy-of-FootDavant-Logo.png","width":936,"height":549,"caption":"Foot d'avant"},"image":{"@id":"https:\/\/footdavant.fr\/actualites\/#\/schema\/logo\/image\/"},"sameAs":["https:\/\/www.facebook.com\/Footdavant\/","https:\/\/twitter.com\/FootdavantFr","https:\/\/www.instagram.com\/footdavant.fr\/"]},{"@type":"Person","@id":"https:\/\/footdavant.fr\/actualites\/#\/schema\/person\/bc222566d95871b37e597b3ed3ba5e1d","name":"Cl\u00e9ment","image":{"@type":"ImageObject","inLanguage":"fr-FR","@id":"https:\/\/footdavant.fr\/actualites\/#\/schema\/person\/image\/","url":"https:\/\/secure.gravatar.com\/avatar\/7728b29aac2719421e1a9159b2254c44?s=96&d=mm&r=g","contentUrl":"https:\/\/secure.gravatar.com\/avatar\/7728b29aac2719421e1a9159b2254c44?s=96&d=mm&r=g","caption":"Cl\u00e9ment"},"sameAs":["https:\/\/footdavant.fr\/"]}]}},"_links":{"self":[{"href":"https:\/\/footdavant.fr\/actualites\/wp-json\/wp\/v2\/posts\/5252"}],"collection":[{"href":"https:\/\/footdavant.fr\/actualites\/wp-json\/wp\/v2\/posts"}],"about":[{"href":"https:\/\/footdavant.fr\/actualites\/wp-json\/wp\/v2\/types\/post"}],"author":[{"embeddable":true,"href":"https:\/\/footdavant.fr\/actualites\/wp-json\/wp\/v2\/users\/1"}],"replies":[{"embeddable":true,"href":"https:\/\/footdavant.fr\/actualites\/wp-json\/wp\/v2\/comments?post=5252"}],"version-history":[{"count":1,"href":"https:\/\/footdavant.fr\/actualites\/wp-json\/wp\/v2\/posts\/5252\/revisions"}],"predecessor-version":[{"id":5253,"href":"https:\/\/footdavant.fr\/actualites\/wp-json\/wp\/v2\/posts\/5252\/revisions\/5253"}],"wp:featuredmedia":[{"embeddable":true,"href":"https:\/\/footdavant.fr\/actualites\/wp-json\/wp\/v2\/media\/4756"}],"wp:attachment":[{"href":"https:\/\/footdavant.fr\/actualites\/wp-json\/wp\/v2\/media?parent=5252"}],"wp:term":[{"taxonomy":"category","embeddable":true,"href":"https:\/\/footdavant.fr\/actualites\/wp-json\/wp\/v2\/categories?post=5252"},{"taxonomy":"post_tag","embeddable":true,"href":"https:\/\/footdavant.fr\/actualites\/wp-json\/wp\/v2\/tags?post=5252"}],"curies":[{"name":"wp","href":"https:\/\/api.w.org\/{rel}","templated":true}]}}