{"id":5254,"date":"2024-02-19T01:50:50","date_gmt":"2024-02-19T00:50:50","guid":{"rendered":"https:\/\/footdavant.fr\/actualites\/actualites-de-lequipe-darsenal-blessure-liste-de-suspension-contre-porto\/"},"modified":"2024-03-11T18:03:38","modified_gmt":"2024-03-11T17:03:38","slug":"actualites-de-lequipe-darsenal-blessure-liste-de-suspension-contre-porto","status":"publish","type":"post","link":"https:\/\/footdavant.fr\/actualites\/actualites-de-lequipe-darsenal-blessure-liste-de-suspension-contre-porto\/","title":{"rendered":"Actualit\u00e9s de l&rsquo;\u00e9quipe d&rsquo;Arsenal : Blessure, liste de suspension contre Porto"},"content":{"rendered":"<p>Sports Mole r\u00e9sume toutes les derni\u00e8res nouvelles sur les blessures et les suspensions d&rsquo;Arsenal avant le match aller des huiti\u00e8mes de finale aller de la Ligue des champions mercredi avec Porto.<\/p>\n<div id=\"article_body\">\n<p class=\"firstPara\"><strong class=\"autotag\">Ligue des champions<\/strong> l\u2019action occupe une place centrale pour <strong class=\"autotag\">Arsenal<\/strong> mercredi soir, alors que les Gunners se rendront \u00e0 Porto pour le match aller des huiti\u00e8mes de finale.<\/p>\n<p>Apr\u00e8s avoir mis fin \u00e0 un exil de sept ans loin de la plus grande sc\u00e8ne d&rsquo;Europe, <strong class=\"autotag\">Mikel Arteta<\/strong>Les hommes de se sont qualifi\u00e9s pour les huiti\u00e8mes de finale gr\u00e2ce \u00e0 leur premi\u00e8re place dans le groupe B, en prenant 13 points sur 18 contre le PSV Eindhoven, Lens et S\u00e9ville.<\/p>\n<p>Arsenal reste \u00e9galement en lice pour un premier doubl\u00e9 en Premier League et en Ligue des champions, apr\u00e8s avoir battu Burnley 5-0 samedi pour rester \u00e0 seulement deux points du leader Liverpool \u00e0 la deuxi\u00e8me place du classement.<\/p>\n<p>Ici, <strong>Taupe de sport<\/strong> r\u00e9sume les derni\u00e8res nouvelles sur les blessures et les suspensions d&rsquo;Arsenal avant le match aller avec Porto, qui a termin\u00e9 deuxi\u00e8me du groupe H derri\u00e8re Barcelone.<\/p>\n<hr \/>\n<p><strong>Statut:<\/strong> Un doute majeur<br \/>\n<strong>Type de blessure :<\/strong> Veau<br \/>\n<strong>Date de retour possible :<\/strong> 21 f\u00e9vrier (contre Porto)<\/p>\n<p>Le dernier probl\u00e8me au mollet d&rsquo;Oleksandr Zinchenko le chagrine toujours, et n&rsquo;ayant pas r\u00e9ussi \u00e0 se qualifier pour le choc contre Burnley, le match aller de mercredi pourrait \u00e9galement arriver trop t\u00f4t pour l&rsquo;Ukrainien.<\/p>\n<hr \/>\n<p class=\"imgI\"><img decoding=\"async\" loading=\"lazy\" class=\"l\" title=\"Gabriel Jesus d'Arsenal c\u00e9l\u00e8bre son premier but le 28 janvier 2024\" src=\"https:\/\/footdavant.fr\/actualites\/wp-content\/uploads\/2024\/02\/1708303850_106_Actualites-de-lequipe-dArsenal-Blessure-liste-de-suspension-contre.JPG\" alt=\"Gabriel Jesus d'Arsenal c\u00e9l\u00e8bre son premier but le 28 janvier 2024\" width=\"640\" height=\"480\" \/><\/p>\n<p><strong>Statut:<\/strong> Un doute majeur<br \/>\n<strong>Type de blessure :<\/strong> Genou<br \/>\n<strong>Date de retour possible :<\/strong> 21 f\u00e9vrier (contre Porto)<\/p>\n<p>De m\u00eame, le probl\u00e8me au genou de Gabriel Jesus n&rsquo;a pas cess\u00e9 \u00e0 temps pour le week-end, et le redressement rapide signifie que l&rsquo;attaquant reste un doute majeur pour le voyage au Portugal, surtout compte tenu de ses ant\u00e9c\u00e9dents de probl\u00e8mes au genou.<\/p>\n<hr \/>\n<p class=\"imgI\"><img decoding=\"async\" loading=\"lazy\" class=\"l\" title=\"Takehiro Tomiyasu d'Arsenal c\u00e9l\u00e8bre son cinqui\u00e8me but le 28 octobre 2023\" src=\"https:\/\/footdavant.fr\/actualites\/wp-content\/uploads\/2024\/02\/1708303850_991_Actualites-de-lequipe-dArsenal-Blessure-liste-de-suspension-contre.JPG\" alt=\"Takehiro Tomiyasu d'Arsenal c\u00e9l\u00e8bre son cinqui\u00e8me but le 28 octobre 2023\" width=\"640\" height=\"480\" \/><\/p>\n<p><strong>Statut:<\/strong> Un doute majeur<br \/>\n<strong>Type de blessure :<\/strong> Frappe<br \/>\n<strong>Date de retour possible :<\/strong> 21 f\u00e9vrier (contre Porto)<\/p>\n<p>Takehiro Tomiyasu n&rsquo;a pas encore fait son retour national apr\u00e8s la Coupe d&rsquo;Asie en raison d&rsquo;un coup, et comme Arteta reste \u00e9galement discret sur la forme physique du d\u00e9fenseur, on ne sait pas s&rsquo;il sera en lice pour figurer mercredi.<\/p>\n<hr \/>\n<p class=\"imgI\"><img decoding=\"async\" loading=\"lazy\" class=\"l\" title=\"Jurrien Timber d'Arsenal sort bless\u00e9 le 12 ao\u00fbt 2023\" src=\"https:\/\/footdavant.fr\/actualites\/wp-content\/uploads\/2024\/02\/Actualites-de-lequipe-dArsenal-Blessure-liste-de-suspension-contre.jpg\" alt=\"Jurrien Timber d'Arsenal sort bless\u00e9 le 12 ao\u00fbt 2023\" width=\"640\" height=\"480\" \/><\/p>\n<p><strong>Statut:<\/strong> Dehors<br \/>\n<strong>Type de blessure :<\/strong> Genou<br \/>\n<strong>Date de retour possible :<\/strong> Inconnu<\/p>\n<p>Jurrien Timber a \u00e9t\u00e9 inclus dans l&rsquo;\u00e9quipe d&rsquo;Arsenal pour les huiti\u00e8mes de finale de la Ligue des champions, ce qui laisse esp\u00e9rer qu&rsquo;il sera de retour de sa blessure au LCA avant la fin de la saison, mais il est encore loin d&rsquo;un retour en \u00e9quipe premi\u00e8re.<\/p>\n<hr \/>\n<p class=\"imgI\"><img decoding=\"async\" loading=\"lazy\" class=\"l\" title=\"Thomas Partey en action pour Arsenal le 20 octobre 2022\" src=\"https:\/\/footdavant.fr\/actualites\/wp-content\/uploads\/2024\/02\/Actualites-de-lequipe-dArsenal-Blessure-liste-de-suspension-contre.jpeg\" alt=\"Thomas Partey en action pour Arsenal le 20 octobre 2022\" width=\"640\" height=\"480\" \/><\/p>\n<p><strong>Statut:<\/strong> Un doute majeur<br \/>\n<strong>Type de blessure :<\/strong> Cuisse<br \/>\n<strong>Date de retour possible :<\/strong> 21 f\u00e9vrier (contre Porto)<\/p>\n<p>Thomas Partey a pass\u00e9 pr\u00e8s de quatre mois sur le banc de touche en raison d&rsquo;une blessure \u00e0 la cuisse et d&rsquo;une op\u00e9ration qui a suivi, mais on pense qu&rsquo;il a une l\u00e9g\u00e8re chance de faire partie de l&rsquo;\u00e9quipe pour le match aller, apr\u00e8s avoir acc\u00e9l\u00e9r\u00e9 sa r\u00e9cup\u00e9ration apr\u00e8s un r\u00e9cent revers.<\/p>\n<hr \/>\n<p class=\"imgI\"><img decoding=\"async\" loading=\"lazy\" class=\"l\" title=\"Fabio Vieira d'Arsenal tombe bless\u00e9 le 6 octobre 2022\" src=\"https:\/\/footdavant.fr\/actualites\/wp-content\/uploads\/2024\/02\/1708303850_895_Actualites-de-lequipe-dArsenal-Blessure-liste-de-suspension-contre.jpeg\" alt=\"Fabio Vieira d'Arsenal tombe bless\u00e9 le 6 octobre 2022\" width=\"640\" height=\"480\" \/><\/p>\n<p><strong>Statut:<\/strong> Un doute majeur<br \/>\n<strong>Type de blessure :<\/strong> Aine<br \/>\n<strong>Date de retour possible :<\/strong> 21 f\u00e9vrier (contre Porto)<\/p>\n<p>De m\u00eame, Arteta a confirm\u00e9 que Fabio Vieira pourrait \u00eatre impliqu\u00e9 contre son ancien club cette semaine, alors que le meneur de jeu portugais entre dans les derni\u00e8res \u00e9tapes de sa r\u00e9\u00e9ducation suite \u00e0 une op\u00e9ration \u00e0 l&rsquo;aine.<\/p>\n<\/div>\n","protected":false},"excerpt":{"rendered":"<p>Sports Mole r\u00e9sume toutes les derni\u00e8res nouvelles sur les blessures et les suspensions d&rsquo;Arsenal avant le match aller des huiti\u00e8mes de finale aller de la<\/p>\n","protected":false},"author":1,"featured_media":5255,"comment_status":"closed","ping_status":"closed","sticky":false,"template":"","format":"standard","meta":{"footnotes":""},"categories":[4],"tags":[7,15,20,59,9,17,381,18],"yoast_head":"<!-- This site is optimized with the Yoast SEO plugin v21.0 - https:\/\/yoast.com\/wordpress\/plugins\/seo\/ -->\n<title>Actualit\u00e9s de l&#039;\u00e9quipe d&#039;Arsenal : Blessure, liste de suspension contre Porto<\/title>\n<meta name=\"robots\" content=\"index, follow, max-snippet:-1, max-image-preview:large, max-video-preview:-1\" \/>\n<link rel=\"canonical\" href=\"https:\/\/footdavant.fr\/actualites\/actualites-de-lequipe-darsenal-blessure-liste-de-suspension-contre-porto\/\" \/>\n<meta property=\"og:locale\" content=\"fr_FR\" \/>\n<meta property=\"og:type\" content=\"article\" \/>\n<meta property=\"og:title\" content=\"Actualit\u00e9s de l&#039;\u00e9quipe d&#039;Arsenal : Blessure, liste de suspension contre Porto\" \/>\n<meta property=\"og:description\" content=\"Sports Mole r\u00e9sume toutes les derni\u00e8res nouvelles sur les blessures et les suspensions d&rsquo;Arsenal avant le match aller des huiti\u00e8mes de finale aller de la\" \/>\n<meta property=\"og:url\" content=\"https:\/\/footdavant.fr\/actualites\/actualites-de-lequipe-darsenal-blessure-liste-de-suspension-contre-porto\/\" \/>\n<meta property=\"og:site_name\" content=\"Foot d&#039;avant\" \/>\n<meta property=\"article:publisher\" content=\"https:\/\/www.facebook.com\/Footdavant\/\" \/>\n<meta property=\"article:published_time\" content=\"2024-02-19T00:50:50+00:00\" \/>\n<meta property=\"article:modified_time\" content=\"2024-03-11T17:03:38+00:00\" \/>\n<meta property=\"og:image\" content=\"https:\/\/footdavant.fr\/actualites\/wp-content\/uploads\/2024\/02\/Actualites-de-lequipe-dArsenal-Blessure-liste-de-suspension-contre.JPG\" \/>\n\t<meta property=\"og:image:width\" content=\"640\" \/>\n\t<meta property=\"og:image:height\" content=\"480\" \/>\n\t<meta property=\"og:image:type\" content=\"image\/jpeg\" \/>\n<meta name=\"author\" content=\"Cl\u00e9ment\" \/>\n<meta name=\"twitter:card\" content=\"summary_large_image\" \/>\n<meta name=\"twitter:creator\" content=\"@FootdavantFr\" \/>\n<meta name=\"twitter:site\" content=\"@FootdavantFr\" \/>\n<meta name=\"twitter:label1\" content=\"\u00c9crit par\" \/>\n\t<meta name=\"twitter:data1\" content=\"Cl\u00e9ment\" \/>\n\t<meta name=\"twitter:label2\" content=\"Dur\u00e9e de lecture estim\u00e9e\" \/>\n\t<meta name=\"twitter:data2\" content=\"4 minutes\" \/>\n<script type=\"application\/ld+json\" class=\"yoast-schema-graph\">{\"@context\":\"https:\/\/schema.org\",\"@graph\":[{\"@type\":\"Article\",\"@id\":\"https:\/\/footdavant.fr\/actualites\/actualites-de-lequipe-darsenal-blessure-liste-de-suspension-contre-porto\/#article\",\"isPartOf\":{\"@id\":\"https:\/\/footdavant.fr\/actualites\/actualites-de-lequipe-darsenal-blessure-liste-de-suspension-contre-porto\/\"},\"author\":{\"name\":\"Cl\u00e9ment\",\"@id\":\"https:\/\/footdavant.fr\/actualites\/#\/schema\/person\/bc222566d95871b37e597b3ed3ba5e1d\"},\"headline\":\"Actualit\u00e9s de l&rsquo;\u00e9quipe d&rsquo;Arsenal : Blessure, liste de suspension contre Porto\",\"datePublished\":\"2024-02-19T00:50:50+00:00\",\"dateModified\":\"2024-03-11T17:03:38+00:00\",\"mainEntityOfPage\":{\"@id\":\"https:\/\/footdavant.fr\/actualites\/actualites-de-lequipe-darsenal-blessure-liste-de-suspension-contre-porto\/\"},\"wordCount\":571,\"publisher\":{\"@id\":\"https:\/\/footdavant.fr\/actualites\/#organization\"},\"keywords\":[\"Actualit\u00e9s\",\"Blessure\",\"contre\",\"dArsenal\",\"l\u00e9quipe\",\"liste\",\"Porto\",\"suspension\"],\"articleSection\":[\"Champions League\"],\"inLanguage\":\"fr-FR\"},{\"@type\":\"WebPage\",\"@id\":\"https:\/\/footdavant.fr\/actualites\/actualites-de-lequipe-darsenal-blessure-liste-de-suspension-contre-porto\/\",\"url\":\"https:\/\/footdavant.fr\/actualites\/actualites-de-lequipe-darsenal-blessure-liste-de-suspension-contre-porto\/\",\"name\":\"Actualit\u00e9s de l'\u00e9quipe d'Arsenal : Blessure, liste de suspension contre Porto\",\"isPartOf\":{\"@id\":\"https:\/\/footdavant.fr\/actualites\/#website\"},\"datePublished\":\"2024-02-19T00:50:50+00:00\",\"dateModified\":\"2024-03-11T17:03:38+00:00\",\"breadcrumb\":{\"@id\":\"https:\/\/footdavant.fr\/actualites\/actualites-de-lequipe-darsenal-blessure-liste-de-suspension-contre-porto\/#breadcrumb\"},\"inLanguage\":\"fr-FR\",\"potentialAction\":[{\"@type\":\"ReadAction\",\"target\":[\"https:\/\/footdavant.fr\/actualites\/actualites-de-lequipe-darsenal-blessure-liste-de-suspension-contre-porto\/\"]}]},{\"@type\":\"BreadcrumbList\",\"@id\":\"https:\/\/footdavant.fr\/actualites\/actualites-de-lequipe-darsenal-blessure-liste-de-suspension-contre-porto\/#breadcrumb\",\"itemListElement\":[{\"@type\":\"ListItem\",\"position\":1,\"name\":\"Accueil\",\"item\":\"https:\/\/footdavant.fr\/actualites\/\"},{\"@type\":\"ListItem\",\"position\":2,\"name\":\"Actualit\u00e9s de l&rsquo;\u00e9quipe d&rsquo;Arsenal : Blessure, liste de suspension contre Porto\"}]},{\"@type\":\"WebSite\",\"@id\":\"https:\/\/footdavant.fr\/actualites\/#website\",\"url\":\"https:\/\/footdavant.fr\/actualites\/\",\"name\":\"Foot d'avant\",\"description\":\"\",\"publisher\":{\"@id\":\"https:\/\/footdavant.fr\/actualites\/#organization\"},\"potentialAction\":[{\"@type\":\"SearchAction\",\"target\":{\"@type\":\"EntryPoint\",\"urlTemplate\":\"https:\/\/footdavant.fr\/actualites\/?s={search_term_string}\"},\"query-input\":\"required name=search_term_string\"}],\"inLanguage\":\"fr-FR\"},{\"@type\":\"Organization\",\"@id\":\"https:\/\/footdavant.fr\/actualites\/#organization\",\"name\":\"Foot d'avant\",\"url\":\"https:\/\/footdavant.fr\/actualites\/\",\"logo\":{\"@type\":\"ImageObject\",\"inLanguage\":\"fr-FR\",\"@id\":\"https:\/\/footdavant.fr\/actualites\/#\/schema\/logo\/image\/\",\"url\":\"https:\/\/footdavant.fr\/actualites\/wp-content\/uploads\/2023\/09\/Copy-of-FootDavant-Logo.png\",\"contentUrl\":\"https:\/\/footdavant.fr\/actualites\/wp-content\/uploads\/2023\/09\/Copy-of-FootDavant-Logo.png\",\"width\":936,\"height\":549,\"caption\":\"Foot d'avant\"},\"image\":{\"@id\":\"https:\/\/footdavant.fr\/actualites\/#\/schema\/logo\/image\/\"},\"sameAs\":[\"https:\/\/www.facebook.com\/Footdavant\/\",\"https:\/\/twitter.com\/FootdavantFr\",\"https:\/\/www.instagram.com\/footdavant.fr\/\"]},{\"@type\":\"Person\",\"@id\":\"https:\/\/footdavant.fr\/actualites\/#\/schema\/person\/bc222566d95871b37e597b3ed3ba5e1d\",\"name\":\"Cl\u00e9ment\",\"image\":{\"@type\":\"ImageObject\",\"inLanguage\":\"fr-FR\",\"@id\":\"https:\/\/footdavant.fr\/actualites\/#\/schema\/person\/image\/\",\"url\":\"https:\/\/secure.gravatar.com\/avatar\/7728b29aac2719421e1a9159b2254c44?s=96&d=mm&r=g\",\"contentUrl\":\"https:\/\/secure.gravatar.com\/avatar\/7728b29aac2719421e1a9159b2254c44?s=96&d=mm&r=g\",\"caption\":\"Cl\u00e9ment\"},\"sameAs\":[\"https:\/\/footdavant.fr\/\"]}]}<\/script>\n<!-- \/ Yoast SEO plugin. -->","yoast_head_json":{"title":"Actualit\u00e9s de l'\u00e9quipe d'Arsenal : Blessure, liste de suspension contre Porto","robots":{"index":"index","follow":"follow","max-snippet":"max-snippet:-1","max-image-preview":"max-image-preview:large","max-video-preview":"max-video-preview:-1"},"canonical":"https:\/\/footdavant.fr\/actualites\/actualites-de-lequipe-darsenal-blessure-liste-de-suspension-contre-porto\/","og_locale":"fr_FR","og_type":"article","og_title":"Actualit\u00e9s de l'\u00e9quipe d'Arsenal : Blessure, liste de suspension contre Porto","og_description":"Sports Mole r\u00e9sume toutes les derni\u00e8res nouvelles sur les blessures et les suspensions d&rsquo;Arsenal avant le match aller des huiti\u00e8mes de finale aller de la","og_url":"https:\/\/footdavant.fr\/actualites\/actualites-de-lequipe-darsenal-blessure-liste-de-suspension-contre-porto\/","og_site_name":"Foot d&#039;avant","article_publisher":"https:\/\/www.facebook.com\/Footdavant\/","article_published_time":"2024-02-19T00:50:50+00:00","article_modified_time":"2024-03-11T17:03:38+00:00","og_image":[{"width":640,"height":480,"url":"https:\/\/footdavant.fr\/actualites\/wp-content\/uploads\/2024\/02\/Actualites-de-lequipe-dArsenal-Blessure-liste-de-suspension-contre.JPG","type":"image\/jpeg"}],"author":"Cl\u00e9ment","twitter_card":"summary_large_image","twitter_creator":"@FootdavantFr","twitter_site":"@FootdavantFr","twitter_misc":{"\u00c9crit par":"Cl\u00e9ment","Dur\u00e9e de lecture estim\u00e9e":"4 minutes"},"schema":{"@context":"https:\/\/schema.org","@graph":[{"@type":"Article","@id":"https:\/\/footdavant.fr\/actualites\/actualites-de-lequipe-darsenal-blessure-liste-de-suspension-contre-porto\/#article","isPartOf":{"@id":"https:\/\/footdavant.fr\/actualites\/actualites-de-lequipe-darsenal-blessure-liste-de-suspension-contre-porto\/"},"author":{"name":"Cl\u00e9ment","@id":"https:\/\/footdavant.fr\/actualites\/#\/schema\/person\/bc222566d95871b37e597b3ed3ba5e1d"},"headline":"Actualit\u00e9s de l&rsquo;\u00e9quipe d&rsquo;Arsenal : Blessure, liste de suspension contre Porto","datePublished":"2024-02-19T00:50:50+00:00","dateModified":"2024-03-11T17:03:38+00:00","mainEntityOfPage":{"@id":"https:\/\/footdavant.fr\/actualites\/actualites-de-lequipe-darsenal-blessure-liste-de-suspension-contre-porto\/"},"wordCount":571,"publisher":{"@id":"https:\/\/footdavant.fr\/actualites\/#organization"},"keywords":["Actualit\u00e9s","Blessure","contre","dArsenal","l\u00e9quipe","liste","Porto","suspension"],"articleSection":["Champions League"],"inLanguage":"fr-FR"},{"@type":"WebPage","@id":"https:\/\/footdavant.fr\/actualites\/actualites-de-lequipe-darsenal-blessure-liste-de-suspension-contre-porto\/","url":"https:\/\/footdavant.fr\/actualites\/actualites-de-lequipe-darsenal-blessure-liste-de-suspension-contre-porto\/","name":"Actualit\u00e9s de l'\u00e9quipe d'Arsenal : Blessure, liste de suspension contre Porto","isPartOf":{"@id":"https:\/\/footdavant.fr\/actualites\/#website"},"datePublished":"2024-02-19T00:50:50+00:00","dateModified":"2024-03-11T17:03:38+00:00","breadcrumb":{"@id":"https:\/\/footdavant.fr\/actualites\/actualites-de-lequipe-darsenal-blessure-liste-de-suspension-contre-porto\/#breadcrumb"},"inLanguage":"fr-FR","potentialAction":[{"@type":"ReadAction","target":["https:\/\/footdavant.fr\/actualites\/actualites-de-lequipe-darsenal-blessure-liste-de-suspension-contre-porto\/"]}]},{"@type":"BreadcrumbList","@id":"https:\/\/footdavant.fr\/actualites\/actualites-de-lequipe-darsenal-blessure-liste-de-suspension-contre-porto\/#breadcrumb","itemListElement":[{"@type":"ListItem","position":1,"name":"Accueil","item":"https:\/\/footdavant.fr\/actualites\/"},{"@type":"ListItem","position":2,"name":"Actualit\u00e9s de l&rsquo;\u00e9quipe d&rsquo;Arsenal : Blessure, liste de suspension contre Porto"}]},{"@type":"WebSite","@id":"https:\/\/footdavant.fr\/actualites\/#website","url":"https:\/\/footdavant.fr\/actualites\/","name":"Foot d'avant","description":"","publisher":{"@id":"https:\/\/footdavant.fr\/actualites\/#organization"},"potentialAction":[{"@type":"SearchAction","target":{"@type":"EntryPoint","urlTemplate":"https:\/\/footdavant.fr\/actualites\/?s={search_term_string}"},"query-input":"required name=search_term_string"}],"inLanguage":"fr-FR"},{"@type":"Organization","@id":"https:\/\/footdavant.fr\/actualites\/#organization","name":"Foot d'avant","url":"https:\/\/footdavant.fr\/actualites\/","logo":{"@type":"ImageObject","inLanguage":"fr-FR","@id":"https:\/\/footdavant.fr\/actualites\/#\/schema\/logo\/image\/","url":"https:\/\/footdavant.fr\/actualites\/wp-content\/uploads\/2023\/09\/Copy-of-FootDavant-Logo.png","contentUrl":"https:\/\/footdavant.fr\/actualites\/wp-content\/uploads\/2023\/09\/Copy-of-FootDavant-Logo.png","width":936,"height":549,"caption":"Foot d'avant"},"image":{"@id":"https:\/\/footdavant.fr\/actualites\/#\/schema\/logo\/image\/"},"sameAs":["https:\/\/www.facebook.com\/Footdavant\/","https:\/\/twitter.com\/FootdavantFr","https:\/\/www.instagram.com\/footdavant.fr\/"]},{"@type":"Person","@id":"https:\/\/footdavant.fr\/actualites\/#\/schema\/person\/bc222566d95871b37e597b3ed3ba5e1d","name":"Cl\u00e9ment","image":{"@type":"ImageObject","inLanguage":"fr-FR","@id":"https:\/\/footdavant.fr\/actualites\/#\/schema\/person\/image\/","url":"https:\/\/secure.gravatar.com\/avatar\/7728b29aac2719421e1a9159b2254c44?s=96&d=mm&r=g","contentUrl":"https:\/\/secure.gravatar.com\/avatar\/7728b29aac2719421e1a9159b2254c44?s=96&d=mm&r=g","caption":"Cl\u00e9ment"},"sameAs":["https:\/\/footdavant.fr\/"]}]}},"_links":{"self":[{"href":"https:\/\/footdavant.fr\/actualites\/wp-json\/wp\/v2\/posts\/5254"}],"collection":[{"href":"https:\/\/footdavant.fr\/actualites\/wp-json\/wp\/v2\/posts"}],"about":[{"href":"https:\/\/footdavant.fr\/actualites\/wp-json\/wp\/v2\/types\/post"}],"author":[{"embeddable":true,"href":"https:\/\/footdavant.fr\/actualites\/wp-json\/wp\/v2\/users\/1"}],"replies":[{"embeddable":true,"href":"https:\/\/footdavant.fr\/actualites\/wp-json\/wp\/v2\/comments?post=5254"}],"version-history":[{"count":2,"href":"https:\/\/footdavant.fr\/actualites\/wp-json\/wp\/v2\/posts\/5254\/revisions"}],"predecessor-version":[{"id":6101,"href":"https:\/\/footdavant.fr\/actualites\/wp-json\/wp\/v2\/posts\/5254\/revisions\/6101"}],"wp:featuredmedia":[{"embeddable":true,"href":"https:\/\/footdavant.fr\/actualites\/wp-json\/wp\/v2\/media\/5255"}],"wp:attachment":[{"href":"https:\/\/footdavant.fr\/actualites\/wp-json\/wp\/v2\/media?parent=5254"}],"wp:term":[{"taxonomy":"category","embeddable":true,"href":"https:\/\/footdavant.fr\/actualites\/wp-json\/wp\/v2\/categories?post=5254"},{"taxonomy":"post_tag","embeddable":true,"href":"https:\/\/footdavant.fr\/actualites\/wp-json\/wp\/v2\/tags?post=5254"}],"curies":[{"name":"wp","href":"https:\/\/api.w.org\/{rel}","templated":true}]}}