{"id":5257,"date":"2024-02-19T02:54:00","date_gmt":"2024-02-19T01:54:00","guid":{"rendered":"https:\/\/footdavant.fr\/actualites\/le-paris-saint-germain-pret-a-payer-la-clause-liberatoire-de-bernardo-silva\/"},"modified":"2024-02-19T02:54:00","modified_gmt":"2024-02-19T01:54:00","slug":"le-paris-saint-germain-pret-a-payer-la-clause-liberatoire-de-bernardo-silva","status":"publish","type":"post","link":"https:\/\/footdavant.fr\/actualites\/le-paris-saint-germain-pret-a-payer-la-clause-liberatoire-de-bernardo-silva\/","title":{"rendered":"Le Paris Saint-Germain \u00ab\u00a0pr\u00eat \u00e0 payer la clause lib\u00e9ratoire de Bernardo Silva\u00a0\u00bb"},"content":{"rendered":"<p>Le Paris Saint-Germain aurait exprim\u00e9 un ferme int\u00e9r\u00eat pour Bernardo Silva de Manchester City et serait pr\u00eat \u00e0 d\u00e9clencher la clause lib\u00e9ratoire de 60 millions d&rsquo;euros (51 millions de livres sterling) dans son contrat cet \u00e9t\u00e9.<\/p>\n<div id=\"article_body\" itemprop=\"articleBody\">\n<h3 class=\"firstPara\">\n<strong class=\"autotag\">Paris Saint Germain<\/strong> auraient exprim\u00e9 un vif int\u00e9r\u00eat pour <strong class=\"autotag\">Manchester City<\/strong> meneur de jeu <strong class=\"autotag\">Bernardo Silva<\/strong> et sont pr\u00eats \u00e0 d\u00e9clencher la clause lib\u00e9ratoire de 60 millions d\u2019euros (51 millions de livres sterling) dans son contrat cet \u00e9t\u00e9.<\/h3>\n<p>Le joueur de 29 ans s&rsquo;est impos\u00e9 comme un rouage \u00e0 part enti\u00e8re dans <strong class=\"autotag\">Pep Guardiola<\/strong>La machine de depuis qu&rsquo;il a rejoint les Citizens de Monaco en juillet 2017, marquant 63 buts et enregistrant 62 passes d\u00e9cisives en 335 matchs tous tournois confondus.<\/p>\n<p>Le dernier but de Bernardo a eu lieu mardi lors de la victoire 3-1 de City contre Copenhague lors du match aller des huiti\u00e8mes de finale de la Ligue des champions, portant son total de buts pour la saison \u00e0 huit en 29 matchs.<\/p>\n<p>L&rsquo;international portugais a remport\u00e9 15 troph\u00e9es au cours de son m\u00e9morable s\u00e9jour de six ans et demi \u00e0 Man City, et il esp\u00e8re ajouter trois autres pi\u00e8ces d&rsquo;argenterie \u00e0 sa collection alors que les Citizens se lancent dans une autre Premier League, FA Cup et Tripl\u00e9 en Ligue des champions cette saison.<\/p>\n<p>Cependant, Bernardo a admis en janvier de l&rsquo;ann\u00e9e derni\u00e8re qu&rsquo;il souhaitait d\u00e9marrer un \u00ab\u00a0nouveau projet\u00a0\u00bb loin de l&rsquo;Etihad Stadium, et le meneur de jeu polyvalent a depuis \u00e9t\u00e9 constamment associ\u00e9 \u00e0 un d\u00e9part.<\/p>\n<p class=\"imgI\">\n<p>Des gens comme le PSG, <strong class=\"autotag\">Barcelone<\/strong> et clubs en Arabie Saoudite, notamment <strong class=\"autotag\">Al-Hilal<\/strong>ont tous \u00e9t\u00e9 cr\u00e9dit\u00e9s d\u2019un int\u00e9r\u00eat pour Bernardo l\u2019\u00e9t\u00e9 dernier, et les premiers seraient d\u00e9sireux de raviver leur int\u00e9r\u00eat avant la campagne 2024-25.<\/p>\n<p>Selon <em>Fiches<\/em>patron du PSG <strong class=\"autotag\">Luis Enrique<\/strong> a donn\u00e9 le feu vert au PSG pour intensifier sa poursuite de Bernardo, les champions de Ligue 1 \u00e9tant pr\u00eats \u00e0 activer la clause lib\u00e9ratoire de 60 millions d&rsquo;euros (51 millions de livres sterling) du joueur.<\/p>\n<p>Bernardo a sign\u00e9 un nouveau contrat \u00e0 Man City en septembre de l&rsquo;ann\u00e9e derni\u00e8re, le gardant li\u00e9 au stade Etihad jusqu&rsquo;en 2026, mais cela n&rsquo;a pas emp\u00each\u00e9 la rumeur de lier le Portugais \u00e0 une sortie.<\/p>\n<p>Le PSG serait convaincu de pouvoir parvenir \u00e0 un accord avec Bernardo et de tout mettre en \u0153uvre financi\u00e8rement pour remporter la course \u00e0 sa signature.<\/p>\n<p class=\"imgI\"><img decoding=\"async\" loading=\"lazy\" class=\"l\" src=\"https:\/\/footdavant.fr\/actualites\/wp-content\/uploads\/2024\/02\/Le-Paris-Saint-Germain-pret-a-payer-la-clause-liberatoire-de.JPG\" title=\"Bernardo Silva de Manchester City r\u00e9agit apr\u00e8s avoir \u00e9t\u00e9 remplac\u00e9 le 19 septembre 2023\" alt=\"Bernardo Silva de Manchester City r\u00e9agit apr\u00e8s avoir \u00e9t\u00e9 remplac\u00e9 le 19 septembre 2023\" width=\"640\" height=\"480\"><\/p>\n<p>Les g\u00e9ants fran\u00e7ais sont consid\u00e9r\u00e9s comme l&rsquo;un des clubs les plus riches du football mondial, mais ils pourraient recevoir un coup de pouce financier important si l&rsquo;attaquant vedette <strong class=\"autotag\">Kylian Mbapp\u00e9<\/strong> devaient quitter le club cet \u00e9t\u00e9.<\/p>\n<p>Mbappe, qui gagnerait plus de 800 000 \u00a3 par semaine, devrait voir son contrat avec le PSG expirer en juin et est fortement li\u00e9 \u00e0 un transfert au Real Madrid.<\/p>\n<p>Avec ou sans Mbappe, le PSG souhaite constituer une \u00e9quipe capable de remporter un troph\u00e9e insaisissable de la Ligue des champions et a identifi\u00e9 Bernardo comme l&rsquo;une de ses principales cibles avant la nouvelle campagne.<\/p>\n<p>Cependant, le PSG pourrait faire face \u00e0 une concurrence pour la signature de Bernardo <strong class=\"autotag\">Benfica<\/strong>puisque le meneur de jeu a r\u00e9cemment exprim\u00e9 son envie de retourner dans son club d&rsquo;enfance avant de raccrocher les crampons.<\/p>\n<\/div>\n","protected":false},"excerpt":{"rendered":"<p>Le Paris Saint-Germain aurait exprim\u00e9 un ferme int\u00e9r\u00eat pour Bernardo Silva de Manchester City et serait pr\u00eat \u00e0 d\u00e9clencher la clause lib\u00e9ratoire de 60 millions<\/p>\n","protected":false},"author":1,"featured_media":5258,"comment_status":"closed","ping_status":"","sticky":false,"template":"","format":"standard","meta":{"footnotes":""},"categories":[5],"tags":[215,1094,1095,100,1029,165,249,216],"yoast_head":"<!-- This site is optimized with the Yoast SEO plugin v21.0 - https:\/\/yoast.com\/wordpress\/plugins\/seo\/ -->\n<title>Le Paris Saint-Germain &quot;pr\u00eat \u00e0 payer la clause lib\u00e9ratoire de Bernardo Silva&quot;<\/title>\n<meta name=\"robots\" content=\"index, follow, max-snippet:-1, max-image-preview:large, max-video-preview:-1\" \/>\n<link rel=\"canonical\" href=\"https:\/\/footdavant.fr\/actualites\/le-paris-saint-germain-pret-a-payer-la-clause-liberatoire-de-bernardo-silva\/\" \/>\n<meta property=\"og:locale\" content=\"fr_FR\" \/>\n<meta property=\"og:type\" content=\"article\" \/>\n<meta property=\"og:title\" content=\"Le Paris Saint-Germain &quot;pr\u00eat \u00e0 payer la clause lib\u00e9ratoire de Bernardo Silva&quot;\" \/>\n<meta property=\"og:description\" content=\"Le Paris Saint-Germain aurait exprim\u00e9 un ferme int\u00e9r\u00eat pour Bernardo Silva de Manchester City et serait pr\u00eat \u00e0 d\u00e9clencher la clause lib\u00e9ratoire de 60 millions\" \/>\n<meta property=\"og:url\" content=\"https:\/\/footdavant.fr\/actualites\/le-paris-saint-germain-pret-a-payer-la-clause-liberatoire-de-bernardo-silva\/\" \/>\n<meta property=\"og:site_name\" content=\"Foot d&#039;avant\" \/>\n<meta property=\"article:publisher\" content=\"https:\/\/www.facebook.com\/Footdavant\/\" \/>\n<meta property=\"article:published_time\" content=\"2024-02-19T01:54:00+00:00\" \/>\n<meta property=\"og:image\" content=\"https:\/\/footdavant.fr\/actualites\/wp-content\/uploads\/2024\/02\/Le-Paris-Saint-Germain-pret-a-payer-la-clause-liberatoire-de.jpg\" \/>\n\t<meta property=\"og:image:width\" content=\"640\" \/>\n\t<meta property=\"og:image:height\" content=\"480\" \/>\n\t<meta property=\"og:image:type\" content=\"image\/jpeg\" \/>\n<meta name=\"author\" content=\"Cl\u00e9ment\" \/>\n<meta name=\"twitter:card\" content=\"summary_large_image\" \/>\n<meta name=\"twitter:creator\" content=\"@FootdavantFr\" \/>\n<meta name=\"twitter:site\" content=\"@FootdavantFr\" \/>\n<meta name=\"twitter:label1\" content=\"\u00c9crit par\" \/>\n\t<meta name=\"twitter:data1\" content=\"Cl\u00e9ment\" \/>\n\t<meta name=\"twitter:label2\" content=\"Dur\u00e9e de lecture estim\u00e9e\" \/>\n\t<meta name=\"twitter:data2\" content=\"3 minutes\" \/>\n<script type=\"application\/ld+json\" class=\"yoast-schema-graph\">{\"@context\":\"https:\/\/schema.org\",\"@graph\":[{\"@type\":\"Article\",\"@id\":\"https:\/\/footdavant.fr\/actualites\/le-paris-saint-germain-pret-a-payer-la-clause-liberatoire-de-bernardo-silva\/#article\",\"isPartOf\":{\"@id\":\"https:\/\/footdavant.fr\/actualites\/le-paris-saint-germain-pret-a-payer-la-clause-liberatoire-de-bernardo-silva\/\"},\"author\":{\"name\":\"Cl\u00e9ment\",\"@id\":\"https:\/\/footdavant.fr\/actualites\/#\/schema\/person\/bc222566d95871b37e597b3ed3ba5e1d\"},\"headline\":\"Le Paris Saint-Germain \u00ab\u00a0pr\u00eat \u00e0 payer la clause lib\u00e9ratoire de Bernardo Silva\u00a0\u00bb\",\"datePublished\":\"2024-02-19T01:54:00+00:00\",\"dateModified\":\"2024-02-19T01:54:00+00:00\",\"mainEntityOfPage\":{\"@id\":\"https:\/\/footdavant.fr\/actualites\/le-paris-saint-germain-pret-a-payer-la-clause-liberatoire-de-bernardo-silva\/\"},\"wordCount\":546,\"publisher\":{\"@id\":\"https:\/\/footdavant.fr\/actualites\/#organization\"},\"keywords\":[\"Bernardo\",\"clause\",\"lib\u00e9ratoire\",\"paris\",\"payer\",\"pr\u00eat\",\"SaintGermain\",\"Silva\"],\"articleSection\":[\"Premier League\"],\"inLanguage\":\"fr-FR\"},{\"@type\":\"WebPage\",\"@id\":\"https:\/\/footdavant.fr\/actualites\/le-paris-saint-germain-pret-a-payer-la-clause-liberatoire-de-bernardo-silva\/\",\"url\":\"https:\/\/footdavant.fr\/actualites\/le-paris-saint-germain-pret-a-payer-la-clause-liberatoire-de-bernardo-silva\/\",\"name\":\"Le Paris Saint-Germain \\\"pr\u00eat \u00e0 payer la clause lib\u00e9ratoire de Bernardo Silva\\\"\",\"isPartOf\":{\"@id\":\"https:\/\/footdavant.fr\/actualites\/#website\"},\"datePublished\":\"2024-02-19T01:54:00+00:00\",\"dateModified\":\"2024-02-19T01:54:00+00:00\",\"breadcrumb\":{\"@id\":\"https:\/\/footdavant.fr\/actualites\/le-paris-saint-germain-pret-a-payer-la-clause-liberatoire-de-bernardo-silva\/#breadcrumb\"},\"inLanguage\":\"fr-FR\",\"potentialAction\":[{\"@type\":\"ReadAction\",\"target\":[\"https:\/\/footdavant.fr\/actualites\/le-paris-saint-germain-pret-a-payer-la-clause-liberatoire-de-bernardo-silva\/\"]}]},{\"@type\":\"BreadcrumbList\",\"@id\":\"https:\/\/footdavant.fr\/actualites\/le-paris-saint-germain-pret-a-payer-la-clause-liberatoire-de-bernardo-silva\/#breadcrumb\",\"itemListElement\":[{\"@type\":\"ListItem\",\"position\":1,\"name\":\"Accueil\",\"item\":\"https:\/\/footdavant.fr\/actualites\/\"},{\"@type\":\"ListItem\",\"position\":2,\"name\":\"Le Paris Saint-Germain \u00ab\u00a0pr\u00eat \u00e0 payer la clause lib\u00e9ratoire de Bernardo Silva\u00a0\u00bb\"}]},{\"@type\":\"WebSite\",\"@id\":\"https:\/\/footdavant.fr\/actualites\/#website\",\"url\":\"https:\/\/footdavant.fr\/actualites\/\",\"name\":\"Foot d'avant\",\"description\":\"\",\"publisher\":{\"@id\":\"https:\/\/footdavant.fr\/actualites\/#organization\"},\"potentialAction\":[{\"@type\":\"SearchAction\",\"target\":{\"@type\":\"EntryPoint\",\"urlTemplate\":\"https:\/\/footdavant.fr\/actualites\/?s={search_term_string}\"},\"query-input\":\"required name=search_term_string\"}],\"inLanguage\":\"fr-FR\"},{\"@type\":\"Organization\",\"@id\":\"https:\/\/footdavant.fr\/actualites\/#organization\",\"name\":\"Foot d'avant\",\"url\":\"https:\/\/footdavant.fr\/actualites\/\",\"logo\":{\"@type\":\"ImageObject\",\"inLanguage\":\"fr-FR\",\"@id\":\"https:\/\/footdavant.fr\/actualites\/#\/schema\/logo\/image\/\",\"url\":\"https:\/\/footdavant.fr\/actualites\/wp-content\/uploads\/2023\/09\/Copy-of-FootDavant-Logo.png\",\"contentUrl\":\"https:\/\/footdavant.fr\/actualites\/wp-content\/uploads\/2023\/09\/Copy-of-FootDavant-Logo.png\",\"width\":936,\"height\":549,\"caption\":\"Foot d'avant\"},\"image\":{\"@id\":\"https:\/\/footdavant.fr\/actualites\/#\/schema\/logo\/image\/\"},\"sameAs\":[\"https:\/\/www.facebook.com\/Footdavant\/\",\"https:\/\/twitter.com\/FootdavantFr\",\"https:\/\/www.instagram.com\/footdavant.fr\/\"]},{\"@type\":\"Person\",\"@id\":\"https:\/\/footdavant.fr\/actualites\/#\/schema\/person\/bc222566d95871b37e597b3ed3ba5e1d\",\"name\":\"Cl\u00e9ment\",\"image\":{\"@type\":\"ImageObject\",\"inLanguage\":\"fr-FR\",\"@id\":\"https:\/\/footdavant.fr\/actualites\/#\/schema\/person\/image\/\",\"url\":\"https:\/\/secure.gravatar.com\/avatar\/7728b29aac2719421e1a9159b2254c44?s=96&d=mm&r=g\",\"contentUrl\":\"https:\/\/secure.gravatar.com\/avatar\/7728b29aac2719421e1a9159b2254c44?s=96&d=mm&r=g\",\"caption\":\"Cl\u00e9ment\"},\"sameAs\":[\"https:\/\/footdavant.fr\/\"]}]}<\/script>\n<!-- \/ Yoast SEO plugin. -->","yoast_head_json":{"title":"Le Paris Saint-Germain \"pr\u00eat \u00e0 payer la clause lib\u00e9ratoire de Bernardo Silva\"","robots":{"index":"index","follow":"follow","max-snippet":"max-snippet:-1","max-image-preview":"max-image-preview:large","max-video-preview":"max-video-preview:-1"},"canonical":"https:\/\/footdavant.fr\/actualites\/le-paris-saint-germain-pret-a-payer-la-clause-liberatoire-de-bernardo-silva\/","og_locale":"fr_FR","og_type":"article","og_title":"Le Paris Saint-Germain \"pr\u00eat \u00e0 payer la clause lib\u00e9ratoire de Bernardo Silva\"","og_description":"Le Paris Saint-Germain aurait exprim\u00e9 un ferme int\u00e9r\u00eat pour Bernardo Silva de Manchester City et serait pr\u00eat \u00e0 d\u00e9clencher la clause lib\u00e9ratoire de 60 millions","og_url":"https:\/\/footdavant.fr\/actualites\/le-paris-saint-germain-pret-a-payer-la-clause-liberatoire-de-bernardo-silva\/","og_site_name":"Foot d&#039;avant","article_publisher":"https:\/\/www.facebook.com\/Footdavant\/","article_published_time":"2024-02-19T01:54:00+00:00","og_image":[{"width":640,"height":480,"url":"https:\/\/footdavant.fr\/actualites\/wp-content\/uploads\/2024\/02\/Le-Paris-Saint-Germain-pret-a-payer-la-clause-liberatoire-de.jpg","type":"image\/jpeg"}],"author":"Cl\u00e9ment","twitter_card":"summary_large_image","twitter_creator":"@FootdavantFr","twitter_site":"@FootdavantFr","twitter_misc":{"\u00c9crit par":"Cl\u00e9ment","Dur\u00e9e de lecture estim\u00e9e":"3 minutes"},"schema":{"@context":"https:\/\/schema.org","@graph":[{"@type":"Article","@id":"https:\/\/footdavant.fr\/actualites\/le-paris-saint-germain-pret-a-payer-la-clause-liberatoire-de-bernardo-silva\/#article","isPartOf":{"@id":"https:\/\/footdavant.fr\/actualites\/le-paris-saint-germain-pret-a-payer-la-clause-liberatoire-de-bernardo-silva\/"},"author":{"name":"Cl\u00e9ment","@id":"https:\/\/footdavant.fr\/actualites\/#\/schema\/person\/bc222566d95871b37e597b3ed3ba5e1d"},"headline":"Le Paris Saint-Germain \u00ab\u00a0pr\u00eat \u00e0 payer la clause lib\u00e9ratoire de Bernardo Silva\u00a0\u00bb","datePublished":"2024-02-19T01:54:00+00:00","dateModified":"2024-02-19T01:54:00+00:00","mainEntityOfPage":{"@id":"https:\/\/footdavant.fr\/actualites\/le-paris-saint-germain-pret-a-payer-la-clause-liberatoire-de-bernardo-silva\/"},"wordCount":546,"publisher":{"@id":"https:\/\/footdavant.fr\/actualites\/#organization"},"keywords":["Bernardo","clause","lib\u00e9ratoire","paris","payer","pr\u00eat","SaintGermain","Silva"],"articleSection":["Premier League"],"inLanguage":"fr-FR"},{"@type":"WebPage","@id":"https:\/\/footdavant.fr\/actualites\/le-paris-saint-germain-pret-a-payer-la-clause-liberatoire-de-bernardo-silva\/","url":"https:\/\/footdavant.fr\/actualites\/le-paris-saint-germain-pret-a-payer-la-clause-liberatoire-de-bernardo-silva\/","name":"Le Paris Saint-Germain \"pr\u00eat \u00e0 payer la clause lib\u00e9ratoire de Bernardo Silva\"","isPartOf":{"@id":"https:\/\/footdavant.fr\/actualites\/#website"},"datePublished":"2024-02-19T01:54:00+00:00","dateModified":"2024-02-19T01:54:00+00:00","breadcrumb":{"@id":"https:\/\/footdavant.fr\/actualites\/le-paris-saint-germain-pret-a-payer-la-clause-liberatoire-de-bernardo-silva\/#breadcrumb"},"inLanguage":"fr-FR","potentialAction":[{"@type":"ReadAction","target":["https:\/\/footdavant.fr\/actualites\/le-paris-saint-germain-pret-a-payer-la-clause-liberatoire-de-bernardo-silva\/"]}]},{"@type":"BreadcrumbList","@id":"https:\/\/footdavant.fr\/actualites\/le-paris-saint-germain-pret-a-payer-la-clause-liberatoire-de-bernardo-silva\/#breadcrumb","itemListElement":[{"@type":"ListItem","position":1,"name":"Accueil","item":"https:\/\/footdavant.fr\/actualites\/"},{"@type":"ListItem","position":2,"name":"Le Paris Saint-Germain \u00ab\u00a0pr\u00eat \u00e0 payer la clause lib\u00e9ratoire de Bernardo Silva\u00a0\u00bb"}]},{"@type":"WebSite","@id":"https:\/\/footdavant.fr\/actualites\/#website","url":"https:\/\/footdavant.fr\/actualites\/","name":"Foot d'avant","description":"","publisher":{"@id":"https:\/\/footdavant.fr\/actualites\/#organization"},"potentialAction":[{"@type":"SearchAction","target":{"@type":"EntryPoint","urlTemplate":"https:\/\/footdavant.fr\/actualites\/?s={search_term_string}"},"query-input":"required name=search_term_string"}],"inLanguage":"fr-FR"},{"@type":"Organization","@id":"https:\/\/footdavant.fr\/actualites\/#organization","name":"Foot d'avant","url":"https:\/\/footdavant.fr\/actualites\/","logo":{"@type":"ImageObject","inLanguage":"fr-FR","@id":"https:\/\/footdavant.fr\/actualites\/#\/schema\/logo\/image\/","url":"https:\/\/footdavant.fr\/actualites\/wp-content\/uploads\/2023\/09\/Copy-of-FootDavant-Logo.png","contentUrl":"https:\/\/footdavant.fr\/actualites\/wp-content\/uploads\/2023\/09\/Copy-of-FootDavant-Logo.png","width":936,"height":549,"caption":"Foot d'avant"},"image":{"@id":"https:\/\/footdavant.fr\/actualites\/#\/schema\/logo\/image\/"},"sameAs":["https:\/\/www.facebook.com\/Footdavant\/","https:\/\/twitter.com\/FootdavantFr","https:\/\/www.instagram.com\/footdavant.fr\/"]},{"@type":"Person","@id":"https:\/\/footdavant.fr\/actualites\/#\/schema\/person\/bc222566d95871b37e597b3ed3ba5e1d","name":"Cl\u00e9ment","image":{"@type":"ImageObject","inLanguage":"fr-FR","@id":"https:\/\/footdavant.fr\/actualites\/#\/schema\/person\/image\/","url":"https:\/\/secure.gravatar.com\/avatar\/7728b29aac2719421e1a9159b2254c44?s=96&d=mm&r=g","contentUrl":"https:\/\/secure.gravatar.com\/avatar\/7728b29aac2719421e1a9159b2254c44?s=96&d=mm&r=g","caption":"Cl\u00e9ment"},"sameAs":["https:\/\/footdavant.fr\/"]}]}},"_links":{"self":[{"href":"https:\/\/footdavant.fr\/actualites\/wp-json\/wp\/v2\/posts\/5257"}],"collection":[{"href":"https:\/\/footdavant.fr\/actualites\/wp-json\/wp\/v2\/posts"}],"about":[{"href":"https:\/\/footdavant.fr\/actualites\/wp-json\/wp\/v2\/types\/post"}],"author":[{"embeddable":true,"href":"https:\/\/footdavant.fr\/actualites\/wp-json\/wp\/v2\/users\/1"}],"replies":[{"embeddable":true,"href":"https:\/\/footdavant.fr\/actualites\/wp-json\/wp\/v2\/comments?post=5257"}],"version-history":[{"count":1,"href":"https:\/\/footdavant.fr\/actualites\/wp-json\/wp\/v2\/posts\/5257\/revisions"}],"predecessor-version":[{"id":5259,"href":"https:\/\/footdavant.fr\/actualites\/wp-json\/wp\/v2\/posts\/5257\/revisions\/5259"}],"wp:featuredmedia":[{"embeddable":true,"href":"https:\/\/footdavant.fr\/actualites\/wp-json\/wp\/v2\/media\/5258"}],"wp:attachment":[{"href":"https:\/\/footdavant.fr\/actualites\/wp-json\/wp\/v2\/media?parent=5257"}],"wp:term":[{"taxonomy":"category","embeddable":true,"href":"https:\/\/footdavant.fr\/actualites\/wp-json\/wp\/v2\/categories?post=5257"},{"taxonomy":"post_tag","embeddable":true,"href":"https:\/\/footdavant.fr\/actualites\/wp-json\/wp\/v2\/tags?post=5257"}],"curies":[{"name":"wp","href":"https:\/\/api.w.org\/{rel}","templated":true}]}}