{"id":5263,"date":"2024-02-19T06:53:54","date_gmt":"2024-02-19T05:53:54","guid":{"rendered":"https:\/\/footdavant.fr\/actualites\/le-patron-de-brentford-thomas-frank-minimise-les-chances-daccepter-un-poste-a-liverpool\/"},"modified":"2024-02-19T06:53:55","modified_gmt":"2024-02-19T05:53:55","slug":"le-patron-de-brentford-thomas-frank-minimise-les-chances-daccepter-un-poste-a-liverpool","status":"publish","type":"post","link":"https:\/\/footdavant.fr\/actualites\/le-patron-de-brentford-thomas-frank-minimise-les-chances-daccepter-un-poste-a-liverpool\/","title":{"rendered":"Le patron de Brentford, Thomas Frank, minimise les chances d&rsquo;accepter un poste \u00e0 Liverpool"},"content":{"rendered":"<p>Le patron de Brentford, Thomas Frank, minimise les suggestions selon lesquelles il pourrait succ\u00e9der \u00e0 Jurgen Klopp en tant qu&rsquo;entra\u00eeneur de Liverpool \u00e0 la fin de la saison.<\/p>\n<div id=\"article_body\" itemprop=\"articleBody\">\n<h3 class=\"firstPara\">\n<strong class=\"autotag\">Brentford<\/strong> directeur <strong class=\"autotag\">Thomas Franck<\/strong> a minimis\u00e9 les suggestions selon lesquelles il pourrait r\u00e9ussir <strong class=\"autotag\">J\u00fcrgen Klopp<\/strong> \u00e0 <strong class=\"autotag\">Liverpool<\/strong>.<\/h3>\n<p>Le joueur de 50 ans est l&rsquo;un des nombreux entra\u00eeneurs qui ont \u00e9t\u00e9 li\u00e9s au poste bient\u00f4t vacant \u00e0 Liverpool apr\u00e8s que Klopp a annonc\u00e9 le mois dernier qu&rsquo;il quitterait son poste \u00e0 la fin de la saison.<\/p>\n<p>Frank est actuellement le sixi\u00e8me entra\u00eeneur le plus ancien des quatre premi\u00e8res divisions d&rsquo;Angleterre, apr\u00e8s avoir pass\u00e9 les cinq derni\u00e8res ann\u00e9es et demie \u00e0 la t\u00eate de Brentford, qui est pass\u00e9 du championnat \u00e0 la Premier League sous sa tutelle.<\/p>\n<p>Apr\u00e8s avoir obtenu une promotion du deuxi\u00e8me niveau en 2020-2021, Frank a conduit Brentford \u00e0 une 13e place lors de sa toute premi\u00e8re campagne en Premier League, et les Bees ont ensuite am\u00e9lior\u00e9 cela avec une impressionnante neuvi\u00e8me place la saison derni\u00e8re.<\/p>\n<p>Brentford a depuis eu du mal \u00e0 reproduire son succ\u00e8s de 2022-23 cette saison, en grande partie \u00e0 cause de l&rsquo;absence de talisman. <strong class=\"autotag\">Ivan Toney<\/strong>et ils occupent actuellement la 14e place du classement apr\u00e8s 23 matchs, six points au-dessus de la zone de rel\u00e9gation.<\/p>\n<p>Frank est sous contrat au Gtech Community Stadium jusqu&rsquo;en juin 2027 et bien que l&rsquo;entra\u00eeneur li\u00e9 \u00e0 Liverpool ait admis qu&rsquo;il avait des \u00ab\u00a0ambitions\u00a0\u00bb, le Danois a insist\u00e9 sur le fait qu&rsquo;il restait heureux \u00e0 Brentford.<\/p>\n<p class=\"imgI\">\n<p>Parler \u00e0 <em>Sports a\u00e9riens<\/em>Frank a d\u00e9clar\u00e9 : \u00ab\u00a0Il y a beaucoup de rumeurs. Je pense que nous avons tous une sorte d&rsquo;ego et l&rsquo;ego aime ce petit peu de sucre mais en fin de compte, je suis \u00e0 Brentford. Je suis tr\u00e8s heureux ici.<\/p>\n<p>\u00ab\u00a0Est-ce que j&rsquo;ai des ambitions ? Oui. Vais-je rester \u00e0 Brentford pour toujours ? Peut-\u00eatre mais probablement pas. Alors qui sait ce qui va se passer dans le futur. Ce que je sais, c&rsquo;est que je suis ici \u00e0 Brentford et je suis tr\u00e8s heureux. avec \u00e7a.\u00a0\u00bb<\/p>\n<p>Dans une interview s\u00e9par\u00e9e avec <em>Conseils<\/em>Frank a ajout\u00e9 : \u00ab\u00a0Oui, je suis au courant des choses et j&rsquo;ai vu \u00e7a <strong class=\"autotag\">Xavi<\/strong> et Klopp partent.  Deux grandes personnalit\u00e9s d\u2019entra\u00eeneur pour deux clubs fantastiques, qui ont tous deux r\u00e9alis\u00e9 de belles performances.  Comme tout le monde, j&rsquo;ai aussi des ambitions, mais il est difficile de les dire exactement.<\/p>\n<p>\u00ab\u00a0Je me concentre sur bien faire en ce moment. Je n&rsquo;ai aucun doute sur le fait que nous devons terminer la seconde moiti\u00e9 de la saison en force. Je comprends que nous avons besoin de bonnes performances et de gagner des matches de football, et c&rsquo;est mon objectif principal en ce moment. \u00ab\u00a0.<\/p>\n<p>Le patron du Bayer Leverkusen <strong class=\"autotag\">Xabi Alonso<\/strong> est consid\u00e9r\u00e9 comme l&rsquo;actuel favori pour remplacer Klopp \u00e0 Liverpool cet \u00e9t\u00e9, avec un rapport r\u00e9cent affirmant que les Reds ont pris contact avec l&rsquo;Espagnol pour \u00e9valuer son int\u00e9r\u00eat pour le poste.<\/p>\n<p>Les go\u00fbts de Tottenham Hotspur <strong class=\"autotag\">Ange Postecoglou<\/strong>Brighton &#038; Hove Albion&rsquo;s <strong class=\"autotag\">Roberto De Zerbi<\/strong>l&rsquo;Allemagne <strong class=\"autotag\">Julien Nagelsmann<\/strong> et ancien patron du Real Madrid <strong class=\"autotag\">Zinedine Zidane<\/strong> ont \u00e9galement \u00e9t\u00e9 pressentis pour potentiellement succ\u00e9der \u00e0 Klopp \u00e0 Anfield.<\/p>\n<\/div>\n","protected":false},"excerpt":{"rendered":"<p>Le patron de Brentford, Thomas Frank, minimise les suggestions selon lesquelles il pourrait succ\u00e9der \u00e0 Jurgen Klopp en tant qu&rsquo;entra\u00eeneur de Liverpool \u00e0 la fin<\/p>\n","protected":false},"author":1,"featured_media":5264,"comment_status":"closed","ping_status":"","sticky":false,"template":"","format":"standard","meta":{"footnotes":""},"categories":[5],"tags":[52,1036,3744,662,93,53,1400,231,140,235],"yoast_head":"<!-- This site is optimized with the Yoast SEO plugin v21.0 - https:\/\/yoast.com\/wordpress\/plugins\/seo\/ -->\n<title>Le patron de Brentford, Thomas Frank, minimise les chances d&#039;accepter un poste \u00e0 Liverpool<\/title>\n<meta name=\"robots\" content=\"index, follow, max-snippet:-1, max-image-preview:large, max-video-preview:-1\" \/>\n<link rel=\"canonical\" href=\"https:\/\/footdavant.fr\/actualites\/le-patron-de-brentford-thomas-frank-minimise-les-chances-daccepter-un-poste-a-liverpool\/\" \/>\n<meta property=\"og:locale\" content=\"fr_FR\" \/>\n<meta property=\"og:type\" content=\"article\" \/>\n<meta property=\"og:title\" content=\"Le patron de Brentford, Thomas Frank, minimise les chances d&#039;accepter un poste \u00e0 Liverpool\" \/>\n<meta property=\"og:description\" content=\"Le patron de Brentford, Thomas Frank, minimise les suggestions selon lesquelles il pourrait succ\u00e9der \u00e0 Jurgen Klopp en tant qu&rsquo;entra\u00eeneur de Liverpool \u00e0 la fin\" \/>\n<meta property=\"og:url\" content=\"https:\/\/footdavant.fr\/actualites\/le-patron-de-brentford-thomas-frank-minimise-les-chances-daccepter-un-poste-a-liverpool\/\" \/>\n<meta property=\"og:site_name\" content=\"Foot d&#039;avant\" \/>\n<meta property=\"article:publisher\" content=\"https:\/\/www.facebook.com\/Footdavant\/\" \/>\n<meta property=\"article:published_time\" content=\"2024-02-19T05:53:54+00:00\" \/>\n<meta property=\"article:modified_time\" content=\"2024-02-19T05:53:55+00:00\" \/>\n<meta property=\"og:image\" content=\"https:\/\/footdavant.fr\/actualites\/wp-content\/uploads\/2024\/02\/Le-patron-de-Brentford-Thomas-Frank-minimise-les-chances-daccepter.jpg\" \/>\n\t<meta property=\"og:image:width\" content=\"640\" \/>\n\t<meta property=\"og:image:height\" content=\"480\" \/>\n\t<meta property=\"og:image:type\" content=\"image\/jpeg\" \/>\n<meta name=\"author\" content=\"Cl\u00e9ment\" \/>\n<meta name=\"twitter:card\" content=\"summary_large_image\" \/>\n<meta name=\"twitter:creator\" content=\"@FootdavantFr\" \/>\n<meta name=\"twitter:site\" content=\"@FootdavantFr\" \/>\n<meta name=\"twitter:label1\" content=\"\u00c9crit par\" \/>\n\t<meta name=\"twitter:data1\" content=\"Cl\u00e9ment\" \/>\n\t<meta name=\"twitter:label2\" content=\"Dur\u00e9e de lecture estim\u00e9e\" \/>\n\t<meta name=\"twitter:data2\" content=\"3 minutes\" \/>\n<script type=\"application\/ld+json\" class=\"yoast-schema-graph\">{\"@context\":\"https:\/\/schema.org\",\"@graph\":[{\"@type\":\"Article\",\"@id\":\"https:\/\/footdavant.fr\/actualites\/le-patron-de-brentford-thomas-frank-minimise-les-chances-daccepter-un-poste-a-liverpool\/#article\",\"isPartOf\":{\"@id\":\"https:\/\/footdavant.fr\/actualites\/le-patron-de-brentford-thomas-frank-minimise-les-chances-daccepter-un-poste-a-liverpool\/\"},\"author\":{\"name\":\"Cl\u00e9ment\",\"@id\":\"https:\/\/footdavant.fr\/actualites\/#\/schema\/person\/bc222566d95871b37e597b3ed3ba5e1d\"},\"headline\":\"Le patron de Brentford, Thomas Frank, minimise les chances d&rsquo;accepter un poste \u00e0 Liverpool\",\"datePublished\":\"2024-02-19T05:53:54+00:00\",\"dateModified\":\"2024-02-19T05:53:55+00:00\",\"mainEntityOfPage\":{\"@id\":\"https:\/\/footdavant.fr\/actualites\/le-patron-de-brentford-thomas-frank-minimise-les-chances-daccepter-un-poste-a-liverpool\/\"},\"wordCount\":545,\"publisher\":{\"@id\":\"https:\/\/footdavant.fr\/actualites\/#organization\"},\"keywords\":[\"Brentford\",\"chances\",\"daccepter\",\"Frank\",\"les\",\"Liverpool\",\"minimise\",\"patron\",\"poste\",\"Thomas\"],\"articleSection\":[\"Premier League\"],\"inLanguage\":\"fr-FR\"},{\"@type\":\"WebPage\",\"@id\":\"https:\/\/footdavant.fr\/actualites\/le-patron-de-brentford-thomas-frank-minimise-les-chances-daccepter-un-poste-a-liverpool\/\",\"url\":\"https:\/\/footdavant.fr\/actualites\/le-patron-de-brentford-thomas-frank-minimise-les-chances-daccepter-un-poste-a-liverpool\/\",\"name\":\"Le patron de Brentford, Thomas Frank, minimise les chances d'accepter un poste \u00e0 Liverpool\",\"isPartOf\":{\"@id\":\"https:\/\/footdavant.fr\/actualites\/#website\"},\"datePublished\":\"2024-02-19T05:53:54+00:00\",\"dateModified\":\"2024-02-19T05:53:55+00:00\",\"breadcrumb\":{\"@id\":\"https:\/\/footdavant.fr\/actualites\/le-patron-de-brentford-thomas-frank-minimise-les-chances-daccepter-un-poste-a-liverpool\/#breadcrumb\"},\"inLanguage\":\"fr-FR\",\"potentialAction\":[{\"@type\":\"ReadAction\",\"target\":[\"https:\/\/footdavant.fr\/actualites\/le-patron-de-brentford-thomas-frank-minimise-les-chances-daccepter-un-poste-a-liverpool\/\"]}]},{\"@type\":\"BreadcrumbList\",\"@id\":\"https:\/\/footdavant.fr\/actualites\/le-patron-de-brentford-thomas-frank-minimise-les-chances-daccepter-un-poste-a-liverpool\/#breadcrumb\",\"itemListElement\":[{\"@type\":\"ListItem\",\"position\":1,\"name\":\"Accueil\",\"item\":\"https:\/\/footdavant.fr\/actualites\/\"},{\"@type\":\"ListItem\",\"position\":2,\"name\":\"Le patron de Brentford, Thomas Frank, minimise les chances d&rsquo;accepter un poste \u00e0 Liverpool\"}]},{\"@type\":\"WebSite\",\"@id\":\"https:\/\/footdavant.fr\/actualites\/#website\",\"url\":\"https:\/\/footdavant.fr\/actualites\/\",\"name\":\"Foot d'avant\",\"description\":\"\",\"publisher\":{\"@id\":\"https:\/\/footdavant.fr\/actualites\/#organization\"},\"potentialAction\":[{\"@type\":\"SearchAction\",\"target\":{\"@type\":\"EntryPoint\",\"urlTemplate\":\"https:\/\/footdavant.fr\/actualites\/?s={search_term_string}\"},\"query-input\":\"required name=search_term_string\"}],\"inLanguage\":\"fr-FR\"},{\"@type\":\"Organization\",\"@id\":\"https:\/\/footdavant.fr\/actualites\/#organization\",\"name\":\"Foot d'avant\",\"url\":\"https:\/\/footdavant.fr\/actualites\/\",\"logo\":{\"@type\":\"ImageObject\",\"inLanguage\":\"fr-FR\",\"@id\":\"https:\/\/footdavant.fr\/actualites\/#\/schema\/logo\/image\/\",\"url\":\"https:\/\/footdavant.fr\/actualites\/wp-content\/uploads\/2023\/09\/Copy-of-FootDavant-Logo.png\",\"contentUrl\":\"https:\/\/footdavant.fr\/actualites\/wp-content\/uploads\/2023\/09\/Copy-of-FootDavant-Logo.png\",\"width\":936,\"height\":549,\"caption\":\"Foot d'avant\"},\"image\":{\"@id\":\"https:\/\/footdavant.fr\/actualites\/#\/schema\/logo\/image\/\"},\"sameAs\":[\"https:\/\/www.facebook.com\/Footdavant\/\",\"https:\/\/twitter.com\/FootdavantFr\",\"https:\/\/www.instagram.com\/footdavant.fr\/\"]},{\"@type\":\"Person\",\"@id\":\"https:\/\/footdavant.fr\/actualites\/#\/schema\/person\/bc222566d95871b37e597b3ed3ba5e1d\",\"name\":\"Cl\u00e9ment\",\"image\":{\"@type\":\"ImageObject\",\"inLanguage\":\"fr-FR\",\"@id\":\"https:\/\/footdavant.fr\/actualites\/#\/schema\/person\/image\/\",\"url\":\"https:\/\/secure.gravatar.com\/avatar\/7728b29aac2719421e1a9159b2254c44?s=96&d=mm&r=g\",\"contentUrl\":\"https:\/\/secure.gravatar.com\/avatar\/7728b29aac2719421e1a9159b2254c44?s=96&d=mm&r=g\",\"caption\":\"Cl\u00e9ment\"},\"sameAs\":[\"https:\/\/footdavant.fr\/\"]}]}<\/script>\n<!-- \/ Yoast SEO plugin. -->","yoast_head_json":{"title":"Le patron de Brentford, Thomas Frank, minimise les chances d'accepter un poste \u00e0 Liverpool","robots":{"index":"index","follow":"follow","max-snippet":"max-snippet:-1","max-image-preview":"max-image-preview:large","max-video-preview":"max-video-preview:-1"},"canonical":"https:\/\/footdavant.fr\/actualites\/le-patron-de-brentford-thomas-frank-minimise-les-chances-daccepter-un-poste-a-liverpool\/","og_locale":"fr_FR","og_type":"article","og_title":"Le patron de Brentford, Thomas Frank, minimise les chances d'accepter un poste \u00e0 Liverpool","og_description":"Le patron de Brentford, Thomas Frank, minimise les suggestions selon lesquelles il pourrait succ\u00e9der \u00e0 Jurgen Klopp en tant qu&rsquo;entra\u00eeneur de Liverpool \u00e0 la fin","og_url":"https:\/\/footdavant.fr\/actualites\/le-patron-de-brentford-thomas-frank-minimise-les-chances-daccepter-un-poste-a-liverpool\/","og_site_name":"Foot d&#039;avant","article_publisher":"https:\/\/www.facebook.com\/Footdavant\/","article_published_time":"2024-02-19T05:53:54+00:00","article_modified_time":"2024-02-19T05:53:55+00:00","og_image":[{"width":640,"height":480,"url":"https:\/\/footdavant.fr\/actualites\/wp-content\/uploads\/2024\/02\/Le-patron-de-Brentford-Thomas-Frank-minimise-les-chances-daccepter.jpg","type":"image\/jpeg"}],"author":"Cl\u00e9ment","twitter_card":"summary_large_image","twitter_creator":"@FootdavantFr","twitter_site":"@FootdavantFr","twitter_misc":{"\u00c9crit par":"Cl\u00e9ment","Dur\u00e9e de lecture estim\u00e9e":"3 minutes"},"schema":{"@context":"https:\/\/schema.org","@graph":[{"@type":"Article","@id":"https:\/\/footdavant.fr\/actualites\/le-patron-de-brentford-thomas-frank-minimise-les-chances-daccepter-un-poste-a-liverpool\/#article","isPartOf":{"@id":"https:\/\/footdavant.fr\/actualites\/le-patron-de-brentford-thomas-frank-minimise-les-chances-daccepter-un-poste-a-liverpool\/"},"author":{"name":"Cl\u00e9ment","@id":"https:\/\/footdavant.fr\/actualites\/#\/schema\/person\/bc222566d95871b37e597b3ed3ba5e1d"},"headline":"Le patron de Brentford, Thomas Frank, minimise les chances d&rsquo;accepter un poste \u00e0 Liverpool","datePublished":"2024-02-19T05:53:54+00:00","dateModified":"2024-02-19T05:53:55+00:00","mainEntityOfPage":{"@id":"https:\/\/footdavant.fr\/actualites\/le-patron-de-brentford-thomas-frank-minimise-les-chances-daccepter-un-poste-a-liverpool\/"},"wordCount":545,"publisher":{"@id":"https:\/\/footdavant.fr\/actualites\/#organization"},"keywords":["Brentford","chances","daccepter","Frank","les","Liverpool","minimise","patron","poste","Thomas"],"articleSection":["Premier League"],"inLanguage":"fr-FR"},{"@type":"WebPage","@id":"https:\/\/footdavant.fr\/actualites\/le-patron-de-brentford-thomas-frank-minimise-les-chances-daccepter-un-poste-a-liverpool\/","url":"https:\/\/footdavant.fr\/actualites\/le-patron-de-brentford-thomas-frank-minimise-les-chances-daccepter-un-poste-a-liverpool\/","name":"Le patron de Brentford, Thomas Frank, minimise les chances d'accepter un poste \u00e0 Liverpool","isPartOf":{"@id":"https:\/\/footdavant.fr\/actualites\/#website"},"datePublished":"2024-02-19T05:53:54+00:00","dateModified":"2024-02-19T05:53:55+00:00","breadcrumb":{"@id":"https:\/\/footdavant.fr\/actualites\/le-patron-de-brentford-thomas-frank-minimise-les-chances-daccepter-un-poste-a-liverpool\/#breadcrumb"},"inLanguage":"fr-FR","potentialAction":[{"@type":"ReadAction","target":["https:\/\/footdavant.fr\/actualites\/le-patron-de-brentford-thomas-frank-minimise-les-chances-daccepter-un-poste-a-liverpool\/"]}]},{"@type":"BreadcrumbList","@id":"https:\/\/footdavant.fr\/actualites\/le-patron-de-brentford-thomas-frank-minimise-les-chances-daccepter-un-poste-a-liverpool\/#breadcrumb","itemListElement":[{"@type":"ListItem","position":1,"name":"Accueil","item":"https:\/\/footdavant.fr\/actualites\/"},{"@type":"ListItem","position":2,"name":"Le patron de Brentford, Thomas Frank, minimise les chances d&rsquo;accepter un poste \u00e0 Liverpool"}]},{"@type":"WebSite","@id":"https:\/\/footdavant.fr\/actualites\/#website","url":"https:\/\/footdavant.fr\/actualites\/","name":"Foot d'avant","description":"","publisher":{"@id":"https:\/\/footdavant.fr\/actualites\/#organization"},"potentialAction":[{"@type":"SearchAction","target":{"@type":"EntryPoint","urlTemplate":"https:\/\/footdavant.fr\/actualites\/?s={search_term_string}"},"query-input":"required name=search_term_string"}],"inLanguage":"fr-FR"},{"@type":"Organization","@id":"https:\/\/footdavant.fr\/actualites\/#organization","name":"Foot d'avant","url":"https:\/\/footdavant.fr\/actualites\/","logo":{"@type":"ImageObject","inLanguage":"fr-FR","@id":"https:\/\/footdavant.fr\/actualites\/#\/schema\/logo\/image\/","url":"https:\/\/footdavant.fr\/actualites\/wp-content\/uploads\/2023\/09\/Copy-of-FootDavant-Logo.png","contentUrl":"https:\/\/footdavant.fr\/actualites\/wp-content\/uploads\/2023\/09\/Copy-of-FootDavant-Logo.png","width":936,"height":549,"caption":"Foot d'avant"},"image":{"@id":"https:\/\/footdavant.fr\/actualites\/#\/schema\/logo\/image\/"},"sameAs":["https:\/\/www.facebook.com\/Footdavant\/","https:\/\/twitter.com\/FootdavantFr","https:\/\/www.instagram.com\/footdavant.fr\/"]},{"@type":"Person","@id":"https:\/\/footdavant.fr\/actualites\/#\/schema\/person\/bc222566d95871b37e597b3ed3ba5e1d","name":"Cl\u00e9ment","image":{"@type":"ImageObject","inLanguage":"fr-FR","@id":"https:\/\/footdavant.fr\/actualites\/#\/schema\/person\/image\/","url":"https:\/\/secure.gravatar.com\/avatar\/7728b29aac2719421e1a9159b2254c44?s=96&d=mm&r=g","contentUrl":"https:\/\/secure.gravatar.com\/avatar\/7728b29aac2719421e1a9159b2254c44?s=96&d=mm&r=g","caption":"Cl\u00e9ment"},"sameAs":["https:\/\/footdavant.fr\/"]}]}},"_links":{"self":[{"href":"https:\/\/footdavant.fr\/actualites\/wp-json\/wp\/v2\/posts\/5263"}],"collection":[{"href":"https:\/\/footdavant.fr\/actualites\/wp-json\/wp\/v2\/posts"}],"about":[{"href":"https:\/\/footdavant.fr\/actualites\/wp-json\/wp\/v2\/types\/post"}],"author":[{"embeddable":true,"href":"https:\/\/footdavant.fr\/actualites\/wp-json\/wp\/v2\/users\/1"}],"replies":[{"embeddable":true,"href":"https:\/\/footdavant.fr\/actualites\/wp-json\/wp\/v2\/comments?post=5263"}],"version-history":[{"count":1,"href":"https:\/\/footdavant.fr\/actualites\/wp-json\/wp\/v2\/posts\/5263\/revisions"}],"predecessor-version":[{"id":5265,"href":"https:\/\/footdavant.fr\/actualites\/wp-json\/wp\/v2\/posts\/5263\/revisions\/5265"}],"wp:featuredmedia":[{"embeddable":true,"href":"https:\/\/footdavant.fr\/actualites\/wp-json\/wp\/v2\/media\/5264"}],"wp:attachment":[{"href":"https:\/\/footdavant.fr\/actualites\/wp-json\/wp\/v2\/media?parent=5263"}],"wp:term":[{"taxonomy":"category","embeddable":true,"href":"https:\/\/footdavant.fr\/actualites\/wp-json\/wp\/v2\/categories?post=5263"},{"taxonomy":"post_tag","embeddable":true,"href":"https:\/\/footdavant.fr\/actualites\/wp-json\/wp\/v2\/tags?post=5263"}],"curies":[{"name":"wp","href":"https:\/\/api.w.org\/{rel}","templated":true}]}}