{"id":5266,"date":"2024-02-19T08:49:04","date_gmt":"2024-02-19T07:49:04","guid":{"rendered":"https:\/\/footdavant.fr\/actualites\/aucune-intervention-chirurgicale-requise-mise-a-jour-mitigee-sur-les-blessures-de-jota-alors-que-la-finale-de-la-coupe-est-terminee\/"},"modified":"2024-02-19T08:49:06","modified_gmt":"2024-02-19T07:49:06","slug":"aucune-intervention-chirurgicale-requise-mise-a-jour-mitigee-sur-les-blessures-de-jota-alors-que-la-finale-de-la-coupe-est-terminee","status":"publish","type":"post","link":"https:\/\/footdavant.fr\/actualites\/aucune-intervention-chirurgicale-requise-mise-a-jour-mitigee-sur-les-blessures-de-jota-alors-que-la-finale-de-la-coupe-est-terminee\/","title":{"rendered":"Aucune intervention chirurgicale requise\u00a0;  Mise \u00e0 jour mitig\u00e9e sur les blessures de Jota alors que la finale de la coupe est termin\u00e9e"},"content":{"rendered":"<p><\/p>\n<div id=\"article-body\">\n<!-- Article Start --><\/p>\n<p>Les supporters de Liverpool se sont sentis tr\u00e8s mitig\u00e9s apr\u00e8s une belle victoire 4-1 sur Bradford, mais Diogo Jota a \u00e9t\u00e9 l&rsquo;un des joueurs malheureux \u00e0 se blesser ce jour-l\u00e0.<\/p>\n<p>Une mise \u00e0 jour a maintenant \u00e9t\u00e9 fournie \u00e0 partir de <em>Enregistrer <\/em>au Portugal: <\/p>\n<\/p>\n<\/p>\n<p>Il a \u00e9t\u00e9 partag\u00e9 au lendemain de notre match avec l&rsquo;\u00e9quipe de Thomas Frank que : &lsquo;.<\/p>\n<p>Cela donne maintenant l&rsquo;impression qu&rsquo;aucune intervention chirurgicale ne sera n\u00e9cessaire et il est clair que les nouvelles en provenance du pays d&rsquo;origine de notre attaquant se concentrent principalement sur la question de savoir si son joueur sera apte pour un tournoi cet \u00e9t\u00e9.<\/p>\n<\/p>\n<p>Le manque de deux mois de football pour les Reds verra un retour \u00e0 la mi-avril qui \u00e9tablirait un retour dans et autour du match retour des quarts de finale de la Ligue Europa \u2013 si nous y arrivons.<\/p>\n<p>Cela signifierait \u00e9galement manquer neuf matches de Premier League, dont l&rsquo;affrontement massif avec Manchester City \u00e0 Anfield et la finale de la Coupe de la Ligue \u00e0 Wembley contre Chelsea.<\/p>\n<p>Nous pouvons \u00eatre r\u00e9confort\u00e9s par le fait que Mo Salah est revenu contre les Bees et s&rsquo;est tourn\u00e9 vers son ancien moi, ainsi que par la pr\u00e9sence de trois autres options offensives solides \u2013 m\u00eame si nous attendons toujours la confirmation de la forme physique de Darwin Nunez.<\/p>\n<\/p>\n<p>C&rsquo;est une p\u00e9riode terrible pour autant de blessures chez des joueurs cl\u00e9s, mais cette campagne a \u00e9t\u00e9 ax\u00e9e sur les joueurs marginaux de Jurgen Klopp qui ont r\u00e9sist\u00e9 \u00e0 l&rsquo;\u00e9preuve, ce que nous ne pouvons qu&rsquo;esp\u00e9rer continuer.<\/p>\n<p>Ce sera une \u00e9norme mise \u00e0 jour sur les blessures la prochaine fois que le patron parlera aux m\u00e9dias, mais gardons tout de c\u00f4t\u00e9 pour que nous obtenions autant de nouvelles positives que possible.<\/p>\n<\/p>\n<p><span class=\"embed-youtube\" style=\"text-align:center; display: block;\"><\/span><\/p>\n<p><!-- Article End -->\t\t\t\t<\/div>\n","protected":false},"excerpt":{"rendered":"<p>Les supporters de Liverpool se sont sentis tr\u00e8s mitig\u00e9s apr\u00e8s une belle victoire 4-1 sur Bradford, mais Diogo Jota a \u00e9t\u00e9 l&rsquo;un des joueurs malheureux<\/p>\n","protected":false},"author":1,"featured_media":5267,"comment_status":"closed","ping_status":"","sticky":false,"template":"","format":"standard","meta":{"footnotes":""},"categories":[3],"tags":[318,2700,155,935,1946,217,897,934,1590,328,93,327,3746,3745,103,3747],"yoast_head":"<!-- This site is optimized with the Yoast SEO plugin v21.0 - https:\/\/yoast.com\/wordpress\/plugins\/seo\/ -->\n<title>Aucune intervention chirurgicale requise\u00a0; Mise \u00e0 jour mitig\u00e9e sur les blessures de Jota alors que la finale de la coupe est termin\u00e9e<\/title>\n<meta name=\"robots\" content=\"index, follow, max-snippet:-1, max-image-preview:large, max-video-preview:-1\" \/>\n<link rel=\"canonical\" href=\"https:\/\/footdavant.fr\/actualites\/aucune-intervention-chirurgicale-requise-mise-a-jour-mitigee-sur-les-blessures-de-jota-alors-que-la-finale-de-la-coupe-est-terminee\/\" \/>\n<meta property=\"og:locale\" content=\"fr_FR\" \/>\n<meta property=\"og:type\" content=\"article\" \/>\n<meta property=\"og:title\" content=\"Aucune intervention chirurgicale requise\u00a0; Mise \u00e0 jour mitig\u00e9e sur les blessures de Jota alors que la finale de la coupe est termin\u00e9e\" \/>\n<meta property=\"og:description\" content=\"Les supporters de Liverpool se sont sentis tr\u00e8s mitig\u00e9s apr\u00e8s une belle victoire 4-1 sur Bradford, mais Diogo Jota a \u00e9t\u00e9 l&rsquo;un des joueurs malheureux\" \/>\n<meta property=\"og:url\" content=\"https:\/\/footdavant.fr\/actualites\/aucune-intervention-chirurgicale-requise-mise-a-jour-mitigee-sur-les-blessures-de-jota-alors-que-la-finale-de-la-coupe-est-terminee\/\" \/>\n<meta property=\"og:site_name\" content=\"Foot d&#039;avant\" \/>\n<meta property=\"article:publisher\" content=\"https:\/\/www.facebook.com\/Footdavant\/\" \/>\n<meta property=\"article:published_time\" content=\"2024-02-19T07:49:04+00:00\" \/>\n<meta property=\"article:modified_time\" content=\"2024-02-19T07:49:06+00:00\" \/>\n<meta property=\"og:image\" content=\"https:\/\/footdavant.fr\/actualites\/wp-content\/uploads\/2024\/02\/Aucune-intervention-chirurgicale-requise-Mise-a-jour-mitigee-sur-les.jpg\" \/>\n\t<meta property=\"og:image:width\" content=\"1920\" \/>\n\t<meta property=\"og:image:height\" content=\"960\" \/>\n\t<meta property=\"og:image:type\" content=\"image\/jpeg\" \/>\n<meta name=\"author\" content=\"Cl\u00e9ment\" \/>\n<meta name=\"twitter:card\" content=\"summary_large_image\" \/>\n<meta name=\"twitter:creator\" content=\"@FootdavantFr\" \/>\n<meta name=\"twitter:site\" content=\"@FootdavantFr\" \/>\n<meta name=\"twitter:label1\" content=\"\u00c9crit par\" \/>\n\t<meta name=\"twitter:data1\" content=\"Cl\u00e9ment\" \/>\n\t<meta name=\"twitter:label2\" content=\"Dur\u00e9e de lecture estim\u00e9e\" \/>\n\t<meta name=\"twitter:data2\" content=\"1 minute\" \/>\n<script type=\"application\/ld+json\" class=\"yoast-schema-graph\">{\"@context\":\"https:\/\/schema.org\",\"@graph\":[{\"@type\":\"Article\",\"@id\":\"https:\/\/footdavant.fr\/actualites\/aucune-intervention-chirurgicale-requise-mise-a-jour-mitigee-sur-les-blessures-de-jota-alors-que-la-finale-de-la-coupe-est-terminee\/#article\",\"isPartOf\":{\"@id\":\"https:\/\/footdavant.fr\/actualites\/aucune-intervention-chirurgicale-requise-mise-a-jour-mitigee-sur-les-blessures-de-jota-alors-que-la-finale-de-la-coupe-est-terminee\/\"},\"author\":{\"name\":\"Cl\u00e9ment\",\"@id\":\"https:\/\/footdavant.fr\/actualites\/#\/schema\/person\/bc222566d95871b37e597b3ed3ba5e1d\"},\"headline\":\"Aucune intervention chirurgicale requise\u00a0; Mise \u00e0 jour mitig\u00e9e sur les blessures de Jota alors que la finale de la coupe est termin\u00e9e\",\"datePublished\":\"2024-02-19T07:49:04+00:00\",\"dateModified\":\"2024-02-19T07:49:06+00:00\",\"mainEntityOfPage\":{\"@id\":\"https:\/\/footdavant.fr\/actualites\/aucune-intervention-chirurgicale-requise-mise-a-jour-mitigee-sur-les-blessures-de-jota-alors-que-la-finale-de-la-coupe-est-terminee\/\"},\"wordCount\":321,\"publisher\":{\"@id\":\"https:\/\/footdavant.fr\/actualites\/#organization\"},\"keywords\":[\"alors\",\"aucune\",\"blessures\",\"chirurgicale\",\"Coupe\",\"est\",\"finale\",\"intervention\",\"Jota\",\"jour\",\"les\",\"mise\",\"mitig\u00e9e\",\"requise\",\"sur\",\"termin\u00e9e\"],\"articleSection\":[\"Football\"],\"inLanguage\":\"fr-FR\"},{\"@type\":\"WebPage\",\"@id\":\"https:\/\/footdavant.fr\/actualites\/aucune-intervention-chirurgicale-requise-mise-a-jour-mitigee-sur-les-blessures-de-jota-alors-que-la-finale-de-la-coupe-est-terminee\/\",\"url\":\"https:\/\/footdavant.fr\/actualites\/aucune-intervention-chirurgicale-requise-mise-a-jour-mitigee-sur-les-blessures-de-jota-alors-que-la-finale-de-la-coupe-est-terminee\/\",\"name\":\"Aucune intervention chirurgicale requise\u00a0; Mise \u00e0 jour mitig\u00e9e sur les blessures de Jota alors que la finale de la coupe est termin\u00e9e\",\"isPartOf\":{\"@id\":\"https:\/\/footdavant.fr\/actualites\/#website\"},\"datePublished\":\"2024-02-19T07:49:04+00:00\",\"dateModified\":\"2024-02-19T07:49:06+00:00\",\"breadcrumb\":{\"@id\":\"https:\/\/footdavant.fr\/actualites\/aucune-intervention-chirurgicale-requise-mise-a-jour-mitigee-sur-les-blessures-de-jota-alors-que-la-finale-de-la-coupe-est-terminee\/#breadcrumb\"},\"inLanguage\":\"fr-FR\",\"potentialAction\":[{\"@type\":\"ReadAction\",\"target\":[\"https:\/\/footdavant.fr\/actualites\/aucune-intervention-chirurgicale-requise-mise-a-jour-mitigee-sur-les-blessures-de-jota-alors-que-la-finale-de-la-coupe-est-terminee\/\"]}]},{\"@type\":\"BreadcrumbList\",\"@id\":\"https:\/\/footdavant.fr\/actualites\/aucune-intervention-chirurgicale-requise-mise-a-jour-mitigee-sur-les-blessures-de-jota-alors-que-la-finale-de-la-coupe-est-terminee\/#breadcrumb\",\"itemListElement\":[{\"@type\":\"ListItem\",\"position\":1,\"name\":\"Accueil\",\"item\":\"https:\/\/footdavant.fr\/actualites\/\"},{\"@type\":\"ListItem\",\"position\":2,\"name\":\"Aucune intervention chirurgicale requise\u00a0; Mise \u00e0 jour mitig\u00e9e sur les blessures de Jota alors que la finale de la coupe est termin\u00e9e\"}]},{\"@type\":\"WebSite\",\"@id\":\"https:\/\/footdavant.fr\/actualites\/#website\",\"url\":\"https:\/\/footdavant.fr\/actualites\/\",\"name\":\"Foot d'avant\",\"description\":\"\",\"publisher\":{\"@id\":\"https:\/\/footdavant.fr\/actualites\/#organization\"},\"potentialAction\":[{\"@type\":\"SearchAction\",\"target\":{\"@type\":\"EntryPoint\",\"urlTemplate\":\"https:\/\/footdavant.fr\/actualites\/?s={search_term_string}\"},\"query-input\":\"required name=search_term_string\"}],\"inLanguage\":\"fr-FR\"},{\"@type\":\"Organization\",\"@id\":\"https:\/\/footdavant.fr\/actualites\/#organization\",\"name\":\"Foot d'avant\",\"url\":\"https:\/\/footdavant.fr\/actualites\/\",\"logo\":{\"@type\":\"ImageObject\",\"inLanguage\":\"fr-FR\",\"@id\":\"https:\/\/footdavant.fr\/actualites\/#\/schema\/logo\/image\/\",\"url\":\"https:\/\/footdavant.fr\/actualites\/wp-content\/uploads\/2023\/09\/Copy-of-FootDavant-Logo.png\",\"contentUrl\":\"https:\/\/footdavant.fr\/actualites\/wp-content\/uploads\/2023\/09\/Copy-of-FootDavant-Logo.png\",\"width\":936,\"height\":549,\"caption\":\"Foot d'avant\"},\"image\":{\"@id\":\"https:\/\/footdavant.fr\/actualites\/#\/schema\/logo\/image\/\"},\"sameAs\":[\"https:\/\/www.facebook.com\/Footdavant\/\",\"https:\/\/twitter.com\/FootdavantFr\",\"https:\/\/www.instagram.com\/footdavant.fr\/\"]},{\"@type\":\"Person\",\"@id\":\"https:\/\/footdavant.fr\/actualites\/#\/schema\/person\/bc222566d95871b37e597b3ed3ba5e1d\",\"name\":\"Cl\u00e9ment\",\"image\":{\"@type\":\"ImageObject\",\"inLanguage\":\"fr-FR\",\"@id\":\"https:\/\/footdavant.fr\/actualites\/#\/schema\/person\/image\/\",\"url\":\"https:\/\/secure.gravatar.com\/avatar\/7728b29aac2719421e1a9159b2254c44?s=96&d=mm&r=g\",\"contentUrl\":\"https:\/\/secure.gravatar.com\/avatar\/7728b29aac2719421e1a9159b2254c44?s=96&d=mm&r=g\",\"caption\":\"Cl\u00e9ment\"},\"sameAs\":[\"https:\/\/footdavant.fr\/\"]}]}<\/script>\n<!-- \/ Yoast SEO plugin. -->","yoast_head_json":{"title":"Aucune intervention chirurgicale requise\u00a0; Mise \u00e0 jour mitig\u00e9e sur les blessures de Jota alors que la finale de la coupe est termin\u00e9e","robots":{"index":"index","follow":"follow","max-snippet":"max-snippet:-1","max-image-preview":"max-image-preview:large","max-video-preview":"max-video-preview:-1"},"canonical":"https:\/\/footdavant.fr\/actualites\/aucune-intervention-chirurgicale-requise-mise-a-jour-mitigee-sur-les-blessures-de-jota-alors-que-la-finale-de-la-coupe-est-terminee\/","og_locale":"fr_FR","og_type":"article","og_title":"Aucune intervention chirurgicale requise\u00a0; Mise \u00e0 jour mitig\u00e9e sur les blessures de Jota alors que la finale de la coupe est termin\u00e9e","og_description":"Les supporters de Liverpool se sont sentis tr\u00e8s mitig\u00e9s apr\u00e8s une belle victoire 4-1 sur Bradford, mais Diogo Jota a \u00e9t\u00e9 l&rsquo;un des joueurs malheureux","og_url":"https:\/\/footdavant.fr\/actualites\/aucune-intervention-chirurgicale-requise-mise-a-jour-mitigee-sur-les-blessures-de-jota-alors-que-la-finale-de-la-coupe-est-terminee\/","og_site_name":"Foot d&#039;avant","article_publisher":"https:\/\/www.facebook.com\/Footdavant\/","article_published_time":"2024-02-19T07:49:04+00:00","article_modified_time":"2024-02-19T07:49:06+00:00","og_image":[{"width":1920,"height":960,"url":"https:\/\/footdavant.fr\/actualites\/wp-content\/uploads\/2024\/02\/Aucune-intervention-chirurgicale-requise-Mise-a-jour-mitigee-sur-les.jpg","type":"image\/jpeg"}],"author":"Cl\u00e9ment","twitter_card":"summary_large_image","twitter_creator":"@FootdavantFr","twitter_site":"@FootdavantFr","twitter_misc":{"\u00c9crit par":"Cl\u00e9ment","Dur\u00e9e de lecture estim\u00e9e":"1 minute"},"schema":{"@context":"https:\/\/schema.org","@graph":[{"@type":"Article","@id":"https:\/\/footdavant.fr\/actualites\/aucune-intervention-chirurgicale-requise-mise-a-jour-mitigee-sur-les-blessures-de-jota-alors-que-la-finale-de-la-coupe-est-terminee\/#article","isPartOf":{"@id":"https:\/\/footdavant.fr\/actualites\/aucune-intervention-chirurgicale-requise-mise-a-jour-mitigee-sur-les-blessures-de-jota-alors-que-la-finale-de-la-coupe-est-terminee\/"},"author":{"name":"Cl\u00e9ment","@id":"https:\/\/footdavant.fr\/actualites\/#\/schema\/person\/bc222566d95871b37e597b3ed3ba5e1d"},"headline":"Aucune intervention chirurgicale requise\u00a0; Mise \u00e0 jour mitig\u00e9e sur les blessures de Jota alors que la finale de la coupe est termin\u00e9e","datePublished":"2024-02-19T07:49:04+00:00","dateModified":"2024-02-19T07:49:06+00:00","mainEntityOfPage":{"@id":"https:\/\/footdavant.fr\/actualites\/aucune-intervention-chirurgicale-requise-mise-a-jour-mitigee-sur-les-blessures-de-jota-alors-que-la-finale-de-la-coupe-est-terminee\/"},"wordCount":321,"publisher":{"@id":"https:\/\/footdavant.fr\/actualites\/#organization"},"keywords":["alors","aucune","blessures","chirurgicale","Coupe","est","finale","intervention","Jota","jour","les","mise","mitig\u00e9e","requise","sur","termin\u00e9e"],"articleSection":["Football"],"inLanguage":"fr-FR"},{"@type":"WebPage","@id":"https:\/\/footdavant.fr\/actualites\/aucune-intervention-chirurgicale-requise-mise-a-jour-mitigee-sur-les-blessures-de-jota-alors-que-la-finale-de-la-coupe-est-terminee\/","url":"https:\/\/footdavant.fr\/actualites\/aucune-intervention-chirurgicale-requise-mise-a-jour-mitigee-sur-les-blessures-de-jota-alors-que-la-finale-de-la-coupe-est-terminee\/","name":"Aucune intervention chirurgicale requise\u00a0; Mise \u00e0 jour mitig\u00e9e sur les blessures de Jota alors que la finale de la coupe est termin\u00e9e","isPartOf":{"@id":"https:\/\/footdavant.fr\/actualites\/#website"},"datePublished":"2024-02-19T07:49:04+00:00","dateModified":"2024-02-19T07:49:06+00:00","breadcrumb":{"@id":"https:\/\/footdavant.fr\/actualites\/aucune-intervention-chirurgicale-requise-mise-a-jour-mitigee-sur-les-blessures-de-jota-alors-que-la-finale-de-la-coupe-est-terminee\/#breadcrumb"},"inLanguage":"fr-FR","potentialAction":[{"@type":"ReadAction","target":["https:\/\/footdavant.fr\/actualites\/aucune-intervention-chirurgicale-requise-mise-a-jour-mitigee-sur-les-blessures-de-jota-alors-que-la-finale-de-la-coupe-est-terminee\/"]}]},{"@type":"BreadcrumbList","@id":"https:\/\/footdavant.fr\/actualites\/aucune-intervention-chirurgicale-requise-mise-a-jour-mitigee-sur-les-blessures-de-jota-alors-que-la-finale-de-la-coupe-est-terminee\/#breadcrumb","itemListElement":[{"@type":"ListItem","position":1,"name":"Accueil","item":"https:\/\/footdavant.fr\/actualites\/"},{"@type":"ListItem","position":2,"name":"Aucune intervention chirurgicale requise\u00a0; Mise \u00e0 jour mitig\u00e9e sur les blessures de Jota alors que la finale de la coupe est termin\u00e9e"}]},{"@type":"WebSite","@id":"https:\/\/footdavant.fr\/actualites\/#website","url":"https:\/\/footdavant.fr\/actualites\/","name":"Foot d'avant","description":"","publisher":{"@id":"https:\/\/footdavant.fr\/actualites\/#organization"},"potentialAction":[{"@type":"SearchAction","target":{"@type":"EntryPoint","urlTemplate":"https:\/\/footdavant.fr\/actualites\/?s={search_term_string}"},"query-input":"required name=search_term_string"}],"inLanguage":"fr-FR"},{"@type":"Organization","@id":"https:\/\/footdavant.fr\/actualites\/#organization","name":"Foot d'avant","url":"https:\/\/footdavant.fr\/actualites\/","logo":{"@type":"ImageObject","inLanguage":"fr-FR","@id":"https:\/\/footdavant.fr\/actualites\/#\/schema\/logo\/image\/","url":"https:\/\/footdavant.fr\/actualites\/wp-content\/uploads\/2023\/09\/Copy-of-FootDavant-Logo.png","contentUrl":"https:\/\/footdavant.fr\/actualites\/wp-content\/uploads\/2023\/09\/Copy-of-FootDavant-Logo.png","width":936,"height":549,"caption":"Foot d'avant"},"image":{"@id":"https:\/\/footdavant.fr\/actualites\/#\/schema\/logo\/image\/"},"sameAs":["https:\/\/www.facebook.com\/Footdavant\/","https:\/\/twitter.com\/FootdavantFr","https:\/\/www.instagram.com\/footdavant.fr\/"]},{"@type":"Person","@id":"https:\/\/footdavant.fr\/actualites\/#\/schema\/person\/bc222566d95871b37e597b3ed3ba5e1d","name":"Cl\u00e9ment","image":{"@type":"ImageObject","inLanguage":"fr-FR","@id":"https:\/\/footdavant.fr\/actualites\/#\/schema\/person\/image\/","url":"https:\/\/secure.gravatar.com\/avatar\/7728b29aac2719421e1a9159b2254c44?s=96&d=mm&r=g","contentUrl":"https:\/\/secure.gravatar.com\/avatar\/7728b29aac2719421e1a9159b2254c44?s=96&d=mm&r=g","caption":"Cl\u00e9ment"},"sameAs":["https:\/\/footdavant.fr\/"]}]}},"_links":{"self":[{"href":"https:\/\/footdavant.fr\/actualites\/wp-json\/wp\/v2\/posts\/5266"}],"collection":[{"href":"https:\/\/footdavant.fr\/actualites\/wp-json\/wp\/v2\/posts"}],"about":[{"href":"https:\/\/footdavant.fr\/actualites\/wp-json\/wp\/v2\/types\/post"}],"author":[{"embeddable":true,"href":"https:\/\/footdavant.fr\/actualites\/wp-json\/wp\/v2\/users\/1"}],"replies":[{"embeddable":true,"href":"https:\/\/footdavant.fr\/actualites\/wp-json\/wp\/v2\/comments?post=5266"}],"version-history":[{"count":1,"href":"https:\/\/footdavant.fr\/actualites\/wp-json\/wp\/v2\/posts\/5266\/revisions"}],"predecessor-version":[{"id":5268,"href":"https:\/\/footdavant.fr\/actualites\/wp-json\/wp\/v2\/posts\/5266\/revisions\/5268"}],"wp:featuredmedia":[{"embeddable":true,"href":"https:\/\/footdavant.fr\/actualites\/wp-json\/wp\/v2\/media\/5267"}],"wp:attachment":[{"href":"https:\/\/footdavant.fr\/actualites\/wp-json\/wp\/v2\/media?parent=5266"}],"wp:term":[{"taxonomy":"category","embeddable":true,"href":"https:\/\/footdavant.fr\/actualites\/wp-json\/wp\/v2\/categories?post=5266"},{"taxonomy":"post_tag","embeddable":true,"href":"https:\/\/footdavant.fr\/actualites\/wp-json\/wp\/v2\/tags?post=5266"}],"curies":[{"name":"wp","href":"https:\/\/api.w.org\/{rel}","templated":true}]}}