{"id":5269,"date":"2024-02-19T09:48:47","date_gmt":"2024-02-19T08:48:47","guid":{"rendered":"https:\/\/footdavant.fr\/actualites\/apercu-psv-eindhoven-contre-borussia-dortmund-pronostics-actualites-de-lequipe-compositions\/"},"modified":"2024-02-19T09:48:48","modified_gmt":"2024-02-19T08:48:48","slug":"apercu-psv-eindhoven-contre-borussia-dortmund-pronostics-actualites-de-lequipe-compositions","status":"publish","type":"post","link":"https:\/\/footdavant.fr\/actualites\/apercu-psv-eindhoven-contre-borussia-dortmund-pronostics-actualites-de-lequipe-compositions\/","title":{"rendered":"Aper\u00e7u : PSV Eindhoven contre Borussia Dortmund \u2013 pronostics, actualit\u00e9s de l&rsquo;\u00e9quipe, compositions"},"content":{"rendered":"<p>Sports Mole pr\u00e9sente un aper\u00e7u du choc de la Ligue des champions de mardi entre le PSV Eindhoven et le Borussia Dortmund, y compris les pronostics, les nouvelles de l&rsquo;\u00e9quipe et les compositions possibles.<\/p>\n<div id=\"article_body\" itemprop=\"articleBody\">\n<p class=\"firstPara\">Les dirigeants de l&rsquo;Eredivisie en fuite <strong class=\"autotag\">PSV Eindhoven<\/strong> se sont mis \u00e0 l&rsquo;\u00e9preuve mardi, comme <strong class=\"autotag\">Borussia Dortmund<\/strong> arrivent au Philips Stadion pour le match aller des huiti\u00e8mes de finale de la plus grande comp\u00e9tition de clubs de l&rsquo;UEFA.<\/p>\n<p>La premi\u00e8re du PSV <strong class=\"autotag\">Ligue des champions<\/strong> Le match \u00e0 \u00e9limination directe pendant huit ans verra l&rsquo;\u00e9quipe n\u00e9erlandaise affronter des adversaires sortis indemnes du \u00ab Groupe de la Mort \u00bb de cette saison.<\/p>\n<hr class=\"divide\">\n<h2>Aper\u00e7u du match<\/h2>\n<p class=\"imgI\">\n<p>Apr\u00e8s avoir perdu \u00e0 trois reprises cons\u00e9cutives en qualifications, le PSV est finalement revenu sur le devant de la sc\u00e8ne plus t\u00f4t cette saison et a termin\u00e9 deuxi\u00e8me derri\u00e8re Arsenal dans un groupe B comp\u00e9titif.<\/p>\n<p>La victoire contre Lens a mis fin \u00e0 une s\u00e9rie de 15 matchs sans victoire du club en phase de groupes de la Ligue des champions, tandis que S\u00e9ville et Arsenal ont \u00e9t\u00e9 tenus \u00e0 des matchs nuls \u00e0 domicile pour poursuivre une impressionnante s\u00e9quence sans d\u00e9faite au Philips Stadion &#8211; ils ont remport\u00e9 les six autres de leurs huit derniers matches europ\u00e9ens en Eindhoven.<\/p>\n<p>Faisant d\u00e9sormais sa cinqui\u00e8me apparition en phase \u00e0 \u00e9limination directe &#8211; et seulement sa deuxi\u00e8me en 17 saisons &#8211; le PSV tente d&rsquo;atteindre les quarts de finale pour la premi\u00e8re fois depuis 2007.<\/p>\n<p>Licenci\u00e9 par le capitaine <strong class=\"autotag\">Luuk de Jong<\/strong>qui a inscrit 27 buts en 34 apparitions, <strong class=\"autotag\">Pierre Bosz<\/strong> pr\u00e9side une \u00e9quipe qui n&rsquo;a pas encore perdu lors de 22 matches de championnat cette saison, et qui en a remport\u00e9 pas moins de 20.<\/p>\n<p>Apr\u00e8s avoir termin\u00e9 deuxi\u00e8me de l&rsquo;Eredivisie pour la troisi\u00e8me ann\u00e9e cons\u00e9cutive, la s\u00e9quence de 17 victoires cons\u00e9cutives du PSV pour d\u00e9buter cette saison n&rsquo;a pris fin que par le match nul 1-1 en janvier \u00e0 Utrecht, peu de temps avant de s&rsquo;incliner 1-0 contre Feyenoord en Coupe KNVB.  Apr\u00e8s la d\u00e9faite 2-0 contre Heracles vendredi, ils ont pris 13 points d&rsquo;avance en t\u00eate du classement.<\/p>\n<p>Clairement une force avec laquelle il faut compter sous la direction de l&rsquo;ancien entra\u00eeneur de Dortmund Bosz, les g\u00e9ants n\u00e9erlandais rencontrent d\u00e9sormais le BVB pour la premi\u00e8re fois depuis la phase de groupes de la Ligue des champions 2002-03, et prendre l&rsquo;avantage avant le match retour du mois prochain sera leur principal objectif.<\/p>\n<p class=\"imgI\"><img decoding=\"async\" loading=\"lazy\" class=\"l\" src=\"https:\/\/footdavant.fr\/actualites\/wp-content\/uploads\/2024\/02\/1708332526_323_Apercu-PSV-Eindhoven-contre-Borussia-Dortmund-\u2013-pronostics-actualites.jpg\" title=\"Karim Adeyemi du Borussia Dortmund c\u00e9l\u00e8bre son troisi\u00e8me but avec Julian Ryerson, Salih Ozcan et Emre Can le 28 novembre 2023\" alt=\"Karim Adeyemi du Borussia Dortmund c\u00e9l\u00e8bre son troisi\u00e8me but avec Julian Ryerson, Salih Ozcan et Emre Can le 28 novembre 2023\" width=\"640\" height=\"480\"><\/p>\n<p>M\u00eame si sa saison nationale ne s&rsquo;est pas d\u00e9roul\u00e9e aussi bien que celle du PSV, le Borussia Dortmund a termin\u00e9 en t\u00eate d&rsquo;un groupe F tr\u00e8s disput\u00e9 avant No\u00ebl, devant le Paris Saint-Germain, l&rsquo;AC Milan et Newcastle United.<\/p>\n<p>Die Schwarzgelben a d\u00e9but\u00e9 par une d\u00e9faite 2-0 \u00e0 Paris avant d&rsquo;\u00eatre retenu \u00e0 domicile par Milan, mais a relanc\u00e9 sa campagne en r\u00e9alisant le doubl\u00e9 contre Newcastle puis a assur\u00e9 sa progression avec une victoire 3-1 \u00e0 San Siro.<\/p>\n<p>Contrairement aux h\u00f4tes de mardi, Dortmund a \u00e9t\u00e9 un habitu\u00e9 des huiti\u00e8mes de finale au cours de la derni\u00e8re d\u00e9cennie, apparaissant \u00e0 ce stade de la Ligue des champions lors de cinq des six derni\u00e8res saisons \u2013 bien que trois des quatre derni\u00e8res se soient finalement sold\u00e9es par une \u00e9limination.<\/p>\n<p>Entra\u00eeneur <strong class=\"autotag\">Edin Terzic<\/strong> supervise actuellement une \u00e9quipe qui est peut-\u00eatre hors de la course au titre de Bundesliga, apr\u00e8s avoir failli mettre fin au long r\u00e8gne du Bayern Munich l&rsquo;ann\u00e9e derni\u00e8re, mais qui est invaincue lors de ses neuf derniers matchs toutes comp\u00e9titions confondues.<\/p>\n<p><strong class=\"autotag\">Nicolas Fullkrug<\/strong>Le sixi\u00e8me but de Dortmund en cinq matches a permis \u00e0 Dortmund de faire match nul 1-1 contre Wolfsburg ce week-end, ce qui les maintient juste dans le top quatre allemand.<\/p>\n<p>Aujourd&rsquo;hui, les champions d&rsquo;Europe de 1997 se rendent aux Pays-Bas apr\u00e8s avoir perdu huit de leurs neuf derniers matches \u00e0 l&rsquo;ext\u00e9rieur en huiti\u00e8mes de finale de la Ligue des champions. Mais le BVB a battu Newcastle et Milan en phase de groupes pour am\u00e9liorer son r\u00e9cent record sur la route.<\/p>\n<p>Forme de la Ligue des Champions du PSV Eindhoven\u00a0:<\/p>\n<p>Forme PSV Eindhoven (toutes comp\u00e9titions) :<\/p>\n<p>Forme de la Ligue des Champions du Borussia Dortmund :<\/p>\n<p>Forme du Borussia Dortmund (toutes comp\u00e9titions) :<\/p>\n<hr class=\"divide\">\n<h2>Nouvelles de l&rsquo;\u00e9quipe<\/h2>\n<p class=\"imgI\"><img decoding=\"async\" loading=\"lazy\" class=\"l\" src=\"https:\/\/footdavant.fr\/actualites\/wp-content\/uploads\/2024\/02\/1708332527_791_Apercu-PSV-Eindhoven-contre-Borussia-Dortmund-\u2013-pronostics-actualites.jpg\" title=\"L'entra\u00eeneur du PSV Eindhoven Peter Bosz r\u00e9agit le 29 novembre 2023\" alt=\"L'entra\u00eeneur du PSV Eindhoven Peter Bosz r\u00e9agit le 29 novembre 2023\" width=\"640\" height=\"480\"><\/p>\n<p>Peter Bosz &#8211; qui a ajout\u00e9 <strong class=\"autotag\">Richard Ledezma<\/strong>, <strong class=\"autotag\">Jaden De Guzm\u00e1n<\/strong> et <strong class=\"autotag\">CJ Egan Riley<\/strong> dans son \u00e9quipe de Ligue des Champions depuis la phase de groupes &#8211; placera le PSV dans sa formation hybride famili\u00e8re en 4-3-3 mardi soir, avec le skipper Luuk de Jong en t\u00eate.<\/p>\n<p>Ailier belge <strong class=\"autotag\">Johan Bakayoko<\/strong> figure sur le flanc droit des h\u00f4tes, ayant \u00e0 la fois cr\u00e9\u00e9 le plus d&rsquo;occasions et r\u00e9alis\u00e9 le plus de dribbles parmi tous les joueurs du PSV en Ligue des champions cette saison (15 chacun).<\/p>\n<p>Cependant <strong class=\"autotag\">Armel Bella-Kotchap<\/strong> R\u00e9cemment revenu d&rsquo;une blessure \u00e0 l&rsquo;\u00e9paule, le pr\u00eat\u00e9 de Southampton n&rsquo;est pas encore apte \u00e0 d\u00e9buter pour la premi\u00e8re fois depuis octobre. <strong class=\"autotag\">Guus Til<\/strong> est \u00e9galement hors de combat, donc <strong class=\"autotag\">Jerdy Schouten<\/strong> devrait continuer \u00e0 c\u00f4t\u00e9 <strong class=\"autotag\">Joey Veerman<\/strong> au milieu de terrain.<\/p>\n<p>Pendant ce temps, Dortmund a renforc\u00e9 son effectif en inscrivant un duo anglais. <strong class=\"autotag\">Jadon Sancho<\/strong> et <strong class=\"autotag\">Jamie Bynoe-Gittens<\/strong>plus <strong class=\"autotag\">Ian Maatsen<\/strong> &#8211; ce dernier est pass\u00e9 par le syst\u00e8me jeunesse du PSV avant de rejoindre Chelsea. <\/p>\n<p>Tous trois devraient figurer \u00e0 un moment donn\u00e9 \u00e0 Eindhoven, mais <strong class=\"autotag\">Ramy Bensebaini<\/strong> (maladie), <strong class=\"autotag\">Karim Adeyemi<\/strong> (muscl\u00e9) et <strong class=\"autotag\">F\u00e9lix Nmecha<\/strong> (hanche) ne sont pas disponibles. <\/p>\n<p>attaquant ivoirien <strong class=\"autotag\">S\u00e9bastien Haller<\/strong> s&rsquo;est bless\u00e9 \u00e0 la cheville alors qu&rsquo;il remportait la r\u00e9cente finale de la Coupe d&rsquo;Afrique des Nations, Niclas Fullkrug est donc certain d&rsquo;\u00eatre en t\u00eate.  Bien que Sancho, <strong class=\"autotag\">Julien Brandt<\/strong> et <strong class=\"autotag\">Marco Reus<\/strong> sont pr\u00eats \u00e0 d\u00e9marrer en support, <strong class=\"autotag\">Donyell Malen<\/strong> (qui a marqu\u00e9 55 buts en 116 matches avec le PSV) est \u00e9galement en lice pour la s\u00e9lection.<\/p>\n<p><strong>Composition de d\u00e9part possible du PSV Eindhoven :<\/strong><br \/>B\u00e9nitez\u00a0;  Teze, Boscagli, Ramalho, Dest;  Saibari, Schouten, Veerman\u00a0;  Bakayoko, De Jong, Lozano<\/p>\n<p><strong>Onze de d\u00e9part possibles du Borussia Dortmund :<\/strong><br \/>Kobel ;  Ryerson, Sule, Schlotterbeck, Maatsen;  Peut, Sabitzer\u00a0;  Brandt, Reus, Sancho ;  Fullkrug<\/p>\n<hr class=\"divide\">\n<p class=\"sm_center\"><img decoding=\"async\" loading=\"lazy\" class=\"l\" src=\"https:\/\/footdavant.fr\/actualites\/wp-content\/uploads\/2024\/02\/Apercu-PSV-Eindhoven-contre-Borussia-Dortmund-\u2013-pronostics-actualites.png\" title=\"Mots SM fond vert\" alt=\"Mots SM fond vert\" width=\"210\" height=\"53\"><\/p>\n<h2 class=\"sm_center\">Nous disons : PSV Eindhoven 2-1 Borussia Dortmund<\/h2>\n<p>Les buts sont presque assur\u00e9s au Philips Stadion, o\u00f9 le PSV est souvent implacable et peut soumettre ses adversaires.  La performance de Dortmund en phase de groupes sugg\u00e8re cependant qu&rsquo;ils peuvent se battre contre leurs h\u00f4tes, restant dans la comp\u00e9tition avant le match du mois prochain en Allemagne.<\/p>\n<p>Pour l\u2019analyse des donn\u00e9es des r\u00e9sultats les plus probables, des scores et plus encore pour ce match, veuillez cliquer ici.<\/p>\n<hr class=\"divide\">\n<h2>Aper\u00e7us par email<\/h2>\n<div>Cliquez ici pour obtenir <strong>Taupe de sport<\/strong>L&rsquo;e-mail quotidien d&rsquo;avant-premi\u00e8res et de pronostics pour chaque jeu majeur\u00a0!<\/div>\n<p><\/p>\n<hr class=\"divide\"><\/div>\n","protected":false},"excerpt":{"rendered":"<p>Sports Mole pr\u00e9sente un aper\u00e7u du choc de la Ligue des champions de mardi entre le PSV Eindhoven et le Borussia Dortmund, y compris les<\/p>\n","protected":false},"author":1,"featured_media":5270,"comment_status":"closed","ping_status":"","sticky":false,"template":"","format":"standard","meta":{"footnotes":""},"categories":[4],"tags":[7,284,96,383,20,107,591,9,382,590],"yoast_head":"<!-- This site is optimized with the Yoast SEO plugin v21.0 - https:\/\/yoast.com\/wordpress\/plugins\/seo\/ -->\n<title>Aper\u00e7u : PSV Eindhoven contre Borussia Dortmund \u2013 pronostics, actualit\u00e9s de l&#039;\u00e9quipe, compositions<\/title>\n<meta name=\"robots\" content=\"index, follow, max-snippet:-1, max-image-preview:large, max-video-preview:-1\" \/>\n<link rel=\"canonical\" href=\"https:\/\/footdavant.fr\/actualites\/apercu-psv-eindhoven-contre-borussia-dortmund-pronostics-actualites-de-lequipe-compositions\/\" \/>\n<meta property=\"og:locale\" content=\"fr_FR\" \/>\n<meta property=\"og:type\" content=\"article\" \/>\n<meta property=\"og:title\" content=\"Aper\u00e7u : PSV Eindhoven contre Borussia Dortmund \u2013 pronostics, actualit\u00e9s de l&#039;\u00e9quipe, compositions\" \/>\n<meta property=\"og:description\" content=\"Sports Mole pr\u00e9sente un aper\u00e7u du choc de la Ligue des champions de mardi entre le PSV Eindhoven et le Borussia Dortmund, y compris les\" \/>\n<meta property=\"og:url\" content=\"https:\/\/footdavant.fr\/actualites\/apercu-psv-eindhoven-contre-borussia-dortmund-pronostics-actualites-de-lequipe-compositions\/\" \/>\n<meta property=\"og:site_name\" content=\"Foot d&#039;avant\" \/>\n<meta property=\"article:publisher\" content=\"https:\/\/www.facebook.com\/Footdavant\/\" \/>\n<meta property=\"article:published_time\" content=\"2024-02-19T08:48:47+00:00\" \/>\n<meta property=\"article:modified_time\" content=\"2024-02-19T08:48:48+00:00\" \/>\n<meta property=\"og:image\" content=\"https:\/\/footdavant.fr\/actualites\/wp-content\/uploads\/2024\/02\/Apercu-PSV-Eindhoven-contre-Borussia-Dortmund-\u2013-pronostics-actualites.jpg\" \/>\n\t<meta property=\"og:image:width\" content=\"640\" \/>\n\t<meta property=\"og:image:height\" content=\"480\" \/>\n\t<meta property=\"og:image:type\" content=\"image\/jpeg\" \/>\n<meta name=\"author\" content=\"Cl\u00e9ment\" \/>\n<meta name=\"twitter:card\" content=\"summary_large_image\" \/>\n<meta name=\"twitter:creator\" content=\"@FootdavantFr\" \/>\n<meta name=\"twitter:site\" content=\"@FootdavantFr\" \/>\n<meta name=\"twitter:label1\" content=\"\u00c9crit par\" \/>\n\t<meta name=\"twitter:data1\" content=\"Cl\u00e9ment\" \/>\n\t<meta name=\"twitter:label2\" content=\"Dur\u00e9e de lecture estim\u00e9e\" \/>\n\t<meta name=\"twitter:data2\" content=\"6 minutes\" \/>\n<script type=\"application\/ld+json\" class=\"yoast-schema-graph\">{\"@context\":\"https:\/\/schema.org\",\"@graph\":[{\"@type\":\"Article\",\"@id\":\"https:\/\/footdavant.fr\/actualites\/apercu-psv-eindhoven-contre-borussia-dortmund-pronostics-actualites-de-lequipe-compositions\/#article\",\"isPartOf\":{\"@id\":\"https:\/\/footdavant.fr\/actualites\/apercu-psv-eindhoven-contre-borussia-dortmund-pronostics-actualites-de-lequipe-compositions\/\"},\"author\":{\"name\":\"Cl\u00e9ment\",\"@id\":\"https:\/\/footdavant.fr\/actualites\/#\/schema\/person\/bc222566d95871b37e597b3ed3ba5e1d\"},\"headline\":\"Aper\u00e7u : PSV Eindhoven contre Borussia Dortmund \u2013 pronostics, actualit\u00e9s de l&rsquo;\u00e9quipe, compositions\",\"datePublished\":\"2024-02-19T08:48:47+00:00\",\"dateModified\":\"2024-02-19T08:48:48+00:00\",\"mainEntityOfPage\":{\"@id\":\"https:\/\/footdavant.fr\/actualites\/apercu-psv-eindhoven-contre-borussia-dortmund-pronostics-actualites-de-lequipe-compositions\/\"},\"wordCount\":1157,\"publisher\":{\"@id\":\"https:\/\/footdavant.fr\/actualites\/#organization\"},\"keywords\":[\"Actualit\u00e9s\",\"Aper\u00e7u\",\"Borussia\",\"compositions\",\"contre\",\"Dortmund\",\"Eindhoven\",\"l\u00e9quipe\",\"pronostics\",\"PSV\"],\"articleSection\":[\"Champions League\"],\"inLanguage\":\"fr-FR\"},{\"@type\":\"WebPage\",\"@id\":\"https:\/\/footdavant.fr\/actualites\/apercu-psv-eindhoven-contre-borussia-dortmund-pronostics-actualites-de-lequipe-compositions\/\",\"url\":\"https:\/\/footdavant.fr\/actualites\/apercu-psv-eindhoven-contre-borussia-dortmund-pronostics-actualites-de-lequipe-compositions\/\",\"name\":\"Aper\u00e7u : PSV Eindhoven contre Borussia Dortmund \u2013 pronostics, actualit\u00e9s de l'\u00e9quipe, compositions\",\"isPartOf\":{\"@id\":\"https:\/\/footdavant.fr\/actualites\/#website\"},\"datePublished\":\"2024-02-19T08:48:47+00:00\",\"dateModified\":\"2024-02-19T08:48:48+00:00\",\"breadcrumb\":{\"@id\":\"https:\/\/footdavant.fr\/actualites\/apercu-psv-eindhoven-contre-borussia-dortmund-pronostics-actualites-de-lequipe-compositions\/#breadcrumb\"},\"inLanguage\":\"fr-FR\",\"potentialAction\":[{\"@type\":\"ReadAction\",\"target\":[\"https:\/\/footdavant.fr\/actualites\/apercu-psv-eindhoven-contre-borussia-dortmund-pronostics-actualites-de-lequipe-compositions\/\"]}]},{\"@type\":\"BreadcrumbList\",\"@id\":\"https:\/\/footdavant.fr\/actualites\/apercu-psv-eindhoven-contre-borussia-dortmund-pronostics-actualites-de-lequipe-compositions\/#breadcrumb\",\"itemListElement\":[{\"@type\":\"ListItem\",\"position\":1,\"name\":\"Accueil\",\"item\":\"https:\/\/footdavant.fr\/actualites\/\"},{\"@type\":\"ListItem\",\"position\":2,\"name\":\"Aper\u00e7u : PSV Eindhoven contre Borussia Dortmund \u2013 pronostics, actualit\u00e9s de l&rsquo;\u00e9quipe, compositions\"}]},{\"@type\":\"WebSite\",\"@id\":\"https:\/\/footdavant.fr\/actualites\/#website\",\"url\":\"https:\/\/footdavant.fr\/actualites\/\",\"name\":\"Foot d'avant\",\"description\":\"\",\"publisher\":{\"@id\":\"https:\/\/footdavant.fr\/actualites\/#organization\"},\"potentialAction\":[{\"@type\":\"SearchAction\",\"target\":{\"@type\":\"EntryPoint\",\"urlTemplate\":\"https:\/\/footdavant.fr\/actualites\/?s={search_term_string}\"},\"query-input\":\"required name=search_term_string\"}],\"inLanguage\":\"fr-FR\"},{\"@type\":\"Organization\",\"@id\":\"https:\/\/footdavant.fr\/actualites\/#organization\",\"name\":\"Foot d'avant\",\"url\":\"https:\/\/footdavant.fr\/actualites\/\",\"logo\":{\"@type\":\"ImageObject\",\"inLanguage\":\"fr-FR\",\"@id\":\"https:\/\/footdavant.fr\/actualites\/#\/schema\/logo\/image\/\",\"url\":\"https:\/\/footdavant.fr\/actualites\/wp-content\/uploads\/2023\/09\/Copy-of-FootDavant-Logo.png\",\"contentUrl\":\"https:\/\/footdavant.fr\/actualites\/wp-content\/uploads\/2023\/09\/Copy-of-FootDavant-Logo.png\",\"width\":936,\"height\":549,\"caption\":\"Foot d'avant\"},\"image\":{\"@id\":\"https:\/\/footdavant.fr\/actualites\/#\/schema\/logo\/image\/\"},\"sameAs\":[\"https:\/\/www.facebook.com\/Footdavant\/\",\"https:\/\/twitter.com\/FootdavantFr\",\"https:\/\/www.instagram.com\/footdavant.fr\/\"]},{\"@type\":\"Person\",\"@id\":\"https:\/\/footdavant.fr\/actualites\/#\/schema\/person\/bc222566d95871b37e597b3ed3ba5e1d\",\"name\":\"Cl\u00e9ment\",\"image\":{\"@type\":\"ImageObject\",\"inLanguage\":\"fr-FR\",\"@id\":\"https:\/\/footdavant.fr\/actualites\/#\/schema\/person\/image\/\",\"url\":\"https:\/\/secure.gravatar.com\/avatar\/7728b29aac2719421e1a9159b2254c44?s=96&d=mm&r=g\",\"contentUrl\":\"https:\/\/secure.gravatar.com\/avatar\/7728b29aac2719421e1a9159b2254c44?s=96&d=mm&r=g\",\"caption\":\"Cl\u00e9ment\"},\"sameAs\":[\"https:\/\/footdavant.fr\/\"]}]}<\/script>\n<!-- \/ Yoast SEO plugin. -->","yoast_head_json":{"title":"Aper\u00e7u : PSV Eindhoven contre Borussia Dortmund \u2013 pronostics, actualit\u00e9s de l'\u00e9quipe, compositions","robots":{"index":"index","follow":"follow","max-snippet":"max-snippet:-1","max-image-preview":"max-image-preview:large","max-video-preview":"max-video-preview:-1"},"canonical":"https:\/\/footdavant.fr\/actualites\/apercu-psv-eindhoven-contre-borussia-dortmund-pronostics-actualites-de-lequipe-compositions\/","og_locale":"fr_FR","og_type":"article","og_title":"Aper\u00e7u : PSV Eindhoven contre Borussia Dortmund \u2013 pronostics, actualit\u00e9s de l'\u00e9quipe, compositions","og_description":"Sports Mole pr\u00e9sente un aper\u00e7u du choc de la Ligue des champions de mardi entre le PSV Eindhoven et le Borussia Dortmund, y compris les","og_url":"https:\/\/footdavant.fr\/actualites\/apercu-psv-eindhoven-contre-borussia-dortmund-pronostics-actualites-de-lequipe-compositions\/","og_site_name":"Foot d&#039;avant","article_publisher":"https:\/\/www.facebook.com\/Footdavant\/","article_published_time":"2024-02-19T08:48:47+00:00","article_modified_time":"2024-02-19T08:48:48+00:00","og_image":[{"width":640,"height":480,"url":"https:\/\/footdavant.fr\/actualites\/wp-content\/uploads\/2024\/02\/Apercu-PSV-Eindhoven-contre-Borussia-Dortmund-\u2013-pronostics-actualites.jpg","type":"image\/jpeg"}],"author":"Cl\u00e9ment","twitter_card":"summary_large_image","twitter_creator":"@FootdavantFr","twitter_site":"@FootdavantFr","twitter_misc":{"\u00c9crit par":"Cl\u00e9ment","Dur\u00e9e de lecture estim\u00e9e":"6 minutes"},"schema":{"@context":"https:\/\/schema.org","@graph":[{"@type":"Article","@id":"https:\/\/footdavant.fr\/actualites\/apercu-psv-eindhoven-contre-borussia-dortmund-pronostics-actualites-de-lequipe-compositions\/#article","isPartOf":{"@id":"https:\/\/footdavant.fr\/actualites\/apercu-psv-eindhoven-contre-borussia-dortmund-pronostics-actualites-de-lequipe-compositions\/"},"author":{"name":"Cl\u00e9ment","@id":"https:\/\/footdavant.fr\/actualites\/#\/schema\/person\/bc222566d95871b37e597b3ed3ba5e1d"},"headline":"Aper\u00e7u : PSV Eindhoven contre Borussia Dortmund \u2013 pronostics, actualit\u00e9s de l&rsquo;\u00e9quipe, compositions","datePublished":"2024-02-19T08:48:47+00:00","dateModified":"2024-02-19T08:48:48+00:00","mainEntityOfPage":{"@id":"https:\/\/footdavant.fr\/actualites\/apercu-psv-eindhoven-contre-borussia-dortmund-pronostics-actualites-de-lequipe-compositions\/"},"wordCount":1157,"publisher":{"@id":"https:\/\/footdavant.fr\/actualites\/#organization"},"keywords":["Actualit\u00e9s","Aper\u00e7u","Borussia","compositions","contre","Dortmund","Eindhoven","l\u00e9quipe","pronostics","PSV"],"articleSection":["Champions League"],"inLanguage":"fr-FR"},{"@type":"WebPage","@id":"https:\/\/footdavant.fr\/actualites\/apercu-psv-eindhoven-contre-borussia-dortmund-pronostics-actualites-de-lequipe-compositions\/","url":"https:\/\/footdavant.fr\/actualites\/apercu-psv-eindhoven-contre-borussia-dortmund-pronostics-actualites-de-lequipe-compositions\/","name":"Aper\u00e7u : PSV Eindhoven contre Borussia Dortmund \u2013 pronostics, actualit\u00e9s de l'\u00e9quipe, compositions","isPartOf":{"@id":"https:\/\/footdavant.fr\/actualites\/#website"},"datePublished":"2024-02-19T08:48:47+00:00","dateModified":"2024-02-19T08:48:48+00:00","breadcrumb":{"@id":"https:\/\/footdavant.fr\/actualites\/apercu-psv-eindhoven-contre-borussia-dortmund-pronostics-actualites-de-lequipe-compositions\/#breadcrumb"},"inLanguage":"fr-FR","potentialAction":[{"@type":"ReadAction","target":["https:\/\/footdavant.fr\/actualites\/apercu-psv-eindhoven-contre-borussia-dortmund-pronostics-actualites-de-lequipe-compositions\/"]}]},{"@type":"BreadcrumbList","@id":"https:\/\/footdavant.fr\/actualites\/apercu-psv-eindhoven-contre-borussia-dortmund-pronostics-actualites-de-lequipe-compositions\/#breadcrumb","itemListElement":[{"@type":"ListItem","position":1,"name":"Accueil","item":"https:\/\/footdavant.fr\/actualites\/"},{"@type":"ListItem","position":2,"name":"Aper\u00e7u : PSV Eindhoven contre Borussia Dortmund \u2013 pronostics, actualit\u00e9s de l&rsquo;\u00e9quipe, compositions"}]},{"@type":"WebSite","@id":"https:\/\/footdavant.fr\/actualites\/#website","url":"https:\/\/footdavant.fr\/actualites\/","name":"Foot d'avant","description":"","publisher":{"@id":"https:\/\/footdavant.fr\/actualites\/#organization"},"potentialAction":[{"@type":"SearchAction","target":{"@type":"EntryPoint","urlTemplate":"https:\/\/footdavant.fr\/actualites\/?s={search_term_string}"},"query-input":"required name=search_term_string"}],"inLanguage":"fr-FR"},{"@type":"Organization","@id":"https:\/\/footdavant.fr\/actualites\/#organization","name":"Foot d'avant","url":"https:\/\/footdavant.fr\/actualites\/","logo":{"@type":"ImageObject","inLanguage":"fr-FR","@id":"https:\/\/footdavant.fr\/actualites\/#\/schema\/logo\/image\/","url":"https:\/\/footdavant.fr\/actualites\/wp-content\/uploads\/2023\/09\/Copy-of-FootDavant-Logo.png","contentUrl":"https:\/\/footdavant.fr\/actualites\/wp-content\/uploads\/2023\/09\/Copy-of-FootDavant-Logo.png","width":936,"height":549,"caption":"Foot d'avant"},"image":{"@id":"https:\/\/footdavant.fr\/actualites\/#\/schema\/logo\/image\/"},"sameAs":["https:\/\/www.facebook.com\/Footdavant\/","https:\/\/twitter.com\/FootdavantFr","https:\/\/www.instagram.com\/footdavant.fr\/"]},{"@type":"Person","@id":"https:\/\/footdavant.fr\/actualites\/#\/schema\/person\/bc222566d95871b37e597b3ed3ba5e1d","name":"Cl\u00e9ment","image":{"@type":"ImageObject","inLanguage":"fr-FR","@id":"https:\/\/footdavant.fr\/actualites\/#\/schema\/person\/image\/","url":"https:\/\/secure.gravatar.com\/avatar\/7728b29aac2719421e1a9159b2254c44?s=96&d=mm&r=g","contentUrl":"https:\/\/secure.gravatar.com\/avatar\/7728b29aac2719421e1a9159b2254c44?s=96&d=mm&r=g","caption":"Cl\u00e9ment"},"sameAs":["https:\/\/footdavant.fr\/"]}]}},"_links":{"self":[{"href":"https:\/\/footdavant.fr\/actualites\/wp-json\/wp\/v2\/posts\/5269"}],"collection":[{"href":"https:\/\/footdavant.fr\/actualites\/wp-json\/wp\/v2\/posts"}],"about":[{"href":"https:\/\/footdavant.fr\/actualites\/wp-json\/wp\/v2\/types\/post"}],"author":[{"embeddable":true,"href":"https:\/\/footdavant.fr\/actualites\/wp-json\/wp\/v2\/users\/1"}],"replies":[{"embeddable":true,"href":"https:\/\/footdavant.fr\/actualites\/wp-json\/wp\/v2\/comments?post=5269"}],"version-history":[{"count":1,"href":"https:\/\/footdavant.fr\/actualites\/wp-json\/wp\/v2\/posts\/5269\/revisions"}],"predecessor-version":[{"id":5271,"href":"https:\/\/footdavant.fr\/actualites\/wp-json\/wp\/v2\/posts\/5269\/revisions\/5271"}],"wp:featuredmedia":[{"embeddable":true,"href":"https:\/\/footdavant.fr\/actualites\/wp-json\/wp\/v2\/media\/5270"}],"wp:attachment":[{"href":"https:\/\/footdavant.fr\/actualites\/wp-json\/wp\/v2\/media?parent=5269"}],"wp:term":[{"taxonomy":"category","embeddable":true,"href":"https:\/\/footdavant.fr\/actualites\/wp-json\/wp\/v2\/categories?post=5269"},{"taxonomy":"post_tag","embeddable":true,"href":"https:\/\/footdavant.fr\/actualites\/wp-json\/wp\/v2\/tags?post=5269"}],"curies":[{"name":"wp","href":"https:\/\/api.w.org\/{rel}","templated":true}]}}