{"id":5272,"date":"2024-02-19T11:03:56","date_gmt":"2024-02-19T10:03:56","guid":{"rendered":"https:\/\/footdavant.fr\/actualites\/tim-steidten-de-west-ham-united-honore-detre-lie-a-un-poste-a-liverpool\/"},"modified":"2024-02-19T11:03:56","modified_gmt":"2024-02-19T10:03:56","slug":"tim-steidten-de-west-ham-united-honore-detre-lie-a-un-poste-a-liverpool","status":"publish","type":"post","link":"https:\/\/footdavant.fr\/actualites\/tim-steidten-de-west-ham-united-honore-detre-lie-a-un-poste-a-liverpool\/","title":{"rendered":"Tim Steidten de West Ham United \u00ab honor\u00e9 \u00bb d&rsquo;\u00eatre li\u00e9 \u00e0 un poste \u00e0 Liverpool"},"content":{"rendered":"<p>Le directeur sportif de West Ham United, Jorg Schmadtke, admet qu&rsquo;il est \u00ab\u00a0honor\u00e9\u00a0\u00bb d&rsquo;\u00eatre li\u00e9 \u00e0 Liverpool alors que les Reds recherchent un successeur \u00e0 Jorg Schmadtke.<\/p>\n<div id=\"article_body\" itemprop=\"articleBody\">\n<h3 class=\"firstPara\">\n<strong class=\"autotag\">West Ham United<\/strong> directeur sportif <strong class=\"autotag\">Tim Steidten<\/strong> a \u00e9tiquet\u00e9 des liens avec le <strong class=\"autotag\">Liverpool<\/strong> ce poste comme un \u00ab\u00a0honneur\u00a0\u00bb, mais il a confirm\u00e9 qu&rsquo;aucun joueur des Reds n&rsquo;avait encore \u00e9t\u00e9 en contact avec lui.<\/h3>\n<p>Les Reds ont subi quelques remaniements au sein du d\u00e9partement du directeur sportif au cours des deux derni\u00e8res ann\u00e9es, alors que le directeur sportif de longue date <strong class=\"autotag\">Michael Edwards<\/strong> a quitt\u00e9 ses fonctions \u00e0 l&rsquo;\u00e9t\u00e9 2022.<\/p>\n<p><strong class=\"autotag\">Julien Ward<\/strong> &#8211; Le bras droit d&rsquo;Edwards &#8211; a succ\u00e9d\u00e9 \u00e0 son ancien coll\u00e8gue, mais quelques mois seulement apr\u00e8s avoir pris le relais, l&rsquo;homme de 42 ans a \u00e9galement d\u00e9cid\u00e9 de d\u00e9missionner de son poste ;  une d\u00e9cision qui a laiss\u00e9 Liverpool abasourdi.<\/p>\n<p>Pour le mercato estival, Liverpool a embauch\u00e9 <strong class=\"autotag\">Jorg Schmadtke<\/strong>qui a supervis\u00e9 la refonte r\u00e9ussie du milieu de terrain des Reds avec l&rsquo;acquisition de <strong class=\"autotag\">Dominik Szoboszlai<\/strong>, <strong class=\"autotag\">Wataru Endo<\/strong>, <strong class=\"autotag\">Alexis MacAllister<\/strong> et <strong class=\"autotag\">Ryan Gravenberch<\/strong>.<\/p>\n<p>Cependant, on ne s&rsquo;attendait jamais \u00e0 ce que Schmadtke reste en fonction \u00e0 long terme, et Liverpool a confirm\u00e9 le mois dernier que le joueur de 59 ans partirait une fois la fen\u00eatre de transfert de janvier ferm\u00e9e pour les affaires en Angleterre.<\/p>\n<p class=\"imgI\">\n<p>Avant la r\u00e9ouverture de la fen\u00eatre de transfert cet \u00e9t\u00e9, la hi\u00e9rarchie de Liverpool s\u00e9lectionne les candidats pour devenir leur nouveau directeur sportif, et voudrait prendre rendez-vous avant de se concentrer sur la recherche d&rsquo;un nouvel entra\u00eeneur-chef.<\/p>\n<p>Le gourou des transferts de West Ham, Steidten, serait sur la liste restreinte des Reds et s&rsquo;adresserait \u00e0 <em>Ciel Allemagne<\/em>le joueur de 44 ans a admis qu&rsquo;il \u00e9tait flatt\u00e9 par ces liens et a refus\u00e9 d&rsquo;exclure un futur d\u00e9m\u00e9nagement \u00e0 Anfield.<\/p>\n<p>\u00ab\u00a0J&rsquo;ai entendu dire que je devais figurer sur la liste \u00e0 Liverpool. C&rsquo;est l&rsquo;un des plus grands clubs du monde, c&rsquo;est donc un honneur. Mais jusqu&rsquo;\u00e0 pr\u00e9sent, personne de Liverpool ne m&rsquo;a contact\u00e9\u00a0\u00bb, a d\u00e9clar\u00e9 Steidten.<\/p>\n<p>\u00ab\u00a0Je me sens g\u00e9n\u00e9ralement tr\u00e8s \u00e0 l&rsquo;aise \u00e0 West Ham. J&rsquo;ai vite r\u00e9alis\u00e9 \u00e0 quel point ce championnat est intense. En cons\u00e9quence, nous avons recrut\u00e9 les bons joueurs lors des derni\u00e8res fen\u00eatres de transfert. L&rsquo;\u00e9quipe est forte, nous pouvons donc atteindre nos objectifs.<\/p>\n<p>\u00ab\u00a0J&rsquo;attends avec impatience les prochaines semaines et les prochains mois jusqu&rsquo;\u00e0 la fin de la saison. Bien s\u00fbr, nous planifions d\u00e9j\u00e0 la prochaine fen\u00eatre (\u00e0 West Ham). Ce qui se passera dans le futur, nous le verrons.\u00a0\u00bb<\/p>\n<p class=\"imgI\"><img decoding=\"async\" loading=\"lazy\" class=\"l\" src=\"https:\/\/footdavant.fr\/actualites\/wp-content\/uploads\/2024\/02\/1708337036_368_Tim-Steidten-de-West-Ham-United-honore-detre.JPG\" title=\"Jurgen Klopp, manager de Liverpool, photographi\u00e9 le 4 f\u00e9vrier 2024\" alt=\"Jurgen Klopp, manager de Liverpool, photographi\u00e9 le 4 f\u00e9vrier 2024\" width=\"640\" height=\"480\"><\/p>\n<p>Apr\u00e8s une modeste carri\u00e8re de joueur, Steidten est entr\u00e9 dans l&rsquo;administration du football au Werder Br\u00eame, en tant que chef du d\u00e9pistage et directeur du football avant de rejoindre le Bayer Leverkusen en 2019.<\/p>\n<p>Alors qu&rsquo;il \u00e9tait en fonction \u00e0 la BayArena, Steidten a accueilli <strong class=\"autotag\">Xabi Alonso<\/strong> &#8211; le favori actuel pour r\u00e9ussir <strong class=\"autotag\">J\u00fcrgen Klopp<\/strong> en tant qu&rsquo;entra\u00eeneur-chef de Liverpool &#8211; au club, mais il a quitt\u00e9 le milieu de la saison 2022-23 avant sa nomination \u00e0 West Ham.<\/p>\n<p>Lors de sa premi\u00e8re fen\u00eatre de transfert en tant que directeur technique de West Ham, o\u00f9 les Hammers ont vendu <strong class=\"autotag\">Declan Riz<\/strong> \u00e0 Arsenal pour 105 millions de livres sterling, Steidten a supervis\u00e9 les arriv\u00e9es de <strong class=\"autotag\">Mohammed Kudus<\/strong> et <strong class=\"autotag\">Edson Alvarez<\/strong> d&rsquo;Ajax, ainsi que la capture <strong class=\"autotag\">Dinosaures Mavropanos<\/strong> et <strong class=\"autotag\">James Ward-Prowse<\/strong>.<\/p>\n<p>Les nouveaux arrivants de West Ham ont aid\u00e9 les Irons \u00e0 accumuler 36 points en 24 matches pour occuper la huiti\u00e8me place du classement de la Premier League, bien qu&rsquo;ils aient \u00e9t\u00e9 humili\u00e9s 6-0 par leur rival londonien, Arsenal, la derni\u00e8re fois, et la signature d&rsquo;un pr\u00eat. <strong class=\"autotag\">Kalvin Phillips<\/strong> a eu du mal \u00e0 trouver ses marques depuis son arriv\u00e9e de Manchester City le mois dernier.<\/p>\n<p>Pendant ce temps, Liverpool a conserv\u00e9 son avance de deux points sur Arsenal et Manchester City en battant Burnley 3-1 lors de la 24e semaine, et les Reds donneront le coup d&rsquo;envoi de l&rsquo;action de ce week-end \u00e0 Brentford samedi midi.<\/p>\n<\/div>\n","protected":false},"excerpt":{"rendered":"<p>Le directeur sportif de West Ham United, Jorg Schmadtke, admet qu&rsquo;il est \u00ab\u00a0honor\u00e9\u00a0\u00bb d&rsquo;\u00eatre li\u00e9 \u00e0 Liverpool alors que les Reds recherchent un successeur \u00e0<\/p>\n","protected":false},"author":1,"featured_media":5273,"comment_status":"closed","ping_status":"","sticky":false,"template":"","format":"standard","meta":{"footnotes":""},"categories":[5],"tags":[1207,286,3750,301,53,140,3749,3748,13,285],"yoast_head":"<!-- This site is optimized with the Yoast SEO plugin v21.0 - https:\/\/yoast.com\/wordpress\/plugins\/seo\/ -->\n<title>Tim Steidten de West Ham United \u00ab honor\u00e9 \u00bb d&#039;\u00eatre li\u00e9 \u00e0 un poste \u00e0 Liverpool<\/title>\n<meta name=\"robots\" content=\"index, follow, max-snippet:-1, max-image-preview:large, max-video-preview:-1\" \/>\n<link rel=\"canonical\" href=\"https:\/\/footdavant.fr\/actualites\/tim-steidten-de-west-ham-united-honore-detre-lie-a-un-poste-a-liverpool\/\" \/>\n<meta property=\"og:locale\" content=\"fr_FR\" \/>\n<meta property=\"og:type\" content=\"article\" \/>\n<meta property=\"og:title\" content=\"Tim Steidten de West Ham United \u00ab honor\u00e9 \u00bb d&#039;\u00eatre li\u00e9 \u00e0 un poste \u00e0 Liverpool\" \/>\n<meta property=\"og:description\" content=\"Le directeur sportif de West Ham United, Jorg Schmadtke, admet qu&rsquo;il est \u00ab\u00a0honor\u00e9\u00a0\u00bb d&rsquo;\u00eatre li\u00e9 \u00e0 Liverpool alors que les Reds recherchent un successeur \u00e0\" \/>\n<meta property=\"og:url\" content=\"https:\/\/footdavant.fr\/actualites\/tim-steidten-de-west-ham-united-honore-detre-lie-a-un-poste-a-liverpool\/\" \/>\n<meta property=\"og:site_name\" content=\"Foot d&#039;avant\" \/>\n<meta property=\"article:publisher\" content=\"https:\/\/www.facebook.com\/Footdavant\/\" \/>\n<meta property=\"article:published_time\" content=\"2024-02-19T10:03:56+00:00\" \/>\n<meta property=\"og:image\" content=\"https:\/\/footdavant.fr\/actualites\/wp-content\/uploads\/2024\/02\/Tim-Steidten-de-West-Ham-United-honore-detre.JPG\" \/>\n\t<meta property=\"og:image:width\" content=\"640\" \/>\n\t<meta property=\"og:image:height\" content=\"480\" \/>\n\t<meta property=\"og:image:type\" content=\"image\/jpeg\" \/>\n<meta name=\"author\" content=\"Cl\u00e9ment\" \/>\n<meta name=\"twitter:card\" content=\"summary_large_image\" \/>\n<meta name=\"twitter:creator\" content=\"@FootdavantFr\" \/>\n<meta name=\"twitter:site\" content=\"@FootdavantFr\" \/>\n<meta name=\"twitter:label1\" content=\"\u00c9crit par\" \/>\n\t<meta name=\"twitter:data1\" content=\"Cl\u00e9ment\" \/>\n\t<meta name=\"twitter:label2\" content=\"Dur\u00e9e de lecture estim\u00e9e\" \/>\n\t<meta name=\"twitter:data2\" content=\"3 minutes\" \/>\n<script type=\"application\/ld+json\" class=\"yoast-schema-graph\">{\"@context\":\"https:\/\/schema.org\",\"@graph\":[{\"@type\":\"Article\",\"@id\":\"https:\/\/footdavant.fr\/actualites\/tim-steidten-de-west-ham-united-honore-detre-lie-a-un-poste-a-liverpool\/#article\",\"isPartOf\":{\"@id\":\"https:\/\/footdavant.fr\/actualites\/tim-steidten-de-west-ham-united-honore-detre-lie-a-un-poste-a-liverpool\/\"},\"author\":{\"name\":\"Cl\u00e9ment\",\"@id\":\"https:\/\/footdavant.fr\/actualites\/#\/schema\/person\/bc222566d95871b37e597b3ed3ba5e1d\"},\"headline\":\"Tim Steidten de West Ham United \u00ab honor\u00e9 \u00bb d&rsquo;\u00eatre li\u00e9 \u00e0 un poste \u00e0 Liverpool\",\"datePublished\":\"2024-02-19T10:03:56+00:00\",\"dateModified\":\"2024-02-19T10:03:56+00:00\",\"mainEntityOfPage\":{\"@id\":\"https:\/\/footdavant.fr\/actualites\/tim-steidten-de-west-ham-united-honore-detre-lie-a-un-poste-a-liverpool\/\"},\"wordCount\":680,\"publisher\":{\"@id\":\"https:\/\/footdavant.fr\/actualites\/#organization\"},\"keywords\":[\"d\u00eatre\",\"Ham\",\"honor\u00e9\",\"li\u00e9\",\"Liverpool\",\"poste\",\"Steidten\",\"Tim\",\"United\",\"West\"],\"articleSection\":[\"Premier League\"],\"inLanguage\":\"fr-FR\"},{\"@type\":\"WebPage\",\"@id\":\"https:\/\/footdavant.fr\/actualites\/tim-steidten-de-west-ham-united-honore-detre-lie-a-un-poste-a-liverpool\/\",\"url\":\"https:\/\/footdavant.fr\/actualites\/tim-steidten-de-west-ham-united-honore-detre-lie-a-un-poste-a-liverpool\/\",\"name\":\"Tim Steidten de West Ham United \u00ab honor\u00e9 \u00bb d'\u00eatre li\u00e9 \u00e0 un poste \u00e0 Liverpool\",\"isPartOf\":{\"@id\":\"https:\/\/footdavant.fr\/actualites\/#website\"},\"datePublished\":\"2024-02-19T10:03:56+00:00\",\"dateModified\":\"2024-02-19T10:03:56+00:00\",\"breadcrumb\":{\"@id\":\"https:\/\/footdavant.fr\/actualites\/tim-steidten-de-west-ham-united-honore-detre-lie-a-un-poste-a-liverpool\/#breadcrumb\"},\"inLanguage\":\"fr-FR\",\"potentialAction\":[{\"@type\":\"ReadAction\",\"target\":[\"https:\/\/footdavant.fr\/actualites\/tim-steidten-de-west-ham-united-honore-detre-lie-a-un-poste-a-liverpool\/\"]}]},{\"@type\":\"BreadcrumbList\",\"@id\":\"https:\/\/footdavant.fr\/actualites\/tim-steidten-de-west-ham-united-honore-detre-lie-a-un-poste-a-liverpool\/#breadcrumb\",\"itemListElement\":[{\"@type\":\"ListItem\",\"position\":1,\"name\":\"Accueil\",\"item\":\"https:\/\/footdavant.fr\/actualites\/\"},{\"@type\":\"ListItem\",\"position\":2,\"name\":\"Tim Steidten de West Ham United \u00ab honor\u00e9 \u00bb d&rsquo;\u00eatre li\u00e9 \u00e0 un poste \u00e0 Liverpool\"}]},{\"@type\":\"WebSite\",\"@id\":\"https:\/\/footdavant.fr\/actualites\/#website\",\"url\":\"https:\/\/footdavant.fr\/actualites\/\",\"name\":\"Foot d'avant\",\"description\":\"\",\"publisher\":{\"@id\":\"https:\/\/footdavant.fr\/actualites\/#organization\"},\"potentialAction\":[{\"@type\":\"SearchAction\",\"target\":{\"@type\":\"EntryPoint\",\"urlTemplate\":\"https:\/\/footdavant.fr\/actualites\/?s={search_term_string}\"},\"query-input\":\"required name=search_term_string\"}],\"inLanguage\":\"fr-FR\"},{\"@type\":\"Organization\",\"@id\":\"https:\/\/footdavant.fr\/actualites\/#organization\",\"name\":\"Foot d'avant\",\"url\":\"https:\/\/footdavant.fr\/actualites\/\",\"logo\":{\"@type\":\"ImageObject\",\"inLanguage\":\"fr-FR\",\"@id\":\"https:\/\/footdavant.fr\/actualites\/#\/schema\/logo\/image\/\",\"url\":\"https:\/\/footdavant.fr\/actualites\/wp-content\/uploads\/2023\/09\/Copy-of-FootDavant-Logo.png\",\"contentUrl\":\"https:\/\/footdavant.fr\/actualites\/wp-content\/uploads\/2023\/09\/Copy-of-FootDavant-Logo.png\",\"width\":936,\"height\":549,\"caption\":\"Foot d'avant\"},\"image\":{\"@id\":\"https:\/\/footdavant.fr\/actualites\/#\/schema\/logo\/image\/\"},\"sameAs\":[\"https:\/\/www.facebook.com\/Footdavant\/\",\"https:\/\/twitter.com\/FootdavantFr\",\"https:\/\/www.instagram.com\/footdavant.fr\/\"]},{\"@type\":\"Person\",\"@id\":\"https:\/\/footdavant.fr\/actualites\/#\/schema\/person\/bc222566d95871b37e597b3ed3ba5e1d\",\"name\":\"Cl\u00e9ment\",\"image\":{\"@type\":\"ImageObject\",\"inLanguage\":\"fr-FR\",\"@id\":\"https:\/\/footdavant.fr\/actualites\/#\/schema\/person\/image\/\",\"url\":\"https:\/\/secure.gravatar.com\/avatar\/7728b29aac2719421e1a9159b2254c44?s=96&d=mm&r=g\",\"contentUrl\":\"https:\/\/secure.gravatar.com\/avatar\/7728b29aac2719421e1a9159b2254c44?s=96&d=mm&r=g\",\"caption\":\"Cl\u00e9ment\"},\"sameAs\":[\"https:\/\/footdavant.fr\/\"]}]}<\/script>\n<!-- \/ Yoast SEO plugin. -->","yoast_head_json":{"title":"Tim Steidten de West Ham United \u00ab honor\u00e9 \u00bb d'\u00eatre li\u00e9 \u00e0 un poste \u00e0 Liverpool","robots":{"index":"index","follow":"follow","max-snippet":"max-snippet:-1","max-image-preview":"max-image-preview:large","max-video-preview":"max-video-preview:-1"},"canonical":"https:\/\/footdavant.fr\/actualites\/tim-steidten-de-west-ham-united-honore-detre-lie-a-un-poste-a-liverpool\/","og_locale":"fr_FR","og_type":"article","og_title":"Tim Steidten de West Ham United \u00ab honor\u00e9 \u00bb d'\u00eatre li\u00e9 \u00e0 un poste \u00e0 Liverpool","og_description":"Le directeur sportif de West Ham United, Jorg Schmadtke, admet qu&rsquo;il est \u00ab\u00a0honor\u00e9\u00a0\u00bb d&rsquo;\u00eatre li\u00e9 \u00e0 Liverpool alors que les Reds recherchent un successeur \u00e0","og_url":"https:\/\/footdavant.fr\/actualites\/tim-steidten-de-west-ham-united-honore-detre-lie-a-un-poste-a-liverpool\/","og_site_name":"Foot d&#039;avant","article_publisher":"https:\/\/www.facebook.com\/Footdavant\/","article_published_time":"2024-02-19T10:03:56+00:00","og_image":[{"width":640,"height":480,"url":"https:\/\/footdavant.fr\/actualites\/wp-content\/uploads\/2024\/02\/Tim-Steidten-de-West-Ham-United-honore-detre.JPG","type":"image\/jpeg"}],"author":"Cl\u00e9ment","twitter_card":"summary_large_image","twitter_creator":"@FootdavantFr","twitter_site":"@FootdavantFr","twitter_misc":{"\u00c9crit par":"Cl\u00e9ment","Dur\u00e9e de lecture estim\u00e9e":"3 minutes"},"schema":{"@context":"https:\/\/schema.org","@graph":[{"@type":"Article","@id":"https:\/\/footdavant.fr\/actualites\/tim-steidten-de-west-ham-united-honore-detre-lie-a-un-poste-a-liverpool\/#article","isPartOf":{"@id":"https:\/\/footdavant.fr\/actualites\/tim-steidten-de-west-ham-united-honore-detre-lie-a-un-poste-a-liverpool\/"},"author":{"name":"Cl\u00e9ment","@id":"https:\/\/footdavant.fr\/actualites\/#\/schema\/person\/bc222566d95871b37e597b3ed3ba5e1d"},"headline":"Tim Steidten de West Ham United \u00ab honor\u00e9 \u00bb d&rsquo;\u00eatre li\u00e9 \u00e0 un poste \u00e0 Liverpool","datePublished":"2024-02-19T10:03:56+00:00","dateModified":"2024-02-19T10:03:56+00:00","mainEntityOfPage":{"@id":"https:\/\/footdavant.fr\/actualites\/tim-steidten-de-west-ham-united-honore-detre-lie-a-un-poste-a-liverpool\/"},"wordCount":680,"publisher":{"@id":"https:\/\/footdavant.fr\/actualites\/#organization"},"keywords":["d\u00eatre","Ham","honor\u00e9","li\u00e9","Liverpool","poste","Steidten","Tim","United","West"],"articleSection":["Premier League"],"inLanguage":"fr-FR"},{"@type":"WebPage","@id":"https:\/\/footdavant.fr\/actualites\/tim-steidten-de-west-ham-united-honore-detre-lie-a-un-poste-a-liverpool\/","url":"https:\/\/footdavant.fr\/actualites\/tim-steidten-de-west-ham-united-honore-detre-lie-a-un-poste-a-liverpool\/","name":"Tim Steidten de West Ham United \u00ab honor\u00e9 \u00bb d'\u00eatre li\u00e9 \u00e0 un poste \u00e0 Liverpool","isPartOf":{"@id":"https:\/\/footdavant.fr\/actualites\/#website"},"datePublished":"2024-02-19T10:03:56+00:00","dateModified":"2024-02-19T10:03:56+00:00","breadcrumb":{"@id":"https:\/\/footdavant.fr\/actualites\/tim-steidten-de-west-ham-united-honore-detre-lie-a-un-poste-a-liverpool\/#breadcrumb"},"inLanguage":"fr-FR","potentialAction":[{"@type":"ReadAction","target":["https:\/\/footdavant.fr\/actualites\/tim-steidten-de-west-ham-united-honore-detre-lie-a-un-poste-a-liverpool\/"]}]},{"@type":"BreadcrumbList","@id":"https:\/\/footdavant.fr\/actualites\/tim-steidten-de-west-ham-united-honore-detre-lie-a-un-poste-a-liverpool\/#breadcrumb","itemListElement":[{"@type":"ListItem","position":1,"name":"Accueil","item":"https:\/\/footdavant.fr\/actualites\/"},{"@type":"ListItem","position":2,"name":"Tim Steidten de West Ham United \u00ab honor\u00e9 \u00bb d&rsquo;\u00eatre li\u00e9 \u00e0 un poste \u00e0 Liverpool"}]},{"@type":"WebSite","@id":"https:\/\/footdavant.fr\/actualites\/#website","url":"https:\/\/footdavant.fr\/actualites\/","name":"Foot d'avant","description":"","publisher":{"@id":"https:\/\/footdavant.fr\/actualites\/#organization"},"potentialAction":[{"@type":"SearchAction","target":{"@type":"EntryPoint","urlTemplate":"https:\/\/footdavant.fr\/actualites\/?s={search_term_string}"},"query-input":"required name=search_term_string"}],"inLanguage":"fr-FR"},{"@type":"Organization","@id":"https:\/\/footdavant.fr\/actualites\/#organization","name":"Foot d'avant","url":"https:\/\/footdavant.fr\/actualites\/","logo":{"@type":"ImageObject","inLanguage":"fr-FR","@id":"https:\/\/footdavant.fr\/actualites\/#\/schema\/logo\/image\/","url":"https:\/\/footdavant.fr\/actualites\/wp-content\/uploads\/2023\/09\/Copy-of-FootDavant-Logo.png","contentUrl":"https:\/\/footdavant.fr\/actualites\/wp-content\/uploads\/2023\/09\/Copy-of-FootDavant-Logo.png","width":936,"height":549,"caption":"Foot d'avant"},"image":{"@id":"https:\/\/footdavant.fr\/actualites\/#\/schema\/logo\/image\/"},"sameAs":["https:\/\/www.facebook.com\/Footdavant\/","https:\/\/twitter.com\/FootdavantFr","https:\/\/www.instagram.com\/footdavant.fr\/"]},{"@type":"Person","@id":"https:\/\/footdavant.fr\/actualites\/#\/schema\/person\/bc222566d95871b37e597b3ed3ba5e1d","name":"Cl\u00e9ment","image":{"@type":"ImageObject","inLanguage":"fr-FR","@id":"https:\/\/footdavant.fr\/actualites\/#\/schema\/person\/image\/","url":"https:\/\/secure.gravatar.com\/avatar\/7728b29aac2719421e1a9159b2254c44?s=96&d=mm&r=g","contentUrl":"https:\/\/secure.gravatar.com\/avatar\/7728b29aac2719421e1a9159b2254c44?s=96&d=mm&r=g","caption":"Cl\u00e9ment"},"sameAs":["https:\/\/footdavant.fr\/"]}]}},"_links":{"self":[{"href":"https:\/\/footdavant.fr\/actualites\/wp-json\/wp\/v2\/posts\/5272"}],"collection":[{"href":"https:\/\/footdavant.fr\/actualites\/wp-json\/wp\/v2\/posts"}],"about":[{"href":"https:\/\/footdavant.fr\/actualites\/wp-json\/wp\/v2\/types\/post"}],"author":[{"embeddable":true,"href":"https:\/\/footdavant.fr\/actualites\/wp-json\/wp\/v2\/users\/1"}],"replies":[{"embeddable":true,"href":"https:\/\/footdavant.fr\/actualites\/wp-json\/wp\/v2\/comments?post=5272"}],"version-history":[{"count":1,"href":"https:\/\/footdavant.fr\/actualites\/wp-json\/wp\/v2\/posts\/5272\/revisions"}],"predecessor-version":[{"id":5274,"href":"https:\/\/footdavant.fr\/actualites\/wp-json\/wp\/v2\/posts\/5272\/revisions\/5274"}],"wp:featuredmedia":[{"embeddable":true,"href":"https:\/\/footdavant.fr\/actualites\/wp-json\/wp\/v2\/media\/5273"}],"wp:attachment":[{"href":"https:\/\/footdavant.fr\/actualites\/wp-json\/wp\/v2\/media?parent=5272"}],"wp:term":[{"taxonomy":"category","embeddable":true,"href":"https:\/\/footdavant.fr\/actualites\/wp-json\/wp\/v2\/categories?post=5272"},{"taxonomy":"post_tag","embeddable":true,"href":"https:\/\/footdavant.fr\/actualites\/wp-json\/wp\/v2\/tags?post=5272"}],"curies":[{"name":"wp","href":"https:\/\/api.w.org\/{rel}","templated":true}]}}