{"id":5278,"date":"2024-02-19T14:49:55","date_gmt":"2024-02-19T13:49:55","guid":{"rendered":"https:\/\/footdavant.fr\/actualites\/kieran-tierney-je-ne-sais-pas-si-je-jouerai-a-nouveau-pour-arsenal\/"},"modified":"2024-02-19T14:49:56","modified_gmt":"2024-02-19T13:49:56","slug":"kieran-tierney-je-ne-sais-pas-si-je-jouerai-a-nouveau-pour-arsenal","status":"publish","type":"post","link":"https:\/\/footdavant.fr\/actualites\/kieran-tierney-je-ne-sais-pas-si-je-jouerai-a-nouveau-pour-arsenal\/","title":{"rendered":"Kieran Tierney : \u00ab\u00a0Je ne sais pas si je jouerai \u00e0 nouveau pour Arsenal\u00a0\u00bb"},"content":{"rendered":"<p>L&rsquo;arri\u00e8re gauche d&rsquo;Arsenal, Kieran Tierney, admet qu&rsquo;il ne sait pas s&rsquo;il jouera \u00e0 nouveau pour le club et fait allusion \u00e0 son int\u00e9r\u00eat pour un transfert permanent au club de pr\u00eat de la Real Sociedad.<\/p>\n<div id=\"article_body\" itemprop=\"articleBody\">\n<h3 class=\"firstPara\">\n<strong class=\"autotag\">Arsenal<\/strong> laisser derriere <strong class=\"autotag\">Kieran Tierney<\/strong> &#8211; actuellement pr\u00eat\u00e9 \u00e0 <strong class=\"autotag\">Real Sociedad<\/strong> &#8211; a admis qu&rsquo;il ne savait pas s&rsquo;il jouerait \u00e0 nouveau pour le club, mais a fait allusion \u00e0 son int\u00e9r\u00eat pour un transfert permanent en Espagne.<\/h3>\n<p>L&rsquo;international \u00e9cossais a \u00e9t\u00e9 un succ\u00e8s instantan\u00e9 aux Emirats apr\u00e8s avoir rejoint le Celtic \u00e0 l&rsquo;\u00e9t\u00e9 2019, o\u00f9 il comblerait le vide laiss\u00e9 par l&rsquo;ancien joueur. <strong class=\"autotag\">Nacho Monr\u00e9al<\/strong>.<\/p>\n<p>Tierney a prouv\u00e9 sa valeur <strong class=\"autotag\">Mikel Arteta<\/strong> lorsqu&rsquo;il \u00e9tait en forme, mais les blessures ont g\u00ean\u00e9 le temps du d\u00e9fenseur dans le nord de Londres, et il est tomb\u00e9 en dessous <strong class=\"autotag\">Alexandre Zinchenko<\/strong> dans la hi\u00e9rarchie pour la saison 2022-23.<\/p>\n<p>Avec <strong class=\"autotag\">Takehiro Tomiyasu<\/strong>, <strong class=\"autotag\">Jakub Kiwior<\/strong> et nouvelle signature <strong class=\"autotag\">Jurrien Bois<\/strong> &#8211; actuellement absent avec un probl\u00e8me de LCA &#8211; \u00e9galement capable de jouer \u00e0 l&rsquo;arri\u00e8re gauche, Tierney est parti pour la Sociedad en pr\u00eat pour la campagne 2023-24.<\/p>\n<p>Les blessures du joueur de 26 ans ont de nouveau fait surface lors de son s\u00e9jour en Espagne, o\u00f9 il a inscrit un but en 16 matches toutes comp\u00e9titions confondues, mais il a remport\u00e9 10 titularisations en Liga sous <strong class=\"autotag\">Imanol Alguacil<\/strong> quand disponible.<\/p>\n<p class=\"imgI\">\n<p>La Sociedad n&rsquo;a pas d&rsquo;option ni d&rsquo;obligation de signer un contrat permanent avec Tierney, ce qui signifie que l&rsquo;\u00c9cossais devrait revenir \u00e0 Arsenal \u2013 o\u00f9 il est sous contrat jusqu&rsquo;en 2026 \u2013 cet \u00e9t\u00e9.<\/p>\n<p>S&rsquo;adressant au <em>Courrier quotidien<\/em>Tierney a avou\u00e9 qu&rsquo;il n&rsquo;\u00e9tait pas s\u00fbr de ce que l&rsquo;avenir lui r\u00e9servait dans le nord de Londres, mais a parl\u00e9 de son admiration pour la Sociedad, qu&rsquo;il a jur\u00e9 de r\u00e9compenser pour sa \u00ab\u00a0foi\u00a0\u00bb en lui.<\/p>\n<p>\u00ab\u00a0C&rsquo;est difficile \u00e0 dire. J&rsquo;ai ador\u00e9 mon s\u00e9jour l\u00e0-bas et j&rsquo;ai encore deux ans de contrat. Je suis tr\u00e8s reconnaissant envers Arsenal. Je ne sais pas ce qui va se passer mais j&rsquo;adore \u00e7a ici\u00a0\u00bb, a d\u00e9clar\u00e9 Tierney.<\/p>\n<p>\u00ab\u00a0Je sens que je me suis plut\u00f4t bien adapt\u00e9 et j&rsquo;esp\u00e8re pouvoir rendre la confiance dont le club a fait preuve. C&rsquo;est une \u00e9quipe tr\u00e8s, tr\u00e8s talentueuse avec des joueurs de classe mondiale et beaucoup sont venus du centre de formation. C&rsquo;est une histoire incroyable.\u00a0\u00bb<\/p>\n<p>Tierney est arriv\u00e9 aux Emirats pendant le <strong class=\"autotag\">Unai Emery<\/strong> \u00e9poque et a affich\u00e9 ses qualit\u00e9s d&rsquo;arri\u00e8re lat\u00e9ral superpos\u00e9, mais la capacit\u00e9 de Zinchenko \u00e0 inverser et \u00e0 briser les lignes a vu l&rsquo;Ukrainien devenir l&rsquo;arri\u00e8re gauche de premier choix d&rsquo;Arteta.<\/p>\n<p class=\"imgI\"><img decoding=\"async\" loading=\"lazy\" class=\"l\" src=\"https:\/\/footdavant.fr\/actualites\/wp-content\/uploads\/2024\/02\/1708350595_692_Kieran-Tierney-Je-ne-sais-pas-si-je-jouerai.jpeg\" title=\"Kieran Tierney en action pour Arsenal le 3 novembre 2022\" alt=\"Kieran Tierney en action pour Arsenal le 3 novembre 2022\" width=\"640\" height=\"480\"><\/p>\n<p>En cons\u00e9quence, Tierney n&rsquo;a d\u00e9but\u00e9 que six matches de Premier League en 2022-23, et apr\u00e8s avoir \u00e9t\u00e9 rempla\u00e7ant lors de la victoire du Community Shield l&rsquo;ann\u00e9e derni\u00e8re contre Manchester City, il n&rsquo;a pas r\u00e9ussi \u00e0 faire partie de l&rsquo;\u00e9quipe pour les matches de Premier League contre Nottingham Forest, Fulham et Crystal. Palais au d\u00e9but de la mandature en cours.<\/p>\n<p>L&rsquo;international \u00e9cossais a eu du mal \u00e0 se familiariser avec le r\u00f4le d&rsquo;arri\u00e8re lat\u00e9ral invers\u00e9, ajoutant : \u00ab\u00a0\u00c0 Arsenal, l&rsquo;arri\u00e8re gauche peut \u00eatre l&rsquo;un des joueurs les plus centraux de l&rsquo;\u00e9quipe. Si c&rsquo;est Oleksandr Zinchenko, alors il est l&rsquo;un des plus grands cr\u00e9ateurs de une position centrale.<\/p>\n<p>\u00ab\u00a0Quand cela a \u00e9t\u00e9 introduit, cela m&rsquo;\u00e9tait \u00e9tranger. Je n&rsquo;avais jamais jou\u00e9 au milieu de terrain central, j&rsquo;ai commenc\u00e9 comme ailier. J&rsquo;essayais d&rsquo;apprendre cela quand j&rsquo;\u00e9tais \u00e0 Arsenal.<\/p>\n<p>\u00ab\u00a0Quand on voit \u00e0 quel point cela fonctionne bien, il est difficile de le remettre en question. Mon choix \u00e9tait de simplement continuer et d&rsquo;apprendre et j&rsquo;ai pu le pratiquer avec l&rsquo;un des meilleurs. C&rsquo;est si naturel pour Zinchenko, il donne l&rsquo;impression que cela est si facile. \u00ab\u00a0.<\/p>\n<p>Tierney compte cinq buts et 14 passes d\u00e9cisives en 124 matches sous le maillot d&rsquo;Arsenal, remportant une FA Cup et deux Community Shields pendant son s\u00e9jour en rouge et blanc.<\/p>\n<\/div>\n","protected":false},"excerpt":{"rendered":"<p>L&rsquo;arri\u00e8re gauche d&rsquo;Arsenal, Kieran Tierney, admet qu&rsquo;il ne sait pas s&rsquo;il jouera \u00e0 nouveau pour le club et fait allusion \u00e0 son int\u00e9r\u00eat pour un<\/p>\n","protected":false},"author":1,"featured_media":5279,"comment_status":"closed","ping_status":"","sticky":false,"template":"","format":"standard","meta":{"footnotes":""},"categories":[5],"tags":[67,3752,2658,199,71,51,3751,3731],"yoast_head":"<!-- This site is optimized with the Yoast SEO plugin v21.0 - https:\/\/yoast.com\/wordpress\/plugins\/seo\/ -->\n<title>Kieran Tierney : &quot;Je ne sais pas si je jouerai \u00e0 nouveau pour Arsenal&quot;<\/title>\n<meta name=\"robots\" content=\"index, follow, max-snippet:-1, max-image-preview:large, max-video-preview:-1\" \/>\n<link rel=\"canonical\" href=\"https:\/\/footdavant.fr\/actualites\/kieran-tierney-je-ne-sais-pas-si-je-jouerai-a-nouveau-pour-arsenal\/\" \/>\n<meta property=\"og:locale\" content=\"fr_FR\" \/>\n<meta property=\"og:type\" content=\"article\" \/>\n<meta property=\"og:title\" content=\"Kieran Tierney : &quot;Je ne sais pas si je jouerai \u00e0 nouveau pour Arsenal&quot;\" \/>\n<meta property=\"og:description\" content=\"L&rsquo;arri\u00e8re gauche d&rsquo;Arsenal, Kieran Tierney, admet qu&rsquo;il ne sait pas s&rsquo;il jouera \u00e0 nouveau pour le club et fait allusion \u00e0 son int\u00e9r\u00eat pour un\" \/>\n<meta property=\"og:url\" content=\"https:\/\/footdavant.fr\/actualites\/kieran-tierney-je-ne-sais-pas-si-je-jouerai-a-nouveau-pour-arsenal\/\" \/>\n<meta property=\"og:site_name\" content=\"Foot d&#039;avant\" \/>\n<meta property=\"article:publisher\" content=\"https:\/\/www.facebook.com\/Footdavant\/\" \/>\n<meta property=\"article:published_time\" content=\"2024-02-19T13:49:55+00:00\" \/>\n<meta property=\"article:modified_time\" content=\"2024-02-19T13:49:56+00:00\" \/>\n<meta property=\"og:image\" content=\"https:\/\/footdavant.fr\/actualites\/wp-content\/uploads\/2024\/02\/Kieran-Tierney-Je-ne-sais-pas-si-je-jouerai.jpeg\" \/>\n\t<meta property=\"og:image:width\" content=\"640\" \/>\n\t<meta property=\"og:image:height\" content=\"480\" \/>\n\t<meta property=\"og:image:type\" content=\"image\/jpeg\" \/>\n<meta name=\"author\" content=\"Cl\u00e9ment\" \/>\n<meta name=\"twitter:card\" content=\"summary_large_image\" \/>\n<meta name=\"twitter:creator\" content=\"@FootdavantFr\" \/>\n<meta name=\"twitter:site\" content=\"@FootdavantFr\" \/>\n<meta name=\"twitter:label1\" content=\"\u00c9crit par\" \/>\n\t<meta name=\"twitter:data1\" content=\"Cl\u00e9ment\" \/>\n\t<meta name=\"twitter:label2\" content=\"Dur\u00e9e de lecture estim\u00e9e\" \/>\n\t<meta name=\"twitter:data2\" content=\"3 minutes\" \/>\n<script type=\"application\/ld+json\" class=\"yoast-schema-graph\">{\"@context\":\"https:\/\/schema.org\",\"@graph\":[{\"@type\":\"Article\",\"@id\":\"https:\/\/footdavant.fr\/actualites\/kieran-tierney-je-ne-sais-pas-si-je-jouerai-a-nouveau-pour-arsenal\/#article\",\"isPartOf\":{\"@id\":\"https:\/\/footdavant.fr\/actualites\/kieran-tierney-je-ne-sais-pas-si-je-jouerai-a-nouveau-pour-arsenal\/\"},\"author\":{\"name\":\"Cl\u00e9ment\",\"@id\":\"https:\/\/footdavant.fr\/actualites\/#\/schema\/person\/bc222566d95871b37e597b3ed3ba5e1d\"},\"headline\":\"Kieran Tierney : \u00ab\u00a0Je ne sais pas si je jouerai \u00e0 nouveau pour Arsenal\u00a0\u00bb\",\"datePublished\":\"2024-02-19T13:49:55+00:00\",\"dateModified\":\"2024-02-19T13:49:56+00:00\",\"mainEntityOfPage\":{\"@id\":\"https:\/\/footdavant.fr\/actualites\/kieran-tierney-je-ne-sais-pas-si-je-jouerai-a-nouveau-pour-arsenal\/\"},\"wordCount\":671,\"publisher\":{\"@id\":\"https:\/\/footdavant.fr\/actualites\/#organization\"},\"keywords\":[\"Arsenal\",\"jouerai\",\"Kieran\",\"nouveau\",\"pas\",\"pour\",\"sais\",\"Tierney\"],\"articleSection\":[\"Premier League\"],\"inLanguage\":\"fr-FR\"},{\"@type\":\"WebPage\",\"@id\":\"https:\/\/footdavant.fr\/actualites\/kieran-tierney-je-ne-sais-pas-si-je-jouerai-a-nouveau-pour-arsenal\/\",\"url\":\"https:\/\/footdavant.fr\/actualites\/kieran-tierney-je-ne-sais-pas-si-je-jouerai-a-nouveau-pour-arsenal\/\",\"name\":\"Kieran Tierney : \\\"Je ne sais pas si je jouerai \u00e0 nouveau pour Arsenal\\\"\",\"isPartOf\":{\"@id\":\"https:\/\/footdavant.fr\/actualites\/#website\"},\"datePublished\":\"2024-02-19T13:49:55+00:00\",\"dateModified\":\"2024-02-19T13:49:56+00:00\",\"breadcrumb\":{\"@id\":\"https:\/\/footdavant.fr\/actualites\/kieran-tierney-je-ne-sais-pas-si-je-jouerai-a-nouveau-pour-arsenal\/#breadcrumb\"},\"inLanguage\":\"fr-FR\",\"potentialAction\":[{\"@type\":\"ReadAction\",\"target\":[\"https:\/\/footdavant.fr\/actualites\/kieran-tierney-je-ne-sais-pas-si-je-jouerai-a-nouveau-pour-arsenal\/\"]}]},{\"@type\":\"BreadcrumbList\",\"@id\":\"https:\/\/footdavant.fr\/actualites\/kieran-tierney-je-ne-sais-pas-si-je-jouerai-a-nouveau-pour-arsenal\/#breadcrumb\",\"itemListElement\":[{\"@type\":\"ListItem\",\"position\":1,\"name\":\"Accueil\",\"item\":\"https:\/\/footdavant.fr\/actualites\/\"},{\"@type\":\"ListItem\",\"position\":2,\"name\":\"Kieran Tierney : \u00ab\u00a0Je ne sais pas si je jouerai \u00e0 nouveau pour Arsenal\u00a0\u00bb\"}]},{\"@type\":\"WebSite\",\"@id\":\"https:\/\/footdavant.fr\/actualites\/#website\",\"url\":\"https:\/\/footdavant.fr\/actualites\/\",\"name\":\"Foot d'avant\",\"description\":\"\",\"publisher\":{\"@id\":\"https:\/\/footdavant.fr\/actualites\/#organization\"},\"potentialAction\":[{\"@type\":\"SearchAction\",\"target\":{\"@type\":\"EntryPoint\",\"urlTemplate\":\"https:\/\/footdavant.fr\/actualites\/?s={search_term_string}\"},\"query-input\":\"required name=search_term_string\"}],\"inLanguage\":\"fr-FR\"},{\"@type\":\"Organization\",\"@id\":\"https:\/\/footdavant.fr\/actualites\/#organization\",\"name\":\"Foot d'avant\",\"url\":\"https:\/\/footdavant.fr\/actualites\/\",\"logo\":{\"@type\":\"ImageObject\",\"inLanguage\":\"fr-FR\",\"@id\":\"https:\/\/footdavant.fr\/actualites\/#\/schema\/logo\/image\/\",\"url\":\"https:\/\/footdavant.fr\/actualites\/wp-content\/uploads\/2023\/09\/Copy-of-FootDavant-Logo.png\",\"contentUrl\":\"https:\/\/footdavant.fr\/actualites\/wp-content\/uploads\/2023\/09\/Copy-of-FootDavant-Logo.png\",\"width\":936,\"height\":549,\"caption\":\"Foot d'avant\"},\"image\":{\"@id\":\"https:\/\/footdavant.fr\/actualites\/#\/schema\/logo\/image\/\"},\"sameAs\":[\"https:\/\/www.facebook.com\/Footdavant\/\",\"https:\/\/twitter.com\/FootdavantFr\",\"https:\/\/www.instagram.com\/footdavant.fr\/\"]},{\"@type\":\"Person\",\"@id\":\"https:\/\/footdavant.fr\/actualites\/#\/schema\/person\/bc222566d95871b37e597b3ed3ba5e1d\",\"name\":\"Cl\u00e9ment\",\"image\":{\"@type\":\"ImageObject\",\"inLanguage\":\"fr-FR\",\"@id\":\"https:\/\/footdavant.fr\/actualites\/#\/schema\/person\/image\/\",\"url\":\"https:\/\/secure.gravatar.com\/avatar\/7728b29aac2719421e1a9159b2254c44?s=96&d=mm&r=g\",\"contentUrl\":\"https:\/\/secure.gravatar.com\/avatar\/7728b29aac2719421e1a9159b2254c44?s=96&d=mm&r=g\",\"caption\":\"Cl\u00e9ment\"},\"sameAs\":[\"https:\/\/footdavant.fr\/\"]}]}<\/script>\n<!-- \/ Yoast SEO plugin. -->","yoast_head_json":{"title":"Kieran Tierney : \"Je ne sais pas si je jouerai \u00e0 nouveau pour Arsenal\"","robots":{"index":"index","follow":"follow","max-snippet":"max-snippet:-1","max-image-preview":"max-image-preview:large","max-video-preview":"max-video-preview:-1"},"canonical":"https:\/\/footdavant.fr\/actualites\/kieran-tierney-je-ne-sais-pas-si-je-jouerai-a-nouveau-pour-arsenal\/","og_locale":"fr_FR","og_type":"article","og_title":"Kieran Tierney : \"Je ne sais pas si je jouerai \u00e0 nouveau pour Arsenal\"","og_description":"L&rsquo;arri\u00e8re gauche d&rsquo;Arsenal, Kieran Tierney, admet qu&rsquo;il ne sait pas s&rsquo;il jouera \u00e0 nouveau pour le club et fait allusion \u00e0 son int\u00e9r\u00eat pour un","og_url":"https:\/\/footdavant.fr\/actualites\/kieran-tierney-je-ne-sais-pas-si-je-jouerai-a-nouveau-pour-arsenal\/","og_site_name":"Foot d&#039;avant","article_publisher":"https:\/\/www.facebook.com\/Footdavant\/","article_published_time":"2024-02-19T13:49:55+00:00","article_modified_time":"2024-02-19T13:49:56+00:00","og_image":[{"width":640,"height":480,"url":"https:\/\/footdavant.fr\/actualites\/wp-content\/uploads\/2024\/02\/Kieran-Tierney-Je-ne-sais-pas-si-je-jouerai.jpeg","type":"image\/jpeg"}],"author":"Cl\u00e9ment","twitter_card":"summary_large_image","twitter_creator":"@FootdavantFr","twitter_site":"@FootdavantFr","twitter_misc":{"\u00c9crit par":"Cl\u00e9ment","Dur\u00e9e de lecture estim\u00e9e":"3 minutes"},"schema":{"@context":"https:\/\/schema.org","@graph":[{"@type":"Article","@id":"https:\/\/footdavant.fr\/actualites\/kieran-tierney-je-ne-sais-pas-si-je-jouerai-a-nouveau-pour-arsenal\/#article","isPartOf":{"@id":"https:\/\/footdavant.fr\/actualites\/kieran-tierney-je-ne-sais-pas-si-je-jouerai-a-nouveau-pour-arsenal\/"},"author":{"name":"Cl\u00e9ment","@id":"https:\/\/footdavant.fr\/actualites\/#\/schema\/person\/bc222566d95871b37e597b3ed3ba5e1d"},"headline":"Kieran Tierney : \u00ab\u00a0Je ne sais pas si je jouerai \u00e0 nouveau pour Arsenal\u00a0\u00bb","datePublished":"2024-02-19T13:49:55+00:00","dateModified":"2024-02-19T13:49:56+00:00","mainEntityOfPage":{"@id":"https:\/\/footdavant.fr\/actualites\/kieran-tierney-je-ne-sais-pas-si-je-jouerai-a-nouveau-pour-arsenal\/"},"wordCount":671,"publisher":{"@id":"https:\/\/footdavant.fr\/actualites\/#organization"},"keywords":["Arsenal","jouerai","Kieran","nouveau","pas","pour","sais","Tierney"],"articleSection":["Premier League"],"inLanguage":"fr-FR"},{"@type":"WebPage","@id":"https:\/\/footdavant.fr\/actualites\/kieran-tierney-je-ne-sais-pas-si-je-jouerai-a-nouveau-pour-arsenal\/","url":"https:\/\/footdavant.fr\/actualites\/kieran-tierney-je-ne-sais-pas-si-je-jouerai-a-nouveau-pour-arsenal\/","name":"Kieran Tierney : \"Je ne sais pas si je jouerai \u00e0 nouveau pour Arsenal\"","isPartOf":{"@id":"https:\/\/footdavant.fr\/actualites\/#website"},"datePublished":"2024-02-19T13:49:55+00:00","dateModified":"2024-02-19T13:49:56+00:00","breadcrumb":{"@id":"https:\/\/footdavant.fr\/actualites\/kieran-tierney-je-ne-sais-pas-si-je-jouerai-a-nouveau-pour-arsenal\/#breadcrumb"},"inLanguage":"fr-FR","potentialAction":[{"@type":"ReadAction","target":["https:\/\/footdavant.fr\/actualites\/kieran-tierney-je-ne-sais-pas-si-je-jouerai-a-nouveau-pour-arsenal\/"]}]},{"@type":"BreadcrumbList","@id":"https:\/\/footdavant.fr\/actualites\/kieran-tierney-je-ne-sais-pas-si-je-jouerai-a-nouveau-pour-arsenal\/#breadcrumb","itemListElement":[{"@type":"ListItem","position":1,"name":"Accueil","item":"https:\/\/footdavant.fr\/actualites\/"},{"@type":"ListItem","position":2,"name":"Kieran Tierney : \u00ab\u00a0Je ne sais pas si je jouerai \u00e0 nouveau pour Arsenal\u00a0\u00bb"}]},{"@type":"WebSite","@id":"https:\/\/footdavant.fr\/actualites\/#website","url":"https:\/\/footdavant.fr\/actualites\/","name":"Foot d'avant","description":"","publisher":{"@id":"https:\/\/footdavant.fr\/actualites\/#organization"},"potentialAction":[{"@type":"SearchAction","target":{"@type":"EntryPoint","urlTemplate":"https:\/\/footdavant.fr\/actualites\/?s={search_term_string}"},"query-input":"required name=search_term_string"}],"inLanguage":"fr-FR"},{"@type":"Organization","@id":"https:\/\/footdavant.fr\/actualites\/#organization","name":"Foot d'avant","url":"https:\/\/footdavant.fr\/actualites\/","logo":{"@type":"ImageObject","inLanguage":"fr-FR","@id":"https:\/\/footdavant.fr\/actualites\/#\/schema\/logo\/image\/","url":"https:\/\/footdavant.fr\/actualites\/wp-content\/uploads\/2023\/09\/Copy-of-FootDavant-Logo.png","contentUrl":"https:\/\/footdavant.fr\/actualites\/wp-content\/uploads\/2023\/09\/Copy-of-FootDavant-Logo.png","width":936,"height":549,"caption":"Foot d'avant"},"image":{"@id":"https:\/\/footdavant.fr\/actualites\/#\/schema\/logo\/image\/"},"sameAs":["https:\/\/www.facebook.com\/Footdavant\/","https:\/\/twitter.com\/FootdavantFr","https:\/\/www.instagram.com\/footdavant.fr\/"]},{"@type":"Person","@id":"https:\/\/footdavant.fr\/actualites\/#\/schema\/person\/bc222566d95871b37e597b3ed3ba5e1d","name":"Cl\u00e9ment","image":{"@type":"ImageObject","inLanguage":"fr-FR","@id":"https:\/\/footdavant.fr\/actualites\/#\/schema\/person\/image\/","url":"https:\/\/secure.gravatar.com\/avatar\/7728b29aac2719421e1a9159b2254c44?s=96&d=mm&r=g","contentUrl":"https:\/\/secure.gravatar.com\/avatar\/7728b29aac2719421e1a9159b2254c44?s=96&d=mm&r=g","caption":"Cl\u00e9ment"},"sameAs":["https:\/\/footdavant.fr\/"]}]}},"_links":{"self":[{"href":"https:\/\/footdavant.fr\/actualites\/wp-json\/wp\/v2\/posts\/5278"}],"collection":[{"href":"https:\/\/footdavant.fr\/actualites\/wp-json\/wp\/v2\/posts"}],"about":[{"href":"https:\/\/footdavant.fr\/actualites\/wp-json\/wp\/v2\/types\/post"}],"author":[{"embeddable":true,"href":"https:\/\/footdavant.fr\/actualites\/wp-json\/wp\/v2\/users\/1"}],"replies":[{"embeddable":true,"href":"https:\/\/footdavant.fr\/actualites\/wp-json\/wp\/v2\/comments?post=5278"}],"version-history":[{"count":1,"href":"https:\/\/footdavant.fr\/actualites\/wp-json\/wp\/v2\/posts\/5278\/revisions"}],"predecessor-version":[{"id":5280,"href":"https:\/\/footdavant.fr\/actualites\/wp-json\/wp\/v2\/posts\/5278\/revisions\/5280"}],"wp:featuredmedia":[{"embeddable":true,"href":"https:\/\/footdavant.fr\/actualites\/wp-json\/wp\/v2\/media\/5279"}],"wp:attachment":[{"href":"https:\/\/footdavant.fr\/actualites\/wp-json\/wp\/v2\/media?parent=5278"}],"wp:term":[{"taxonomy":"category","embeddable":true,"href":"https:\/\/footdavant.fr\/actualites\/wp-json\/wp\/v2\/categories?post=5278"},{"taxonomy":"post_tag","embeddable":true,"href":"https:\/\/footdavant.fr\/actualites\/wp-json\/wp\/v2\/tags?post=5278"}],"curies":[{"name":"wp","href":"https:\/\/api.w.org\/{rel}","templated":true}]}}