{"id":528,"date":"2023-11-08T08:50:34","date_gmt":"2023-11-08T07:50:34","guid":{"rendered":"https:\/\/footdavant.fr\/actualites\/la-juventus-entame-des-discussions-sur-laccord-de-pret-de-kalvin-phillips\/"},"modified":"2023-11-08T08:50:35","modified_gmt":"2023-11-08T07:50:35","slug":"la-juventus-entame-des-discussions-sur-laccord-de-pret-de-kalvin-phillips","status":"publish","type":"post","link":"https:\/\/footdavant.fr\/actualites\/la-juventus-entame-des-discussions-sur-laccord-de-pret-de-kalvin-phillips\/","title":{"rendered":"La Juventus \u00ab\u00a0entame des discussions sur l&rsquo;accord de pr\u00eat de Kalvin Phillips\u00a0\u00bb"},"content":{"rendered":"<p>Les g\u00e9ants italiens de la Juventus seraient en discussion sur un \u00e9ventuel pr\u00eat du milieu de terrain de Manchester City, Kalvin Phillips. <\/p>\n<div id=\"article_body\" itemprop=\"articleBody\">\n<h3 class=\"firstPara\">\n<strong class=\"autotag\">Juve<\/strong> auraient entam\u00e9 des discussions sur un \u00e9ventuel accord de pr\u00eat pour <strong class=\"autotag\">Manchester City<\/strong> milieu de terrain <strong class=\"autotag\">Kalvin Phillips<\/strong>.<\/h3>\n<p>Le joueur de 27 ans devrait partir lors du mercato de janvier apr\u00e8s avoir \u00e9chou\u00e9 \u00e0 s&rsquo;\u00e9tablir dans l&rsquo;\u00e9quipe depuis son arriv\u00e9e de Leeds United \u00e0 l&rsquo;\u00e9t\u00e9 2022.<\/p>\n<p>Phillips a \u00e9t\u00e9 limit\u00e9 \u00e0 seulement deux d\u00e9parts en Premier League lors de sa premi\u00e8re saison au stade Etihad. <\/p>\n<p>L&rsquo;international anglais a continu\u00e9 \u00e0 lutter pour gagner du temps de jeu au cours de la campagne en cours, n&rsquo;ayant r\u00e9ussi \u00e0 d\u00e9buter aucun des 11 matches de Premier League de Man City.<\/p>\n<p>Alors que Phillips est susceptible de quitter les Citizens au cours de la nouvelle ann\u00e9e, la Juventus est l&rsquo;une des nombreuses \u00e9quipes qui souhaitent s&rsquo;assurer ses services.<\/p>\n<p class=\"imgI\">\n<p>Un rapport r\u00e9cent sugg\u00e9rait que les g\u00e9ants italiens avaient des doutes quant \u00e0 l&rsquo;aptitude de Phillips et \u00e0 l&rsquo;opportunit\u00e9 de poursuivre une d\u00e9cision en janvier.<\/p>\n<p>Cependant, selon <em>Gazzetta della Sport<\/em>la Juventus souhaite toujours recruter l&rsquo;Anglais lors du mercato hivernal.<\/p>\n<p>Le rapport affirme que le club de Serie A a intensifi\u00e9 ses efforts, apr\u00e8s avoir ouvert des n\u00e9gociations sur un \u00e9ventuel changement de pr\u00eat. <\/p>\n<p>Man City est pr\u00eat \u00e0 autoriser Phillips \u00e0 partir avec un pr\u00eat de six mois, et un transfert \u00e0 la Juventus pourrait convenir aux deux clubs, les Citizens \u00e9tant r\u00e9ticents \u00e0 le confier \u00e0 un rival de Premier League ou de Ligue des champions.<\/p>\n<p class=\"imgI\"><img decoding=\"async\" loading=\"lazy\" class=\"l\" src=\"https:\/\/footdavant.fr\/actualites\/wp-content\/uploads\/2023\/11\/La-Juventus-entame-des-discussions-sur-laccord-de-pret-de.jpg\" title=\"Kalvin Phillips, de l'Angleterre, c\u00e9l\u00e8bre apr\u00e8s le match du 13 octobre 2023.\" alt=\"Kalvin Phillips, de l'Angleterre, c\u00e9l\u00e8bre apr\u00e8s le match du 13 octobre 2023.\" width=\"640\" height=\"480\"><\/p>\n<p>patron de la Juventus <strong class=\"autotag\">Massimiliano Allegri<\/strong> est d\u00e9sireux de recruter un nouveau milieu de terrain apr\u00e8s avoir vu ses options actuelles affect\u00e9es par des probl\u00e8mes hors du terrain.<\/p>\n<p><strong class=\"autotag\">Nicolo Fagioli<\/strong> a r\u00e9cemment \u00e9t\u00e9 condamn\u00e9 \u00e0 une interdiction de sept mois pour avoir enfreint les r\u00e8gles des paris, tandis que <strong class=\"autotag\">Paul Pogba<\/strong> fait face \u00e0 une longue suspension apr\u00e8s avoir \u00e9t\u00e9 test\u00e9 positif \u00e0 la testost\u00e9rone non endog\u00e8ne.<\/p>\n<p>Si Phillips est consid\u00e9r\u00e9 comme une cible prioritaire, la Juventus envisage \u00e9galement <strong class=\"autotag\">Tottenham Hotspur<\/strong>c&rsquo;est <strong class=\"autotag\">Pierre-\u00c9mile Hojbjerg<\/strong>, <strong class=\"autotag\">Atletico Madrid<\/strong>c&rsquo;est <strong class=\"autotag\">Rodrigo De Paul<\/strong> et <strong class=\"autotag\">Udinese<\/strong>c&rsquo;est <strong class=\"autotag\">Lazar Samardzic<\/strong>.<\/p>\n<p>Phillips, quant \u00e0 lui, semble \u00e9galement susciter l&rsquo;int\u00e9r\u00eat du <strong class=\"autotag\">Arsenal<\/strong>, <strong class=\"autotag\">Everton<\/strong>, <strong class=\"autotag\">Newcastle United<\/strong>, <strong class=\"autotag\">West Ham United<\/strong> et <strong class=\"autotag\">Bayern Munich<\/strong>.<\/p>\n<\/div>\n","protected":false},"excerpt":{"rendered":"<p>Les g\u00e9ants italiens de la Juventus seraient en discussion sur un \u00e9ventuel pr\u00eat du milieu de terrain de Manchester City, Kalvin Phillips. Juve auraient entam\u00e9<\/p>\n","protected":false},"author":1,"featured_media":529,"comment_status":"closed","ping_status":"","sticky":false,"template":"","format":"standard","meta":{"footnotes":""},"categories":[5],"tags":[12,713,712,711,117,714,118,165,103],"yoast_head":"<!-- This site is optimized with the Yoast SEO plugin v21.0 - https:\/\/yoast.com\/wordpress\/plugins\/seo\/ -->\n<title>La Juventus &quot;entame des discussions sur l&#039;accord de pr\u00eat de Kalvin Phillips&quot;<\/title>\n<meta name=\"robots\" content=\"index, follow, max-snippet:-1, max-image-preview:large, max-video-preview:-1\" \/>\n<link rel=\"canonical\" href=\"https:\/\/footdavant.fr\/actualites\/la-juventus-entame-des-discussions-sur-laccord-de-pret-de-kalvin-phillips\/\" \/>\n<meta property=\"og:locale\" content=\"fr_FR\" \/>\n<meta property=\"og:type\" content=\"article\" \/>\n<meta property=\"og:title\" content=\"La Juventus &quot;entame des discussions sur l&#039;accord de pr\u00eat de Kalvin Phillips&quot;\" \/>\n<meta property=\"og:description\" content=\"Les g\u00e9ants italiens de la Juventus seraient en discussion sur un \u00e9ventuel pr\u00eat du milieu de terrain de Manchester City, Kalvin Phillips. Juve auraient entam\u00e9\" \/>\n<meta property=\"og:url\" content=\"https:\/\/footdavant.fr\/actualites\/la-juventus-entame-des-discussions-sur-laccord-de-pret-de-kalvin-phillips\/\" \/>\n<meta property=\"og:site_name\" content=\"Foot d&#039;avant\" \/>\n<meta property=\"article:publisher\" content=\"https:\/\/www.facebook.com\/Footdavant\/\" \/>\n<meta property=\"article:published_time\" content=\"2023-11-08T07:50:34+00:00\" \/>\n<meta property=\"article:modified_time\" content=\"2023-11-08T07:50:35+00:00\" \/>\n<meta property=\"og:image\" content=\"https:\/\/footdavant.fr\/actualites\/wp-content\/uploads\/2023\/11\/La-Juventus-entame-des-discussions-sur-laccord-de-pret-de.jpg\" \/>\n\t<meta property=\"og:image:width\" content=\"640\" \/>\n\t<meta property=\"og:image:height\" content=\"480\" \/>\n\t<meta property=\"og:image:type\" content=\"image\/jpeg\" \/>\n<meta name=\"author\" content=\"Cl\u00e9ment\" \/>\n<meta name=\"twitter:card\" content=\"summary_large_image\" \/>\n<meta name=\"twitter:creator\" content=\"@FootdavantFr\" \/>\n<meta name=\"twitter:site\" content=\"@FootdavantFr\" \/>\n<meta name=\"twitter:label1\" content=\"\u00c9crit par\" \/>\n\t<meta name=\"twitter:data1\" content=\"Cl\u00e9ment\" \/>\n\t<meta name=\"twitter:label2\" content=\"Dur\u00e9e de lecture estim\u00e9e\" \/>\n\t<meta name=\"twitter:data2\" content=\"2 minutes\" \/>\n<script type=\"application\/ld+json\" class=\"yoast-schema-graph\">{\"@context\":\"https:\/\/schema.org\",\"@graph\":[{\"@type\":\"Article\",\"@id\":\"https:\/\/footdavant.fr\/actualites\/la-juventus-entame-des-discussions-sur-laccord-de-pret-de-kalvin-phillips\/#article\",\"isPartOf\":{\"@id\":\"https:\/\/footdavant.fr\/actualites\/la-juventus-entame-des-discussions-sur-laccord-de-pret-de-kalvin-phillips\/\"},\"author\":{\"name\":\"Cl\u00e9ment\",\"@id\":\"https:\/\/footdavant.fr\/actualites\/#\/schema\/person\/bc222566d95871b37e597b3ed3ba5e1d\"},\"headline\":\"La Juventus \u00ab\u00a0entame des discussions sur l&rsquo;accord de pr\u00eat de Kalvin Phillips\u00a0\u00bb\",\"datePublished\":\"2023-11-08T07:50:34+00:00\",\"dateModified\":\"2023-11-08T07:50:35+00:00\",\"mainEntityOfPage\":{\"@id\":\"https:\/\/footdavant.fr\/actualites\/la-juventus-entame-des-discussions-sur-laccord-de-pret-de-kalvin-phillips\/\"},\"wordCount\":396,\"publisher\":{\"@id\":\"https:\/\/footdavant.fr\/actualites\/#organization\"},\"keywords\":[\"des\",\"discussions\",\"entame\",\"Juventus\",\"Kalvin\",\"laccord\",\"Phillips\",\"pr\u00eat\",\"sur\"],\"articleSection\":[\"Premier League\"],\"inLanguage\":\"fr-FR\"},{\"@type\":\"WebPage\",\"@id\":\"https:\/\/footdavant.fr\/actualites\/la-juventus-entame-des-discussions-sur-laccord-de-pret-de-kalvin-phillips\/\",\"url\":\"https:\/\/footdavant.fr\/actualites\/la-juventus-entame-des-discussions-sur-laccord-de-pret-de-kalvin-phillips\/\",\"name\":\"La Juventus \\\"entame des discussions sur l'accord de pr\u00eat de Kalvin Phillips\\\"\",\"isPartOf\":{\"@id\":\"https:\/\/footdavant.fr\/actualites\/#website\"},\"datePublished\":\"2023-11-08T07:50:34+00:00\",\"dateModified\":\"2023-11-08T07:50:35+00:00\",\"breadcrumb\":{\"@id\":\"https:\/\/footdavant.fr\/actualites\/la-juventus-entame-des-discussions-sur-laccord-de-pret-de-kalvin-phillips\/#breadcrumb\"},\"inLanguage\":\"fr-FR\",\"potentialAction\":[{\"@type\":\"ReadAction\",\"target\":[\"https:\/\/footdavant.fr\/actualites\/la-juventus-entame-des-discussions-sur-laccord-de-pret-de-kalvin-phillips\/\"]}]},{\"@type\":\"BreadcrumbList\",\"@id\":\"https:\/\/footdavant.fr\/actualites\/la-juventus-entame-des-discussions-sur-laccord-de-pret-de-kalvin-phillips\/#breadcrumb\",\"itemListElement\":[{\"@type\":\"ListItem\",\"position\":1,\"name\":\"Accueil\",\"item\":\"https:\/\/footdavant.fr\/actualites\/\"},{\"@type\":\"ListItem\",\"position\":2,\"name\":\"La Juventus \u00ab\u00a0entame des discussions sur l&rsquo;accord de pr\u00eat de Kalvin Phillips\u00a0\u00bb\"}]},{\"@type\":\"WebSite\",\"@id\":\"https:\/\/footdavant.fr\/actualites\/#website\",\"url\":\"https:\/\/footdavant.fr\/actualites\/\",\"name\":\"Foot d'avant\",\"description\":\"\",\"publisher\":{\"@id\":\"https:\/\/footdavant.fr\/actualites\/#organization\"},\"potentialAction\":[{\"@type\":\"SearchAction\",\"target\":{\"@type\":\"EntryPoint\",\"urlTemplate\":\"https:\/\/footdavant.fr\/actualites\/?s={search_term_string}\"},\"query-input\":\"required name=search_term_string\"}],\"inLanguage\":\"fr-FR\"},{\"@type\":\"Organization\",\"@id\":\"https:\/\/footdavant.fr\/actualites\/#organization\",\"name\":\"Foot d'avant\",\"url\":\"https:\/\/footdavant.fr\/actualites\/\",\"logo\":{\"@type\":\"ImageObject\",\"inLanguage\":\"fr-FR\",\"@id\":\"https:\/\/footdavant.fr\/actualites\/#\/schema\/logo\/image\/\",\"url\":\"https:\/\/footdavant.fr\/actualites\/wp-content\/uploads\/2023\/09\/Copy-of-FootDavant-Logo.png\",\"contentUrl\":\"https:\/\/footdavant.fr\/actualites\/wp-content\/uploads\/2023\/09\/Copy-of-FootDavant-Logo.png\",\"width\":936,\"height\":549,\"caption\":\"Foot d'avant\"},\"image\":{\"@id\":\"https:\/\/footdavant.fr\/actualites\/#\/schema\/logo\/image\/\"},\"sameAs\":[\"https:\/\/www.facebook.com\/Footdavant\/\",\"https:\/\/twitter.com\/FootdavantFr\",\"https:\/\/www.instagram.com\/footdavant.fr\/\"]},{\"@type\":\"Person\",\"@id\":\"https:\/\/footdavant.fr\/actualites\/#\/schema\/person\/bc222566d95871b37e597b3ed3ba5e1d\",\"name\":\"Cl\u00e9ment\",\"image\":{\"@type\":\"ImageObject\",\"inLanguage\":\"fr-FR\",\"@id\":\"https:\/\/footdavant.fr\/actualites\/#\/schema\/person\/image\/\",\"url\":\"https:\/\/secure.gravatar.com\/avatar\/7728b29aac2719421e1a9159b2254c44?s=96&d=mm&r=g\",\"contentUrl\":\"https:\/\/secure.gravatar.com\/avatar\/7728b29aac2719421e1a9159b2254c44?s=96&d=mm&r=g\",\"caption\":\"Cl\u00e9ment\"},\"sameAs\":[\"https:\/\/footdavant.fr\/\"]}]}<\/script>\n<!-- \/ Yoast SEO plugin. -->","yoast_head_json":{"title":"La Juventus \"entame des discussions sur l'accord de pr\u00eat de Kalvin Phillips\"","robots":{"index":"index","follow":"follow","max-snippet":"max-snippet:-1","max-image-preview":"max-image-preview:large","max-video-preview":"max-video-preview:-1"},"canonical":"https:\/\/footdavant.fr\/actualites\/la-juventus-entame-des-discussions-sur-laccord-de-pret-de-kalvin-phillips\/","og_locale":"fr_FR","og_type":"article","og_title":"La Juventus \"entame des discussions sur l'accord de pr\u00eat de Kalvin Phillips\"","og_description":"Les g\u00e9ants italiens de la Juventus seraient en discussion sur un \u00e9ventuel pr\u00eat du milieu de terrain de Manchester City, Kalvin Phillips. Juve auraient entam\u00e9","og_url":"https:\/\/footdavant.fr\/actualites\/la-juventus-entame-des-discussions-sur-laccord-de-pret-de-kalvin-phillips\/","og_site_name":"Foot d&#039;avant","article_publisher":"https:\/\/www.facebook.com\/Footdavant\/","article_published_time":"2023-11-08T07:50:34+00:00","article_modified_time":"2023-11-08T07:50:35+00:00","og_image":[{"width":640,"height":480,"url":"https:\/\/footdavant.fr\/actualites\/wp-content\/uploads\/2023\/11\/La-Juventus-entame-des-discussions-sur-laccord-de-pret-de.jpg","type":"image\/jpeg"}],"author":"Cl\u00e9ment","twitter_card":"summary_large_image","twitter_creator":"@FootdavantFr","twitter_site":"@FootdavantFr","twitter_misc":{"\u00c9crit par":"Cl\u00e9ment","Dur\u00e9e de lecture estim\u00e9e":"2 minutes"},"schema":{"@context":"https:\/\/schema.org","@graph":[{"@type":"Article","@id":"https:\/\/footdavant.fr\/actualites\/la-juventus-entame-des-discussions-sur-laccord-de-pret-de-kalvin-phillips\/#article","isPartOf":{"@id":"https:\/\/footdavant.fr\/actualites\/la-juventus-entame-des-discussions-sur-laccord-de-pret-de-kalvin-phillips\/"},"author":{"name":"Cl\u00e9ment","@id":"https:\/\/footdavant.fr\/actualites\/#\/schema\/person\/bc222566d95871b37e597b3ed3ba5e1d"},"headline":"La Juventus \u00ab\u00a0entame des discussions sur l&rsquo;accord de pr\u00eat de Kalvin Phillips\u00a0\u00bb","datePublished":"2023-11-08T07:50:34+00:00","dateModified":"2023-11-08T07:50:35+00:00","mainEntityOfPage":{"@id":"https:\/\/footdavant.fr\/actualites\/la-juventus-entame-des-discussions-sur-laccord-de-pret-de-kalvin-phillips\/"},"wordCount":396,"publisher":{"@id":"https:\/\/footdavant.fr\/actualites\/#organization"},"keywords":["des","discussions","entame","Juventus","Kalvin","laccord","Phillips","pr\u00eat","sur"],"articleSection":["Premier League"],"inLanguage":"fr-FR"},{"@type":"WebPage","@id":"https:\/\/footdavant.fr\/actualites\/la-juventus-entame-des-discussions-sur-laccord-de-pret-de-kalvin-phillips\/","url":"https:\/\/footdavant.fr\/actualites\/la-juventus-entame-des-discussions-sur-laccord-de-pret-de-kalvin-phillips\/","name":"La Juventus \"entame des discussions sur l'accord de pr\u00eat de Kalvin Phillips\"","isPartOf":{"@id":"https:\/\/footdavant.fr\/actualites\/#website"},"datePublished":"2023-11-08T07:50:34+00:00","dateModified":"2023-11-08T07:50:35+00:00","breadcrumb":{"@id":"https:\/\/footdavant.fr\/actualites\/la-juventus-entame-des-discussions-sur-laccord-de-pret-de-kalvin-phillips\/#breadcrumb"},"inLanguage":"fr-FR","potentialAction":[{"@type":"ReadAction","target":["https:\/\/footdavant.fr\/actualites\/la-juventus-entame-des-discussions-sur-laccord-de-pret-de-kalvin-phillips\/"]}]},{"@type":"BreadcrumbList","@id":"https:\/\/footdavant.fr\/actualites\/la-juventus-entame-des-discussions-sur-laccord-de-pret-de-kalvin-phillips\/#breadcrumb","itemListElement":[{"@type":"ListItem","position":1,"name":"Accueil","item":"https:\/\/footdavant.fr\/actualites\/"},{"@type":"ListItem","position":2,"name":"La Juventus \u00ab\u00a0entame des discussions sur l&rsquo;accord de pr\u00eat de Kalvin Phillips\u00a0\u00bb"}]},{"@type":"WebSite","@id":"https:\/\/footdavant.fr\/actualites\/#website","url":"https:\/\/footdavant.fr\/actualites\/","name":"Foot d'avant","description":"","publisher":{"@id":"https:\/\/footdavant.fr\/actualites\/#organization"},"potentialAction":[{"@type":"SearchAction","target":{"@type":"EntryPoint","urlTemplate":"https:\/\/footdavant.fr\/actualites\/?s={search_term_string}"},"query-input":"required name=search_term_string"}],"inLanguage":"fr-FR"},{"@type":"Organization","@id":"https:\/\/footdavant.fr\/actualites\/#organization","name":"Foot d'avant","url":"https:\/\/footdavant.fr\/actualites\/","logo":{"@type":"ImageObject","inLanguage":"fr-FR","@id":"https:\/\/footdavant.fr\/actualites\/#\/schema\/logo\/image\/","url":"https:\/\/footdavant.fr\/actualites\/wp-content\/uploads\/2023\/09\/Copy-of-FootDavant-Logo.png","contentUrl":"https:\/\/footdavant.fr\/actualites\/wp-content\/uploads\/2023\/09\/Copy-of-FootDavant-Logo.png","width":936,"height":549,"caption":"Foot d'avant"},"image":{"@id":"https:\/\/footdavant.fr\/actualites\/#\/schema\/logo\/image\/"},"sameAs":["https:\/\/www.facebook.com\/Footdavant\/","https:\/\/twitter.com\/FootdavantFr","https:\/\/www.instagram.com\/footdavant.fr\/"]},{"@type":"Person","@id":"https:\/\/footdavant.fr\/actualites\/#\/schema\/person\/bc222566d95871b37e597b3ed3ba5e1d","name":"Cl\u00e9ment","image":{"@type":"ImageObject","inLanguage":"fr-FR","@id":"https:\/\/footdavant.fr\/actualites\/#\/schema\/person\/image\/","url":"https:\/\/secure.gravatar.com\/avatar\/7728b29aac2719421e1a9159b2254c44?s=96&d=mm&r=g","contentUrl":"https:\/\/secure.gravatar.com\/avatar\/7728b29aac2719421e1a9159b2254c44?s=96&d=mm&r=g","caption":"Cl\u00e9ment"},"sameAs":["https:\/\/footdavant.fr\/"]}]}},"_links":{"self":[{"href":"https:\/\/footdavant.fr\/actualites\/wp-json\/wp\/v2\/posts\/528"}],"collection":[{"href":"https:\/\/footdavant.fr\/actualites\/wp-json\/wp\/v2\/posts"}],"about":[{"href":"https:\/\/footdavant.fr\/actualites\/wp-json\/wp\/v2\/types\/post"}],"author":[{"embeddable":true,"href":"https:\/\/footdavant.fr\/actualites\/wp-json\/wp\/v2\/users\/1"}],"replies":[{"embeddable":true,"href":"https:\/\/footdavant.fr\/actualites\/wp-json\/wp\/v2\/comments?post=528"}],"version-history":[{"count":1,"href":"https:\/\/footdavant.fr\/actualites\/wp-json\/wp\/v2\/posts\/528\/revisions"}],"predecessor-version":[{"id":530,"href":"https:\/\/footdavant.fr\/actualites\/wp-json\/wp\/v2\/posts\/528\/revisions\/530"}],"wp:featuredmedia":[{"embeddable":true,"href":"https:\/\/footdavant.fr\/actualites\/wp-json\/wp\/v2\/media\/529"}],"wp:attachment":[{"href":"https:\/\/footdavant.fr\/actualites\/wp-json\/wp\/v2\/media?parent=528"}],"wp:term":[{"taxonomy":"category","embeddable":true,"href":"https:\/\/footdavant.fr\/actualites\/wp-json\/wp\/v2\/categories?post=528"},{"taxonomy":"post_tag","embeddable":true,"href":"https:\/\/footdavant.fr\/actualites\/wp-json\/wp\/v2\/tags?post=528"}],"curies":[{"name":"wp","href":"https:\/\/api.w.org\/{rel}","templated":true}]}}