{"id":5284,"date":"2024-02-19T17:50:38","date_gmt":"2024-02-19T16:50:38","guid":{"rendered":"https:\/\/footdavant.fr\/actualites\/apercu-porto-contre-arsenal-pronostics-actualites-de-lequipe-compositions\/"},"modified":"2024-02-19T17:50:39","modified_gmt":"2024-02-19T16:50:39","slug":"apercu-porto-contre-arsenal-pronostics-actualites-de-lequipe-compositions","status":"publish","type":"post","link":"https:\/\/footdavant.fr\/actualites\/apercu-porto-contre-arsenal-pronostics-actualites-de-lequipe-compositions\/","title":{"rendered":"Aper\u00e7u : Porto contre Arsenal \u2013 pronostics, actualit\u00e9s de l&rsquo;\u00e9quipe, compositions"},"content":{"rendered":"<p>Sports Mole pr\u00e9sente un aper\u00e7u du choc de la Ligue des champions de mercredi entre Porto et Arsenal, y compris les pronostics, les nouvelles de l&rsquo;\u00e9quipe et les compositions possibles.<\/p>\n<div id=\"article_body\" itemprop=\"articleBody\">\n<p class=\"firstPara\">Mettre fin \u00e0 un exil de sept ans du <strong class=\"autotag\">Ligue des champions<\/strong> les huiti\u00e8mes de finale, <strong class=\"autotag\">Arsenal<\/strong> montez \u00e0 bord de l&rsquo;avion pour le Portugal pour le match aller de leur huiti\u00e8me de finale avec <strong class=\"autotag\">Porto<\/strong> le mercredi soir.<\/p>\n<p>Les Gunners ont domin\u00e9 le groupe B pour organiser des retrouvailles avec <strong class=\"autotag\">Sergio Conceicao<\/strong>L&rsquo;\u00e9quipe de Barcelone s&rsquo;est faufil\u00e9e jusqu&rsquo;aux huiti\u00e8mes de finale en terminant deuxi\u00e8me du groupe H derri\u00e8re Barcelone.<\/p>\n<hr class=\"divide\">\n<h2>Aper\u00e7u du match<\/h2>\n<p class=\"imgI\">\n<p>Benfica et Braga \u00e9tant contraints de poursuivre leur campagne continentale en Ligue Europa en raison de leur troisi\u00e8me place en phase de groupes de la Ligue des champions, Porto est la seule \u00e9quipe portugaise encore en lice dans la comp\u00e9tition d&rsquo;\u00e9lite europ\u00e9enne, atteignant les tours \u00e9liminatoires pour la sixi\u00e8me fois en les sept derni\u00e8res saisons.<\/p>\n<p>Le Groupe H a largement suivi le sc\u00e9nario, puisque Porto a d\u00e9croch\u00e9 la deuxi\u00e8me place derri\u00e8re Barcelone gr\u00e2ce \u00e0 quatre victoires sur quatre contre le Royal Anvers et le Shakhtar Donetsk, et m\u00eame s&rsquo;ils poss\u00e9daient une diff\u00e9rence de buts sup\u00e9rieure \u00e0 celle des champions de la Liga, leur bilan face-\u00e0-face inf\u00e9rieur les a vu se contenter de la deuxi\u00e8me place.<\/p>\n<p>Gr\u00e2ce \u00e0 leurs 12 points, les titans de la Primeira Liga ont une nouvelle chance de r\u00e9parer plusieurs torts en Ligue des champions, n&rsquo;ayant pas r\u00e9ussi \u00e0 progresser plus loin que les huit derniers depuis le tournoi 1993-94, et leur tournoi 2022-23 s&rsquo;est termin\u00e9 \u00e0 ce stade. \u00e9tape gr\u00e2ce \u00e0 une d\u00e9faite cumul\u00e9e 1-0 contre l&rsquo;Inter Milan.<\/p>\n<p>Sept des huit derniers matches \u00e0 \u00e9limination directe de Porto en Ligue des Champions contre un club anglais ont \u00e9galement vu l&rsquo;\u00e9quipe portugaise \u00e9limin\u00e9e, m\u00eame si la seule fois o\u00f9 ils ont r\u00e9ussi \u00e0 envoyer une \u00e9quipe de Premier League emballer &#8211; en coulant Manchester United en huiti\u00e8mes de finale en 2004 &#8211; ils ont ensuite r\u00e9ussi \u00e0 conqu\u00e9rir le continent.<\/p>\n<p>20 ans plus tard, l&rsquo;\u00e9quipe de Conceicao accueille Arsenal sur une s\u00e9rie de 10 matchs sans d\u00e9faite dans tous les tournois \u00e0 l&rsquo;Estadio do Dragao, le plus r\u00e9cemment battant Estrela Amadora 2-0 lors de l&rsquo;affaire de Primeira Liga de samedi, qui a vu les Dragons enregistrer leur cinqui\u00e8me match cons\u00e9cutif. feuille blanche \u00e0 domicile.<\/p>\n<p class=\"imgI\"><img decoding=\"async\" loading=\"lazy\" class=\"l\" src=\"https:\/\/footdavant.fr\/actualites\/wp-content\/uploads\/2024\/02\/Apercu-Porto-contre-Arsenal-\u2013-pronostics-actualites-de-lequipe.JPG\" title=\"Le manager d'Arsenal, Mikel Arteta, c\u00e9l\u00e8bre apr\u00e8s le match du 11 f\u00e9vrier 2024.\" alt=\"Le manager d'Arsenal, Mikel Arteta, c\u00e9l\u00e8bre apr\u00e8s le match du 11 f\u00e9vrier 2024.\" width=\"640\" height=\"480\"><\/p>\n<p>Au cours de leur s\u00e9quence de 10 matches sans d\u00e9faite devant leurs propres supporters, la d\u00e9fense de Porto n&rsquo;a \u00e9t\u00e9 perc\u00e9e que cinq fois, mais un Arsenal impitoyable a r\u00e9ussi un nombre identique de frappes en seulement 90 minutes lors d&rsquo;un match pluvieux de Premier League avec Burnley. Samedi apr\u00e8s-midi.<\/p>\n<p>Une semaine apr\u00e8s avoir d\u00e9cim\u00e9 West Ham United 6-0 \u2013 \u00e9tablissant un nouveau record de club pour leur plus grande victoire \u00e0 l&rsquo;ext\u00e9rieur en Premier League \u2013 les Gunners, qui ont marqu\u00e9 sans but, ont gagn\u00e9 une autre tranche d&rsquo;histoire \u00e0 Turf Moor, remportant leurs cinq premiers matches de championnat d&rsquo;une ann\u00e9e civile pour la premi\u00e8re fois dans leur illustre histoire de 138 ans.<\/p>\n<p>Les Gooners ont c\u00e9l\u00e9br\u00e9 21 buts en cinq matches de Premier League depuis qu&rsquo;Arsenal est rentr\u00e9 chez lui apr\u00e8s un camp d&rsquo;entra\u00eenement tr\u00e8s int\u00e9ressant \u00e0 Duba\u00ef, et la perspective d&rsquo;un doubl\u00e9 impr\u00e9vu en premi\u00e8re division et en Ligue des champions reste vivante pendant <strong class=\"autotag\">Mikel Arteta<\/strong>Les troupes de l&rsquo;\u00e9quipe, qui sont revenues en force en Ligue des champions.<\/p>\n<p>S\u00e9ville, Lens et le PSV Eindhoven n&rsquo;ont pas vraiment pr\u00e9sent\u00e9 une opposition glamour, mais les Gunners se sont tenus \u00e0 la t\u00e2che et ont assur\u00e9 la premi\u00e8re place \u00e0 un match de la fin, tout en n&rsquo;encaissant que quatre buts en six matches ;  seule la Real Sociedad (deux) s&rsquo;est qualifi\u00e9e pour les huiti\u00e8mes de finale avec un meilleur bilan d\u00e9fensif.<\/p>\n<p>Cependant, chacune de ces quatre frappes devant Arsenal s&rsquo;est d\u00e9roul\u00e9e \u00e0 l&rsquo;ext\u00e9rieur, et les Gunners ont \u00e9t\u00e9 en proie aux huiti\u00e8mes de finale depuis la campagne 2010-11, subissant sept \u00e9liminations cons\u00e9cutives \u00e0 ce stade avant leur passage en Ligue Europa. le marasme.<\/p>\n<p>Cependant, la derni\u00e8re fois que les Gunners ont atteint les quarts de finale lors de la saison 2009-2010, ils ont obtenu leur billet gr\u00e2ce \u00e0 une victoire totale de Porto 6-2 en huiti\u00e8mes de finale, m\u00eame s&rsquo;ils attendent toujours leur toute premi\u00e8re victoire \u00e0 l&rsquo;ext\u00e9rieur. contre les puissances portugaises.<\/p>\n<p>Forme de la Ligue des Champions de Porto :<\/p>\n<p>Forme Porto (toutes comp\u00e9titions) :<\/p>\n<p>Forme de la Ligue des Champions d&rsquo;Arsenal :<\/p>\n<p>Forme Arsenal (toutes comp\u00e9titions) :<\/p>\n<p><\/p>\n<hr class=\"divide\">\n<h2>Nouvelles de l&rsquo;\u00e9quipe<\/h2>\n<p class=\"imgI\"><img decoding=\"async\" loading=\"lazy\" class=\"l\" src=\"https:\/\/footdavant.fr\/actualites\/wp-content\/uploads\/2024\/02\/1708361438_118_Apercu-Porto-contre-Arsenal-\u2013-pronostics-actualites-de-lequipe.JPG\" title=\"Gabriel Jesus d'Arsenal c\u00e9l\u00e8bre son premier but le 28 janvier 2024\" alt=\"Gabriel Jesus d'Arsenal c\u00e9l\u00e8bre son premier but le 28 janvier 2024\" width=\"640\" height=\"480\"><\/p>\n<p>Le triomphe de Porto sur Estrela ce week-end n&rsquo;a pas \u00e9t\u00e9 une soir\u00e9e parfaite pour Conceicao, puisque l&rsquo;arri\u00e8re gauche <strong class=\"autotag\">Zaidu Sanusi<\/strong> a \u00e9t\u00e9 \u00e9tir\u00e9 \u00e0 la 32e minute en raison d&rsquo;une rupture compl\u00e8te du ligament crois\u00e9 ant\u00e9rieur, excluant le Nig\u00e9rian pour le reste de la campagne.<\/p>\n<p>Sanusi est l&rsquo;un des deux d\u00e9fenseurs des Dragons soignant des blessures au LCA \u2013 <strong class=\"autotag\">Ivan Marcano<\/strong> n&rsquo;a qu&rsquo;une faible chance de revenir avant la fin de la campagne &#8211; et Conceicao devrait faire appel \u00e0 <strong class=\"autotag\">Jorge S\u00e1nchez<\/strong> pour rejoindre le bouclier d\u00e9fensif des h\u00f4tes, qui d\u00e9tient toujours le v\u00e9t\u00e9ran de 40 ans <strong class=\"autotag\">P\u00e9p\u00e9<\/strong>.<\/p>\n<p>La disponibilit\u00e9 du point d\u2019appui du milieu de terrain <strong class=\"autotag\">Stephen Eustaquio<\/strong> n&rsquo;est pas clair non plus apr\u00e8s que le Canadien ait rat\u00e9 le r\u00e9cent succ\u00e8s contre Estrela, mais <strong class=\"autotag\">Alan Varela<\/strong> au moins lutt\u00e9 contre l&rsquo;inconfort pour voir les 90 complets.<\/p>\n<p>Avant un transfert gratuit attendu \u00e0 l&rsquo;Inter Milan cet \u00e9t\u00e9, <strong class=\"autotag\">Mehdi Tar\u00e9mi<\/strong> devrait \u00eatre d\u00e9ploy\u00e9 d\u00e8s le d\u00e9part avec <strong class=\"autotag\">Evanilson<\/strong>auteur de quatre buts en cinq matchs de phase de groupes et de 19 au total pour la saison 2023-24.<\/p>\n<p>En ce qui concerne Arsenal, <strong class=\"autotag\">\u00c9mile Smith Rowe<\/strong> \u00e9tait de retour d&rsquo;un probl\u00e8me de cheville \u00e0 temps pour faire le banc contre Burnley, mais aucun des <strong class=\"autotag\">Gabriel J\u00e9sus<\/strong> (genou), <strong class=\"autotag\">Alexandre Zinchenko<\/strong> (veau) ou <strong class=\"autotag\">Takehiro Tomiyasu<\/strong> (frapper) ont re\u00e7u le feu vert pour jouer et restent dubitatifs.<\/p>\n<p><strong class=\"autotag\">Jurrien Bois<\/strong> est \u00e9galement en voie de gu\u00e9rison d&rsquo;une blessure au LCA, bien qu&rsquo;il ait \u00e9t\u00e9 nomm\u00e9 dans l&rsquo;\u00e9quipe des Gunners pour les huiti\u00e8mes de finale, tandis que <strong class=\"autotag\">Thomas Partey<\/strong> (cuisse) et <strong class=\"autotag\">Fabio Vieira<\/strong> (aine) se rapprochent du retour des op\u00e9rations.<\/p>\n<p>Vieira a une chance de se pr\u00e9senter contre son ancien club, mais toute apparition du Portugais viendra certainement du banc, car Arteta n&rsquo;a pas besoin de modifier son XI en forme.<\/p>\n<p><strong>Onze de d\u00e9part possibles \u00e0 Porto\u00a0:<\/strong><br \/>Costa\u00a0;  Mario, P\u00e9p\u00e9, Otavio, S\u00e1nchez\u00a0;  Pepe, Varela, Gonzalez, Galeno\u00a0;  Taremi, Evanilson<\/p>\n<p><strong>Composition de d\u00e9part possible d\u2019Arsenal :<\/strong><br \/>Raya\u00a0;  Blanc, Saliba, Gabriel, Kiwior\u00a0;  Odegaard, Rice, Havertz;  Saka, Trossard, Martinelli<\/p>\n<hr class=\"divide\">\n<p class=\"sm_center\"><img decoding=\"async\" loading=\"lazy\" class=\"l\" src=\"https:\/\/footdavant.fr\/actualites\/wp-content\/uploads\/2024\/02\/Apercu-Porto-contre-Arsenal-\u2013-pronostics-actualites-de-lequipe.png\" title=\"Mots SM fond vert\" alt=\"Mots SM fond vert\" width=\"210\" height=\"53\"><\/p>\n<h2 class=\"sm_center\">Nous disons : Porto 1-3 Arsenal<\/h2>\n<p>Aussi admirable que soit le bilan d\u00e9fensif de Porto \u00e0 domicile, les \u00e9tonnants exploits offensifs d&rsquo;Arsenal depuis le d\u00e9but de l&rsquo;ann\u00e9e &#8211; en particulier \u00e0 l&rsquo;ext\u00e9rieur &#8211; sugg\u00e8rent que l&rsquo;arri\u00e8re-garde des Dragons ne comptera peut-\u00eatre pas si la ligne offensive des Gunners est \u00e0 nouveau en forme.<\/p>\n<p>Porto s&rsquo;av\u00e9rera sans aucun doute une opposition plus dure que West Ham et Burnley, et les Gunners ont traditionnellement eu du mal \u00e0 obtenir des r\u00e9sultats \u00e0 l&rsquo;Estadio do Dragao, mais nous avons confiance dans les hommes d&rsquo;Arteta pour capitaliser sur les probl\u00e8mes de blessures des h\u00f4tes \u00e0 l&rsquo;arri\u00e8re et revenir au nord de Londres. avec un bon avantage au match aller.<\/p>\n<p>Pour l\u2019analyse des donn\u00e9es des r\u00e9sultats les plus probables, des scores et plus encore pour ce match, veuillez cliquer ici.<\/p>\n<hr class=\"divide\">\n<h2>Aper\u00e7us par email<\/h2>\n<div>Cliquez ici pour obtenir <strong>Taupe de sport<\/strong>L&rsquo;e-mail quotidien d&rsquo;avant-premi\u00e8res et de pronostics pour chaque jeu majeur\u00a0!<\/div>\n<p><\/p>\n<hr class=\"divide\"><\/div>\n","protected":false},"excerpt":{"rendered":"<p>Sports Mole pr\u00e9sente un aper\u00e7u du choc de la Ligue des champions de mercredi entre Porto et Arsenal, y compris les pronostics, les nouvelles de<\/p>\n","protected":false},"author":1,"featured_media":5285,"comment_status":"closed","ping_status":"","sticky":false,"template":"","format":"standard","meta":{"footnotes":""},"categories":[4],"tags":[7,284,67,383,20,9,381,382],"yoast_head":"<!-- This site is optimized with the Yoast SEO plugin v21.0 - https:\/\/yoast.com\/wordpress\/plugins\/seo\/ -->\n<title>Aper\u00e7u : Porto contre Arsenal \u2013 pronostics, actualit\u00e9s de l&#039;\u00e9quipe, compositions<\/title>\n<meta name=\"robots\" content=\"index, follow, max-snippet:-1, max-image-preview:large, max-video-preview:-1\" \/>\n<link rel=\"canonical\" href=\"https:\/\/footdavant.fr\/actualites\/apercu-porto-contre-arsenal-pronostics-actualites-de-lequipe-compositions\/\" \/>\n<meta property=\"og:locale\" content=\"fr_FR\" \/>\n<meta property=\"og:type\" content=\"article\" \/>\n<meta property=\"og:title\" content=\"Aper\u00e7u : Porto contre Arsenal \u2013 pronostics, actualit\u00e9s de l&#039;\u00e9quipe, compositions\" \/>\n<meta property=\"og:description\" content=\"Sports Mole pr\u00e9sente un aper\u00e7u du choc de la Ligue des champions de mercredi entre Porto et Arsenal, y compris les pronostics, les nouvelles de\" \/>\n<meta property=\"og:url\" content=\"https:\/\/footdavant.fr\/actualites\/apercu-porto-contre-arsenal-pronostics-actualites-de-lequipe-compositions\/\" \/>\n<meta property=\"og:site_name\" content=\"Foot d&#039;avant\" \/>\n<meta property=\"article:publisher\" content=\"https:\/\/www.facebook.com\/Footdavant\/\" \/>\n<meta property=\"article:published_time\" content=\"2024-02-19T16:50:38+00:00\" \/>\n<meta property=\"article:modified_time\" content=\"2024-02-19T16:50:39+00:00\" \/>\n<meta property=\"og:image\" content=\"https:\/\/footdavant.fr\/actualites\/wp-content\/uploads\/2024\/02\/Apercu-Porto-contre-Arsenal-\u2013-pronostics-actualites-de-lequipe.jpg\" \/>\n\t<meta property=\"og:image:width\" content=\"640\" \/>\n\t<meta property=\"og:image:height\" content=\"480\" \/>\n\t<meta property=\"og:image:type\" content=\"image\/jpeg\" \/>\n<meta name=\"author\" content=\"Cl\u00e9ment\" \/>\n<meta name=\"twitter:card\" content=\"summary_large_image\" \/>\n<meta name=\"twitter:creator\" content=\"@FootdavantFr\" \/>\n<meta name=\"twitter:site\" content=\"@FootdavantFr\" \/>\n<meta name=\"twitter:label1\" content=\"\u00c9crit par\" \/>\n\t<meta name=\"twitter:data1\" content=\"Cl\u00e9ment\" \/>\n\t<meta name=\"twitter:label2\" content=\"Dur\u00e9e de lecture estim\u00e9e\" \/>\n\t<meta name=\"twitter:data2\" content=\"7 minutes\" \/>\n<script type=\"application\/ld+json\" class=\"yoast-schema-graph\">{\"@context\":\"https:\/\/schema.org\",\"@graph\":[{\"@type\":\"Article\",\"@id\":\"https:\/\/footdavant.fr\/actualites\/apercu-porto-contre-arsenal-pronostics-actualites-de-lequipe-compositions\/#article\",\"isPartOf\":{\"@id\":\"https:\/\/footdavant.fr\/actualites\/apercu-porto-contre-arsenal-pronostics-actualites-de-lequipe-compositions\/\"},\"author\":{\"name\":\"Cl\u00e9ment\",\"@id\":\"https:\/\/footdavant.fr\/actualites\/#\/schema\/person\/bc222566d95871b37e597b3ed3ba5e1d\"},\"headline\":\"Aper\u00e7u : Porto contre Arsenal \u2013 pronostics, actualit\u00e9s de l&rsquo;\u00e9quipe, compositions\",\"datePublished\":\"2024-02-19T16:50:38+00:00\",\"dateModified\":\"2024-02-19T16:50:39+00:00\",\"mainEntityOfPage\":{\"@id\":\"https:\/\/footdavant.fr\/actualites\/apercu-porto-contre-arsenal-pronostics-actualites-de-lequipe-compositions\/\"},\"wordCount\":1324,\"publisher\":{\"@id\":\"https:\/\/footdavant.fr\/actualites\/#organization\"},\"keywords\":[\"Actualit\u00e9s\",\"Aper\u00e7u\",\"Arsenal\",\"compositions\",\"contre\",\"l\u00e9quipe\",\"Porto\",\"pronostics\"],\"articleSection\":[\"Champions League\"],\"inLanguage\":\"fr-FR\"},{\"@type\":\"WebPage\",\"@id\":\"https:\/\/footdavant.fr\/actualites\/apercu-porto-contre-arsenal-pronostics-actualites-de-lequipe-compositions\/\",\"url\":\"https:\/\/footdavant.fr\/actualites\/apercu-porto-contre-arsenal-pronostics-actualites-de-lequipe-compositions\/\",\"name\":\"Aper\u00e7u : Porto contre Arsenal \u2013 pronostics, actualit\u00e9s de l'\u00e9quipe, compositions\",\"isPartOf\":{\"@id\":\"https:\/\/footdavant.fr\/actualites\/#website\"},\"datePublished\":\"2024-02-19T16:50:38+00:00\",\"dateModified\":\"2024-02-19T16:50:39+00:00\",\"breadcrumb\":{\"@id\":\"https:\/\/footdavant.fr\/actualites\/apercu-porto-contre-arsenal-pronostics-actualites-de-lequipe-compositions\/#breadcrumb\"},\"inLanguage\":\"fr-FR\",\"potentialAction\":[{\"@type\":\"ReadAction\",\"target\":[\"https:\/\/footdavant.fr\/actualites\/apercu-porto-contre-arsenal-pronostics-actualites-de-lequipe-compositions\/\"]}]},{\"@type\":\"BreadcrumbList\",\"@id\":\"https:\/\/footdavant.fr\/actualites\/apercu-porto-contre-arsenal-pronostics-actualites-de-lequipe-compositions\/#breadcrumb\",\"itemListElement\":[{\"@type\":\"ListItem\",\"position\":1,\"name\":\"Accueil\",\"item\":\"https:\/\/footdavant.fr\/actualites\/\"},{\"@type\":\"ListItem\",\"position\":2,\"name\":\"Aper\u00e7u : Porto contre Arsenal \u2013 pronostics, actualit\u00e9s de l&rsquo;\u00e9quipe, compositions\"}]},{\"@type\":\"WebSite\",\"@id\":\"https:\/\/footdavant.fr\/actualites\/#website\",\"url\":\"https:\/\/footdavant.fr\/actualites\/\",\"name\":\"Foot d'avant\",\"description\":\"\",\"publisher\":{\"@id\":\"https:\/\/footdavant.fr\/actualites\/#organization\"},\"potentialAction\":[{\"@type\":\"SearchAction\",\"target\":{\"@type\":\"EntryPoint\",\"urlTemplate\":\"https:\/\/footdavant.fr\/actualites\/?s={search_term_string}\"},\"query-input\":\"required name=search_term_string\"}],\"inLanguage\":\"fr-FR\"},{\"@type\":\"Organization\",\"@id\":\"https:\/\/footdavant.fr\/actualites\/#organization\",\"name\":\"Foot d'avant\",\"url\":\"https:\/\/footdavant.fr\/actualites\/\",\"logo\":{\"@type\":\"ImageObject\",\"inLanguage\":\"fr-FR\",\"@id\":\"https:\/\/footdavant.fr\/actualites\/#\/schema\/logo\/image\/\",\"url\":\"https:\/\/footdavant.fr\/actualites\/wp-content\/uploads\/2023\/09\/Copy-of-FootDavant-Logo.png\",\"contentUrl\":\"https:\/\/footdavant.fr\/actualites\/wp-content\/uploads\/2023\/09\/Copy-of-FootDavant-Logo.png\",\"width\":936,\"height\":549,\"caption\":\"Foot d'avant\"},\"image\":{\"@id\":\"https:\/\/footdavant.fr\/actualites\/#\/schema\/logo\/image\/\"},\"sameAs\":[\"https:\/\/www.facebook.com\/Footdavant\/\",\"https:\/\/twitter.com\/FootdavantFr\",\"https:\/\/www.instagram.com\/footdavant.fr\/\"]},{\"@type\":\"Person\",\"@id\":\"https:\/\/footdavant.fr\/actualites\/#\/schema\/person\/bc222566d95871b37e597b3ed3ba5e1d\",\"name\":\"Cl\u00e9ment\",\"image\":{\"@type\":\"ImageObject\",\"inLanguage\":\"fr-FR\",\"@id\":\"https:\/\/footdavant.fr\/actualites\/#\/schema\/person\/image\/\",\"url\":\"https:\/\/secure.gravatar.com\/avatar\/7728b29aac2719421e1a9159b2254c44?s=96&d=mm&r=g\",\"contentUrl\":\"https:\/\/secure.gravatar.com\/avatar\/7728b29aac2719421e1a9159b2254c44?s=96&d=mm&r=g\",\"caption\":\"Cl\u00e9ment\"},\"sameAs\":[\"https:\/\/footdavant.fr\/\"]}]}<\/script>\n<!-- \/ Yoast SEO plugin. -->","yoast_head_json":{"title":"Aper\u00e7u : Porto contre Arsenal \u2013 pronostics, actualit\u00e9s de l'\u00e9quipe, compositions","robots":{"index":"index","follow":"follow","max-snippet":"max-snippet:-1","max-image-preview":"max-image-preview:large","max-video-preview":"max-video-preview:-1"},"canonical":"https:\/\/footdavant.fr\/actualites\/apercu-porto-contre-arsenal-pronostics-actualites-de-lequipe-compositions\/","og_locale":"fr_FR","og_type":"article","og_title":"Aper\u00e7u : Porto contre Arsenal \u2013 pronostics, actualit\u00e9s de l'\u00e9quipe, compositions","og_description":"Sports Mole pr\u00e9sente un aper\u00e7u du choc de la Ligue des champions de mercredi entre Porto et Arsenal, y compris les pronostics, les nouvelles de","og_url":"https:\/\/footdavant.fr\/actualites\/apercu-porto-contre-arsenal-pronostics-actualites-de-lequipe-compositions\/","og_site_name":"Foot d&#039;avant","article_publisher":"https:\/\/www.facebook.com\/Footdavant\/","article_published_time":"2024-02-19T16:50:38+00:00","article_modified_time":"2024-02-19T16:50:39+00:00","og_image":[{"width":640,"height":480,"url":"https:\/\/footdavant.fr\/actualites\/wp-content\/uploads\/2024\/02\/Apercu-Porto-contre-Arsenal-\u2013-pronostics-actualites-de-lequipe.jpg","type":"image\/jpeg"}],"author":"Cl\u00e9ment","twitter_card":"summary_large_image","twitter_creator":"@FootdavantFr","twitter_site":"@FootdavantFr","twitter_misc":{"\u00c9crit par":"Cl\u00e9ment","Dur\u00e9e de lecture estim\u00e9e":"7 minutes"},"schema":{"@context":"https:\/\/schema.org","@graph":[{"@type":"Article","@id":"https:\/\/footdavant.fr\/actualites\/apercu-porto-contre-arsenal-pronostics-actualites-de-lequipe-compositions\/#article","isPartOf":{"@id":"https:\/\/footdavant.fr\/actualites\/apercu-porto-contre-arsenal-pronostics-actualites-de-lequipe-compositions\/"},"author":{"name":"Cl\u00e9ment","@id":"https:\/\/footdavant.fr\/actualites\/#\/schema\/person\/bc222566d95871b37e597b3ed3ba5e1d"},"headline":"Aper\u00e7u : Porto contre Arsenal \u2013 pronostics, actualit\u00e9s de l&rsquo;\u00e9quipe, compositions","datePublished":"2024-02-19T16:50:38+00:00","dateModified":"2024-02-19T16:50:39+00:00","mainEntityOfPage":{"@id":"https:\/\/footdavant.fr\/actualites\/apercu-porto-contre-arsenal-pronostics-actualites-de-lequipe-compositions\/"},"wordCount":1324,"publisher":{"@id":"https:\/\/footdavant.fr\/actualites\/#organization"},"keywords":["Actualit\u00e9s","Aper\u00e7u","Arsenal","compositions","contre","l\u00e9quipe","Porto","pronostics"],"articleSection":["Champions League"],"inLanguage":"fr-FR"},{"@type":"WebPage","@id":"https:\/\/footdavant.fr\/actualites\/apercu-porto-contre-arsenal-pronostics-actualites-de-lequipe-compositions\/","url":"https:\/\/footdavant.fr\/actualites\/apercu-porto-contre-arsenal-pronostics-actualites-de-lequipe-compositions\/","name":"Aper\u00e7u : Porto contre Arsenal \u2013 pronostics, actualit\u00e9s de l'\u00e9quipe, compositions","isPartOf":{"@id":"https:\/\/footdavant.fr\/actualites\/#website"},"datePublished":"2024-02-19T16:50:38+00:00","dateModified":"2024-02-19T16:50:39+00:00","breadcrumb":{"@id":"https:\/\/footdavant.fr\/actualites\/apercu-porto-contre-arsenal-pronostics-actualites-de-lequipe-compositions\/#breadcrumb"},"inLanguage":"fr-FR","potentialAction":[{"@type":"ReadAction","target":["https:\/\/footdavant.fr\/actualites\/apercu-porto-contre-arsenal-pronostics-actualites-de-lequipe-compositions\/"]}]},{"@type":"BreadcrumbList","@id":"https:\/\/footdavant.fr\/actualites\/apercu-porto-contre-arsenal-pronostics-actualites-de-lequipe-compositions\/#breadcrumb","itemListElement":[{"@type":"ListItem","position":1,"name":"Accueil","item":"https:\/\/footdavant.fr\/actualites\/"},{"@type":"ListItem","position":2,"name":"Aper\u00e7u : Porto contre Arsenal \u2013 pronostics, actualit\u00e9s de l&rsquo;\u00e9quipe, compositions"}]},{"@type":"WebSite","@id":"https:\/\/footdavant.fr\/actualites\/#website","url":"https:\/\/footdavant.fr\/actualites\/","name":"Foot d'avant","description":"","publisher":{"@id":"https:\/\/footdavant.fr\/actualites\/#organization"},"potentialAction":[{"@type":"SearchAction","target":{"@type":"EntryPoint","urlTemplate":"https:\/\/footdavant.fr\/actualites\/?s={search_term_string}"},"query-input":"required name=search_term_string"}],"inLanguage":"fr-FR"},{"@type":"Organization","@id":"https:\/\/footdavant.fr\/actualites\/#organization","name":"Foot d'avant","url":"https:\/\/footdavant.fr\/actualites\/","logo":{"@type":"ImageObject","inLanguage":"fr-FR","@id":"https:\/\/footdavant.fr\/actualites\/#\/schema\/logo\/image\/","url":"https:\/\/footdavant.fr\/actualites\/wp-content\/uploads\/2023\/09\/Copy-of-FootDavant-Logo.png","contentUrl":"https:\/\/footdavant.fr\/actualites\/wp-content\/uploads\/2023\/09\/Copy-of-FootDavant-Logo.png","width":936,"height":549,"caption":"Foot d'avant"},"image":{"@id":"https:\/\/footdavant.fr\/actualites\/#\/schema\/logo\/image\/"},"sameAs":["https:\/\/www.facebook.com\/Footdavant\/","https:\/\/twitter.com\/FootdavantFr","https:\/\/www.instagram.com\/footdavant.fr\/"]},{"@type":"Person","@id":"https:\/\/footdavant.fr\/actualites\/#\/schema\/person\/bc222566d95871b37e597b3ed3ba5e1d","name":"Cl\u00e9ment","image":{"@type":"ImageObject","inLanguage":"fr-FR","@id":"https:\/\/footdavant.fr\/actualites\/#\/schema\/person\/image\/","url":"https:\/\/secure.gravatar.com\/avatar\/7728b29aac2719421e1a9159b2254c44?s=96&d=mm&r=g","contentUrl":"https:\/\/secure.gravatar.com\/avatar\/7728b29aac2719421e1a9159b2254c44?s=96&d=mm&r=g","caption":"Cl\u00e9ment"},"sameAs":["https:\/\/footdavant.fr\/"]}]}},"_links":{"self":[{"href":"https:\/\/footdavant.fr\/actualites\/wp-json\/wp\/v2\/posts\/5284"}],"collection":[{"href":"https:\/\/footdavant.fr\/actualites\/wp-json\/wp\/v2\/posts"}],"about":[{"href":"https:\/\/footdavant.fr\/actualites\/wp-json\/wp\/v2\/types\/post"}],"author":[{"embeddable":true,"href":"https:\/\/footdavant.fr\/actualites\/wp-json\/wp\/v2\/users\/1"}],"replies":[{"embeddable":true,"href":"https:\/\/footdavant.fr\/actualites\/wp-json\/wp\/v2\/comments?post=5284"}],"version-history":[{"count":1,"href":"https:\/\/footdavant.fr\/actualites\/wp-json\/wp\/v2\/posts\/5284\/revisions"}],"predecessor-version":[{"id":5286,"href":"https:\/\/footdavant.fr\/actualites\/wp-json\/wp\/v2\/posts\/5284\/revisions\/5286"}],"wp:featuredmedia":[{"embeddable":true,"href":"https:\/\/footdavant.fr\/actualites\/wp-json\/wp\/v2\/media\/5285"}],"wp:attachment":[{"href":"https:\/\/footdavant.fr\/actualites\/wp-json\/wp\/v2\/media?parent=5284"}],"wp:term":[{"taxonomy":"category","embeddable":true,"href":"https:\/\/footdavant.fr\/actualites\/wp-json\/wp\/v2\/categories?post=5284"},{"taxonomy":"post_tag","embeddable":true,"href":"https:\/\/footdavant.fr\/actualites\/wp-json\/wp\/v2\/tags?post=5284"}],"curies":[{"name":"wp","href":"https:\/\/api.w.org\/{rel}","templated":true}]}}