{"id":5287,"date":"2024-02-19T18:49:04","date_gmt":"2024-02-19T17:49:04","guid":{"rendered":"https:\/\/footdavant.fr\/actualites\/trent-alexander-arnold-de-liverpool-devrait-rater-la-finale-de-la-coupe-efl-en-raison-dune-blessure\/"},"modified":"2024-03-12T15:17:32","modified_gmt":"2024-03-12T14:17:32","slug":"trent-alexander-arnold-de-liverpool-devrait-rater-la-finale-de-la-coupe-efl-en-raison-dune-blessure","status":"publish","type":"post","link":"https:\/\/footdavant.fr\/actualites\/trent-alexander-arnold-de-liverpool-devrait-rater-la-finale-de-la-coupe-efl-en-raison-dune-blessure\/","title":{"rendered":"Trent Alexander-Arnold de Liverpool devrait rater la finale de la Coupe EFL en raison d&rsquo;une blessure"},"content":{"rendered":"<p>L&rsquo;arri\u00e8re droit de Liverpool, Trent Alexander-Arnold, devrait rater la finale de la Coupe EFL contre Chelsea plus tard ce mois-ci en raison d&rsquo;une blessure, selon plusieurs informations.<\/p>\n<div id=\"article_body\">\n<p class=\"firstPara\"><strong class=\"autotag\">Liverpool<\/strong> ont subi une blessure grave alors que <strong class=\"autotag\">Trent Alexander-Arnold<\/strong> est sur le point de rater le <strong class=\"autotag\">Coupe EFL<\/strong> finale contre <strong class=\"autotag\">Chelsea<\/strong>selon plusieurs rapports.<\/p>\n<p>L&rsquo;arri\u00e8re droit de 25 ans a subi une r\u00e9cidive d&rsquo;un probl\u00e8me au genou lors de la premi\u00e8re mi-temps de la victoire 3-1 de Liverpool \u00e0 domicile contre Burnley le week-end dernier et a ensuite \u00e9t\u00e9 retir\u00e9 \u00e0 la mi-temps.<\/p>\n<p>Directeur <strong class=\"autotag\">J\u00fcrgen Klopp<\/strong> a confirm\u00e9 apr\u00e8s le match que la nouvelle blessure d&rsquo;Alexander-Arnold serait \u00e9valu\u00e9e pour d\u00e9terminer la gravit\u00e9 du probl\u00e8me, les premiers rapports sugg\u00e9rant qu&rsquo;il pourrait \u00eatre absent pendant deux mois.<\/p>\n<p>Selon <em>Le t\u00e9l\u00e9graphe<\/em>le calendrier n&rsquo;est pas pr\u00e9cis\u00e9, mais la rencontre de Liverpool avec Chelsea en finale de la Coupe EFL au stade de Wembley arrivera trop t\u00f4t pour Alexander-Arnold.<\/p>\n<p>Le rapport ajoute que l&rsquo;international anglais est optimiste quant \u00e0 sa r\u00e9cup\u00e9ration \u00e0 temps pour le choc des Reds en Premier League contre Nottingham Forest le 2 mars, huit jours avant la confrontation pour le titre avec les champions de Manchester City \u00e0 Anfield.<\/p>\n<p>Alexander-Arnold devrait manquer les deux prochains matchs de Liverpool en Premier League, avant la finale de la Coupe EFL, \u00e0 domicile contre Brentford samedi et contre Luton Town quatre jours plus tard.<\/p>\n<p>Il reste \u00e0 voir si le d\u00e9fenseur polyvalent pourrait \u00eatre apte \u00e0 revenir contre Southampton au cinqui\u00e8me tour de la FA Cup, un match auquel Klopp souhaiterait qu&rsquo;Alexander-Arnold participe pour renforcer sa forme physique avant la visite cruciale de Man. Ville le 10 mars.<\/p>\n<p>Alexander-Arnold a \u00e9t\u00e9 absent pendant trois semaines en raison d&rsquo;une blessure au genou plus t\u00f4t cette ann\u00e9e et a ensuite rat\u00e9 trois matchs toutes comp\u00e9titions confondues, y compris les deux matches de la demi-finale de la Coupe EFL entre Liverpool et Fulham.<\/p>\n<p>Le dernier revers du d\u00e9fenseur est un coup dur pour Liverpool et ses espoirs de remporter leur premi\u00e8re m\u00e9daille d&rsquo;argenterie cette saison alors qu&rsquo;ils tentent de remporter un quadruple sans pr\u00e9c\u00e9dent.<\/p>\n<p>En l&rsquo;absence d&rsquo;Alexander-Arnold, Klopp pourrait se tourner vers la starlette de l&rsquo;acad\u00e9mie <strong class=\"autotag\">Conor Bradley<\/strong> pour commencer \u00e0 l&rsquo;arri\u00e8re droit, bien que sa disponibilit\u00e9 pour le match de samedi contre Brentford soit actuellement inconnue car le jeune a rat\u00e9 les deux derniers matches pour pleurer le d\u00e9c\u00e8s de son p\u00e8re.<\/p>\n<p>Bradley, 20 ans, a \u00e9t\u00e9 un joueur remarquable pour Liverpool depuis le d\u00e9but de l&rsquo;ann\u00e9e et a \u00e9t\u00e9 nomm\u00e9 joueur du mois de janvier du club apr\u00e8s avoir marqu\u00e9 une fois et fourni cinq passes d\u00e9cisives en six apparitions dans toutes les comp\u00e9titions.<\/p>\n<p>Entre-temps, <strong class=\"autotag\">Joe Gomez<\/strong>qui esp\u00e8re se remettre d&rsquo;une maladie pour \u00eatre en lice pour jouer contre Brentford, pourrait \u00e9galement \u00eatre une option pour jouer sur le c\u00f4t\u00e9 droit des quatre arri\u00e8res.<\/p>\n<\/div>\n","protected":false},"excerpt":{"rendered":"<p>L&rsquo;arri\u00e8re droit de Liverpool, Trent Alexander-Arnold, devrait rater la finale de la Coupe EFL contre Chelsea plus tard ce mois-ci en raison d&rsquo;une blessure, selon<\/p>\n","protected":false},"author":1,"featured_media":5288,"comment_status":"closed","ping_status":"closed","sticky":false,"template":"","format":"standard","meta":{"footnotes":""},"categories":[5],"tags":[1740,15,1946,757,183,2290,897,53,182,758,1739],"yoast_head":"<!-- This site is optimized with the Yoast SEO plugin v21.0 - https:\/\/yoast.com\/wordpress\/plugins\/seo\/ -->\n<title>Trent Alexander-Arnold de Liverpool devrait rater la finale de la Coupe EFL en raison d&#039;une blessure<\/title>\n<meta name=\"robots\" content=\"index, follow, max-snippet:-1, max-image-preview:large, max-video-preview:-1\" \/>\n<link rel=\"canonical\" href=\"https:\/\/footdavant.fr\/actualites\/trent-alexander-arnold-de-liverpool-devrait-rater-la-finale-de-la-coupe-efl-en-raison-dune-blessure\/\" \/>\n<meta property=\"og:locale\" content=\"fr_FR\" \/>\n<meta property=\"og:type\" content=\"article\" \/>\n<meta property=\"og:title\" content=\"Trent Alexander-Arnold de Liverpool devrait rater la finale de la Coupe EFL en raison d&#039;une blessure\" \/>\n<meta property=\"og:description\" content=\"L&rsquo;arri\u00e8re droit de Liverpool, Trent Alexander-Arnold, devrait rater la finale de la Coupe EFL contre Chelsea plus tard ce mois-ci en raison d&rsquo;une blessure, selon\" \/>\n<meta property=\"og:url\" content=\"https:\/\/footdavant.fr\/actualites\/trent-alexander-arnold-de-liverpool-devrait-rater-la-finale-de-la-coupe-efl-en-raison-dune-blessure\/\" \/>\n<meta property=\"og:site_name\" content=\"Foot d&#039;avant\" \/>\n<meta property=\"article:publisher\" content=\"https:\/\/www.facebook.com\/Footdavant\/\" \/>\n<meta property=\"article:published_time\" content=\"2024-02-19T17:49:04+00:00\" \/>\n<meta property=\"article:modified_time\" content=\"2024-03-12T14:17:32+00:00\" \/>\n<meta property=\"og:image\" content=\"https:\/\/footdavant.fr\/actualites\/wp-content\/uploads\/2024\/02\/Trent-Alexander-Arnold-de-Liverpool-devrait-rater-la-finale-de-la.JPG\" \/>\n\t<meta property=\"og:image:width\" content=\"640\" \/>\n\t<meta property=\"og:image:height\" content=\"480\" \/>\n\t<meta property=\"og:image:type\" content=\"image\/jpeg\" \/>\n<meta name=\"author\" content=\"Cl\u00e9ment\" \/>\n<meta name=\"twitter:card\" content=\"summary_large_image\" \/>\n<meta name=\"twitter:creator\" content=\"@FootdavantFr\" \/>\n<meta name=\"twitter:site\" content=\"@FootdavantFr\" \/>\n<meta name=\"twitter:label1\" content=\"\u00c9crit par\" \/>\n\t<meta name=\"twitter:data1\" content=\"Cl\u00e9ment\" \/>\n\t<meta name=\"twitter:label2\" content=\"Dur\u00e9e de lecture estim\u00e9e\" \/>\n\t<meta name=\"twitter:data2\" content=\"3 minutes\" \/>\n<script type=\"application\/ld+json\" class=\"yoast-schema-graph\">{\"@context\":\"https:\/\/schema.org\",\"@graph\":[{\"@type\":\"Article\",\"@id\":\"https:\/\/footdavant.fr\/actualites\/trent-alexander-arnold-de-liverpool-devrait-rater-la-finale-de-la-coupe-efl-en-raison-dune-blessure\/#article\",\"isPartOf\":{\"@id\":\"https:\/\/footdavant.fr\/actualites\/trent-alexander-arnold-de-liverpool-devrait-rater-la-finale-de-la-coupe-efl-en-raison-dune-blessure\/\"},\"author\":{\"name\":\"Cl\u00e9ment\",\"@id\":\"https:\/\/footdavant.fr\/actualites\/#\/schema\/person\/bc222566d95871b37e597b3ed3ba5e1d\"},\"headline\":\"Trent Alexander-Arnold de Liverpool devrait rater la finale de la Coupe EFL en raison d&rsquo;une blessure\",\"datePublished\":\"2024-02-19T17:49:04+00:00\",\"dateModified\":\"2024-03-12T14:17:32+00:00\",\"mainEntityOfPage\":{\"@id\":\"https:\/\/footdavant.fr\/actualites\/trent-alexander-arnold-de-liverpool-devrait-rater-la-finale-de-la-coupe-efl-en-raison-dune-blessure\/\"},\"wordCount\":509,\"publisher\":{\"@id\":\"https:\/\/footdavant.fr\/actualites\/#organization\"},\"keywords\":[\"AlexanderArnold\",\"Blessure\",\"Coupe\",\"devrait\",\"dune\",\"EFL\",\"finale\",\"Liverpool\",\"raison\",\"rater\",\"Trent\"],\"articleSection\":[\"Premier League\"],\"inLanguage\":\"fr-FR\"},{\"@type\":\"WebPage\",\"@id\":\"https:\/\/footdavant.fr\/actualites\/trent-alexander-arnold-de-liverpool-devrait-rater-la-finale-de-la-coupe-efl-en-raison-dune-blessure\/\",\"url\":\"https:\/\/footdavant.fr\/actualites\/trent-alexander-arnold-de-liverpool-devrait-rater-la-finale-de-la-coupe-efl-en-raison-dune-blessure\/\",\"name\":\"Trent Alexander-Arnold de Liverpool devrait rater la finale de la Coupe EFL en raison d'une blessure\",\"isPartOf\":{\"@id\":\"https:\/\/footdavant.fr\/actualites\/#website\"},\"datePublished\":\"2024-02-19T17:49:04+00:00\",\"dateModified\":\"2024-03-12T14:17:32+00:00\",\"breadcrumb\":{\"@id\":\"https:\/\/footdavant.fr\/actualites\/trent-alexander-arnold-de-liverpool-devrait-rater-la-finale-de-la-coupe-efl-en-raison-dune-blessure\/#breadcrumb\"},\"inLanguage\":\"fr-FR\",\"potentialAction\":[{\"@type\":\"ReadAction\",\"target\":[\"https:\/\/footdavant.fr\/actualites\/trent-alexander-arnold-de-liverpool-devrait-rater-la-finale-de-la-coupe-efl-en-raison-dune-blessure\/\"]}]},{\"@type\":\"BreadcrumbList\",\"@id\":\"https:\/\/footdavant.fr\/actualites\/trent-alexander-arnold-de-liverpool-devrait-rater-la-finale-de-la-coupe-efl-en-raison-dune-blessure\/#breadcrumb\",\"itemListElement\":[{\"@type\":\"ListItem\",\"position\":1,\"name\":\"Accueil\",\"item\":\"https:\/\/footdavant.fr\/actualites\/\"},{\"@type\":\"ListItem\",\"position\":2,\"name\":\"Trent Alexander-Arnold de Liverpool devrait rater la finale de la Coupe EFL en raison d&rsquo;une blessure\"}]},{\"@type\":\"WebSite\",\"@id\":\"https:\/\/footdavant.fr\/actualites\/#website\",\"url\":\"https:\/\/footdavant.fr\/actualites\/\",\"name\":\"Foot d'avant\",\"description\":\"\",\"publisher\":{\"@id\":\"https:\/\/footdavant.fr\/actualites\/#organization\"},\"potentialAction\":[{\"@type\":\"SearchAction\",\"target\":{\"@type\":\"EntryPoint\",\"urlTemplate\":\"https:\/\/footdavant.fr\/actualites\/?s={search_term_string}\"},\"query-input\":\"required name=search_term_string\"}],\"inLanguage\":\"fr-FR\"},{\"@type\":\"Organization\",\"@id\":\"https:\/\/footdavant.fr\/actualites\/#organization\",\"name\":\"Foot d'avant\",\"url\":\"https:\/\/footdavant.fr\/actualites\/\",\"logo\":{\"@type\":\"ImageObject\",\"inLanguage\":\"fr-FR\",\"@id\":\"https:\/\/footdavant.fr\/actualites\/#\/schema\/logo\/image\/\",\"url\":\"https:\/\/footdavant.fr\/actualites\/wp-content\/uploads\/2023\/09\/Copy-of-FootDavant-Logo.png\",\"contentUrl\":\"https:\/\/footdavant.fr\/actualites\/wp-content\/uploads\/2023\/09\/Copy-of-FootDavant-Logo.png\",\"width\":936,\"height\":549,\"caption\":\"Foot d'avant\"},\"image\":{\"@id\":\"https:\/\/footdavant.fr\/actualites\/#\/schema\/logo\/image\/\"},\"sameAs\":[\"https:\/\/www.facebook.com\/Footdavant\/\",\"https:\/\/twitter.com\/FootdavantFr\",\"https:\/\/www.instagram.com\/footdavant.fr\/\"]},{\"@type\":\"Person\",\"@id\":\"https:\/\/footdavant.fr\/actualites\/#\/schema\/person\/bc222566d95871b37e597b3ed3ba5e1d\",\"name\":\"Cl\u00e9ment\",\"image\":{\"@type\":\"ImageObject\",\"inLanguage\":\"fr-FR\",\"@id\":\"https:\/\/footdavant.fr\/actualites\/#\/schema\/person\/image\/\",\"url\":\"https:\/\/secure.gravatar.com\/avatar\/7728b29aac2719421e1a9159b2254c44?s=96&d=mm&r=g\",\"contentUrl\":\"https:\/\/secure.gravatar.com\/avatar\/7728b29aac2719421e1a9159b2254c44?s=96&d=mm&r=g\",\"caption\":\"Cl\u00e9ment\"},\"sameAs\":[\"https:\/\/footdavant.fr\/\"]}]}<\/script>\n<!-- \/ Yoast SEO plugin. -->","yoast_head_json":{"title":"Trent Alexander-Arnold de Liverpool devrait rater la finale de la Coupe EFL en raison d'une blessure","robots":{"index":"index","follow":"follow","max-snippet":"max-snippet:-1","max-image-preview":"max-image-preview:large","max-video-preview":"max-video-preview:-1"},"canonical":"https:\/\/footdavant.fr\/actualites\/trent-alexander-arnold-de-liverpool-devrait-rater-la-finale-de-la-coupe-efl-en-raison-dune-blessure\/","og_locale":"fr_FR","og_type":"article","og_title":"Trent Alexander-Arnold de Liverpool devrait rater la finale de la Coupe EFL en raison d'une blessure","og_description":"L&rsquo;arri\u00e8re droit de Liverpool, Trent Alexander-Arnold, devrait rater la finale de la Coupe EFL contre Chelsea plus tard ce mois-ci en raison d&rsquo;une blessure, selon","og_url":"https:\/\/footdavant.fr\/actualites\/trent-alexander-arnold-de-liverpool-devrait-rater-la-finale-de-la-coupe-efl-en-raison-dune-blessure\/","og_site_name":"Foot d&#039;avant","article_publisher":"https:\/\/www.facebook.com\/Footdavant\/","article_published_time":"2024-02-19T17:49:04+00:00","article_modified_time":"2024-03-12T14:17:32+00:00","og_image":[{"width":640,"height":480,"url":"https:\/\/footdavant.fr\/actualites\/wp-content\/uploads\/2024\/02\/Trent-Alexander-Arnold-de-Liverpool-devrait-rater-la-finale-de-la.JPG","type":"image\/jpeg"}],"author":"Cl\u00e9ment","twitter_card":"summary_large_image","twitter_creator":"@FootdavantFr","twitter_site":"@FootdavantFr","twitter_misc":{"\u00c9crit par":"Cl\u00e9ment","Dur\u00e9e de lecture estim\u00e9e":"3 minutes"},"schema":{"@context":"https:\/\/schema.org","@graph":[{"@type":"Article","@id":"https:\/\/footdavant.fr\/actualites\/trent-alexander-arnold-de-liverpool-devrait-rater-la-finale-de-la-coupe-efl-en-raison-dune-blessure\/#article","isPartOf":{"@id":"https:\/\/footdavant.fr\/actualites\/trent-alexander-arnold-de-liverpool-devrait-rater-la-finale-de-la-coupe-efl-en-raison-dune-blessure\/"},"author":{"name":"Cl\u00e9ment","@id":"https:\/\/footdavant.fr\/actualites\/#\/schema\/person\/bc222566d95871b37e597b3ed3ba5e1d"},"headline":"Trent Alexander-Arnold de Liverpool devrait rater la finale de la Coupe EFL en raison d&rsquo;une blessure","datePublished":"2024-02-19T17:49:04+00:00","dateModified":"2024-03-12T14:17:32+00:00","mainEntityOfPage":{"@id":"https:\/\/footdavant.fr\/actualites\/trent-alexander-arnold-de-liverpool-devrait-rater-la-finale-de-la-coupe-efl-en-raison-dune-blessure\/"},"wordCount":509,"publisher":{"@id":"https:\/\/footdavant.fr\/actualites\/#organization"},"keywords":["AlexanderArnold","Blessure","Coupe","devrait","dune","EFL","finale","Liverpool","raison","rater","Trent"],"articleSection":["Premier League"],"inLanguage":"fr-FR"},{"@type":"WebPage","@id":"https:\/\/footdavant.fr\/actualites\/trent-alexander-arnold-de-liverpool-devrait-rater-la-finale-de-la-coupe-efl-en-raison-dune-blessure\/","url":"https:\/\/footdavant.fr\/actualites\/trent-alexander-arnold-de-liverpool-devrait-rater-la-finale-de-la-coupe-efl-en-raison-dune-blessure\/","name":"Trent Alexander-Arnold de Liverpool devrait rater la finale de la Coupe EFL en raison d'une blessure","isPartOf":{"@id":"https:\/\/footdavant.fr\/actualites\/#website"},"datePublished":"2024-02-19T17:49:04+00:00","dateModified":"2024-03-12T14:17:32+00:00","breadcrumb":{"@id":"https:\/\/footdavant.fr\/actualites\/trent-alexander-arnold-de-liverpool-devrait-rater-la-finale-de-la-coupe-efl-en-raison-dune-blessure\/#breadcrumb"},"inLanguage":"fr-FR","potentialAction":[{"@type":"ReadAction","target":["https:\/\/footdavant.fr\/actualites\/trent-alexander-arnold-de-liverpool-devrait-rater-la-finale-de-la-coupe-efl-en-raison-dune-blessure\/"]}]},{"@type":"BreadcrumbList","@id":"https:\/\/footdavant.fr\/actualites\/trent-alexander-arnold-de-liverpool-devrait-rater-la-finale-de-la-coupe-efl-en-raison-dune-blessure\/#breadcrumb","itemListElement":[{"@type":"ListItem","position":1,"name":"Accueil","item":"https:\/\/footdavant.fr\/actualites\/"},{"@type":"ListItem","position":2,"name":"Trent Alexander-Arnold de Liverpool devrait rater la finale de la Coupe EFL en raison d&rsquo;une blessure"}]},{"@type":"WebSite","@id":"https:\/\/footdavant.fr\/actualites\/#website","url":"https:\/\/footdavant.fr\/actualites\/","name":"Foot d'avant","description":"","publisher":{"@id":"https:\/\/footdavant.fr\/actualites\/#organization"},"potentialAction":[{"@type":"SearchAction","target":{"@type":"EntryPoint","urlTemplate":"https:\/\/footdavant.fr\/actualites\/?s={search_term_string}"},"query-input":"required name=search_term_string"}],"inLanguage":"fr-FR"},{"@type":"Organization","@id":"https:\/\/footdavant.fr\/actualites\/#organization","name":"Foot d'avant","url":"https:\/\/footdavant.fr\/actualites\/","logo":{"@type":"ImageObject","inLanguage":"fr-FR","@id":"https:\/\/footdavant.fr\/actualites\/#\/schema\/logo\/image\/","url":"https:\/\/footdavant.fr\/actualites\/wp-content\/uploads\/2023\/09\/Copy-of-FootDavant-Logo.png","contentUrl":"https:\/\/footdavant.fr\/actualites\/wp-content\/uploads\/2023\/09\/Copy-of-FootDavant-Logo.png","width":936,"height":549,"caption":"Foot d'avant"},"image":{"@id":"https:\/\/footdavant.fr\/actualites\/#\/schema\/logo\/image\/"},"sameAs":["https:\/\/www.facebook.com\/Footdavant\/","https:\/\/twitter.com\/FootdavantFr","https:\/\/www.instagram.com\/footdavant.fr\/"]},{"@type":"Person","@id":"https:\/\/footdavant.fr\/actualites\/#\/schema\/person\/bc222566d95871b37e597b3ed3ba5e1d","name":"Cl\u00e9ment","image":{"@type":"ImageObject","inLanguage":"fr-FR","@id":"https:\/\/footdavant.fr\/actualites\/#\/schema\/person\/image\/","url":"https:\/\/secure.gravatar.com\/avatar\/7728b29aac2719421e1a9159b2254c44?s=96&d=mm&r=g","contentUrl":"https:\/\/secure.gravatar.com\/avatar\/7728b29aac2719421e1a9159b2254c44?s=96&d=mm&r=g","caption":"Cl\u00e9ment"},"sameAs":["https:\/\/footdavant.fr\/"]}]}},"_links":{"self":[{"href":"https:\/\/footdavant.fr\/actualites\/wp-json\/wp\/v2\/posts\/5287"}],"collection":[{"href":"https:\/\/footdavant.fr\/actualites\/wp-json\/wp\/v2\/posts"}],"about":[{"href":"https:\/\/footdavant.fr\/actualites\/wp-json\/wp\/v2\/types\/post"}],"author":[{"embeddable":true,"href":"https:\/\/footdavant.fr\/actualites\/wp-json\/wp\/v2\/users\/1"}],"replies":[{"embeddable":true,"href":"https:\/\/footdavant.fr\/actualites\/wp-json\/wp\/v2\/comments?post=5287"}],"version-history":[{"count":2,"href":"https:\/\/footdavant.fr\/actualites\/wp-json\/wp\/v2\/posts\/5287\/revisions"}],"predecessor-version":[{"id":6151,"href":"https:\/\/footdavant.fr\/actualites\/wp-json\/wp\/v2\/posts\/5287\/revisions\/6151"}],"wp:featuredmedia":[{"embeddable":true,"href":"https:\/\/footdavant.fr\/actualites\/wp-json\/wp\/v2\/media\/5288"}],"wp:attachment":[{"href":"https:\/\/footdavant.fr\/actualites\/wp-json\/wp\/v2\/media?parent=5287"}],"wp:term":[{"taxonomy":"category","embeddable":true,"href":"https:\/\/footdavant.fr\/actualites\/wp-json\/wp\/v2\/categories?post=5287"},{"taxonomy":"post_tag","embeddable":true,"href":"https:\/\/footdavant.fr\/actualites\/wp-json\/wp\/v2\/tags?post=5287"}],"curies":[{"name":"wp","href":"https:\/\/api.w.org\/{rel}","templated":true}]}}