{"id":5292,"date":"2024-02-19T21:52:35","date_gmt":"2024-02-19T20:52:35","guid":{"rendered":"https:\/\/footdavant.fr\/actualites\/actualites-de-lequipe-de-barcelone-blessure-liste-de-suspension-contre-naples\/"},"modified":"2024-02-19T21:52:35","modified_gmt":"2024-02-19T20:52:35","slug":"actualites-de-lequipe-de-barcelone-blessure-liste-de-suspension-contre-naples","status":"publish","type":"post","link":"https:\/\/footdavant.fr\/actualites\/actualites-de-lequipe-de-barcelone-blessure-liste-de-suspension-contre-naples\/","title":{"rendered":"Actualit\u00e9s de l&rsquo;\u00e9quipe de Barcelone : Blessure, liste de suspension contre Naples"},"content":{"rendered":"<p>Sports Mole r\u00e9sume les derni\u00e8res nouvelles sur les blessures et les suspensions de Barcelone avant leur affrontement en Ligue des champions avec Naples.<\/p>\n<div id=\"article_body\" itemprop=\"articleBody\">\n<p class=\"firstPara\"><strong class=\"autotag\">Barcelone<\/strong> se rendra en Italie mercredi soir pour le match aller des huiti\u00e8mes de finale <strong class=\"autotag\">Ligue des champions<\/strong> entrer en conflit avec <strong class=\"autotag\">Naples<\/strong>.<\/p>\n<p>Les champions en titre de la Liga entreront dans la comp\u00e9tition apr\u00e8s une victoire 2-1 sur le Celta Vigo, ce qui les place troisi\u00e8mes de leur classement national, \u00e0 huit points du leader, le Real Madrid.<\/p>\n<p>L&rsquo;\u00e9quipe catalane a remport\u00e9 trois de ses quatre derniers matches et est invaincue depuis. <strong class=\"autotag\">Xavi<\/strong> a annonc\u00e9 fin janvier qu&rsquo;il quitterait son poste d&rsquo;entra\u00eeneur-chef cet \u00e9t\u00e9.<\/p>\n<p>Ici, <strong>Taupe de sport<\/strong> r\u00e9sume les derni\u00e8res nouvelles sur les blessures et les suspensions de Barcelone avant leur affrontement avec Naples, qui occupe actuellement la neuvi\u00e8me place du classement de Serie A.<\/p>\n<hr>\n<p class=\"imgI\">\n<p><strong>Statut:<\/strong> Dehors<br \/><strong>Type de blessure :<\/strong> Tendon<br \/><strong>Date de retour possible :<\/strong> Inconnu<\/p>\n<p>Balde sera absent du terrain pour une longue p\u00e9riode, apr\u00e8s avoir subi une op\u00e9ration \u00e0 la blessure aux ischio-jambiers contract\u00e9e contre l&rsquo;Athletic Bilbao en Coupe du Roi.<\/p>\n<hr>\n<p class=\"imgI\"><img decoding=\"async\" loading=\"lazy\" class=\"l\" src=\"https:\/\/footdavant.fr\/actualites\/wp-content\/uploads\/2024\/02\/1708375954_460_Actualites-de-lequipe-de-Barcelone-Blessure-liste-de-suspension.JPG\" title=\"Le milieu de terrain de Barcelone Sergi Roberto le 23 octobre 2022\" alt=\"Le milieu de terrain de Barcelone Sergi Roberto le 23 octobre 2022\" width=\"640\" height=\"480\"><\/p>\n<p><strong>Statut:<\/strong> Dehors<br \/><strong>Type de blessure :<\/strong> Achille<br \/><strong>Date de retour possible :<\/strong> Inconnu<\/p>\n<p>Roberto a r\u00e9cemment rejoint la liste des bless\u00e9s \u00e0 Barcelone, le milieu de terrain devant \u00eatre indisponible pendant encore quelques semaines en raison d&rsquo;un probl\u00e8me d&rsquo;Achille.<\/p>\n<hr>\n<p class=\"imgI\"><img decoding=\"async\" loading=\"lazy\" class=\"l\" src=\"https:\/\/footdavant.fr\/actualites\/wp-content\/uploads\/2024\/02\/Actualites-de-lequipe-de-Barcelone-Blessure-liste-de-suspension.jpg\" title=\"L'Espagnol Gavi r\u00e9agit apr\u00e8s s'\u00eatre bless\u00e9 le 19 novembre 2023\" alt=\"L'Espagnol Gavi r\u00e9agit apr\u00e8s s'\u00eatre bless\u00e9 le 19 novembre 2023\" width=\"640\" height=\"480\"><\/p>\n<p><strong>Statut:<\/strong> Dehors<br \/><strong>Type de blessure :<\/strong> Genou<br \/><strong>Date de retour possible :<\/strong> Inconnu<\/p>\n<p>Gavi a subi une blessure au LCA alors qu&rsquo;il repr\u00e9sentait l&rsquo;Espagne pendant la tr\u00eave internationale de novembre, et le milieu de terrain devrait d\u00e9sormais manquer pour le reste de la saison 2023-24.<\/p>\n<hr>\n<p class=\"imgI\"><img decoding=\"async\" loading=\"lazy\" class=\"l\" src=\"https:\/\/footdavant.fr\/actualites\/wp-content\/uploads\/2024\/02\/1708375954_288_Actualites-de-lequipe-de-Barcelone-Blessure-liste-de-suspension.jpg\" title=\"Marcos Alonso en action pour Barcelone le 27 ao\u00fbt 2023\" alt=\"Marcos Alonso en action pour Barcelone le 27 ao\u00fbt 2023\" width=\"640\" height=\"480\"><\/p>\n<p><strong>Statut:<\/strong> Dehors<br \/><strong>Type de blessure :<\/strong> Dos<br \/><strong>Date de retour possible :<\/strong> Inconnu<\/p>\n<p>Alonso a r\u00e9cemment \u00e9t\u00e9 contraint de subir une op\u00e9ration pour un probl\u00e8me de dos g\u00eanant, et il ne sera pas disponible avant au moins la mi-mars.<\/p>\n<hr>\n<p class=\"imgI\"><img decoding=\"async\" loading=\"lazy\" class=\"l\" src=\"https:\/\/footdavant.fr\/actualites\/wp-content\/uploads\/2024\/02\/1708375955_931_Actualites-de-lequipe-de-Barcelone-Blessure-liste-de-suspension.JPG\" title=\"L'attaquant de Barcelone Ferran Torres le 31 janvier 2024\" alt=\"L'attaquant de Barcelone Ferran Torres le 31 janvier 2024\" width=\"640\" height=\"480\"><\/p>\n<p><strong>Statut:<\/strong> Dehors<br \/><strong>Type de blessure :<\/strong> Cuisse<br \/><strong>Date de retour possible :<\/strong> Inconnu<\/p>\n<p>Barcelone sera priv\u00e9 des services de Torres pendant au moins les deux prochaines semaines, l&rsquo;attaquant s&rsquo;\u00e9tant bless\u00e9 \u00e0 la cuisse lors de la r\u00e9cente victoire contre Osasuna.<\/p>\n<hr>\n<p class=\"imgI\"><img decoding=\"async\" loading=\"lazy\" class=\"l\" src=\"https:\/\/footdavant.fr\/actualites\/wp-content\/uploads\/2024\/02\/1708375955_446_Actualites-de-lequipe-de-Barcelone-Blessure-liste-de-suspension.JPG\" title=\"Joao Felix de Barcelone c\u00e9l\u00e8bre son but contre l'Atletico Madrid le 3 d\u00e9cembre 2023\" alt=\"Joao Felix de Barcelone c\u00e9l\u00e8bre son but contre l'Atletico Madrid le 3 d\u00e9cembre 2023\" width=\"640\" height=\"480\"><\/p>\n<p><strong>Statut:<\/strong> Dehors<br \/><strong>Type de blessure :<\/strong> Cheville<br \/><strong>Date de retour possible :<\/strong> Inconnu<\/p>\n<p>F\u00e9lix a manqu\u00e9 Osasuna, Alav\u00e9s, Grenade et Celta en raison d&rsquo;un probl\u00e8me \u00e0 la cheville dont il a souffert \u00e0 l&rsquo;entra\u00eenement, et l&rsquo;international portugais devrait \u00eatre absent au moins jusqu&rsquo;\u00e0 la fin du mois.<\/p>\n<hr>\n<p><strong><\/p>\n<h2>LISTE DE SUSPENSION DE BARCELONE<\/h2>\n<p><\/strong><\/p>\n<p>Barcelone n&rsquo;a aucun joueur suspendu pour ce match.<\/p>\n<hr>\n<\/div>\n","protected":false},"excerpt":{"rendered":"<p>Sports Mole r\u00e9sume les derni\u00e8res nouvelles sur les blessures et les suspensions de Barcelone avant leur affrontement en Ligue des champions avec Naples. Barcelone se<\/p>\n","protected":false},"author":1,"featured_media":5293,"comment_status":"closed","ping_status":"","sticky":false,"template":"","format":"standard","meta":{"footnotes":""},"categories":[4],"tags":[7,130,15,20,9,17,551,18],"yoast_head":"<!-- This site is optimized with the Yoast SEO plugin v21.0 - https:\/\/yoast.com\/wordpress\/plugins\/seo\/ -->\n<title>Actualit\u00e9s de l&#039;\u00e9quipe de Barcelone : Blessure, liste de suspension contre Naples<\/title>\n<meta name=\"robots\" content=\"index, follow, max-snippet:-1, max-image-preview:large, max-video-preview:-1\" \/>\n<link rel=\"canonical\" href=\"https:\/\/footdavant.fr\/actualites\/actualites-de-lequipe-de-barcelone-blessure-liste-de-suspension-contre-naples\/\" \/>\n<meta property=\"og:locale\" content=\"fr_FR\" \/>\n<meta property=\"og:type\" content=\"article\" \/>\n<meta property=\"og:title\" content=\"Actualit\u00e9s de l&#039;\u00e9quipe de Barcelone : Blessure, liste de suspension contre Naples\" \/>\n<meta property=\"og:description\" content=\"Sports Mole r\u00e9sume les derni\u00e8res nouvelles sur les blessures et les suspensions de Barcelone avant leur affrontement en Ligue des champions avec Naples. Barcelone se\" \/>\n<meta property=\"og:url\" content=\"https:\/\/footdavant.fr\/actualites\/actualites-de-lequipe-de-barcelone-blessure-liste-de-suspension-contre-naples\/\" \/>\n<meta property=\"og:site_name\" content=\"Foot d&#039;avant\" \/>\n<meta property=\"article:publisher\" content=\"https:\/\/www.facebook.com\/Footdavant\/\" \/>\n<meta property=\"article:published_time\" content=\"2024-02-19T20:52:35+00:00\" \/>\n<meta property=\"og:image\" content=\"https:\/\/footdavant.fr\/actualites\/wp-content\/uploads\/2024\/02\/Actualites-de-lequipe-de-Barcelone-Blessure-liste-de-suspension.JPG\" \/>\n\t<meta property=\"og:image:width\" content=\"640\" \/>\n\t<meta property=\"og:image:height\" content=\"480\" \/>\n\t<meta property=\"og:image:type\" content=\"image\/jpeg\" \/>\n<meta name=\"author\" content=\"Cl\u00e9ment\" \/>\n<meta name=\"twitter:card\" content=\"summary_large_image\" \/>\n<meta name=\"twitter:creator\" content=\"@FootdavantFr\" \/>\n<meta name=\"twitter:site\" content=\"@FootdavantFr\" \/>\n<meta name=\"twitter:label1\" content=\"\u00c9crit par\" \/>\n\t<meta name=\"twitter:data1\" content=\"Cl\u00e9ment\" \/>\n\t<meta name=\"twitter:label2\" content=\"Dur\u00e9e de lecture estim\u00e9e\" \/>\n\t<meta name=\"twitter:data2\" content=\"2 minutes\" \/>\n<script type=\"application\/ld+json\" class=\"yoast-schema-graph\">{\"@context\":\"https:\/\/schema.org\",\"@graph\":[{\"@type\":\"Article\",\"@id\":\"https:\/\/footdavant.fr\/actualites\/actualites-de-lequipe-de-barcelone-blessure-liste-de-suspension-contre-naples\/#article\",\"isPartOf\":{\"@id\":\"https:\/\/footdavant.fr\/actualites\/actualites-de-lequipe-de-barcelone-blessure-liste-de-suspension-contre-naples\/\"},\"author\":{\"name\":\"Cl\u00e9ment\",\"@id\":\"https:\/\/footdavant.fr\/actualites\/#\/schema\/person\/bc222566d95871b37e597b3ed3ba5e1d\"},\"headline\":\"Actualit\u00e9s de l&rsquo;\u00e9quipe de Barcelone : Blessure, liste de suspension contre Naples\",\"datePublished\":\"2024-02-19T20:52:35+00:00\",\"dateModified\":\"2024-02-19T20:52:35+00:00\",\"mainEntityOfPage\":{\"@id\":\"https:\/\/footdavant.fr\/actualites\/actualites-de-lequipe-de-barcelone-blessure-liste-de-suspension-contre-naples\/\"},\"wordCount\":429,\"publisher\":{\"@id\":\"https:\/\/footdavant.fr\/actualites\/#organization\"},\"keywords\":[\"Actualit\u00e9s\",\"Barcelone\",\"Blessure\",\"contre\",\"l\u00e9quipe\",\"liste\",\"Naples\",\"suspension\"],\"articleSection\":[\"Champions League\"],\"inLanguage\":\"fr-FR\"},{\"@type\":\"WebPage\",\"@id\":\"https:\/\/footdavant.fr\/actualites\/actualites-de-lequipe-de-barcelone-blessure-liste-de-suspension-contre-naples\/\",\"url\":\"https:\/\/footdavant.fr\/actualites\/actualites-de-lequipe-de-barcelone-blessure-liste-de-suspension-contre-naples\/\",\"name\":\"Actualit\u00e9s de l'\u00e9quipe de Barcelone : Blessure, liste de suspension contre Naples\",\"isPartOf\":{\"@id\":\"https:\/\/footdavant.fr\/actualites\/#website\"},\"datePublished\":\"2024-02-19T20:52:35+00:00\",\"dateModified\":\"2024-02-19T20:52:35+00:00\",\"breadcrumb\":{\"@id\":\"https:\/\/footdavant.fr\/actualites\/actualites-de-lequipe-de-barcelone-blessure-liste-de-suspension-contre-naples\/#breadcrumb\"},\"inLanguage\":\"fr-FR\",\"potentialAction\":[{\"@type\":\"ReadAction\",\"target\":[\"https:\/\/footdavant.fr\/actualites\/actualites-de-lequipe-de-barcelone-blessure-liste-de-suspension-contre-naples\/\"]}]},{\"@type\":\"BreadcrumbList\",\"@id\":\"https:\/\/footdavant.fr\/actualites\/actualites-de-lequipe-de-barcelone-blessure-liste-de-suspension-contre-naples\/#breadcrumb\",\"itemListElement\":[{\"@type\":\"ListItem\",\"position\":1,\"name\":\"Accueil\",\"item\":\"https:\/\/footdavant.fr\/actualites\/\"},{\"@type\":\"ListItem\",\"position\":2,\"name\":\"Actualit\u00e9s de l&rsquo;\u00e9quipe de Barcelone : Blessure, liste de suspension contre Naples\"}]},{\"@type\":\"WebSite\",\"@id\":\"https:\/\/footdavant.fr\/actualites\/#website\",\"url\":\"https:\/\/footdavant.fr\/actualites\/\",\"name\":\"Foot d'avant\",\"description\":\"\",\"publisher\":{\"@id\":\"https:\/\/footdavant.fr\/actualites\/#organization\"},\"potentialAction\":[{\"@type\":\"SearchAction\",\"target\":{\"@type\":\"EntryPoint\",\"urlTemplate\":\"https:\/\/footdavant.fr\/actualites\/?s={search_term_string}\"},\"query-input\":\"required name=search_term_string\"}],\"inLanguage\":\"fr-FR\"},{\"@type\":\"Organization\",\"@id\":\"https:\/\/footdavant.fr\/actualites\/#organization\",\"name\":\"Foot d'avant\",\"url\":\"https:\/\/footdavant.fr\/actualites\/\",\"logo\":{\"@type\":\"ImageObject\",\"inLanguage\":\"fr-FR\",\"@id\":\"https:\/\/footdavant.fr\/actualites\/#\/schema\/logo\/image\/\",\"url\":\"https:\/\/footdavant.fr\/actualites\/wp-content\/uploads\/2023\/09\/Copy-of-FootDavant-Logo.png\",\"contentUrl\":\"https:\/\/footdavant.fr\/actualites\/wp-content\/uploads\/2023\/09\/Copy-of-FootDavant-Logo.png\",\"width\":936,\"height\":549,\"caption\":\"Foot d'avant\"},\"image\":{\"@id\":\"https:\/\/footdavant.fr\/actualites\/#\/schema\/logo\/image\/\"},\"sameAs\":[\"https:\/\/www.facebook.com\/Footdavant\/\",\"https:\/\/twitter.com\/FootdavantFr\",\"https:\/\/www.instagram.com\/footdavant.fr\/\"]},{\"@type\":\"Person\",\"@id\":\"https:\/\/footdavant.fr\/actualites\/#\/schema\/person\/bc222566d95871b37e597b3ed3ba5e1d\",\"name\":\"Cl\u00e9ment\",\"image\":{\"@type\":\"ImageObject\",\"inLanguage\":\"fr-FR\",\"@id\":\"https:\/\/footdavant.fr\/actualites\/#\/schema\/person\/image\/\",\"url\":\"https:\/\/secure.gravatar.com\/avatar\/7728b29aac2719421e1a9159b2254c44?s=96&d=mm&r=g\",\"contentUrl\":\"https:\/\/secure.gravatar.com\/avatar\/7728b29aac2719421e1a9159b2254c44?s=96&d=mm&r=g\",\"caption\":\"Cl\u00e9ment\"},\"sameAs\":[\"https:\/\/footdavant.fr\/\"]}]}<\/script>\n<!-- \/ Yoast SEO plugin. -->","yoast_head_json":{"title":"Actualit\u00e9s de l'\u00e9quipe de Barcelone : Blessure, liste de suspension contre Naples","robots":{"index":"index","follow":"follow","max-snippet":"max-snippet:-1","max-image-preview":"max-image-preview:large","max-video-preview":"max-video-preview:-1"},"canonical":"https:\/\/footdavant.fr\/actualites\/actualites-de-lequipe-de-barcelone-blessure-liste-de-suspension-contre-naples\/","og_locale":"fr_FR","og_type":"article","og_title":"Actualit\u00e9s de l'\u00e9quipe de Barcelone : Blessure, liste de suspension contre Naples","og_description":"Sports Mole r\u00e9sume les derni\u00e8res nouvelles sur les blessures et les suspensions de Barcelone avant leur affrontement en Ligue des champions avec Naples. Barcelone se","og_url":"https:\/\/footdavant.fr\/actualites\/actualites-de-lequipe-de-barcelone-blessure-liste-de-suspension-contre-naples\/","og_site_name":"Foot d&#039;avant","article_publisher":"https:\/\/www.facebook.com\/Footdavant\/","article_published_time":"2024-02-19T20:52:35+00:00","og_image":[{"width":640,"height":480,"url":"https:\/\/footdavant.fr\/actualites\/wp-content\/uploads\/2024\/02\/Actualites-de-lequipe-de-Barcelone-Blessure-liste-de-suspension.JPG","type":"image\/jpeg"}],"author":"Cl\u00e9ment","twitter_card":"summary_large_image","twitter_creator":"@FootdavantFr","twitter_site":"@FootdavantFr","twitter_misc":{"\u00c9crit par":"Cl\u00e9ment","Dur\u00e9e de lecture estim\u00e9e":"2 minutes"},"schema":{"@context":"https:\/\/schema.org","@graph":[{"@type":"Article","@id":"https:\/\/footdavant.fr\/actualites\/actualites-de-lequipe-de-barcelone-blessure-liste-de-suspension-contre-naples\/#article","isPartOf":{"@id":"https:\/\/footdavant.fr\/actualites\/actualites-de-lequipe-de-barcelone-blessure-liste-de-suspension-contre-naples\/"},"author":{"name":"Cl\u00e9ment","@id":"https:\/\/footdavant.fr\/actualites\/#\/schema\/person\/bc222566d95871b37e597b3ed3ba5e1d"},"headline":"Actualit\u00e9s de l&rsquo;\u00e9quipe de Barcelone : Blessure, liste de suspension contre Naples","datePublished":"2024-02-19T20:52:35+00:00","dateModified":"2024-02-19T20:52:35+00:00","mainEntityOfPage":{"@id":"https:\/\/footdavant.fr\/actualites\/actualites-de-lequipe-de-barcelone-blessure-liste-de-suspension-contre-naples\/"},"wordCount":429,"publisher":{"@id":"https:\/\/footdavant.fr\/actualites\/#organization"},"keywords":["Actualit\u00e9s","Barcelone","Blessure","contre","l\u00e9quipe","liste","Naples","suspension"],"articleSection":["Champions League"],"inLanguage":"fr-FR"},{"@type":"WebPage","@id":"https:\/\/footdavant.fr\/actualites\/actualites-de-lequipe-de-barcelone-blessure-liste-de-suspension-contre-naples\/","url":"https:\/\/footdavant.fr\/actualites\/actualites-de-lequipe-de-barcelone-blessure-liste-de-suspension-contre-naples\/","name":"Actualit\u00e9s de l'\u00e9quipe de Barcelone : Blessure, liste de suspension contre Naples","isPartOf":{"@id":"https:\/\/footdavant.fr\/actualites\/#website"},"datePublished":"2024-02-19T20:52:35+00:00","dateModified":"2024-02-19T20:52:35+00:00","breadcrumb":{"@id":"https:\/\/footdavant.fr\/actualites\/actualites-de-lequipe-de-barcelone-blessure-liste-de-suspension-contre-naples\/#breadcrumb"},"inLanguage":"fr-FR","potentialAction":[{"@type":"ReadAction","target":["https:\/\/footdavant.fr\/actualites\/actualites-de-lequipe-de-barcelone-blessure-liste-de-suspension-contre-naples\/"]}]},{"@type":"BreadcrumbList","@id":"https:\/\/footdavant.fr\/actualites\/actualites-de-lequipe-de-barcelone-blessure-liste-de-suspension-contre-naples\/#breadcrumb","itemListElement":[{"@type":"ListItem","position":1,"name":"Accueil","item":"https:\/\/footdavant.fr\/actualites\/"},{"@type":"ListItem","position":2,"name":"Actualit\u00e9s de l&rsquo;\u00e9quipe de Barcelone : Blessure, liste de suspension contre Naples"}]},{"@type":"WebSite","@id":"https:\/\/footdavant.fr\/actualites\/#website","url":"https:\/\/footdavant.fr\/actualites\/","name":"Foot d'avant","description":"","publisher":{"@id":"https:\/\/footdavant.fr\/actualites\/#organization"},"potentialAction":[{"@type":"SearchAction","target":{"@type":"EntryPoint","urlTemplate":"https:\/\/footdavant.fr\/actualites\/?s={search_term_string}"},"query-input":"required name=search_term_string"}],"inLanguage":"fr-FR"},{"@type":"Organization","@id":"https:\/\/footdavant.fr\/actualites\/#organization","name":"Foot d'avant","url":"https:\/\/footdavant.fr\/actualites\/","logo":{"@type":"ImageObject","inLanguage":"fr-FR","@id":"https:\/\/footdavant.fr\/actualites\/#\/schema\/logo\/image\/","url":"https:\/\/footdavant.fr\/actualites\/wp-content\/uploads\/2023\/09\/Copy-of-FootDavant-Logo.png","contentUrl":"https:\/\/footdavant.fr\/actualites\/wp-content\/uploads\/2023\/09\/Copy-of-FootDavant-Logo.png","width":936,"height":549,"caption":"Foot d'avant"},"image":{"@id":"https:\/\/footdavant.fr\/actualites\/#\/schema\/logo\/image\/"},"sameAs":["https:\/\/www.facebook.com\/Footdavant\/","https:\/\/twitter.com\/FootdavantFr","https:\/\/www.instagram.com\/footdavant.fr\/"]},{"@type":"Person","@id":"https:\/\/footdavant.fr\/actualites\/#\/schema\/person\/bc222566d95871b37e597b3ed3ba5e1d","name":"Cl\u00e9ment","image":{"@type":"ImageObject","inLanguage":"fr-FR","@id":"https:\/\/footdavant.fr\/actualites\/#\/schema\/person\/image\/","url":"https:\/\/secure.gravatar.com\/avatar\/7728b29aac2719421e1a9159b2254c44?s=96&d=mm&r=g","contentUrl":"https:\/\/secure.gravatar.com\/avatar\/7728b29aac2719421e1a9159b2254c44?s=96&d=mm&r=g","caption":"Cl\u00e9ment"},"sameAs":["https:\/\/footdavant.fr\/"]}]}},"_links":{"self":[{"href":"https:\/\/footdavant.fr\/actualites\/wp-json\/wp\/v2\/posts\/5292"}],"collection":[{"href":"https:\/\/footdavant.fr\/actualites\/wp-json\/wp\/v2\/posts"}],"about":[{"href":"https:\/\/footdavant.fr\/actualites\/wp-json\/wp\/v2\/types\/post"}],"author":[{"embeddable":true,"href":"https:\/\/footdavant.fr\/actualites\/wp-json\/wp\/v2\/users\/1"}],"replies":[{"embeddable":true,"href":"https:\/\/footdavant.fr\/actualites\/wp-json\/wp\/v2\/comments?post=5292"}],"version-history":[{"count":1,"href":"https:\/\/footdavant.fr\/actualites\/wp-json\/wp\/v2\/posts\/5292\/revisions"}],"predecessor-version":[{"id":5294,"href":"https:\/\/footdavant.fr\/actualites\/wp-json\/wp\/v2\/posts\/5292\/revisions\/5294"}],"wp:featuredmedia":[{"embeddable":true,"href":"https:\/\/footdavant.fr\/actualites\/wp-json\/wp\/v2\/media\/5293"}],"wp:attachment":[{"href":"https:\/\/footdavant.fr\/actualites\/wp-json\/wp\/v2\/media?parent=5292"}],"wp:term":[{"taxonomy":"category","embeddable":true,"href":"https:\/\/footdavant.fr\/actualites\/wp-json\/wp\/v2\/categories?post=5292"},{"taxonomy":"post_tag","embeddable":true,"href":"https:\/\/footdavant.fr\/actualites\/wp-json\/wp\/v2\/tags?post=5292"}],"curies":[{"name":"wp","href":"https:\/\/api.w.org\/{rel}","templated":true}]}}