{"id":5377,"date":"2024-02-22T00:48:12","date_gmt":"2024-02-21T23:48:12","guid":{"rendered":"https:\/\/footdavant.fr\/actualites\/pep-guardiola-dit-quil-est-meilleur-que-les-journalistes\/"},"modified":"2024-02-22T00:48:12","modified_gmt":"2024-02-21T23:48:12","slug":"pep-guardiola-dit-quil-est-meilleur-que-les-journalistes","status":"publish","type":"post","link":"https:\/\/footdavant.fr\/actualites\/pep-guardiola-dit-quil-est-meilleur-que-les-journalistes\/","title":{"rendered":"Pep Guardiola dit qu&rsquo;il est meilleur que les journalistes"},"content":{"rendered":"<div>\n<h2>Guardiola bouleverse les journalistes apr\u00e8s la victoire de Brentford<\/h2>\n<p>Pep Guardiola, l&rsquo;estim\u00e9 manager de Manchester City, a r\u00e9cemment fait la une des journaux avec ses remarques franches aux journalistes apr\u00e8s la victoire serr\u00e9e de son \u00e9quipe contre Brentford.  Les champions ont battu Brentford avec une victoire 1-0, gr\u00e2ce \u00e0 un but de la superstar norv\u00e9gienne Erling Haaland, les pla\u00e7ant \u00e0 un point du leader du championnat, Liverpool.<\/p>\n<p>Guardiola \u00e9tait d&rsquo;humeur particuli\u00e8rement honn\u00eate lors de la conf\u00e9rence de presse d&rsquo;apr\u00e8s-match.  Il a r\u00e9pondu aux critiques adress\u00e9es \u00e0 Haaland, qui avait connu une l\u00e9g\u00e8re baisse de forme avant le match de Brentford.  \u00ab\u00a0Quand j&rsquo;\u00e9tais jeune, je n&rsquo;\u00e9tais pas journaliste mais un vieil ami me disait &lsquo;les meilleurs buteurs, les attaquants marquent beaucoup de buts, ne critique pas, il va te fermer la bouche'\u00a0\u00bb, a d\u00e9clar\u00e9 Guardiola, d\u00e9fendant son attaquant avec v\u00e9h\u00e9mence.<\/p>\n<p>Le patron de City a en outre expliqu\u00e9 les d\u00e9fis de Haaland, notant son r\u00e9tablissement d&rsquo;une blessure importante et d&rsquo;une trag\u00e9die familiale.  Guardiola a exprim\u00e9 sa confiance in\u00e9branlable en Haaland, d\u00e9clarant : \u00ab Si je dois choisir un joueur [to get a chance]je choisirais celui-ci.<\/p>\n<p>Cependant, c&rsquo;est la r\u00e9ponse de Guardiola \u00e0 une question de Sam Lee de The Athletic qui a retenu le plus l&rsquo;attention.  Lorsqu&rsquo;on lui a demand\u00e9 ce qu&rsquo;il y a de mal \u00e0 \u00eatre journaliste, Guardiola a r\u00e9pondu avec une affirmation franche : \u00ab Je suis manager, ma vie est meilleure que la v\u00f4tre, c&rsquo;est pourquoi je veux \u00eatre manager et je ne veux pas \u00eatre journaliste. \u00bb<\/p>\n<p>Il a ajout\u00e9 : \u00ab On me fait tout le temps les plus grands compliments, je serais contre vous, absolument.  Ce n&rsquo;est pas personnel, surtout avec vous, M. Lee !<\/p>\n<blockquote class=\"twitter-tweet\" data-media-max-width=\"560\">\n<p dir=\"ltr\" lang=\"en\">Extrait complet du commentaire du journaliste de Guardiola, via <a rel=\"nofollow\" href=\"https:\/\/twitter.com\/BeanymanSports?ref_src=twsrc%5Etfw\">@BeanymanSports<\/a>.<\/p>\n<p>Tr\u00e8s clairement ironique.  Cela ne vaut probablement pas la peine de s&rsquo;\u00e9nerver, mais chacun son truc. <a rel=\"nofollow\" href=\"https:\/\/t.co\/8hR4g6opF6\">pic.twitter.com\/8hR4g6opF6<\/a><\/p>\n<p>-Amos Murphy (@AmosMurphy_) <a rel=\"nofollow\" href=\"https:\/\/twitter.com\/AmosMurphy_\/status\/1760267646589636634?ref_src=twsrc%5Etfw\">21 f\u00e9vrier 2024<\/a><\/p>\n<\/blockquote>\n<p>Cette r\u00e9ponse est intervenue apr\u00e8s que Guardiola ait d\u00e9clar\u00e9 pr\u00e9c\u00e9demment son d\u00e9sint\u00e9r\u00eat pour une carri\u00e8re de journaliste, soulignant son engagement envers la direction.  Ses commentaires refl\u00e8tent les relations souvent tendues entre les dirigeants du football et les m\u00e9dias, en particulier dans l&rsquo;environnement sous haute pression de la Premier League.<\/p>\n<h2>Les r\u00e9seaux sociaux divis\u00e9s<\/h2>\n<p>Les remarques franches de Guardiola ont suscit\u00e9 diverses r\u00e9actions, certains appr\u00e9ciant sa franchise tandis que d&rsquo;autres critiquent son approche.  Ses paroles soulignent l\u2019intense surveillance et la pression associ\u00e9es \u00e0 la gestion d\u2019une \u00e9quipe de football de haut niveau, en particulier une \u00e9quipe aussi prestigieuse que Manchester City.<\/p>\n<blockquote class=\"twitter-tweet\">\n<p dir=\"ltr\" lang=\"en\">Sauf que ce n&rsquo;est pas dr\u00f4le.  C&rsquo;est juste grossier.  https:\/\/t.co\/N2tmRGTZ6Q<\/p>\n<p>&#8211; Loi Matt (@Matt_Law_DT) <a rel=\"nofollow\" href=\"https:\/\/twitter.com\/Matt_Law_DT\/status\/1760247482234048689?ref_src=twsrc%5Etfw\">21 f\u00e9vrier 2024<\/a><\/p>\n<\/blockquote>\n<p>Pour l\u2019avenir, Manchester City fait face \u00e0 un calendrier charg\u00e9, notamment un affrontement crucial en Premier League avec Bournemouth.  L&rsquo;\u00e9quipe de Guardiola s&rsquo;efforcera de maintenir son \u00e9lan dans la qu\u00eate d&rsquo;un autre titre de champion, tandis que l&rsquo;entra\u00eeneur lui-m\u00eame continuera probablement \u00e0 g\u00e9rer la relation complexe entre l&rsquo;\u00e9quipe et les m\u00e9dias.<\/p>\n<\/p><\/div>\n<p><script async src=\"https:\/\/platform.twitter.com\/widgets.js\" charset=\"utf-8\"><\/script><\/p>\n","protected":false},"excerpt":{"rendered":"<p>Guardiola bouleverse les journalistes apr\u00e8s la victoire de Brentford Pep Guardiola, l&rsquo;estim\u00e9 manager de Manchester City, a r\u00e9cemment fait la une des journaux avec ses<\/p>\n","protected":false},"author":1,"featured_media":5378,"comment_status":"closed","ping_status":"","sticky":false,"template":"","format":"standard","meta":{"footnotes":""},"categories":[3],"tags":[125,217,8,1249,93,452,6,514],"yoast_head":"<!-- This site is optimized with the Yoast SEO plugin v21.0 - https:\/\/yoast.com\/wordpress\/plugins\/seo\/ -->\n<title>Pep Guardiola dit qu&#039;il est meilleur que les journalistes<\/title>\n<meta name=\"robots\" content=\"index, follow, max-snippet:-1, max-image-preview:large, max-video-preview:-1\" \/>\n<link rel=\"canonical\" href=\"https:\/\/footdavant.fr\/actualites\/pep-guardiola-dit-quil-est-meilleur-que-les-journalistes\/\" \/>\n<meta property=\"og:locale\" content=\"fr_FR\" \/>\n<meta property=\"og:type\" content=\"article\" \/>\n<meta property=\"og:title\" content=\"Pep Guardiola dit qu&#039;il est meilleur que les journalistes\" \/>\n<meta property=\"og:description\" content=\"Guardiola bouleverse les journalistes apr\u00e8s la victoire de Brentford Pep Guardiola, l&rsquo;estim\u00e9 manager de Manchester City, a r\u00e9cemment fait la une des journaux avec ses\" \/>\n<meta property=\"og:url\" content=\"https:\/\/footdavant.fr\/actualites\/pep-guardiola-dit-quil-est-meilleur-que-les-journalistes\/\" \/>\n<meta property=\"og:site_name\" content=\"Foot d&#039;avant\" \/>\n<meta property=\"article:publisher\" content=\"https:\/\/www.facebook.com\/Footdavant\/\" \/>\n<meta property=\"article:published_time\" content=\"2024-02-21T23:48:12+00:00\" \/>\n<meta property=\"og:image\" content=\"https:\/\/footdavant.fr\/actualites\/wp-content\/uploads\/2024\/02\/Pep-Guardiola-dit-quil-est-meilleur-que-les-journalistes.jpg\" \/>\n\t<meta property=\"og:image:width\" content=\"696\" \/>\n\t<meta property=\"og:image:height\" content=\"386\" \/>\n\t<meta property=\"og:image:type\" content=\"image\/jpeg\" \/>\n<meta name=\"author\" content=\"Cl\u00e9ment\" \/>\n<meta name=\"twitter:card\" content=\"summary_large_image\" \/>\n<meta name=\"twitter:creator\" content=\"@FootdavantFr\" \/>\n<meta name=\"twitter:site\" content=\"@FootdavantFr\" \/>\n<meta name=\"twitter:label1\" content=\"\u00c9crit par\" \/>\n\t<meta name=\"twitter:data1\" content=\"Cl\u00e9ment\" \/>\n\t<meta name=\"twitter:label2\" content=\"Dur\u00e9e de lecture estim\u00e9e\" \/>\n\t<meta name=\"twitter:data2\" content=\"3 minutes\" \/>\n<script type=\"application\/ld+json\" class=\"yoast-schema-graph\">{\"@context\":\"https:\/\/schema.org\",\"@graph\":[{\"@type\":\"Article\",\"@id\":\"https:\/\/footdavant.fr\/actualites\/pep-guardiola-dit-quil-est-meilleur-que-les-journalistes\/#article\",\"isPartOf\":{\"@id\":\"https:\/\/footdavant.fr\/actualites\/pep-guardiola-dit-quil-est-meilleur-que-les-journalistes\/\"},\"author\":{\"name\":\"Cl\u00e9ment\",\"@id\":\"https:\/\/footdavant.fr\/actualites\/#\/schema\/person\/bc222566d95871b37e597b3ed3ba5e1d\"},\"headline\":\"Pep Guardiola dit qu&rsquo;il est meilleur que les journalistes\",\"datePublished\":\"2024-02-21T23:48:12+00:00\",\"dateModified\":\"2024-02-21T23:48:12+00:00\",\"mainEntityOfPage\":{\"@id\":\"https:\/\/footdavant.fr\/actualites\/pep-guardiola-dit-quil-est-meilleur-que-les-journalistes\/\"},\"wordCount\":544,\"publisher\":{\"@id\":\"https:\/\/footdavant.fr\/actualites\/#organization\"},\"keywords\":[\"dit\",\"est\",\"Guardiola\",\"journalistes\",\"les\",\"meilleur\",\"Pep\",\"quil\"],\"articleSection\":[\"Football\"],\"inLanguage\":\"fr-FR\"},{\"@type\":\"WebPage\",\"@id\":\"https:\/\/footdavant.fr\/actualites\/pep-guardiola-dit-quil-est-meilleur-que-les-journalistes\/\",\"url\":\"https:\/\/footdavant.fr\/actualites\/pep-guardiola-dit-quil-est-meilleur-que-les-journalistes\/\",\"name\":\"Pep Guardiola dit qu'il est meilleur que les journalistes\",\"isPartOf\":{\"@id\":\"https:\/\/footdavant.fr\/actualites\/#website\"},\"datePublished\":\"2024-02-21T23:48:12+00:00\",\"dateModified\":\"2024-02-21T23:48:12+00:00\",\"breadcrumb\":{\"@id\":\"https:\/\/footdavant.fr\/actualites\/pep-guardiola-dit-quil-est-meilleur-que-les-journalistes\/#breadcrumb\"},\"inLanguage\":\"fr-FR\",\"potentialAction\":[{\"@type\":\"ReadAction\",\"target\":[\"https:\/\/footdavant.fr\/actualites\/pep-guardiola-dit-quil-est-meilleur-que-les-journalistes\/\"]}]},{\"@type\":\"BreadcrumbList\",\"@id\":\"https:\/\/footdavant.fr\/actualites\/pep-guardiola-dit-quil-est-meilleur-que-les-journalistes\/#breadcrumb\",\"itemListElement\":[{\"@type\":\"ListItem\",\"position\":1,\"name\":\"Accueil\",\"item\":\"https:\/\/footdavant.fr\/actualites\/\"},{\"@type\":\"ListItem\",\"position\":2,\"name\":\"Pep Guardiola dit qu&rsquo;il est meilleur que les journalistes\"}]},{\"@type\":\"WebSite\",\"@id\":\"https:\/\/footdavant.fr\/actualites\/#website\",\"url\":\"https:\/\/footdavant.fr\/actualites\/\",\"name\":\"Foot d'avant\",\"description\":\"\",\"publisher\":{\"@id\":\"https:\/\/footdavant.fr\/actualites\/#organization\"},\"potentialAction\":[{\"@type\":\"SearchAction\",\"target\":{\"@type\":\"EntryPoint\",\"urlTemplate\":\"https:\/\/footdavant.fr\/actualites\/?s={search_term_string}\"},\"query-input\":\"required name=search_term_string\"}],\"inLanguage\":\"fr-FR\"},{\"@type\":\"Organization\",\"@id\":\"https:\/\/footdavant.fr\/actualites\/#organization\",\"name\":\"Foot d'avant\",\"url\":\"https:\/\/footdavant.fr\/actualites\/\",\"logo\":{\"@type\":\"ImageObject\",\"inLanguage\":\"fr-FR\",\"@id\":\"https:\/\/footdavant.fr\/actualites\/#\/schema\/logo\/image\/\",\"url\":\"https:\/\/footdavant.fr\/actualites\/wp-content\/uploads\/2023\/09\/Copy-of-FootDavant-Logo.png\",\"contentUrl\":\"https:\/\/footdavant.fr\/actualites\/wp-content\/uploads\/2023\/09\/Copy-of-FootDavant-Logo.png\",\"width\":936,\"height\":549,\"caption\":\"Foot d'avant\"},\"image\":{\"@id\":\"https:\/\/footdavant.fr\/actualites\/#\/schema\/logo\/image\/\"},\"sameAs\":[\"https:\/\/www.facebook.com\/Footdavant\/\",\"https:\/\/twitter.com\/FootdavantFr\",\"https:\/\/www.instagram.com\/footdavant.fr\/\"]},{\"@type\":\"Person\",\"@id\":\"https:\/\/footdavant.fr\/actualites\/#\/schema\/person\/bc222566d95871b37e597b3ed3ba5e1d\",\"name\":\"Cl\u00e9ment\",\"image\":{\"@type\":\"ImageObject\",\"inLanguage\":\"fr-FR\",\"@id\":\"https:\/\/footdavant.fr\/actualites\/#\/schema\/person\/image\/\",\"url\":\"https:\/\/secure.gravatar.com\/avatar\/7728b29aac2719421e1a9159b2254c44?s=96&d=mm&r=g\",\"contentUrl\":\"https:\/\/secure.gravatar.com\/avatar\/7728b29aac2719421e1a9159b2254c44?s=96&d=mm&r=g\",\"caption\":\"Cl\u00e9ment\"},\"sameAs\":[\"https:\/\/footdavant.fr\/\"]}]}<\/script>\n<!-- \/ Yoast SEO plugin. -->","yoast_head_json":{"title":"Pep Guardiola dit qu'il est meilleur que les journalistes","robots":{"index":"index","follow":"follow","max-snippet":"max-snippet:-1","max-image-preview":"max-image-preview:large","max-video-preview":"max-video-preview:-1"},"canonical":"https:\/\/footdavant.fr\/actualites\/pep-guardiola-dit-quil-est-meilleur-que-les-journalistes\/","og_locale":"fr_FR","og_type":"article","og_title":"Pep Guardiola dit qu'il est meilleur que les journalistes","og_description":"Guardiola bouleverse les journalistes apr\u00e8s la victoire de Brentford Pep Guardiola, l&rsquo;estim\u00e9 manager de Manchester City, a r\u00e9cemment fait la une des journaux avec ses","og_url":"https:\/\/footdavant.fr\/actualites\/pep-guardiola-dit-quil-est-meilleur-que-les-journalistes\/","og_site_name":"Foot d&#039;avant","article_publisher":"https:\/\/www.facebook.com\/Footdavant\/","article_published_time":"2024-02-21T23:48:12+00:00","og_image":[{"width":696,"height":386,"url":"https:\/\/footdavant.fr\/actualites\/wp-content\/uploads\/2024\/02\/Pep-Guardiola-dit-quil-est-meilleur-que-les-journalistes.jpg","type":"image\/jpeg"}],"author":"Cl\u00e9ment","twitter_card":"summary_large_image","twitter_creator":"@FootdavantFr","twitter_site":"@FootdavantFr","twitter_misc":{"\u00c9crit par":"Cl\u00e9ment","Dur\u00e9e de lecture estim\u00e9e":"3 minutes"},"schema":{"@context":"https:\/\/schema.org","@graph":[{"@type":"Article","@id":"https:\/\/footdavant.fr\/actualites\/pep-guardiola-dit-quil-est-meilleur-que-les-journalistes\/#article","isPartOf":{"@id":"https:\/\/footdavant.fr\/actualites\/pep-guardiola-dit-quil-est-meilleur-que-les-journalistes\/"},"author":{"name":"Cl\u00e9ment","@id":"https:\/\/footdavant.fr\/actualites\/#\/schema\/person\/bc222566d95871b37e597b3ed3ba5e1d"},"headline":"Pep Guardiola dit qu&rsquo;il est meilleur que les journalistes","datePublished":"2024-02-21T23:48:12+00:00","dateModified":"2024-02-21T23:48:12+00:00","mainEntityOfPage":{"@id":"https:\/\/footdavant.fr\/actualites\/pep-guardiola-dit-quil-est-meilleur-que-les-journalistes\/"},"wordCount":544,"publisher":{"@id":"https:\/\/footdavant.fr\/actualites\/#organization"},"keywords":["dit","est","Guardiola","journalistes","les","meilleur","Pep","quil"],"articleSection":["Football"],"inLanguage":"fr-FR"},{"@type":"WebPage","@id":"https:\/\/footdavant.fr\/actualites\/pep-guardiola-dit-quil-est-meilleur-que-les-journalistes\/","url":"https:\/\/footdavant.fr\/actualites\/pep-guardiola-dit-quil-est-meilleur-que-les-journalistes\/","name":"Pep Guardiola dit qu'il est meilleur que les journalistes","isPartOf":{"@id":"https:\/\/footdavant.fr\/actualites\/#website"},"datePublished":"2024-02-21T23:48:12+00:00","dateModified":"2024-02-21T23:48:12+00:00","breadcrumb":{"@id":"https:\/\/footdavant.fr\/actualites\/pep-guardiola-dit-quil-est-meilleur-que-les-journalistes\/#breadcrumb"},"inLanguage":"fr-FR","potentialAction":[{"@type":"ReadAction","target":["https:\/\/footdavant.fr\/actualites\/pep-guardiola-dit-quil-est-meilleur-que-les-journalistes\/"]}]},{"@type":"BreadcrumbList","@id":"https:\/\/footdavant.fr\/actualites\/pep-guardiola-dit-quil-est-meilleur-que-les-journalistes\/#breadcrumb","itemListElement":[{"@type":"ListItem","position":1,"name":"Accueil","item":"https:\/\/footdavant.fr\/actualites\/"},{"@type":"ListItem","position":2,"name":"Pep Guardiola dit qu&rsquo;il est meilleur que les journalistes"}]},{"@type":"WebSite","@id":"https:\/\/footdavant.fr\/actualites\/#website","url":"https:\/\/footdavant.fr\/actualites\/","name":"Foot d'avant","description":"","publisher":{"@id":"https:\/\/footdavant.fr\/actualites\/#organization"},"potentialAction":[{"@type":"SearchAction","target":{"@type":"EntryPoint","urlTemplate":"https:\/\/footdavant.fr\/actualites\/?s={search_term_string}"},"query-input":"required name=search_term_string"}],"inLanguage":"fr-FR"},{"@type":"Organization","@id":"https:\/\/footdavant.fr\/actualites\/#organization","name":"Foot d'avant","url":"https:\/\/footdavant.fr\/actualites\/","logo":{"@type":"ImageObject","inLanguage":"fr-FR","@id":"https:\/\/footdavant.fr\/actualites\/#\/schema\/logo\/image\/","url":"https:\/\/footdavant.fr\/actualites\/wp-content\/uploads\/2023\/09\/Copy-of-FootDavant-Logo.png","contentUrl":"https:\/\/footdavant.fr\/actualites\/wp-content\/uploads\/2023\/09\/Copy-of-FootDavant-Logo.png","width":936,"height":549,"caption":"Foot d'avant"},"image":{"@id":"https:\/\/footdavant.fr\/actualites\/#\/schema\/logo\/image\/"},"sameAs":["https:\/\/www.facebook.com\/Footdavant\/","https:\/\/twitter.com\/FootdavantFr","https:\/\/www.instagram.com\/footdavant.fr\/"]},{"@type":"Person","@id":"https:\/\/footdavant.fr\/actualites\/#\/schema\/person\/bc222566d95871b37e597b3ed3ba5e1d","name":"Cl\u00e9ment","image":{"@type":"ImageObject","inLanguage":"fr-FR","@id":"https:\/\/footdavant.fr\/actualites\/#\/schema\/person\/image\/","url":"https:\/\/secure.gravatar.com\/avatar\/7728b29aac2719421e1a9159b2254c44?s=96&d=mm&r=g","contentUrl":"https:\/\/secure.gravatar.com\/avatar\/7728b29aac2719421e1a9159b2254c44?s=96&d=mm&r=g","caption":"Cl\u00e9ment"},"sameAs":["https:\/\/footdavant.fr\/"]}]}},"_links":{"self":[{"href":"https:\/\/footdavant.fr\/actualites\/wp-json\/wp\/v2\/posts\/5377"}],"collection":[{"href":"https:\/\/footdavant.fr\/actualites\/wp-json\/wp\/v2\/posts"}],"about":[{"href":"https:\/\/footdavant.fr\/actualites\/wp-json\/wp\/v2\/types\/post"}],"author":[{"embeddable":true,"href":"https:\/\/footdavant.fr\/actualites\/wp-json\/wp\/v2\/users\/1"}],"replies":[{"embeddable":true,"href":"https:\/\/footdavant.fr\/actualites\/wp-json\/wp\/v2\/comments?post=5377"}],"version-history":[{"count":1,"href":"https:\/\/footdavant.fr\/actualites\/wp-json\/wp\/v2\/posts\/5377\/revisions"}],"predecessor-version":[{"id":5379,"href":"https:\/\/footdavant.fr\/actualites\/wp-json\/wp\/v2\/posts\/5377\/revisions\/5379"}],"wp:featuredmedia":[{"embeddable":true,"href":"https:\/\/footdavant.fr\/actualites\/wp-json\/wp\/v2\/media\/5378"}],"wp:attachment":[{"href":"https:\/\/footdavant.fr\/actualites\/wp-json\/wp\/v2\/media?parent=5377"}],"wp:term":[{"taxonomy":"category","embeddable":true,"href":"https:\/\/footdavant.fr\/actualites\/wp-json\/wp\/v2\/categories?post=5377"},{"taxonomy":"post_tag","embeddable":true,"href":"https:\/\/footdavant.fr\/actualites\/wp-json\/wp\/v2\/tags?post=5377"}],"curies":[{"name":"wp","href":"https:\/\/api.w.org\/{rel}","templated":true}]}}