{"id":5383,"date":"2024-02-22T02:49:36","date_gmt":"2024-02-22T01:49:36","guid":{"rendered":"https:\/\/footdavant.fr\/actualites\/liverpool-etablit-une-liste-restreinte-de-trois-directeurs-sportifs\/"},"modified":"2024-02-22T02:49:37","modified_gmt":"2024-02-22T01:49:37","slug":"liverpool-etablit-une-liste-restreinte-de-trois-directeurs-sportifs","status":"publish","type":"post","link":"https:\/\/footdavant.fr\/actualites\/liverpool-etablit-une-liste-restreinte-de-trois-directeurs-sportifs\/","title":{"rendered":"Liverpool \u00ab\u00a0\u00e9tablit une liste restreinte de trois directeurs sportifs\u00a0\u00bb"},"content":{"rendered":"<p>Liverpool aurait identifi\u00e9 trois candidats potentiels pour prendre la direction sportive pour le march\u00e9 des transferts d&rsquo;\u00e9t\u00e9.<\/p>\n<div id=\"article_body\" itemprop=\"articleBody\">\n<h3 class=\"firstPara\">\n<strong class=\"autotag\">Liverpool<\/strong> auraient identifi\u00e9 trois candidats potentiels pour prendre la direction sportive pour le mercato estival.<\/h3>\n<p>Le poste \u00e0 Anfield est vacant depuis quelques semaines maintenant, car <strong class=\"autotag\">Jorg Schmadtke<\/strong> &#8211; qui n&rsquo;a \u00e9t\u00e9 embauch\u00e9 que l&rsquo;ann\u00e9e derni\u00e8re &#8211; a quitt\u00e9 le club \u00e0 l&rsquo;expiration du mercato de janvier.<\/p>\n<p>Schmadtke s&rsquo;avan\u00e7a dans le vide laiss\u00e9 par <strong class=\"autotag\">Julien Ward<\/strong>qui a \u00e9t\u00e9 directeur sportif de Liverpool pendant une seule saison avant de d\u00e9missionner de son poste, pr\u00e9tendument pour des raisons familiales.<\/p>\n<p>Avant la nomination de Ward, <strong class=\"autotag\">Michael Edwards<\/strong> \u00e9tait le gourou des transferts de longue date des Reds, supervisant les captures de nombreuses signatures importantes qui ont d\u00e9sormais consolid\u00e9 leur place dans le folklore de Liverpool.<\/p>\n<p>Cependant, les Reds devraient aborder la p\u00e9riode d&rsquo;apr\u00e8s-saison sans directeur sportif dans l&rsquo;\u00e9tat actuel des choses, mais le club voudrait apparemment embaucher un nouveau chef avant d&rsquo;intensifier sa recherche d&rsquo;un successeur \u00e0 l&rsquo;entra\u00eeneur-chef sortant. <strong class=\"autotag\">J\u00fcrgen Klopp<\/strong>.<\/p>\n<p class=\"imgI\">\n<p>Selon <em>Initi\u00e9 au football<\/em>, <strong class=\"autotag\">Bayer Leverkusen<\/strong>c&rsquo;est <strong class=\"autotag\">Simon Rolf\u00e8s<\/strong> est l&rsquo;un des noms sur la liste restreinte de Liverpool, et les Reds ciblent d\u00e9j\u00e0 son coll\u00e8gue &#8211; <strong class=\"autotag\">Xabi Alonso<\/strong> &#8211; pour devenir leur nouveau manager de l&rsquo;\u00e9quipe premi\u00e8re.<\/p>\n<p>Rolfes a pris sa retraite en tant que joueur de Leverkusen en 2015 et est depuis devenu directeur de l&rsquo;acad\u00e9mie, directeur sportif et directeur g\u00e9n\u00e9ral du sport, organisant l&rsquo;acquisition de plusieurs joueurs cl\u00e9s.<\/p>\n<p>Les go\u00fbts de <strong class=\"autotag\">Edmond Tapsoba<\/strong>, <strong class=\"autotag\">Granit Xhaka<\/strong>, <strong class=\"autotag\">Patrick Schick<\/strong>, <strong class=\"autotag\">Odilon Kossounou<\/strong>, <strong class=\"autotag\">Alexandre Grimaldo<\/strong>, <strong class=\"autotag\">Victor Boniface<\/strong>, <strong class=\"autotag\">J\u00e9r\u00e9mie Frimpong<\/strong>Piero Hincapie et <strong class=\"autotag\">Robert Andrich<\/strong> &#8211; dont la plupart ont jou\u00e9 un r\u00f4le essentiel dans la course au titre de Leverkusen en Bundesliga cette saison &#8211; ont tous \u00e9t\u00e9 sign\u00e9s avec Rolfes \u00e0 la barre.<\/p>\n<p>Cependant, Leverkusen a r\u00e9cemment li\u00e9 Rolfes \u00e0 un nouveau contrat \u00e0 long terme jusqu&rsquo;\u00e0 l&rsquo;\u00e9t\u00e9 2028, ce qui signifie que Die Werkself serait en ligne pour une lourde indemnisation s&rsquo;il devait partir cet \u00e9t\u00e9.<\/p>\n<p>Outre l&rsquo;homme de 42 ans, un rapport distinct de <em>L&rsquo;Athl\u00e9tisme<\/em> affirme que Liverpool a \u00e9galement exerc\u00e9 le contr\u00f4le sur <strong class=\"autotag\">Fr\u00e9d\u00e9ric Massara<\/strong>qui \u00e9tait directeur sportif de <strong class=\"autotag\">AC Milan<\/strong> jusqu&rsquo;\u00e0 son d\u00e9part l&rsquo;\u00e9t\u00e9 dernier.<\/p>\n<p class=\"imgI\"><img decoding=\"async\" loading=\"lazy\" class=\"l\" src=\"https:\/\/footdavant.fr\/actualites\/wp-content\/uploads\/2024\/02\/Liverpool-etablit-une-liste-restreinte-de-trois-directeurs-sportifs.jpg\" title=\"Darwin Nunez de Liverpool c\u00e9l\u00e8bre son premier but le 17 f\u00e9vrier 2024\" alt=\"Darwin Nunez de Liverpool c\u00e9l\u00e8bre son premier but le 17 f\u00e9vrier 2024\" width=\"640\" height=\"480\"><\/p>\n<p>Apr\u00e8s une br\u00e8ve carri\u00e8re en tant qu&rsquo;entra\u00eeneur adjoint \u00e0 B\u00e9n\u00e9vent, Palerme et Pescara, Massara a rejoint l&rsquo;administration du football \u00e0 la Roma, assumant les r\u00f4les de secr\u00e9taire et de directeur sportif avant de rejoindre Milan en 2019.<\/p>\n<p>Les Rossoneri ont remport\u00e9 le titre de Serie A 2021-22 avec Massara au pouvoir, mais il a \u00e9t\u00e9 mis en cong\u00e9 de jardinage par les Rossoneri l&rsquo;ann\u00e9e derni\u00e8re, ce qui signifie qu&rsquo;il pourrait imm\u00e9diatement prendre le poste \u00e0 Liverpool.<\/p>\n<p>Enfin, <strong class=\"autotag\">Bon<\/strong> chef <strong class=\"autotag\">Florent Ghisolfi<\/strong> serait \u00e9galement envisag\u00e9 gr\u00e2ce \u00e0 son travail avec les Aiglons et Lens, qu&rsquo;il a contribu\u00e9 \u00e0 transformer d&rsquo;\u00e9quipe de Ligue 2 en pr\u00e9tendants au titre de Ligue 1 lors de son passage au Stade Bollaert-Delelis de 2019 \u00e0 2022.<\/p>\n<p>L&rsquo;homme de 38 ans n&rsquo;a rejoint Nice qu&rsquo;en octobre 2022, plusieurs mois avant de superviser la nomination du nouveau patron. <strong class=\"autotag\">Francesco Farioli<\/strong>qui place les Aiglons \u00e0 la troisi\u00e8me place du classement de Ligue 1 apr\u00e8s 22 matches.<\/p>\n<p>Cependant, le rapport ajoute que les propri\u00e9taires ni\u00e7ois, INEOS &#8211; qui poss\u00e8dent d\u00e9sormais une participation dans Manchester United &#8211; se battront bec et ongles pour conserver les services de Ghisolfi si Liverpool vient frapper \u00e0 sa porte cet \u00e9t\u00e9.<\/p>\n<\/div>\n","protected":false},"excerpt":{"rendered":"<p>Liverpool aurait identifi\u00e9 trois candidats potentiels pour prendre la direction sportive pour le march\u00e9 des transferts d&rsquo;\u00e9t\u00e9. Liverpool auraient identifi\u00e9 trois candidats potentiels pour prendre<\/p>\n","protected":false},"author":1,"featured_media":5384,"comment_status":"closed","ping_status":"","sticky":false,"template":"","format":"standard","meta":{"footnotes":""},"categories":[5],"tags":[3798,2185,17,53,1465,101,947,92],"yoast_head":"<!-- This site is optimized with the Yoast SEO plugin v21.0 - https:\/\/yoast.com\/wordpress\/plugins\/seo\/ -->\n<title>Liverpool &quot;\u00e9tablit une liste restreinte de trois directeurs sportifs&quot;<\/title>\n<meta name=\"robots\" content=\"index, follow, max-snippet:-1, max-image-preview:large, max-video-preview:-1\" \/>\n<link rel=\"canonical\" href=\"https:\/\/footdavant.fr\/actualites\/liverpool-etablit-une-liste-restreinte-de-trois-directeurs-sportifs\/\" \/>\n<meta property=\"og:locale\" content=\"fr_FR\" \/>\n<meta property=\"og:type\" content=\"article\" \/>\n<meta property=\"og:title\" content=\"Liverpool &quot;\u00e9tablit une liste restreinte de trois directeurs sportifs&quot;\" \/>\n<meta property=\"og:description\" content=\"Liverpool aurait identifi\u00e9 trois candidats potentiels pour prendre la direction sportive pour le march\u00e9 des transferts d&rsquo;\u00e9t\u00e9. Liverpool auraient identifi\u00e9 trois candidats potentiels pour prendre\" \/>\n<meta property=\"og:url\" content=\"https:\/\/footdavant.fr\/actualites\/liverpool-etablit-une-liste-restreinte-de-trois-directeurs-sportifs\/\" \/>\n<meta property=\"og:site_name\" content=\"Foot d&#039;avant\" \/>\n<meta property=\"article:publisher\" content=\"https:\/\/www.facebook.com\/Footdavant\/\" \/>\n<meta property=\"article:published_time\" content=\"2024-02-22T01:49:36+00:00\" \/>\n<meta property=\"article:modified_time\" content=\"2024-02-22T01:49:37+00:00\" \/>\n<meta property=\"og:image\" content=\"https:\/\/footdavant.fr\/actualites\/wp-content\/uploads\/2024\/02\/Liverpool-etablit-une-liste-restreinte-de-trois-directeurs-sportifs.JPG\" \/>\n\t<meta property=\"og:image:width\" content=\"640\" \/>\n\t<meta property=\"og:image:height\" content=\"480\" \/>\n\t<meta property=\"og:image:type\" content=\"image\/jpeg\" \/>\n<meta name=\"author\" content=\"Cl\u00e9ment\" \/>\n<meta name=\"twitter:card\" content=\"summary_large_image\" \/>\n<meta name=\"twitter:creator\" content=\"@FootdavantFr\" \/>\n<meta name=\"twitter:site\" content=\"@FootdavantFr\" \/>\n<meta name=\"twitter:label1\" content=\"\u00c9crit par\" \/>\n\t<meta name=\"twitter:data1\" content=\"Cl\u00e9ment\" \/>\n\t<meta name=\"twitter:label2\" content=\"Dur\u00e9e de lecture estim\u00e9e\" \/>\n\t<meta name=\"twitter:data2\" content=\"3 minutes\" \/>\n<script type=\"application\/ld+json\" class=\"yoast-schema-graph\">{\"@context\":\"https:\/\/schema.org\",\"@graph\":[{\"@type\":\"Article\",\"@id\":\"https:\/\/footdavant.fr\/actualites\/liverpool-etablit-une-liste-restreinte-de-trois-directeurs-sportifs\/#article\",\"isPartOf\":{\"@id\":\"https:\/\/footdavant.fr\/actualites\/liverpool-etablit-une-liste-restreinte-de-trois-directeurs-sportifs\/\"},\"author\":{\"name\":\"Cl\u00e9ment\",\"@id\":\"https:\/\/footdavant.fr\/actualites\/#\/schema\/person\/bc222566d95871b37e597b3ed3ba5e1d\"},\"headline\":\"Liverpool \u00ab\u00a0\u00e9tablit une liste restreinte de trois directeurs sportifs\u00a0\u00bb\",\"datePublished\":\"2024-02-22T01:49:36+00:00\",\"dateModified\":\"2024-02-22T01:49:37+00:00\",\"mainEntityOfPage\":{\"@id\":\"https:\/\/footdavant.fr\/actualites\/liverpool-etablit-une-liste-restreinte-de-trois-directeurs-sportifs\/\"},\"wordCount\":585,\"publisher\":{\"@id\":\"https:\/\/footdavant.fr\/actualites\/#organization\"},\"keywords\":[\"directeurs\",\"\u00e9tablit\",\"liste\",\"Liverpool\",\"restreinte\",\"sportifs\",\"trois\",\"une\"],\"articleSection\":[\"Premier League\"],\"inLanguage\":\"fr-FR\"},{\"@type\":\"WebPage\",\"@id\":\"https:\/\/footdavant.fr\/actualites\/liverpool-etablit-une-liste-restreinte-de-trois-directeurs-sportifs\/\",\"url\":\"https:\/\/footdavant.fr\/actualites\/liverpool-etablit-une-liste-restreinte-de-trois-directeurs-sportifs\/\",\"name\":\"Liverpool \\\"\u00e9tablit une liste restreinte de trois directeurs sportifs\\\"\",\"isPartOf\":{\"@id\":\"https:\/\/footdavant.fr\/actualites\/#website\"},\"datePublished\":\"2024-02-22T01:49:36+00:00\",\"dateModified\":\"2024-02-22T01:49:37+00:00\",\"breadcrumb\":{\"@id\":\"https:\/\/footdavant.fr\/actualites\/liverpool-etablit-une-liste-restreinte-de-trois-directeurs-sportifs\/#breadcrumb\"},\"inLanguage\":\"fr-FR\",\"potentialAction\":[{\"@type\":\"ReadAction\",\"target\":[\"https:\/\/footdavant.fr\/actualites\/liverpool-etablit-une-liste-restreinte-de-trois-directeurs-sportifs\/\"]}]},{\"@type\":\"BreadcrumbList\",\"@id\":\"https:\/\/footdavant.fr\/actualites\/liverpool-etablit-une-liste-restreinte-de-trois-directeurs-sportifs\/#breadcrumb\",\"itemListElement\":[{\"@type\":\"ListItem\",\"position\":1,\"name\":\"Accueil\",\"item\":\"https:\/\/footdavant.fr\/actualites\/\"},{\"@type\":\"ListItem\",\"position\":2,\"name\":\"Liverpool \u00ab\u00a0\u00e9tablit une liste restreinte de trois directeurs sportifs\u00a0\u00bb\"}]},{\"@type\":\"WebSite\",\"@id\":\"https:\/\/footdavant.fr\/actualites\/#website\",\"url\":\"https:\/\/footdavant.fr\/actualites\/\",\"name\":\"Foot d'avant\",\"description\":\"\",\"publisher\":{\"@id\":\"https:\/\/footdavant.fr\/actualites\/#organization\"},\"potentialAction\":[{\"@type\":\"SearchAction\",\"target\":{\"@type\":\"EntryPoint\",\"urlTemplate\":\"https:\/\/footdavant.fr\/actualites\/?s={search_term_string}\"},\"query-input\":\"required name=search_term_string\"}],\"inLanguage\":\"fr-FR\"},{\"@type\":\"Organization\",\"@id\":\"https:\/\/footdavant.fr\/actualites\/#organization\",\"name\":\"Foot d'avant\",\"url\":\"https:\/\/footdavant.fr\/actualites\/\",\"logo\":{\"@type\":\"ImageObject\",\"inLanguage\":\"fr-FR\",\"@id\":\"https:\/\/footdavant.fr\/actualites\/#\/schema\/logo\/image\/\",\"url\":\"https:\/\/footdavant.fr\/actualites\/wp-content\/uploads\/2023\/09\/Copy-of-FootDavant-Logo.png\",\"contentUrl\":\"https:\/\/footdavant.fr\/actualites\/wp-content\/uploads\/2023\/09\/Copy-of-FootDavant-Logo.png\",\"width\":936,\"height\":549,\"caption\":\"Foot d'avant\"},\"image\":{\"@id\":\"https:\/\/footdavant.fr\/actualites\/#\/schema\/logo\/image\/\"},\"sameAs\":[\"https:\/\/www.facebook.com\/Footdavant\/\",\"https:\/\/twitter.com\/FootdavantFr\",\"https:\/\/www.instagram.com\/footdavant.fr\/\"]},{\"@type\":\"Person\",\"@id\":\"https:\/\/footdavant.fr\/actualites\/#\/schema\/person\/bc222566d95871b37e597b3ed3ba5e1d\",\"name\":\"Cl\u00e9ment\",\"image\":{\"@type\":\"ImageObject\",\"inLanguage\":\"fr-FR\",\"@id\":\"https:\/\/footdavant.fr\/actualites\/#\/schema\/person\/image\/\",\"url\":\"https:\/\/secure.gravatar.com\/avatar\/7728b29aac2719421e1a9159b2254c44?s=96&d=mm&r=g\",\"contentUrl\":\"https:\/\/secure.gravatar.com\/avatar\/7728b29aac2719421e1a9159b2254c44?s=96&d=mm&r=g\",\"caption\":\"Cl\u00e9ment\"},\"sameAs\":[\"https:\/\/footdavant.fr\/\"]}]}<\/script>\n<!-- \/ Yoast SEO plugin. -->","yoast_head_json":{"title":"Liverpool \"\u00e9tablit une liste restreinte de trois directeurs sportifs\"","robots":{"index":"index","follow":"follow","max-snippet":"max-snippet:-1","max-image-preview":"max-image-preview:large","max-video-preview":"max-video-preview:-1"},"canonical":"https:\/\/footdavant.fr\/actualites\/liverpool-etablit-une-liste-restreinte-de-trois-directeurs-sportifs\/","og_locale":"fr_FR","og_type":"article","og_title":"Liverpool \"\u00e9tablit une liste restreinte de trois directeurs sportifs\"","og_description":"Liverpool aurait identifi\u00e9 trois candidats potentiels pour prendre la direction sportive pour le march\u00e9 des transferts d&rsquo;\u00e9t\u00e9. Liverpool auraient identifi\u00e9 trois candidats potentiels pour prendre","og_url":"https:\/\/footdavant.fr\/actualites\/liverpool-etablit-une-liste-restreinte-de-trois-directeurs-sportifs\/","og_site_name":"Foot d&#039;avant","article_publisher":"https:\/\/www.facebook.com\/Footdavant\/","article_published_time":"2024-02-22T01:49:36+00:00","article_modified_time":"2024-02-22T01:49:37+00:00","og_image":[{"width":640,"height":480,"url":"https:\/\/footdavant.fr\/actualites\/wp-content\/uploads\/2024\/02\/Liverpool-etablit-une-liste-restreinte-de-trois-directeurs-sportifs.JPG","type":"image\/jpeg"}],"author":"Cl\u00e9ment","twitter_card":"summary_large_image","twitter_creator":"@FootdavantFr","twitter_site":"@FootdavantFr","twitter_misc":{"\u00c9crit par":"Cl\u00e9ment","Dur\u00e9e de lecture estim\u00e9e":"3 minutes"},"schema":{"@context":"https:\/\/schema.org","@graph":[{"@type":"Article","@id":"https:\/\/footdavant.fr\/actualites\/liverpool-etablit-une-liste-restreinte-de-trois-directeurs-sportifs\/#article","isPartOf":{"@id":"https:\/\/footdavant.fr\/actualites\/liverpool-etablit-une-liste-restreinte-de-trois-directeurs-sportifs\/"},"author":{"name":"Cl\u00e9ment","@id":"https:\/\/footdavant.fr\/actualites\/#\/schema\/person\/bc222566d95871b37e597b3ed3ba5e1d"},"headline":"Liverpool \u00ab\u00a0\u00e9tablit une liste restreinte de trois directeurs sportifs\u00a0\u00bb","datePublished":"2024-02-22T01:49:36+00:00","dateModified":"2024-02-22T01:49:37+00:00","mainEntityOfPage":{"@id":"https:\/\/footdavant.fr\/actualites\/liverpool-etablit-une-liste-restreinte-de-trois-directeurs-sportifs\/"},"wordCount":585,"publisher":{"@id":"https:\/\/footdavant.fr\/actualites\/#organization"},"keywords":["directeurs","\u00e9tablit","liste","Liverpool","restreinte","sportifs","trois","une"],"articleSection":["Premier League"],"inLanguage":"fr-FR"},{"@type":"WebPage","@id":"https:\/\/footdavant.fr\/actualites\/liverpool-etablit-une-liste-restreinte-de-trois-directeurs-sportifs\/","url":"https:\/\/footdavant.fr\/actualites\/liverpool-etablit-une-liste-restreinte-de-trois-directeurs-sportifs\/","name":"Liverpool \"\u00e9tablit une liste restreinte de trois directeurs sportifs\"","isPartOf":{"@id":"https:\/\/footdavant.fr\/actualites\/#website"},"datePublished":"2024-02-22T01:49:36+00:00","dateModified":"2024-02-22T01:49:37+00:00","breadcrumb":{"@id":"https:\/\/footdavant.fr\/actualites\/liverpool-etablit-une-liste-restreinte-de-trois-directeurs-sportifs\/#breadcrumb"},"inLanguage":"fr-FR","potentialAction":[{"@type":"ReadAction","target":["https:\/\/footdavant.fr\/actualites\/liverpool-etablit-une-liste-restreinte-de-trois-directeurs-sportifs\/"]}]},{"@type":"BreadcrumbList","@id":"https:\/\/footdavant.fr\/actualites\/liverpool-etablit-une-liste-restreinte-de-trois-directeurs-sportifs\/#breadcrumb","itemListElement":[{"@type":"ListItem","position":1,"name":"Accueil","item":"https:\/\/footdavant.fr\/actualites\/"},{"@type":"ListItem","position":2,"name":"Liverpool \u00ab\u00a0\u00e9tablit une liste restreinte de trois directeurs sportifs\u00a0\u00bb"}]},{"@type":"WebSite","@id":"https:\/\/footdavant.fr\/actualites\/#website","url":"https:\/\/footdavant.fr\/actualites\/","name":"Foot d'avant","description":"","publisher":{"@id":"https:\/\/footdavant.fr\/actualites\/#organization"},"potentialAction":[{"@type":"SearchAction","target":{"@type":"EntryPoint","urlTemplate":"https:\/\/footdavant.fr\/actualites\/?s={search_term_string}"},"query-input":"required name=search_term_string"}],"inLanguage":"fr-FR"},{"@type":"Organization","@id":"https:\/\/footdavant.fr\/actualites\/#organization","name":"Foot d'avant","url":"https:\/\/footdavant.fr\/actualites\/","logo":{"@type":"ImageObject","inLanguage":"fr-FR","@id":"https:\/\/footdavant.fr\/actualites\/#\/schema\/logo\/image\/","url":"https:\/\/footdavant.fr\/actualites\/wp-content\/uploads\/2023\/09\/Copy-of-FootDavant-Logo.png","contentUrl":"https:\/\/footdavant.fr\/actualites\/wp-content\/uploads\/2023\/09\/Copy-of-FootDavant-Logo.png","width":936,"height":549,"caption":"Foot d'avant"},"image":{"@id":"https:\/\/footdavant.fr\/actualites\/#\/schema\/logo\/image\/"},"sameAs":["https:\/\/www.facebook.com\/Footdavant\/","https:\/\/twitter.com\/FootdavantFr","https:\/\/www.instagram.com\/footdavant.fr\/"]},{"@type":"Person","@id":"https:\/\/footdavant.fr\/actualites\/#\/schema\/person\/bc222566d95871b37e597b3ed3ba5e1d","name":"Cl\u00e9ment","image":{"@type":"ImageObject","inLanguage":"fr-FR","@id":"https:\/\/footdavant.fr\/actualites\/#\/schema\/person\/image\/","url":"https:\/\/secure.gravatar.com\/avatar\/7728b29aac2719421e1a9159b2254c44?s=96&d=mm&r=g","contentUrl":"https:\/\/secure.gravatar.com\/avatar\/7728b29aac2719421e1a9159b2254c44?s=96&d=mm&r=g","caption":"Cl\u00e9ment"},"sameAs":["https:\/\/footdavant.fr\/"]}]}},"_links":{"self":[{"href":"https:\/\/footdavant.fr\/actualites\/wp-json\/wp\/v2\/posts\/5383"}],"collection":[{"href":"https:\/\/footdavant.fr\/actualites\/wp-json\/wp\/v2\/posts"}],"about":[{"href":"https:\/\/footdavant.fr\/actualites\/wp-json\/wp\/v2\/types\/post"}],"author":[{"embeddable":true,"href":"https:\/\/footdavant.fr\/actualites\/wp-json\/wp\/v2\/users\/1"}],"replies":[{"embeddable":true,"href":"https:\/\/footdavant.fr\/actualites\/wp-json\/wp\/v2\/comments?post=5383"}],"version-history":[{"count":1,"href":"https:\/\/footdavant.fr\/actualites\/wp-json\/wp\/v2\/posts\/5383\/revisions"}],"predecessor-version":[{"id":5385,"href":"https:\/\/footdavant.fr\/actualites\/wp-json\/wp\/v2\/posts\/5383\/revisions\/5385"}],"wp:featuredmedia":[{"embeddable":true,"href":"https:\/\/footdavant.fr\/actualites\/wp-json\/wp\/v2\/media\/5384"}],"wp:attachment":[{"href":"https:\/\/footdavant.fr\/actualites\/wp-json\/wp\/v2\/media?parent=5383"}],"wp:term":[{"taxonomy":"category","embeddable":true,"href":"https:\/\/footdavant.fr\/actualites\/wp-json\/wp\/v2\/categories?post=5383"},{"taxonomy":"post_tag","embeddable":true,"href":"https:\/\/footdavant.fr\/actualites\/wp-json\/wp\/v2\/tags?post=5383"}],"curies":[{"name":"wp","href":"https:\/\/api.w.org\/{rel}","templated":true}]}}