{"id":5386,"date":"2024-02-22T04:49:26","date_gmt":"2024-02-22T03:49:26","guid":{"rendered":"https:\/\/footdavant.fr\/actualites\/christian-eriksen-pourrait-retourner-a-lajax\/"},"modified":"2024-02-22T04:49:27","modified_gmt":"2024-02-22T03:49:27","slug":"christian-eriksen-pourrait-retourner-a-lajax","status":"publish","type":"post","link":"https:\/\/footdavant.fr\/actualites\/christian-eriksen-pourrait-retourner-a-lajax\/","title":{"rendered":"Christian Eriksen pourrait retourner \u00e0 l&rsquo;Ajax \u2013"},"content":{"rendered":"<div id=\"penci-post-entry-inner\">\n<p>\t\t\t<i class=\"penci-post-countview-number-check\" style=\"display:none\">3<\/i><\/p>\n<p><!--Article Start--><br \/>La prochaine fen\u00eatre de transfert estivale s&rsquo;annonce comme une p\u00e9riode charni\u00e8re dans l&rsquo;histoire de Manchester United avec une structure comp\u00e9tente qui sera mise en place par Sir Jim Ratcliffe.<\/p>\n<p>INEOS r\u00e9pondra \u00e0 un appel sur l&rsquo;avenir de plusieurs stars de la premi\u00e8re \u00e9quipe qui approchent de la fin de leur contrat ou ne font pas partie des plans du manager Erik ten Hag.<\/p>\n<p>Un joueur qui n&rsquo;a pratiquement pas figur\u00e9 au cours de la nouvelle ann\u00e9e est Christian Eriksen, qui a jou\u00e9 pour la derni\u00e8re fois lors du match contre Tottenham Hotspur et qui est depuis sur le banc.<\/p>\n<p>Le Danois est peut-\u00eatre le meilleur passeur du club, mais ses jambes ont compl\u00e8tement disparu et il a souvent du mal avec l&rsquo;intensit\u00e9 lors des grands matchs.<\/p>\n<h5>L&rsquo;avenir d&rsquo;Eriksen<\/h5>\n<p>Les liens avec Galatasaray \u00e9taient nombreux, mais l&rsquo;offre du club turc n&rsquo;\u00e9tait pas suffisamment int\u00e9ressante pour que les Diables Rouges l&rsquo;acceptent.<\/p>\n<p>L&rsquo;Arabie saoudite continue de se cacher en arri\u00e8re-plan et d\u00e9sormais, selon Tutto Mercato Web, un retour \u00e0 l&rsquo;Ajax pourrait \u00e9galement \u00eatre envisag\u00e9.<\/p>\n<p>Le contrat actuel de l&rsquo;international danois dure jusqu&rsquo;en 2025 et \u00e9tant donn\u00e9 qu&rsquo;il est arriv\u00e9 gratuitement, sa vente repr\u00e9senterait un b\u00e9n\u00e9fice int\u00e9ressant pour les g\u00e9ants anglais.<\/p>\n<p>Il ne serait pas dans les plans du club pour l&rsquo;avenir et est \u00e9valu\u00e9 \u00e0 13 millions d&rsquo;euros selon <em>March\u00e9 de transfert<\/em> et le club ferait bien d\u2019obtenir une telle somme.<\/p>\n<p>Le joueur de 32 ans a d\u00e9but\u00e9 sa carri\u00e8re professionnelle chez les g\u00e9ants n\u00e9erlandais et le rythme de la ligue lui conviendrait parfaitement.<\/p>\n<h5>Le retour de l&rsquo;Ajax<\/h5>\n<p>\u00ab\u00a0En janvier, il est rest\u00e9 dans l&rsquo;\u00e9quipe de Manchester United, mais \u00e0 chaque match qui passe, le monde des Diables Rouges est de plus en plus convaincu qu&rsquo;il y a un avenir sans Christian Eriksen.<\/p>\n<p>\u00ab Son contrat avec les Diables Rouges expire le 30 juin 2025, mais il semble y avoir de fortes chances que son aventure \u00e0 Manchester se termine plus t\u00f4t que la date limite fix\u00e9e.<\/p>\n<p>\u00ab\u00a0Il y a un chemin qui, en vue de l&rsquo;\u00e9t\u00e9 prochain, pourrait acqu\u00e9rir du contenu et du concret : celui d&rsquo;un retour \u00e0 Amsterdam pour jouer \u00e0 l&rsquo;Ajax, l&rsquo;\u00e9quipe avec laquelle il a fait ses d\u00e9buts professionnels.\u00a0\u00bb<\/p>\n<p>Eriksen a jou\u00e9 163 fois pour l&rsquo;Ajax, remportant le titre de champion \u00e0 trois reprises avant de rejoindre Tottenham Hotspur en Premier League.<\/p>\n<p><!-- AI CONTENT END 3 --><\/p><\/div>\n","protected":false},"excerpt":{"rendered":"<p>3 La prochaine fen\u00eatre de transfert estivale s&rsquo;annonce comme une p\u00e9riode charni\u00e8re dans l&rsquo;histoire de Manchester United avec une structure comp\u00e9tente qui sera mise en<\/p>\n","protected":false},"author":1,"featured_media":4783,"comment_status":"closed","ping_status":"","sticky":false,"template":"","format":"standard","meta":{"footnotes":""},"categories":[3],"tags":[738,739,846,269,1255],"yoast_head":"<!-- This site is optimized with the Yoast SEO plugin v21.0 - https:\/\/yoast.com\/wordpress\/plugins\/seo\/ -->\n<title>Christian Eriksen pourrait retourner \u00e0 l&#039;Ajax \u2013<\/title>\n<meta name=\"robots\" content=\"index, follow, max-snippet:-1, max-image-preview:large, max-video-preview:-1\" \/>\n<link rel=\"canonical\" href=\"https:\/\/footdavant.fr\/actualites\/christian-eriksen-pourrait-retourner-a-lajax\/\" \/>\n<meta property=\"og:locale\" content=\"fr_FR\" \/>\n<meta property=\"og:type\" content=\"article\" \/>\n<meta property=\"og:title\" content=\"Christian Eriksen pourrait retourner \u00e0 l&#039;Ajax \u2013\" \/>\n<meta property=\"og:description\" content=\"3 La prochaine fen\u00eatre de transfert estivale s&rsquo;annonce comme une p\u00e9riode charni\u00e8re dans l&rsquo;histoire de Manchester United avec une structure comp\u00e9tente qui sera mise en\" \/>\n<meta property=\"og:url\" content=\"https:\/\/footdavant.fr\/actualites\/christian-eriksen-pourrait-retourner-a-lajax\/\" \/>\n<meta property=\"og:site_name\" content=\"Foot d&#039;avant\" \/>\n<meta property=\"article:publisher\" content=\"https:\/\/www.facebook.com\/Footdavant\/\" \/>\n<meta property=\"article:published_time\" content=\"2024-02-22T03:49:26+00:00\" \/>\n<meta property=\"article:modified_time\" content=\"2024-02-22T03:49:27+00:00\" \/>\n<meta property=\"og:image\" content=\"https:\/\/footdavant.fr\/actualites\/wp-content\/uploads\/2024\/02\/Christian-Eriksen-sapprete-a-rester-a-Old-Trafford-malgre-les.jpg\" \/>\n\t<meta property=\"og:image:width\" content=\"1600\" \/>\n\t<meta property=\"og:image:height\" content=\"709\" \/>\n\t<meta property=\"og:image:type\" content=\"image\/jpeg\" \/>\n<meta name=\"author\" content=\"Cl\u00e9ment\" \/>\n<meta name=\"twitter:card\" content=\"summary_large_image\" \/>\n<meta name=\"twitter:creator\" content=\"@FootdavantFr\" \/>\n<meta name=\"twitter:site\" content=\"@FootdavantFr\" \/>\n<meta name=\"twitter:label1\" content=\"\u00c9crit par\" \/>\n\t<meta name=\"twitter:data1\" content=\"Cl\u00e9ment\" \/>\n\t<meta name=\"twitter:label2\" content=\"Dur\u00e9e de lecture estim\u00e9e\" \/>\n\t<meta name=\"twitter:data2\" content=\"2 minutes\" \/>\n<script type=\"application\/ld+json\" class=\"yoast-schema-graph\">{\"@context\":\"https:\/\/schema.org\",\"@graph\":[{\"@type\":\"Article\",\"@id\":\"https:\/\/footdavant.fr\/actualites\/christian-eriksen-pourrait-retourner-a-lajax\/#article\",\"isPartOf\":{\"@id\":\"https:\/\/footdavant.fr\/actualites\/christian-eriksen-pourrait-retourner-a-lajax\/\"},\"author\":{\"name\":\"Cl\u00e9ment\",\"@id\":\"https:\/\/footdavant.fr\/actualites\/#\/schema\/person\/bc222566d95871b37e597b3ed3ba5e1d\"},\"headline\":\"Christian Eriksen pourrait retourner \u00e0 l&rsquo;Ajax \u2013\",\"datePublished\":\"2024-02-22T03:49:26+00:00\",\"dateModified\":\"2024-02-22T03:49:27+00:00\",\"mainEntityOfPage\":{\"@id\":\"https:\/\/footdavant.fr\/actualites\/christian-eriksen-pourrait-retourner-a-lajax\/\"},\"wordCount\":404,\"publisher\":{\"@id\":\"https:\/\/footdavant.fr\/actualites\/#organization\"},\"keywords\":[\"Christian\",\"Eriksen\",\"lAjax\",\"pourrait\",\"retourner\"],\"articleSection\":[\"Football\"],\"inLanguage\":\"fr-FR\"},{\"@type\":\"WebPage\",\"@id\":\"https:\/\/footdavant.fr\/actualites\/christian-eriksen-pourrait-retourner-a-lajax\/\",\"url\":\"https:\/\/footdavant.fr\/actualites\/christian-eriksen-pourrait-retourner-a-lajax\/\",\"name\":\"Christian Eriksen pourrait retourner \u00e0 l'Ajax \u2013\",\"isPartOf\":{\"@id\":\"https:\/\/footdavant.fr\/actualites\/#website\"},\"datePublished\":\"2024-02-22T03:49:26+00:00\",\"dateModified\":\"2024-02-22T03:49:27+00:00\",\"breadcrumb\":{\"@id\":\"https:\/\/footdavant.fr\/actualites\/christian-eriksen-pourrait-retourner-a-lajax\/#breadcrumb\"},\"inLanguage\":\"fr-FR\",\"potentialAction\":[{\"@type\":\"ReadAction\",\"target\":[\"https:\/\/footdavant.fr\/actualites\/christian-eriksen-pourrait-retourner-a-lajax\/\"]}]},{\"@type\":\"BreadcrumbList\",\"@id\":\"https:\/\/footdavant.fr\/actualites\/christian-eriksen-pourrait-retourner-a-lajax\/#breadcrumb\",\"itemListElement\":[{\"@type\":\"ListItem\",\"position\":1,\"name\":\"Accueil\",\"item\":\"https:\/\/footdavant.fr\/actualites\/\"},{\"@type\":\"ListItem\",\"position\":2,\"name\":\"Christian Eriksen pourrait retourner \u00e0 l&rsquo;Ajax \u2013\"}]},{\"@type\":\"WebSite\",\"@id\":\"https:\/\/footdavant.fr\/actualites\/#website\",\"url\":\"https:\/\/footdavant.fr\/actualites\/\",\"name\":\"Foot d'avant\",\"description\":\"\",\"publisher\":{\"@id\":\"https:\/\/footdavant.fr\/actualites\/#organization\"},\"potentialAction\":[{\"@type\":\"SearchAction\",\"target\":{\"@type\":\"EntryPoint\",\"urlTemplate\":\"https:\/\/footdavant.fr\/actualites\/?s={search_term_string}\"},\"query-input\":\"required name=search_term_string\"}],\"inLanguage\":\"fr-FR\"},{\"@type\":\"Organization\",\"@id\":\"https:\/\/footdavant.fr\/actualites\/#organization\",\"name\":\"Foot d'avant\",\"url\":\"https:\/\/footdavant.fr\/actualites\/\",\"logo\":{\"@type\":\"ImageObject\",\"inLanguage\":\"fr-FR\",\"@id\":\"https:\/\/footdavant.fr\/actualites\/#\/schema\/logo\/image\/\",\"url\":\"https:\/\/footdavant.fr\/actualites\/wp-content\/uploads\/2023\/09\/Copy-of-FootDavant-Logo.png\",\"contentUrl\":\"https:\/\/footdavant.fr\/actualites\/wp-content\/uploads\/2023\/09\/Copy-of-FootDavant-Logo.png\",\"width\":936,\"height\":549,\"caption\":\"Foot d'avant\"},\"image\":{\"@id\":\"https:\/\/footdavant.fr\/actualites\/#\/schema\/logo\/image\/\"},\"sameAs\":[\"https:\/\/www.facebook.com\/Footdavant\/\",\"https:\/\/twitter.com\/FootdavantFr\",\"https:\/\/www.instagram.com\/footdavant.fr\/\"]},{\"@type\":\"Person\",\"@id\":\"https:\/\/footdavant.fr\/actualites\/#\/schema\/person\/bc222566d95871b37e597b3ed3ba5e1d\",\"name\":\"Cl\u00e9ment\",\"image\":{\"@type\":\"ImageObject\",\"inLanguage\":\"fr-FR\",\"@id\":\"https:\/\/footdavant.fr\/actualites\/#\/schema\/person\/image\/\",\"url\":\"https:\/\/secure.gravatar.com\/avatar\/7728b29aac2719421e1a9159b2254c44?s=96&d=mm&r=g\",\"contentUrl\":\"https:\/\/secure.gravatar.com\/avatar\/7728b29aac2719421e1a9159b2254c44?s=96&d=mm&r=g\",\"caption\":\"Cl\u00e9ment\"},\"sameAs\":[\"https:\/\/footdavant.fr\/\"]}]}<\/script>\n<!-- \/ Yoast SEO plugin. -->","yoast_head_json":{"title":"Christian Eriksen pourrait retourner \u00e0 l'Ajax \u2013","robots":{"index":"index","follow":"follow","max-snippet":"max-snippet:-1","max-image-preview":"max-image-preview:large","max-video-preview":"max-video-preview:-1"},"canonical":"https:\/\/footdavant.fr\/actualites\/christian-eriksen-pourrait-retourner-a-lajax\/","og_locale":"fr_FR","og_type":"article","og_title":"Christian Eriksen pourrait retourner \u00e0 l'Ajax \u2013","og_description":"3 La prochaine fen\u00eatre de transfert estivale s&rsquo;annonce comme une p\u00e9riode charni\u00e8re dans l&rsquo;histoire de Manchester United avec une structure comp\u00e9tente qui sera mise en","og_url":"https:\/\/footdavant.fr\/actualites\/christian-eriksen-pourrait-retourner-a-lajax\/","og_site_name":"Foot d&#039;avant","article_publisher":"https:\/\/www.facebook.com\/Footdavant\/","article_published_time":"2024-02-22T03:49:26+00:00","article_modified_time":"2024-02-22T03:49:27+00:00","og_image":[{"width":1600,"height":709,"url":"https:\/\/footdavant.fr\/actualites\/wp-content\/uploads\/2024\/02\/Christian-Eriksen-sapprete-a-rester-a-Old-Trafford-malgre-les.jpg","type":"image\/jpeg"}],"author":"Cl\u00e9ment","twitter_card":"summary_large_image","twitter_creator":"@FootdavantFr","twitter_site":"@FootdavantFr","twitter_misc":{"\u00c9crit par":"Cl\u00e9ment","Dur\u00e9e de lecture estim\u00e9e":"2 minutes"},"schema":{"@context":"https:\/\/schema.org","@graph":[{"@type":"Article","@id":"https:\/\/footdavant.fr\/actualites\/christian-eriksen-pourrait-retourner-a-lajax\/#article","isPartOf":{"@id":"https:\/\/footdavant.fr\/actualites\/christian-eriksen-pourrait-retourner-a-lajax\/"},"author":{"name":"Cl\u00e9ment","@id":"https:\/\/footdavant.fr\/actualites\/#\/schema\/person\/bc222566d95871b37e597b3ed3ba5e1d"},"headline":"Christian Eriksen pourrait retourner \u00e0 l&rsquo;Ajax \u2013","datePublished":"2024-02-22T03:49:26+00:00","dateModified":"2024-02-22T03:49:27+00:00","mainEntityOfPage":{"@id":"https:\/\/footdavant.fr\/actualites\/christian-eriksen-pourrait-retourner-a-lajax\/"},"wordCount":404,"publisher":{"@id":"https:\/\/footdavant.fr\/actualites\/#organization"},"keywords":["Christian","Eriksen","lAjax","pourrait","retourner"],"articleSection":["Football"],"inLanguage":"fr-FR"},{"@type":"WebPage","@id":"https:\/\/footdavant.fr\/actualites\/christian-eriksen-pourrait-retourner-a-lajax\/","url":"https:\/\/footdavant.fr\/actualites\/christian-eriksen-pourrait-retourner-a-lajax\/","name":"Christian Eriksen pourrait retourner \u00e0 l'Ajax \u2013","isPartOf":{"@id":"https:\/\/footdavant.fr\/actualites\/#website"},"datePublished":"2024-02-22T03:49:26+00:00","dateModified":"2024-02-22T03:49:27+00:00","breadcrumb":{"@id":"https:\/\/footdavant.fr\/actualites\/christian-eriksen-pourrait-retourner-a-lajax\/#breadcrumb"},"inLanguage":"fr-FR","potentialAction":[{"@type":"ReadAction","target":["https:\/\/footdavant.fr\/actualites\/christian-eriksen-pourrait-retourner-a-lajax\/"]}]},{"@type":"BreadcrumbList","@id":"https:\/\/footdavant.fr\/actualites\/christian-eriksen-pourrait-retourner-a-lajax\/#breadcrumb","itemListElement":[{"@type":"ListItem","position":1,"name":"Accueil","item":"https:\/\/footdavant.fr\/actualites\/"},{"@type":"ListItem","position":2,"name":"Christian Eriksen pourrait retourner \u00e0 l&rsquo;Ajax \u2013"}]},{"@type":"WebSite","@id":"https:\/\/footdavant.fr\/actualites\/#website","url":"https:\/\/footdavant.fr\/actualites\/","name":"Foot d'avant","description":"","publisher":{"@id":"https:\/\/footdavant.fr\/actualites\/#organization"},"potentialAction":[{"@type":"SearchAction","target":{"@type":"EntryPoint","urlTemplate":"https:\/\/footdavant.fr\/actualites\/?s={search_term_string}"},"query-input":"required name=search_term_string"}],"inLanguage":"fr-FR"},{"@type":"Organization","@id":"https:\/\/footdavant.fr\/actualites\/#organization","name":"Foot d'avant","url":"https:\/\/footdavant.fr\/actualites\/","logo":{"@type":"ImageObject","inLanguage":"fr-FR","@id":"https:\/\/footdavant.fr\/actualites\/#\/schema\/logo\/image\/","url":"https:\/\/footdavant.fr\/actualites\/wp-content\/uploads\/2023\/09\/Copy-of-FootDavant-Logo.png","contentUrl":"https:\/\/footdavant.fr\/actualites\/wp-content\/uploads\/2023\/09\/Copy-of-FootDavant-Logo.png","width":936,"height":549,"caption":"Foot d'avant"},"image":{"@id":"https:\/\/footdavant.fr\/actualites\/#\/schema\/logo\/image\/"},"sameAs":["https:\/\/www.facebook.com\/Footdavant\/","https:\/\/twitter.com\/FootdavantFr","https:\/\/www.instagram.com\/footdavant.fr\/"]},{"@type":"Person","@id":"https:\/\/footdavant.fr\/actualites\/#\/schema\/person\/bc222566d95871b37e597b3ed3ba5e1d","name":"Cl\u00e9ment","image":{"@type":"ImageObject","inLanguage":"fr-FR","@id":"https:\/\/footdavant.fr\/actualites\/#\/schema\/person\/image\/","url":"https:\/\/secure.gravatar.com\/avatar\/7728b29aac2719421e1a9159b2254c44?s=96&d=mm&r=g","contentUrl":"https:\/\/secure.gravatar.com\/avatar\/7728b29aac2719421e1a9159b2254c44?s=96&d=mm&r=g","caption":"Cl\u00e9ment"},"sameAs":["https:\/\/footdavant.fr\/"]}]}},"_links":{"self":[{"href":"https:\/\/footdavant.fr\/actualites\/wp-json\/wp\/v2\/posts\/5386"}],"collection":[{"href":"https:\/\/footdavant.fr\/actualites\/wp-json\/wp\/v2\/posts"}],"about":[{"href":"https:\/\/footdavant.fr\/actualites\/wp-json\/wp\/v2\/types\/post"}],"author":[{"embeddable":true,"href":"https:\/\/footdavant.fr\/actualites\/wp-json\/wp\/v2\/users\/1"}],"replies":[{"embeddable":true,"href":"https:\/\/footdavant.fr\/actualites\/wp-json\/wp\/v2\/comments?post=5386"}],"version-history":[{"count":1,"href":"https:\/\/footdavant.fr\/actualites\/wp-json\/wp\/v2\/posts\/5386\/revisions"}],"predecessor-version":[{"id":5387,"href":"https:\/\/footdavant.fr\/actualites\/wp-json\/wp\/v2\/posts\/5386\/revisions\/5387"}],"wp:featuredmedia":[{"embeddable":true,"href":"https:\/\/footdavant.fr\/actualites\/wp-json\/wp\/v2\/media\/4783"}],"wp:attachment":[{"href":"https:\/\/footdavant.fr\/actualites\/wp-json\/wp\/v2\/media?parent=5386"}],"wp:term":[{"taxonomy":"category","embeddable":true,"href":"https:\/\/footdavant.fr\/actualites\/wp-json\/wp\/v2\/categories?post=5386"},{"taxonomy":"post_tag","embeddable":true,"href":"https:\/\/footdavant.fr\/actualites\/wp-json\/wp\/v2\/tags?post=5386"}],"curies":[{"name":"wp","href":"https:\/\/api.w.org\/{rel}","templated":true}]}}