{"id":583,"date":"2023-11-09T02:48:07","date_gmt":"2023-11-09T01:48:07","guid":{"rendered":"https:\/\/footdavant.fr\/actualites\/manchester-united-proposera-un-pret-a-antony-dans-le-cadre-de-laccord-avec-gabriel-barbosa\/"},"modified":"2023-11-09T02:48:08","modified_gmt":"2023-11-09T01:48:08","slug":"manchester-united-proposera-un-pret-a-antony-dans-le-cadre-de-laccord-avec-gabriel-barbosa","status":"publish","type":"post","link":"https:\/\/footdavant.fr\/actualites\/manchester-united-proposera-un-pret-a-antony-dans-le-cadre-de-laccord-avec-gabriel-barbosa\/","title":{"rendered":"Manchester United \u00ab\u00a0proposera un pr\u00eat \u00e0 Antony dans le cadre de l&rsquo;accord avec Gabriel Barbosa\u00a0\u00bb"},"content":{"rendered":"<p>Manchester United souhaite signer Gabriel Barbosa en janvier et est pr\u00eat \u00e0 proposer Antony \u00e0 Flamengo dans le cadre de l&rsquo;accord, selon un rapport.<\/p>\n<div id=\"article_body\" itemprop=\"articleBody\">\n<h3 class=\"firstPara\">\n<strong class=\"autotag\">Manchester United<\/strong> seraient dispos\u00e9s \u00e0 signer <strong class=\"autotag\">Gabriel Barbosa<\/strong> en janvier et sommes pr\u00eats \u00e0 offrir <strong class=\"autotag\">Antoine<\/strong> \u00e0 <strong class=\"autotag\">Flamengo<\/strong> dans le cadre de l\u2019accord potentiel.<\/h3>\n<p>Les Diables Rouges se pr\u00e9pareraient \u00e0 recruter un nouvel avant-centre lors du mercato hivernal, avec <strong class=\"autotag\">Rasmus Hojlund<\/strong> besoin de soutien dans le dernier tiers du terrain.<\/p>\n<p>Hojlund a marqu\u00e9 trois fois depuis son arriv\u00e9e de l&rsquo;Atalanta BC, mais il n&rsquo;a pas encore \u00e9t\u00e9 inscrit en Premier League, tandis que <strong class=\"autotag\">Antoine Martial<\/strong> a \u00e9galement connu des difficult\u00e9s ce mandat, ne r\u00e9ussissant qu&rsquo;un seul but.<\/p>\n<p>Selon <em>Le miroir<\/em>Barbosa est devenue une v\u00e9ritable cible pour <strong class=\"autotag\">Erik Ten Hag<\/strong>du c\u00f4t\u00e9, le Br\u00e9silien devrait \u00eatre disponible pour environ 20 millions de livres sterling en janvier, son contrat avec Flamengo devant expirer en d\u00e9cembre 2024.<\/p>\n<p>Le rapport affirme qu&rsquo;Antony, qui a connu des difficult\u00e9s cette saison, pourrait \u00eatre pr\u00eat\u00e9 au club br\u00e9silien dans le cadre de l&rsquo;accord.<\/p>\n<p class=\"imgI\">\n<p>Antony, 23 ans, n&rsquo;a pas inscrit un seul but ni aucune passe d\u00e9cisive en 10 apparitions pour Man United en 2023-24, et il a de nouveau eu du mal \u00e0 faire sa marque en tant que titulaire contre Fulham samedi.<\/p>\n<p>L&rsquo;entra\u00eeneur-chef des Red Devils, Ten Hag, a r\u00e9cemment admis que le \u00ab\u00a0bruit\u00a0\u00bb entourant l&rsquo;international br\u00e9silien avait eu un impact sur sa forme au cours des premiers mois de la campagne.<\/p>\n<p>Antony a r\u00e9cemment obtenu un cong\u00e9 de Man United pour faire face aux all\u00e9gations d&rsquo;abus qui lui ont \u00e9t\u00e9 adress\u00e9es par son ex-petite amie et au moins une autre femme.<\/p>\n<p>L&rsquo;attaquant a \u00e9t\u00e9 interrog\u00e9 par la police \u00e0 Manchester et \u00e0 Sao Paulo, mais il a toujours clam\u00e9 son innocence et coop\u00e9rerait pleinement avec la police.<\/p>\n<p class=\"imgI\"><img decoding=\"async\" loading=\"lazy\" class=\"l\" src=\"https:\/\/footdavant.fr\/actualites\/wp-content\/uploads\/2023\/11\/Manchester-United-proposera-un-pret-a-Antony-dans-le-cadre.jpeg\" title=\"Gabriel Barbosa en action pour Flamengo le 18 septembre 2022\" alt=\"Gabriel Barbosa en action pour Flamengo le 18 septembre 2022\" width=\"640\" height=\"480\"><\/p>\n<p>Un \u00e9loignement \u00e0 court terme de Man United pourrait donc \u00eatre b\u00e9n\u00e9fique, Barbosa \u00e9voluant potentiellement dans la direction oppos\u00e9e pour renforcer l&rsquo;attaque de l&rsquo;\u00e9quipe.<\/p>\n<p>Le joueur de 27 ans a d\u00e9but\u00e9 sa carri\u00e8re professionnelle \u00e0 Santos avant de rejoindre l&rsquo;Inter Milan en 2016, mais il n&rsquo;a marqu\u00e9 qu&rsquo;un seul but en 10 apparitions pour l&rsquo;\u00e9quipe italienne.<\/p>\n<p>Barbosa a reconstruit sa r\u00e9putation au Br\u00e9sil, avec un record de 139 buts et 38 passes d\u00e9cisives en 246 apparitions pour Flamengo toutes comp\u00e9titions confondues.<\/p>\n<p>L&rsquo;attaquant a marqu\u00e9 18 buts et enregistr\u00e9 quatre passes d\u00e9cisives en 53 matches cette saison, bien qu&rsquo;il n&rsquo;ait marqu\u00e9 que cinq fois en 23 matches de championnat pour l&rsquo;\u00e9quipe de Rio de Janeiro au cours de la saison en cours.<\/p>\n<p><strong class=\"autotag\">Casemiro<\/strong>absent ces prochaines semaines en raison d&rsquo;un probl\u00e8me aux ischio-jambiers, est le meilleur buteur de Man United cette saison avec quatre buts, tandis que <strong class=\"autotag\">Marcus Rashford<\/strong> n\u2019a marqu\u00e9 qu\u2019une seule fois.<\/p>\n<\/div>\n","protected":false},"excerpt":{"rendered":"<p>Manchester United souhaite signer Gabriel Barbosa en janvier et est pr\u00eat \u00e0 proposer Antony \u00e0 Flamengo dans le cadre de l&rsquo;accord, selon un rapport. Manchester<\/p>\n","protected":false},"author":1,"featured_media":584,"comment_status":"closed","ping_status":"","sticky":false,"template":"","format":"standard","meta":{"footnotes":""},"categories":[5],"tags":[753,91,755,754,19,233,714,11,165,752,13],"yoast_head":"<!-- This site is optimized with the Yoast SEO plugin v21.0 - https:\/\/yoast.com\/wordpress\/plugins\/seo\/ -->\n<title>Manchester United &quot;proposera un pr\u00eat \u00e0 Antony dans le cadre de l&#039;accord avec Gabriel Barbosa&quot;<\/title>\n<meta name=\"robots\" content=\"index, follow, max-snippet:-1, max-image-preview:large, max-video-preview:-1\" \/>\n<link rel=\"canonical\" href=\"https:\/\/footdavant.fr\/actualites\/manchester-united-proposera-un-pret-a-antony-dans-le-cadre-de-laccord-avec-gabriel-barbosa\/\" \/>\n<meta property=\"og:locale\" content=\"fr_FR\" \/>\n<meta property=\"og:type\" content=\"article\" \/>\n<meta property=\"og:title\" content=\"Manchester United &quot;proposera un pr\u00eat \u00e0 Antony dans le cadre de l&#039;accord avec Gabriel Barbosa&quot;\" \/>\n<meta property=\"og:description\" content=\"Manchester United souhaite signer Gabriel Barbosa en janvier et est pr\u00eat \u00e0 proposer Antony \u00e0 Flamengo dans le cadre de l&rsquo;accord, selon un rapport. Manchester\" \/>\n<meta property=\"og:url\" content=\"https:\/\/footdavant.fr\/actualites\/manchester-united-proposera-un-pret-a-antony-dans-le-cadre-de-laccord-avec-gabriel-barbosa\/\" \/>\n<meta property=\"og:site_name\" content=\"Foot d&#039;avant\" \/>\n<meta property=\"article:publisher\" content=\"https:\/\/www.facebook.com\/Footdavant\/\" \/>\n<meta property=\"article:published_time\" content=\"2023-11-09T01:48:07+00:00\" \/>\n<meta property=\"article:modified_time\" content=\"2023-11-09T01:48:08+00:00\" \/>\n<meta property=\"og:image\" content=\"https:\/\/footdavant.fr\/actualites\/wp-content\/uploads\/2023\/11\/Manchester-United-proposera-un-pret-a-Antony-dans-le-cadre.JPG\" \/>\n\t<meta property=\"og:image:width\" content=\"640\" \/>\n\t<meta property=\"og:image:height\" content=\"480\" \/>\n\t<meta property=\"og:image:type\" content=\"image\/jpeg\" \/>\n<meta name=\"author\" content=\"Cl\u00e9ment\" \/>\n<meta name=\"twitter:card\" content=\"summary_large_image\" \/>\n<meta name=\"twitter:creator\" content=\"@FootdavantFr\" \/>\n<meta name=\"twitter:site\" content=\"@FootdavantFr\" \/>\n<meta name=\"twitter:label1\" content=\"\u00c9crit par\" \/>\n\t<meta name=\"twitter:data1\" content=\"Cl\u00e9ment\" \/>\n\t<meta name=\"twitter:label2\" content=\"Dur\u00e9e de lecture estim\u00e9e\" \/>\n\t<meta name=\"twitter:data2\" content=\"2 minutes\" \/>\n<script type=\"application\/ld+json\" class=\"yoast-schema-graph\">{\"@context\":\"https:\/\/schema.org\",\"@graph\":[{\"@type\":\"Article\",\"@id\":\"https:\/\/footdavant.fr\/actualites\/manchester-united-proposera-un-pret-a-antony-dans-le-cadre-de-laccord-avec-gabriel-barbosa\/#article\",\"isPartOf\":{\"@id\":\"https:\/\/footdavant.fr\/actualites\/manchester-united-proposera-un-pret-a-antony-dans-le-cadre-de-laccord-avec-gabriel-barbosa\/\"},\"author\":{\"name\":\"Cl\u00e9ment\",\"@id\":\"https:\/\/footdavant.fr\/actualites\/#\/schema\/person\/bc222566d95871b37e597b3ed3ba5e1d\"},\"headline\":\"Manchester United \u00ab\u00a0proposera un pr\u00eat \u00e0 Antony dans le cadre de l&rsquo;accord avec Gabriel Barbosa\u00a0\u00bb\",\"datePublished\":\"2023-11-09T01:48:07+00:00\",\"dateModified\":\"2023-11-09T01:48:08+00:00\",\"mainEntityOfPage\":{\"@id\":\"https:\/\/footdavant.fr\/actualites\/manchester-united-proposera-un-pret-a-antony-dans-le-cadre-de-laccord-avec-gabriel-barbosa\/\"},\"wordCount\":477,\"publisher\":{\"@id\":\"https:\/\/footdavant.fr\/actualites\/#organization\"},\"keywords\":[\"Antony\",\"avec\",\"Barbosa\",\"cadre\",\"dans\",\"Gabriel\",\"laccord\",\"Manchester\",\"pr\u00eat\",\"proposera\",\"United\"],\"articleSection\":[\"Premier League\"],\"inLanguage\":\"fr-FR\"},{\"@type\":\"WebPage\",\"@id\":\"https:\/\/footdavant.fr\/actualites\/manchester-united-proposera-un-pret-a-antony-dans-le-cadre-de-laccord-avec-gabriel-barbosa\/\",\"url\":\"https:\/\/footdavant.fr\/actualites\/manchester-united-proposera-un-pret-a-antony-dans-le-cadre-de-laccord-avec-gabriel-barbosa\/\",\"name\":\"Manchester United \\\"proposera un pr\u00eat \u00e0 Antony dans le cadre de l'accord avec Gabriel Barbosa\\\"\",\"isPartOf\":{\"@id\":\"https:\/\/footdavant.fr\/actualites\/#website\"},\"datePublished\":\"2023-11-09T01:48:07+00:00\",\"dateModified\":\"2023-11-09T01:48:08+00:00\",\"breadcrumb\":{\"@id\":\"https:\/\/footdavant.fr\/actualites\/manchester-united-proposera-un-pret-a-antony-dans-le-cadre-de-laccord-avec-gabriel-barbosa\/#breadcrumb\"},\"inLanguage\":\"fr-FR\",\"potentialAction\":[{\"@type\":\"ReadAction\",\"target\":[\"https:\/\/footdavant.fr\/actualites\/manchester-united-proposera-un-pret-a-antony-dans-le-cadre-de-laccord-avec-gabriel-barbosa\/\"]}]},{\"@type\":\"BreadcrumbList\",\"@id\":\"https:\/\/footdavant.fr\/actualites\/manchester-united-proposera-un-pret-a-antony-dans-le-cadre-de-laccord-avec-gabriel-barbosa\/#breadcrumb\",\"itemListElement\":[{\"@type\":\"ListItem\",\"position\":1,\"name\":\"Accueil\",\"item\":\"https:\/\/footdavant.fr\/actualites\/\"},{\"@type\":\"ListItem\",\"position\":2,\"name\":\"Manchester United \u00ab\u00a0proposera un pr\u00eat \u00e0 Antony dans le cadre de l&rsquo;accord avec Gabriel Barbosa\u00a0\u00bb\"}]},{\"@type\":\"WebSite\",\"@id\":\"https:\/\/footdavant.fr\/actualites\/#website\",\"url\":\"https:\/\/footdavant.fr\/actualites\/\",\"name\":\"Foot d'avant\",\"description\":\"\",\"publisher\":{\"@id\":\"https:\/\/footdavant.fr\/actualites\/#organization\"},\"potentialAction\":[{\"@type\":\"SearchAction\",\"target\":{\"@type\":\"EntryPoint\",\"urlTemplate\":\"https:\/\/footdavant.fr\/actualites\/?s={search_term_string}\"},\"query-input\":\"required name=search_term_string\"}],\"inLanguage\":\"fr-FR\"},{\"@type\":\"Organization\",\"@id\":\"https:\/\/footdavant.fr\/actualites\/#organization\",\"name\":\"Foot d'avant\",\"url\":\"https:\/\/footdavant.fr\/actualites\/\",\"logo\":{\"@type\":\"ImageObject\",\"inLanguage\":\"fr-FR\",\"@id\":\"https:\/\/footdavant.fr\/actualites\/#\/schema\/logo\/image\/\",\"url\":\"https:\/\/footdavant.fr\/actualites\/wp-content\/uploads\/2023\/09\/Copy-of-FootDavant-Logo.png\",\"contentUrl\":\"https:\/\/footdavant.fr\/actualites\/wp-content\/uploads\/2023\/09\/Copy-of-FootDavant-Logo.png\",\"width\":936,\"height\":549,\"caption\":\"Foot d'avant\"},\"image\":{\"@id\":\"https:\/\/footdavant.fr\/actualites\/#\/schema\/logo\/image\/\"},\"sameAs\":[\"https:\/\/www.facebook.com\/Footdavant\/\",\"https:\/\/twitter.com\/FootdavantFr\",\"https:\/\/www.instagram.com\/footdavant.fr\/\"]},{\"@type\":\"Person\",\"@id\":\"https:\/\/footdavant.fr\/actualites\/#\/schema\/person\/bc222566d95871b37e597b3ed3ba5e1d\",\"name\":\"Cl\u00e9ment\",\"image\":{\"@type\":\"ImageObject\",\"inLanguage\":\"fr-FR\",\"@id\":\"https:\/\/footdavant.fr\/actualites\/#\/schema\/person\/image\/\",\"url\":\"https:\/\/secure.gravatar.com\/avatar\/7728b29aac2719421e1a9159b2254c44?s=96&d=mm&r=g\",\"contentUrl\":\"https:\/\/secure.gravatar.com\/avatar\/7728b29aac2719421e1a9159b2254c44?s=96&d=mm&r=g\",\"caption\":\"Cl\u00e9ment\"},\"sameAs\":[\"https:\/\/footdavant.fr\/\"]}]}<\/script>\n<!-- \/ Yoast SEO plugin. -->","yoast_head_json":{"title":"Manchester United \"proposera un pr\u00eat \u00e0 Antony dans le cadre de l'accord avec Gabriel Barbosa\"","robots":{"index":"index","follow":"follow","max-snippet":"max-snippet:-1","max-image-preview":"max-image-preview:large","max-video-preview":"max-video-preview:-1"},"canonical":"https:\/\/footdavant.fr\/actualites\/manchester-united-proposera-un-pret-a-antony-dans-le-cadre-de-laccord-avec-gabriel-barbosa\/","og_locale":"fr_FR","og_type":"article","og_title":"Manchester United \"proposera un pr\u00eat \u00e0 Antony dans le cadre de l'accord avec Gabriel Barbosa\"","og_description":"Manchester United souhaite signer Gabriel Barbosa en janvier et est pr\u00eat \u00e0 proposer Antony \u00e0 Flamengo dans le cadre de l&rsquo;accord, selon un rapport. Manchester","og_url":"https:\/\/footdavant.fr\/actualites\/manchester-united-proposera-un-pret-a-antony-dans-le-cadre-de-laccord-avec-gabriel-barbosa\/","og_site_name":"Foot d&#039;avant","article_publisher":"https:\/\/www.facebook.com\/Footdavant\/","article_published_time":"2023-11-09T01:48:07+00:00","article_modified_time":"2023-11-09T01:48:08+00:00","og_image":[{"width":640,"height":480,"url":"https:\/\/footdavant.fr\/actualites\/wp-content\/uploads\/2023\/11\/Manchester-United-proposera-un-pret-a-Antony-dans-le-cadre.JPG","type":"image\/jpeg"}],"author":"Cl\u00e9ment","twitter_card":"summary_large_image","twitter_creator":"@FootdavantFr","twitter_site":"@FootdavantFr","twitter_misc":{"\u00c9crit par":"Cl\u00e9ment","Dur\u00e9e de lecture estim\u00e9e":"2 minutes"},"schema":{"@context":"https:\/\/schema.org","@graph":[{"@type":"Article","@id":"https:\/\/footdavant.fr\/actualites\/manchester-united-proposera-un-pret-a-antony-dans-le-cadre-de-laccord-avec-gabriel-barbosa\/#article","isPartOf":{"@id":"https:\/\/footdavant.fr\/actualites\/manchester-united-proposera-un-pret-a-antony-dans-le-cadre-de-laccord-avec-gabriel-barbosa\/"},"author":{"name":"Cl\u00e9ment","@id":"https:\/\/footdavant.fr\/actualites\/#\/schema\/person\/bc222566d95871b37e597b3ed3ba5e1d"},"headline":"Manchester United \u00ab\u00a0proposera un pr\u00eat \u00e0 Antony dans le cadre de l&rsquo;accord avec Gabriel Barbosa\u00a0\u00bb","datePublished":"2023-11-09T01:48:07+00:00","dateModified":"2023-11-09T01:48:08+00:00","mainEntityOfPage":{"@id":"https:\/\/footdavant.fr\/actualites\/manchester-united-proposera-un-pret-a-antony-dans-le-cadre-de-laccord-avec-gabriel-barbosa\/"},"wordCount":477,"publisher":{"@id":"https:\/\/footdavant.fr\/actualites\/#organization"},"keywords":["Antony","avec","Barbosa","cadre","dans","Gabriel","laccord","Manchester","pr\u00eat","proposera","United"],"articleSection":["Premier League"],"inLanguage":"fr-FR"},{"@type":"WebPage","@id":"https:\/\/footdavant.fr\/actualites\/manchester-united-proposera-un-pret-a-antony-dans-le-cadre-de-laccord-avec-gabriel-barbosa\/","url":"https:\/\/footdavant.fr\/actualites\/manchester-united-proposera-un-pret-a-antony-dans-le-cadre-de-laccord-avec-gabriel-barbosa\/","name":"Manchester United \"proposera un pr\u00eat \u00e0 Antony dans le cadre de l'accord avec Gabriel Barbosa\"","isPartOf":{"@id":"https:\/\/footdavant.fr\/actualites\/#website"},"datePublished":"2023-11-09T01:48:07+00:00","dateModified":"2023-11-09T01:48:08+00:00","breadcrumb":{"@id":"https:\/\/footdavant.fr\/actualites\/manchester-united-proposera-un-pret-a-antony-dans-le-cadre-de-laccord-avec-gabriel-barbosa\/#breadcrumb"},"inLanguage":"fr-FR","potentialAction":[{"@type":"ReadAction","target":["https:\/\/footdavant.fr\/actualites\/manchester-united-proposera-un-pret-a-antony-dans-le-cadre-de-laccord-avec-gabriel-barbosa\/"]}]},{"@type":"BreadcrumbList","@id":"https:\/\/footdavant.fr\/actualites\/manchester-united-proposera-un-pret-a-antony-dans-le-cadre-de-laccord-avec-gabriel-barbosa\/#breadcrumb","itemListElement":[{"@type":"ListItem","position":1,"name":"Accueil","item":"https:\/\/footdavant.fr\/actualites\/"},{"@type":"ListItem","position":2,"name":"Manchester United \u00ab\u00a0proposera un pr\u00eat \u00e0 Antony dans le cadre de l&rsquo;accord avec Gabriel Barbosa\u00a0\u00bb"}]},{"@type":"WebSite","@id":"https:\/\/footdavant.fr\/actualites\/#website","url":"https:\/\/footdavant.fr\/actualites\/","name":"Foot d'avant","description":"","publisher":{"@id":"https:\/\/footdavant.fr\/actualites\/#organization"},"potentialAction":[{"@type":"SearchAction","target":{"@type":"EntryPoint","urlTemplate":"https:\/\/footdavant.fr\/actualites\/?s={search_term_string}"},"query-input":"required name=search_term_string"}],"inLanguage":"fr-FR"},{"@type":"Organization","@id":"https:\/\/footdavant.fr\/actualites\/#organization","name":"Foot d'avant","url":"https:\/\/footdavant.fr\/actualites\/","logo":{"@type":"ImageObject","inLanguage":"fr-FR","@id":"https:\/\/footdavant.fr\/actualites\/#\/schema\/logo\/image\/","url":"https:\/\/footdavant.fr\/actualites\/wp-content\/uploads\/2023\/09\/Copy-of-FootDavant-Logo.png","contentUrl":"https:\/\/footdavant.fr\/actualites\/wp-content\/uploads\/2023\/09\/Copy-of-FootDavant-Logo.png","width":936,"height":549,"caption":"Foot d'avant"},"image":{"@id":"https:\/\/footdavant.fr\/actualites\/#\/schema\/logo\/image\/"},"sameAs":["https:\/\/www.facebook.com\/Footdavant\/","https:\/\/twitter.com\/FootdavantFr","https:\/\/www.instagram.com\/footdavant.fr\/"]},{"@type":"Person","@id":"https:\/\/footdavant.fr\/actualites\/#\/schema\/person\/bc222566d95871b37e597b3ed3ba5e1d","name":"Cl\u00e9ment","image":{"@type":"ImageObject","inLanguage":"fr-FR","@id":"https:\/\/footdavant.fr\/actualites\/#\/schema\/person\/image\/","url":"https:\/\/secure.gravatar.com\/avatar\/7728b29aac2719421e1a9159b2254c44?s=96&d=mm&r=g","contentUrl":"https:\/\/secure.gravatar.com\/avatar\/7728b29aac2719421e1a9159b2254c44?s=96&d=mm&r=g","caption":"Cl\u00e9ment"},"sameAs":["https:\/\/footdavant.fr\/"]}]}},"_links":{"self":[{"href":"https:\/\/footdavant.fr\/actualites\/wp-json\/wp\/v2\/posts\/583"}],"collection":[{"href":"https:\/\/footdavant.fr\/actualites\/wp-json\/wp\/v2\/posts"}],"about":[{"href":"https:\/\/footdavant.fr\/actualites\/wp-json\/wp\/v2\/types\/post"}],"author":[{"embeddable":true,"href":"https:\/\/footdavant.fr\/actualites\/wp-json\/wp\/v2\/users\/1"}],"replies":[{"embeddable":true,"href":"https:\/\/footdavant.fr\/actualites\/wp-json\/wp\/v2\/comments?post=583"}],"version-history":[{"count":1,"href":"https:\/\/footdavant.fr\/actualites\/wp-json\/wp\/v2\/posts\/583\/revisions"}],"predecessor-version":[{"id":585,"href":"https:\/\/footdavant.fr\/actualites\/wp-json\/wp\/v2\/posts\/583\/revisions\/585"}],"wp:featuredmedia":[{"embeddable":true,"href":"https:\/\/footdavant.fr\/actualites\/wp-json\/wp\/v2\/media\/584"}],"wp:attachment":[{"href":"https:\/\/footdavant.fr\/actualites\/wp-json\/wp\/v2\/media?parent=583"}],"wp:term":[{"taxonomy":"category","embeddable":true,"href":"https:\/\/footdavant.fr\/actualites\/wp-json\/wp\/v2\/categories?post=583"},{"taxonomy":"post_tag","embeddable":true,"href":"https:\/\/footdavant.fr\/actualites\/wp-json\/wp\/v2\/tags?post=583"}],"curies":[{"name":"wp","href":"https:\/\/api.w.org\/{rel}","templated":true}]}}