{"id":586,"date":"2023-11-09T03:55:02","date_gmt":"2023-11-09T02:55:02","guid":{"rendered":"https:\/\/footdavant.fr\/actualites\/le-pilier-de-liverpool-devrait-rater-son-voyage-en-france-pour-le-choc-de-la-ligue-europa\/"},"modified":"2023-11-09T03:55:03","modified_gmt":"2023-11-09T02:55:03","slug":"le-pilier-de-liverpool-devrait-rater-son-voyage-en-france-pour-le-choc-de-la-ligue-europa","status":"publish","type":"post","link":"https:\/\/footdavant.fr\/actualites\/le-pilier-de-liverpool-devrait-rater-son-voyage-en-france-pour-le-choc-de-la-ligue-europa\/","title":{"rendered":"Le pilier de Liverpool devrait rater son voyage en France pour le choc de la Ligue Europa"},"content":{"rendered":"<p><\/p>\n<div id=\"article-body\">\n<!-- Article Start --><\/p>\n<p>Les fans de Liverpool savent que la Ligue Europa est le lieu o\u00f9 nous proc\u00e9dons \u00e0 des changements importants dans notre \u00e9quipe, mais il y a eu une surprise avant notre dernier match.<\/p>\n<p>Lorsque le club, vialiverpoolfc.com, a publi\u00e9 la liste compl\u00e8te de l&rsquo;\u00e9quipe avant le voyage en France, il y a eu une omission int\u00e9ressante dans la liste : Virgil van Dijk.<\/p>\n<p>Notre capitaine a d\u00e9j\u00e0 fait 10 apparitions cette saison et cela est donc probablement d\u00fb \u00e0 la rotation de Jurgen Klopp et s&rsquo;il n&rsquo;a pas l&rsquo;intention de jouer le r\u00f4le de skipper, alors il n&rsquo;a pas non plus besoin de voyager.<\/p>\n<\/p>\n<p>Cela devrait offrir une autre opportunit\u00e9 \u00e0 Jarell Quansah et peu de gens seront contrari\u00e9s de revoir le d\u00e9fenseur n\u00e9 \u00e0 Warrington dans l&rsquo;\u00e9quipe.<\/p>\n<p>Le joueur de 20 ans a \u00e9t\u00e9 une lumi\u00e8re brillante pour notre acad\u00e9mie cette saison et a apais\u00e9 les inqui\u00e9tudes concernant le manque de couverture centrale, qui \u00e9tait pr\u00e9sente avant le d\u00e9but de la campagne.<\/p>\n<p>Une victoire de plus est tout ce dont nous avons besoin pour assurer la progression vers le tour suivant de la comp\u00e9tition europ\u00e9enne et l&rsquo;entra\u00eeneur voudra donc r\u00e9gler tous les d\u00e9tails le plus rapidement possible.<\/p>\n<\/p>\n<p>Cela devrait signifier une \u00e9quipe semi-forte contre Toulouse, avant, esp\u00e9rons-le, un repos complet pour les deux derniers matchs de la phase de groupes.<\/p>\n<p>Pour l\u2019instant, nous pouvons simplement nous r\u00e9jouir qu\u2019une absence de notre n\u00b04 soit uniquement li\u00e9e au fait de lui laisser un cong\u00e9 bien m\u00e9rit\u00e9.<\/p>\n<p>\ud83d\udcd6<\/p>\n<p><span class=\"embed-youtube\" style=\"text-align:center; display: block;\"><\/span><\/p>\n<p><!-- Article End -->\t\t\t\t<\/div>\n","protected":false},"excerpt":{"rendered":"<p>Les fans de Liverpool savent que la Ligue Europa est le lieu o\u00f9 nous proc\u00e9dons \u00e0 des changements importants dans notre \u00e9quipe, mais il y<\/p>\n","protected":false},"author":1,"featured_media":587,"comment_status":"closed","ping_status":"","sticky":false,"template":"","format":"standard","meta":{"footnotes":""},"categories":[3],"tags":[332,757,761,760,30,53,756,51,758,86,759],"yoast_head":"<!-- This site is optimized with the Yoast SEO plugin v21.0 - https:\/\/yoast.com\/wordpress\/plugins\/seo\/ -->\n<title>Le pilier de Liverpool devrait rater son voyage en France pour le choc de la Ligue Europa<\/title>\n<meta name=\"robots\" content=\"index, follow, max-snippet:-1, max-image-preview:large, max-video-preview:-1\" \/>\n<link rel=\"canonical\" href=\"https:\/\/footdavant.fr\/actualites\/le-pilier-de-liverpool-devrait-rater-son-voyage-en-france-pour-le-choc-de-la-ligue-europa\/\" \/>\n<meta property=\"og:locale\" content=\"fr_FR\" \/>\n<meta property=\"og:type\" content=\"article\" \/>\n<meta property=\"og:title\" content=\"Le pilier de Liverpool devrait rater son voyage en France pour le choc de la Ligue Europa\" \/>\n<meta property=\"og:description\" content=\"Les fans de Liverpool savent que la Ligue Europa est le lieu o\u00f9 nous proc\u00e9dons \u00e0 des changements importants dans notre \u00e9quipe, mais il y\" \/>\n<meta property=\"og:url\" content=\"https:\/\/footdavant.fr\/actualites\/le-pilier-de-liverpool-devrait-rater-son-voyage-en-france-pour-le-choc-de-la-ligue-europa\/\" \/>\n<meta property=\"og:site_name\" content=\"Foot d&#039;avant\" \/>\n<meta property=\"article:publisher\" content=\"https:\/\/www.facebook.com\/Footdavant\/\" \/>\n<meta property=\"article:published_time\" content=\"2023-11-09T02:55:02+00:00\" \/>\n<meta property=\"article:modified_time\" content=\"2023-11-09T02:55:03+00:00\" \/>\n<meta property=\"og:image\" content=\"https:\/\/footdavant.fr\/actualites\/wp-content\/uploads\/2023\/11\/Le-pilier-de-Liverpool-devrait-rater-son-voyage-en-France.jpg\" \/>\n\t<meta property=\"og:image:width\" content=\"1920\" \/>\n\t<meta property=\"og:image:height\" content=\"960\" \/>\n\t<meta property=\"og:image:type\" content=\"image\/jpeg\" \/>\n<meta name=\"author\" content=\"Cl\u00e9ment\" \/>\n<meta name=\"twitter:card\" content=\"summary_large_image\" \/>\n<meta name=\"twitter:creator\" content=\"@FootdavantFr\" \/>\n<meta name=\"twitter:site\" content=\"@FootdavantFr\" \/>\n<meta name=\"twitter:label1\" content=\"\u00c9crit par\" \/>\n\t<meta name=\"twitter:data1\" content=\"Cl\u00e9ment\" \/>\n\t<meta name=\"twitter:label2\" content=\"Dur\u00e9e de lecture estim\u00e9e\" \/>\n\t<meta name=\"twitter:data2\" content=\"1 minute\" \/>\n<script type=\"application\/ld+json\" class=\"yoast-schema-graph\">{\"@context\":\"https:\/\/schema.org\",\"@graph\":[{\"@type\":\"Article\",\"@id\":\"https:\/\/footdavant.fr\/actualites\/le-pilier-de-liverpool-devrait-rater-son-voyage-en-france-pour-le-choc-de-la-ligue-europa\/#article\",\"isPartOf\":{\"@id\":\"https:\/\/footdavant.fr\/actualites\/le-pilier-de-liverpool-devrait-rater-son-voyage-en-france-pour-le-choc-de-la-ligue-europa\/\"},\"author\":{\"name\":\"Cl\u00e9ment\",\"@id\":\"https:\/\/footdavant.fr\/actualites\/#\/schema\/person\/bc222566d95871b37e597b3ed3ba5e1d\"},\"headline\":\"Le pilier de Liverpool devrait rater son voyage en France pour le choc de la Ligue Europa\",\"datePublished\":\"2023-11-09T02:55:02+00:00\",\"dateModified\":\"2023-11-09T02:55:03+00:00\",\"mainEntityOfPage\":{\"@id\":\"https:\/\/footdavant.fr\/actualites\/le-pilier-de-liverpool-devrait-rater-son-voyage-en-france-pour-le-choc-de-la-ligue-europa\/\"},\"wordCount\":281,\"publisher\":{\"@id\":\"https:\/\/footdavant.fr\/actualites\/#organization\"},\"keywords\":[\"choc\",\"devrait\",\"Europa\",\"France\",\"Ligue\",\"Liverpool\",\"pilier\",\"pour\",\"rater\",\"son\",\"voyage\"],\"articleSection\":[\"Football\"],\"inLanguage\":\"fr-FR\"},{\"@type\":\"WebPage\",\"@id\":\"https:\/\/footdavant.fr\/actualites\/le-pilier-de-liverpool-devrait-rater-son-voyage-en-france-pour-le-choc-de-la-ligue-europa\/\",\"url\":\"https:\/\/footdavant.fr\/actualites\/le-pilier-de-liverpool-devrait-rater-son-voyage-en-france-pour-le-choc-de-la-ligue-europa\/\",\"name\":\"Le pilier de Liverpool devrait rater son voyage en France pour le choc de la Ligue Europa\",\"isPartOf\":{\"@id\":\"https:\/\/footdavant.fr\/actualites\/#website\"},\"datePublished\":\"2023-11-09T02:55:02+00:00\",\"dateModified\":\"2023-11-09T02:55:03+00:00\",\"breadcrumb\":{\"@id\":\"https:\/\/footdavant.fr\/actualites\/le-pilier-de-liverpool-devrait-rater-son-voyage-en-france-pour-le-choc-de-la-ligue-europa\/#breadcrumb\"},\"inLanguage\":\"fr-FR\",\"potentialAction\":[{\"@type\":\"ReadAction\",\"target\":[\"https:\/\/footdavant.fr\/actualites\/le-pilier-de-liverpool-devrait-rater-son-voyage-en-france-pour-le-choc-de-la-ligue-europa\/\"]}]},{\"@type\":\"BreadcrumbList\",\"@id\":\"https:\/\/footdavant.fr\/actualites\/le-pilier-de-liverpool-devrait-rater-son-voyage-en-france-pour-le-choc-de-la-ligue-europa\/#breadcrumb\",\"itemListElement\":[{\"@type\":\"ListItem\",\"position\":1,\"name\":\"Accueil\",\"item\":\"https:\/\/footdavant.fr\/actualites\/\"},{\"@type\":\"ListItem\",\"position\":2,\"name\":\"Le pilier de Liverpool devrait rater son voyage en France pour le choc de la Ligue Europa\"}]},{\"@type\":\"WebSite\",\"@id\":\"https:\/\/footdavant.fr\/actualites\/#website\",\"url\":\"https:\/\/footdavant.fr\/actualites\/\",\"name\":\"Foot d'avant\",\"description\":\"\",\"publisher\":{\"@id\":\"https:\/\/footdavant.fr\/actualites\/#organization\"},\"potentialAction\":[{\"@type\":\"SearchAction\",\"target\":{\"@type\":\"EntryPoint\",\"urlTemplate\":\"https:\/\/footdavant.fr\/actualites\/?s={search_term_string}\"},\"query-input\":\"required name=search_term_string\"}],\"inLanguage\":\"fr-FR\"},{\"@type\":\"Organization\",\"@id\":\"https:\/\/footdavant.fr\/actualites\/#organization\",\"name\":\"Foot d'avant\",\"url\":\"https:\/\/footdavant.fr\/actualites\/\",\"logo\":{\"@type\":\"ImageObject\",\"inLanguage\":\"fr-FR\",\"@id\":\"https:\/\/footdavant.fr\/actualites\/#\/schema\/logo\/image\/\",\"url\":\"https:\/\/footdavant.fr\/actualites\/wp-content\/uploads\/2023\/09\/Copy-of-FootDavant-Logo.png\",\"contentUrl\":\"https:\/\/footdavant.fr\/actualites\/wp-content\/uploads\/2023\/09\/Copy-of-FootDavant-Logo.png\",\"width\":936,\"height\":549,\"caption\":\"Foot d'avant\"},\"image\":{\"@id\":\"https:\/\/footdavant.fr\/actualites\/#\/schema\/logo\/image\/\"},\"sameAs\":[\"https:\/\/www.facebook.com\/Footdavant\/\",\"https:\/\/twitter.com\/FootdavantFr\",\"https:\/\/www.instagram.com\/footdavant.fr\/\"]},{\"@type\":\"Person\",\"@id\":\"https:\/\/footdavant.fr\/actualites\/#\/schema\/person\/bc222566d95871b37e597b3ed3ba5e1d\",\"name\":\"Cl\u00e9ment\",\"image\":{\"@type\":\"ImageObject\",\"inLanguage\":\"fr-FR\",\"@id\":\"https:\/\/footdavant.fr\/actualites\/#\/schema\/person\/image\/\",\"url\":\"https:\/\/secure.gravatar.com\/avatar\/7728b29aac2719421e1a9159b2254c44?s=96&d=mm&r=g\",\"contentUrl\":\"https:\/\/secure.gravatar.com\/avatar\/7728b29aac2719421e1a9159b2254c44?s=96&d=mm&r=g\",\"caption\":\"Cl\u00e9ment\"},\"sameAs\":[\"https:\/\/footdavant.fr\/\"]}]}<\/script>\n<!-- \/ Yoast SEO plugin. -->","yoast_head_json":{"title":"Le pilier de Liverpool devrait rater son voyage en France pour le choc de la Ligue Europa","robots":{"index":"index","follow":"follow","max-snippet":"max-snippet:-1","max-image-preview":"max-image-preview:large","max-video-preview":"max-video-preview:-1"},"canonical":"https:\/\/footdavant.fr\/actualites\/le-pilier-de-liverpool-devrait-rater-son-voyage-en-france-pour-le-choc-de-la-ligue-europa\/","og_locale":"fr_FR","og_type":"article","og_title":"Le pilier de Liverpool devrait rater son voyage en France pour le choc de la Ligue Europa","og_description":"Les fans de Liverpool savent que la Ligue Europa est le lieu o\u00f9 nous proc\u00e9dons \u00e0 des changements importants dans notre \u00e9quipe, mais il y","og_url":"https:\/\/footdavant.fr\/actualites\/le-pilier-de-liverpool-devrait-rater-son-voyage-en-france-pour-le-choc-de-la-ligue-europa\/","og_site_name":"Foot d&#039;avant","article_publisher":"https:\/\/www.facebook.com\/Footdavant\/","article_published_time":"2023-11-09T02:55:02+00:00","article_modified_time":"2023-11-09T02:55:03+00:00","og_image":[{"width":1920,"height":960,"url":"https:\/\/footdavant.fr\/actualites\/wp-content\/uploads\/2023\/11\/Le-pilier-de-Liverpool-devrait-rater-son-voyage-en-France.jpg","type":"image\/jpeg"}],"author":"Cl\u00e9ment","twitter_card":"summary_large_image","twitter_creator":"@FootdavantFr","twitter_site":"@FootdavantFr","twitter_misc":{"\u00c9crit par":"Cl\u00e9ment","Dur\u00e9e de lecture estim\u00e9e":"1 minute"},"schema":{"@context":"https:\/\/schema.org","@graph":[{"@type":"Article","@id":"https:\/\/footdavant.fr\/actualites\/le-pilier-de-liverpool-devrait-rater-son-voyage-en-france-pour-le-choc-de-la-ligue-europa\/#article","isPartOf":{"@id":"https:\/\/footdavant.fr\/actualites\/le-pilier-de-liverpool-devrait-rater-son-voyage-en-france-pour-le-choc-de-la-ligue-europa\/"},"author":{"name":"Cl\u00e9ment","@id":"https:\/\/footdavant.fr\/actualites\/#\/schema\/person\/bc222566d95871b37e597b3ed3ba5e1d"},"headline":"Le pilier de Liverpool devrait rater son voyage en France pour le choc de la Ligue Europa","datePublished":"2023-11-09T02:55:02+00:00","dateModified":"2023-11-09T02:55:03+00:00","mainEntityOfPage":{"@id":"https:\/\/footdavant.fr\/actualites\/le-pilier-de-liverpool-devrait-rater-son-voyage-en-france-pour-le-choc-de-la-ligue-europa\/"},"wordCount":281,"publisher":{"@id":"https:\/\/footdavant.fr\/actualites\/#organization"},"keywords":["choc","devrait","Europa","France","Ligue","Liverpool","pilier","pour","rater","son","voyage"],"articleSection":["Football"],"inLanguage":"fr-FR"},{"@type":"WebPage","@id":"https:\/\/footdavant.fr\/actualites\/le-pilier-de-liverpool-devrait-rater-son-voyage-en-france-pour-le-choc-de-la-ligue-europa\/","url":"https:\/\/footdavant.fr\/actualites\/le-pilier-de-liverpool-devrait-rater-son-voyage-en-france-pour-le-choc-de-la-ligue-europa\/","name":"Le pilier de Liverpool devrait rater son voyage en France pour le choc de la Ligue Europa","isPartOf":{"@id":"https:\/\/footdavant.fr\/actualites\/#website"},"datePublished":"2023-11-09T02:55:02+00:00","dateModified":"2023-11-09T02:55:03+00:00","breadcrumb":{"@id":"https:\/\/footdavant.fr\/actualites\/le-pilier-de-liverpool-devrait-rater-son-voyage-en-france-pour-le-choc-de-la-ligue-europa\/#breadcrumb"},"inLanguage":"fr-FR","potentialAction":[{"@type":"ReadAction","target":["https:\/\/footdavant.fr\/actualites\/le-pilier-de-liverpool-devrait-rater-son-voyage-en-france-pour-le-choc-de-la-ligue-europa\/"]}]},{"@type":"BreadcrumbList","@id":"https:\/\/footdavant.fr\/actualites\/le-pilier-de-liverpool-devrait-rater-son-voyage-en-france-pour-le-choc-de-la-ligue-europa\/#breadcrumb","itemListElement":[{"@type":"ListItem","position":1,"name":"Accueil","item":"https:\/\/footdavant.fr\/actualites\/"},{"@type":"ListItem","position":2,"name":"Le pilier de Liverpool devrait rater son voyage en France pour le choc de la Ligue Europa"}]},{"@type":"WebSite","@id":"https:\/\/footdavant.fr\/actualites\/#website","url":"https:\/\/footdavant.fr\/actualites\/","name":"Foot d'avant","description":"","publisher":{"@id":"https:\/\/footdavant.fr\/actualites\/#organization"},"potentialAction":[{"@type":"SearchAction","target":{"@type":"EntryPoint","urlTemplate":"https:\/\/footdavant.fr\/actualites\/?s={search_term_string}"},"query-input":"required name=search_term_string"}],"inLanguage":"fr-FR"},{"@type":"Organization","@id":"https:\/\/footdavant.fr\/actualites\/#organization","name":"Foot d'avant","url":"https:\/\/footdavant.fr\/actualites\/","logo":{"@type":"ImageObject","inLanguage":"fr-FR","@id":"https:\/\/footdavant.fr\/actualites\/#\/schema\/logo\/image\/","url":"https:\/\/footdavant.fr\/actualites\/wp-content\/uploads\/2023\/09\/Copy-of-FootDavant-Logo.png","contentUrl":"https:\/\/footdavant.fr\/actualites\/wp-content\/uploads\/2023\/09\/Copy-of-FootDavant-Logo.png","width":936,"height":549,"caption":"Foot d'avant"},"image":{"@id":"https:\/\/footdavant.fr\/actualites\/#\/schema\/logo\/image\/"},"sameAs":["https:\/\/www.facebook.com\/Footdavant\/","https:\/\/twitter.com\/FootdavantFr","https:\/\/www.instagram.com\/footdavant.fr\/"]},{"@type":"Person","@id":"https:\/\/footdavant.fr\/actualites\/#\/schema\/person\/bc222566d95871b37e597b3ed3ba5e1d","name":"Cl\u00e9ment","image":{"@type":"ImageObject","inLanguage":"fr-FR","@id":"https:\/\/footdavant.fr\/actualites\/#\/schema\/person\/image\/","url":"https:\/\/secure.gravatar.com\/avatar\/7728b29aac2719421e1a9159b2254c44?s=96&d=mm&r=g","contentUrl":"https:\/\/secure.gravatar.com\/avatar\/7728b29aac2719421e1a9159b2254c44?s=96&d=mm&r=g","caption":"Cl\u00e9ment"},"sameAs":["https:\/\/footdavant.fr\/"]}]}},"_links":{"self":[{"href":"https:\/\/footdavant.fr\/actualites\/wp-json\/wp\/v2\/posts\/586"}],"collection":[{"href":"https:\/\/footdavant.fr\/actualites\/wp-json\/wp\/v2\/posts"}],"about":[{"href":"https:\/\/footdavant.fr\/actualites\/wp-json\/wp\/v2\/types\/post"}],"author":[{"embeddable":true,"href":"https:\/\/footdavant.fr\/actualites\/wp-json\/wp\/v2\/users\/1"}],"replies":[{"embeddable":true,"href":"https:\/\/footdavant.fr\/actualites\/wp-json\/wp\/v2\/comments?post=586"}],"version-history":[{"count":1,"href":"https:\/\/footdavant.fr\/actualites\/wp-json\/wp\/v2\/posts\/586\/revisions"}],"predecessor-version":[{"id":588,"href":"https:\/\/footdavant.fr\/actualites\/wp-json\/wp\/v2\/posts\/586\/revisions\/588"}],"wp:featuredmedia":[{"embeddable":true,"href":"https:\/\/footdavant.fr\/actualites\/wp-json\/wp\/v2\/media\/587"}],"wp:attachment":[{"href":"https:\/\/footdavant.fr\/actualites\/wp-json\/wp\/v2\/media?parent=586"}],"wp:term":[{"taxonomy":"category","embeddable":true,"href":"https:\/\/footdavant.fr\/actualites\/wp-json\/wp\/v2\/categories?post=586"},{"taxonomy":"post_tag","embeddable":true,"href":"https:\/\/footdavant.fr\/actualites\/wp-json\/wp\/v2\/tags?post=586"}],"curies":[{"name":"wp","href":"https:\/\/api.w.org\/{rel}","templated":true}]}}