{"id":5876,"date":"2024-03-06T16:03:21","date_gmt":"2024-03-06T15:03:21","guid":{"rendered":"https:\/\/footdavant.fr\/actualites\/neville-affirme-que-cristiano-ronaldo-a-laisse-tomber-solskjaer-a-manchester-united\/"},"modified":"2024-03-06T16:03:22","modified_gmt":"2024-03-06T15:03:22","slug":"neville-affirme-que-cristiano-ronaldo-a-laisse-tomber-solskjaer-a-manchester-united","status":"publish","type":"post","link":"https:\/\/footdavant.fr\/actualites\/neville-affirme-que-cristiano-ronaldo-a-laisse-tomber-solskjaer-a-manchester-united\/","title":{"rendered":"Neville affirme que Cristiano Ronaldo a laiss\u00e9 tomber Solskjaer \u00e0 Manchester United"},"content":{"rendered":"<div>\n<p>L&rsquo;ancienne star de Manchester United, Gary Neville, a affirm\u00e9 que Cristiano Ronaldo aurait d\u00fb soutenir publiquement Ole Gunnar Solskjaer lorsque les choses sont devenues difficiles lors de la saison 2021-22.  L&rsquo;Anglais a en outre affirm\u00e9 qu&rsquo;il incombait aux Portugais de diriger l&rsquo;\u00e9quipe, mais il n&rsquo;a pas r\u00e9pondu \u00e0 l&rsquo;appel.<\/p>\n<p>Ronaldo est revenu \u00e0 Manchester United pour un deuxi\u00e8me passage au d\u00e9but de la saison 2021-22 et a eu un impact instantan\u00e9.  Il a marqu\u00e9 un doubl\u00e9 lors de ses deuxi\u00e8mes d\u00e9buts en Premier League, propulsant les Red Devils vers une victoire 4-1 contre Newcastle United.  Cependant, cette bonne humeur n\u2019a pas dur\u00e9 longtemps.<\/p>\n<p>La l\u00e9gende portugaise a r\u00e9guli\u00e8rement exprim\u00e9 sa frustration lors de son remplacement et est tristement c\u00e9l\u00e8bre apr\u00e8s un match nul 1-1 contre Everton en octobre 2021, apr\u00e8s avoir commenc\u00e9 le match sur le banc.<\/p>\n<h2>Gary Neville explique comment Cristiano Ronaldo a laiss\u00e9 tomber Ole Gunnar Solskjaer<\/h2>\n<p>Neville pense que Ronaldo aurait d\u00fb soutenir davantage Solskjaer, qui faisait partie int\u00e9grante de la campagne tripl\u00e9e de Manchester United en 1998-99.  Sur le podcast Stick to Football, l&rsquo;ancien arri\u00e8re a d\u00e9clar\u00e9 (via GOAL)\u00a0:<\/p>\n<p>\u00ab\u00a0<em>Quand j\u2019ai vu Ronaldo sur le banc et qu\u2019il faisait ces choses devant la cam\u00e9ra, c\u2019\u00e9tait dur.  \u00c9videmment, apr\u00e8s le match d&rsquo;Everton, quand Ole l&rsquo;a laiss\u00e9 tomber la premi\u00e8re fois et je me souviens qu&rsquo;il est parti, et j&rsquo;ai senti que cela d\u00e9cevait Ole parce qu&rsquo;il \u00e9tait un ancien co\u00e9quipier. <\/em><\/p>\n<p>\u00ab\u00a0<em>C&rsquo;est un grand joueur, un objet inamovible par rapport \u00e0 ce qu&rsquo;il a accompli, mais j&rsquo;ai pens\u00e9 qu&rsquo;il aurait d\u00fb \u00eatre avec Ole comme alli\u00e9 dans le vestiaire, surtout \u00e0 partir des moments que nous avons pass\u00e9s ensemble en tant que joueurs dans le vestiaire.<\/em>\u00bb<\/p>\n<p>Neville a conclu en ajoutant :<\/p>\n<p>\u00ab\u00a0<em>Je voulais qu&rsquo;il s&rsquo;intensifie et qu&rsquo;il soit le leader dans le vestiaire, mais il ne l&rsquo;a pas fait, et c&rsquo;est pourquoi nous \u00e9tions en conflit avec la situation.<\/em>.\u00bb<\/p>\n<p>Apr\u00e8s des d\u00e9faites massives contre Leicester City, Liverpool, Manchester City et enfin Watford, Solskjaer a \u00e9t\u00e9 relev\u00e9 de ses responsabilit\u00e9s de manager.  Hansi Flick a succ\u00e9d\u00e9 par int\u00e9rim avant qu&rsquo;Erik ten Hag ne prenne les r\u00eanes en juillet 2022.<\/p>\n<p>Cristiano Ronaldo s&rsquo;est brouill\u00e9 avec Ten Hag lors de la saison 2022-23 et a finalement quitt\u00e9 le club \u00e0 la suite d&rsquo;une interview explosive de Piers Morgan en novembre.  Lors de son deuxi\u00e8me passage \u00e0 Manchester United, le joueur de 39 ans a disput\u00e9 54 matchs toutes comp\u00e9titions confondues, marquant 27 buts et r\u00e9coltant cinq passes d\u00e9cisives.<\/p>\n<\/p><\/div>\n","protected":false},"excerpt":{"rendered":"<p>L&rsquo;ancienne star de Manchester United, Gary Neville, a affirm\u00e9 que Cristiano Ronaldo aurait d\u00fb soutenir publiquement Ole Gunnar Solskjaer lorsque les choses sont devenues difficiles<\/p>\n","protected":false},"author":1,"featured_media":5877,"comment_status":"closed","ping_status":"","sticky":false,"template":"","format":"standard","meta":{"footnotes":""},"categories":[3],"tags":[1115,3081,2203,11,1893,3082,3659,3977,13],"yoast_head":"<!-- This site is optimized with the Yoast SEO plugin v21.0 - https:\/\/yoast.com\/wordpress\/plugins\/seo\/ -->\n<title>Neville affirme que Cristiano Ronaldo a laiss\u00e9 tomber Solskjaer \u00e0 Manchester United<\/title>\n<meta name=\"robots\" content=\"index, follow, max-snippet:-1, max-image-preview:large, max-video-preview:-1\" \/>\n<link rel=\"canonical\" href=\"https:\/\/footdavant.fr\/actualites\/neville-affirme-que-cristiano-ronaldo-a-laisse-tomber-solskjaer-a-manchester-united\/\" \/>\n<meta property=\"og:locale\" content=\"fr_FR\" \/>\n<meta property=\"og:type\" content=\"article\" \/>\n<meta property=\"og:title\" content=\"Neville affirme que Cristiano Ronaldo a laiss\u00e9 tomber Solskjaer \u00e0 Manchester United\" \/>\n<meta property=\"og:description\" content=\"L&rsquo;ancienne star de Manchester United, Gary Neville, a affirm\u00e9 que Cristiano Ronaldo aurait d\u00fb soutenir publiquement Ole Gunnar Solskjaer lorsque les choses sont devenues difficiles\" \/>\n<meta property=\"og:url\" content=\"https:\/\/footdavant.fr\/actualites\/neville-affirme-que-cristiano-ronaldo-a-laisse-tomber-solskjaer-a-manchester-united\/\" \/>\n<meta property=\"og:site_name\" content=\"Foot d&#039;avant\" \/>\n<meta property=\"article:publisher\" content=\"https:\/\/www.facebook.com\/Footdavant\/\" \/>\n<meta property=\"article:published_time\" content=\"2024-03-06T15:03:21+00:00\" \/>\n<meta property=\"article:modified_time\" content=\"2024-03-06T15:03:22+00:00\" \/>\n<meta property=\"og:image\" content=\"https:\/\/footdavant.fr\/actualites\/wp-content\/uploads\/2024\/03\/Neville-affirme-que-Cristiano-Ronaldo-a-laisse-tomber-Solskjaer-a.jpg\" \/>\n\t<meta property=\"og:image:width\" content=\"982\" \/>\n\t<meta property=\"og:image:height\" content=\"726\" \/>\n\t<meta property=\"og:image:type\" content=\"image\/jpeg\" \/>\n<meta name=\"author\" content=\"Cl\u00e9ment\" \/>\n<meta name=\"twitter:card\" content=\"summary_large_image\" \/>\n<meta name=\"twitter:creator\" content=\"@FootdavantFr\" \/>\n<meta name=\"twitter:site\" content=\"@FootdavantFr\" \/>\n<meta name=\"twitter:label1\" content=\"\u00c9crit par\" \/>\n\t<meta name=\"twitter:data1\" content=\"Cl\u00e9ment\" \/>\n\t<meta name=\"twitter:label2\" content=\"Dur\u00e9e de lecture estim\u00e9e\" \/>\n\t<meta name=\"twitter:data2\" content=\"2 minutes\" \/>\n<script type=\"application\/ld+json\" class=\"yoast-schema-graph\">{\"@context\":\"https:\/\/schema.org\",\"@graph\":[{\"@type\":\"Article\",\"@id\":\"https:\/\/footdavant.fr\/actualites\/neville-affirme-que-cristiano-ronaldo-a-laisse-tomber-solskjaer-a-manchester-united\/#article\",\"isPartOf\":{\"@id\":\"https:\/\/footdavant.fr\/actualites\/neville-affirme-que-cristiano-ronaldo-a-laisse-tomber-solskjaer-a-manchester-united\/\"},\"author\":{\"name\":\"Cl\u00e9ment\",\"@id\":\"https:\/\/footdavant.fr\/actualites\/#\/schema\/person\/bc222566d95871b37e597b3ed3ba5e1d\"},\"headline\":\"Neville affirme que Cristiano Ronaldo a laiss\u00e9 tomber Solskjaer \u00e0 Manchester United\",\"datePublished\":\"2024-03-06T15:03:21+00:00\",\"dateModified\":\"2024-03-06T15:03:22+00:00\",\"mainEntityOfPage\":{\"@id\":\"https:\/\/footdavant.fr\/actualites\/neville-affirme-que-cristiano-ronaldo-a-laisse-tomber-solskjaer-a-manchester-united\/\"},\"wordCount\":444,\"publisher\":{\"@id\":\"https:\/\/footdavant.fr\/actualites\/#organization\"},\"keywords\":[\"affirme\",\"Cristiano\",\"laisse\",\"Manchester\",\"Neville\",\"Ronaldo\",\"Solskjaer\",\"tomber\",\"United\"],\"articleSection\":[\"Football\"],\"inLanguage\":\"fr-FR\"},{\"@type\":\"WebPage\",\"@id\":\"https:\/\/footdavant.fr\/actualites\/neville-affirme-que-cristiano-ronaldo-a-laisse-tomber-solskjaer-a-manchester-united\/\",\"url\":\"https:\/\/footdavant.fr\/actualites\/neville-affirme-que-cristiano-ronaldo-a-laisse-tomber-solskjaer-a-manchester-united\/\",\"name\":\"Neville affirme que Cristiano Ronaldo a laiss\u00e9 tomber Solskjaer \u00e0 Manchester United\",\"isPartOf\":{\"@id\":\"https:\/\/footdavant.fr\/actualites\/#website\"},\"datePublished\":\"2024-03-06T15:03:21+00:00\",\"dateModified\":\"2024-03-06T15:03:22+00:00\",\"breadcrumb\":{\"@id\":\"https:\/\/footdavant.fr\/actualites\/neville-affirme-que-cristiano-ronaldo-a-laisse-tomber-solskjaer-a-manchester-united\/#breadcrumb\"},\"inLanguage\":\"fr-FR\",\"potentialAction\":[{\"@type\":\"ReadAction\",\"target\":[\"https:\/\/footdavant.fr\/actualites\/neville-affirme-que-cristiano-ronaldo-a-laisse-tomber-solskjaer-a-manchester-united\/\"]}]},{\"@type\":\"BreadcrumbList\",\"@id\":\"https:\/\/footdavant.fr\/actualites\/neville-affirme-que-cristiano-ronaldo-a-laisse-tomber-solskjaer-a-manchester-united\/#breadcrumb\",\"itemListElement\":[{\"@type\":\"ListItem\",\"position\":1,\"name\":\"Accueil\",\"item\":\"https:\/\/footdavant.fr\/actualites\/\"},{\"@type\":\"ListItem\",\"position\":2,\"name\":\"Neville affirme que Cristiano Ronaldo a laiss\u00e9 tomber Solskjaer \u00e0 Manchester United\"}]},{\"@type\":\"WebSite\",\"@id\":\"https:\/\/footdavant.fr\/actualites\/#website\",\"url\":\"https:\/\/footdavant.fr\/actualites\/\",\"name\":\"Foot d'avant\",\"description\":\"\",\"publisher\":{\"@id\":\"https:\/\/footdavant.fr\/actualites\/#organization\"},\"potentialAction\":[{\"@type\":\"SearchAction\",\"target\":{\"@type\":\"EntryPoint\",\"urlTemplate\":\"https:\/\/footdavant.fr\/actualites\/?s={search_term_string}\"},\"query-input\":\"required name=search_term_string\"}],\"inLanguage\":\"fr-FR\"},{\"@type\":\"Organization\",\"@id\":\"https:\/\/footdavant.fr\/actualites\/#organization\",\"name\":\"Foot d'avant\",\"url\":\"https:\/\/footdavant.fr\/actualites\/\",\"logo\":{\"@type\":\"ImageObject\",\"inLanguage\":\"fr-FR\",\"@id\":\"https:\/\/footdavant.fr\/actualites\/#\/schema\/logo\/image\/\",\"url\":\"https:\/\/footdavant.fr\/actualites\/wp-content\/uploads\/2023\/09\/Copy-of-FootDavant-Logo.png\",\"contentUrl\":\"https:\/\/footdavant.fr\/actualites\/wp-content\/uploads\/2023\/09\/Copy-of-FootDavant-Logo.png\",\"width\":936,\"height\":549,\"caption\":\"Foot d'avant\"},\"image\":{\"@id\":\"https:\/\/footdavant.fr\/actualites\/#\/schema\/logo\/image\/\"},\"sameAs\":[\"https:\/\/www.facebook.com\/Footdavant\/\",\"https:\/\/twitter.com\/FootdavantFr\",\"https:\/\/www.instagram.com\/footdavant.fr\/\"]},{\"@type\":\"Person\",\"@id\":\"https:\/\/footdavant.fr\/actualites\/#\/schema\/person\/bc222566d95871b37e597b3ed3ba5e1d\",\"name\":\"Cl\u00e9ment\",\"image\":{\"@type\":\"ImageObject\",\"inLanguage\":\"fr-FR\",\"@id\":\"https:\/\/footdavant.fr\/actualites\/#\/schema\/person\/image\/\",\"url\":\"https:\/\/secure.gravatar.com\/avatar\/7728b29aac2719421e1a9159b2254c44?s=96&d=mm&r=g\",\"contentUrl\":\"https:\/\/secure.gravatar.com\/avatar\/7728b29aac2719421e1a9159b2254c44?s=96&d=mm&r=g\",\"caption\":\"Cl\u00e9ment\"},\"sameAs\":[\"https:\/\/footdavant.fr\/\"]}]}<\/script>\n<!-- \/ Yoast SEO plugin. -->","yoast_head_json":{"title":"Neville affirme que Cristiano Ronaldo a laiss\u00e9 tomber Solskjaer \u00e0 Manchester United","robots":{"index":"index","follow":"follow","max-snippet":"max-snippet:-1","max-image-preview":"max-image-preview:large","max-video-preview":"max-video-preview:-1"},"canonical":"https:\/\/footdavant.fr\/actualites\/neville-affirme-que-cristiano-ronaldo-a-laisse-tomber-solskjaer-a-manchester-united\/","og_locale":"fr_FR","og_type":"article","og_title":"Neville affirme que Cristiano Ronaldo a laiss\u00e9 tomber Solskjaer \u00e0 Manchester United","og_description":"L&rsquo;ancienne star de Manchester United, Gary Neville, a affirm\u00e9 que Cristiano Ronaldo aurait d\u00fb soutenir publiquement Ole Gunnar Solskjaer lorsque les choses sont devenues difficiles","og_url":"https:\/\/footdavant.fr\/actualites\/neville-affirme-que-cristiano-ronaldo-a-laisse-tomber-solskjaer-a-manchester-united\/","og_site_name":"Foot d&#039;avant","article_publisher":"https:\/\/www.facebook.com\/Footdavant\/","article_published_time":"2024-03-06T15:03:21+00:00","article_modified_time":"2024-03-06T15:03:22+00:00","og_image":[{"width":982,"height":726,"url":"https:\/\/footdavant.fr\/actualites\/wp-content\/uploads\/2024\/03\/Neville-affirme-que-Cristiano-Ronaldo-a-laisse-tomber-Solskjaer-a.jpg","type":"image\/jpeg"}],"author":"Cl\u00e9ment","twitter_card":"summary_large_image","twitter_creator":"@FootdavantFr","twitter_site":"@FootdavantFr","twitter_misc":{"\u00c9crit par":"Cl\u00e9ment","Dur\u00e9e de lecture estim\u00e9e":"2 minutes"},"schema":{"@context":"https:\/\/schema.org","@graph":[{"@type":"Article","@id":"https:\/\/footdavant.fr\/actualites\/neville-affirme-que-cristiano-ronaldo-a-laisse-tomber-solskjaer-a-manchester-united\/#article","isPartOf":{"@id":"https:\/\/footdavant.fr\/actualites\/neville-affirme-que-cristiano-ronaldo-a-laisse-tomber-solskjaer-a-manchester-united\/"},"author":{"name":"Cl\u00e9ment","@id":"https:\/\/footdavant.fr\/actualites\/#\/schema\/person\/bc222566d95871b37e597b3ed3ba5e1d"},"headline":"Neville affirme que Cristiano Ronaldo a laiss\u00e9 tomber Solskjaer \u00e0 Manchester United","datePublished":"2024-03-06T15:03:21+00:00","dateModified":"2024-03-06T15:03:22+00:00","mainEntityOfPage":{"@id":"https:\/\/footdavant.fr\/actualites\/neville-affirme-que-cristiano-ronaldo-a-laisse-tomber-solskjaer-a-manchester-united\/"},"wordCount":444,"publisher":{"@id":"https:\/\/footdavant.fr\/actualites\/#organization"},"keywords":["affirme","Cristiano","laisse","Manchester","Neville","Ronaldo","Solskjaer","tomber","United"],"articleSection":["Football"],"inLanguage":"fr-FR"},{"@type":"WebPage","@id":"https:\/\/footdavant.fr\/actualites\/neville-affirme-que-cristiano-ronaldo-a-laisse-tomber-solskjaer-a-manchester-united\/","url":"https:\/\/footdavant.fr\/actualites\/neville-affirme-que-cristiano-ronaldo-a-laisse-tomber-solskjaer-a-manchester-united\/","name":"Neville affirme que Cristiano Ronaldo a laiss\u00e9 tomber Solskjaer \u00e0 Manchester United","isPartOf":{"@id":"https:\/\/footdavant.fr\/actualites\/#website"},"datePublished":"2024-03-06T15:03:21+00:00","dateModified":"2024-03-06T15:03:22+00:00","breadcrumb":{"@id":"https:\/\/footdavant.fr\/actualites\/neville-affirme-que-cristiano-ronaldo-a-laisse-tomber-solskjaer-a-manchester-united\/#breadcrumb"},"inLanguage":"fr-FR","potentialAction":[{"@type":"ReadAction","target":["https:\/\/footdavant.fr\/actualites\/neville-affirme-que-cristiano-ronaldo-a-laisse-tomber-solskjaer-a-manchester-united\/"]}]},{"@type":"BreadcrumbList","@id":"https:\/\/footdavant.fr\/actualites\/neville-affirme-que-cristiano-ronaldo-a-laisse-tomber-solskjaer-a-manchester-united\/#breadcrumb","itemListElement":[{"@type":"ListItem","position":1,"name":"Accueil","item":"https:\/\/footdavant.fr\/actualites\/"},{"@type":"ListItem","position":2,"name":"Neville affirme que Cristiano Ronaldo a laiss\u00e9 tomber Solskjaer \u00e0 Manchester United"}]},{"@type":"WebSite","@id":"https:\/\/footdavant.fr\/actualites\/#website","url":"https:\/\/footdavant.fr\/actualites\/","name":"Foot d'avant","description":"","publisher":{"@id":"https:\/\/footdavant.fr\/actualites\/#organization"},"potentialAction":[{"@type":"SearchAction","target":{"@type":"EntryPoint","urlTemplate":"https:\/\/footdavant.fr\/actualites\/?s={search_term_string}"},"query-input":"required name=search_term_string"}],"inLanguage":"fr-FR"},{"@type":"Organization","@id":"https:\/\/footdavant.fr\/actualites\/#organization","name":"Foot d'avant","url":"https:\/\/footdavant.fr\/actualites\/","logo":{"@type":"ImageObject","inLanguage":"fr-FR","@id":"https:\/\/footdavant.fr\/actualites\/#\/schema\/logo\/image\/","url":"https:\/\/footdavant.fr\/actualites\/wp-content\/uploads\/2023\/09\/Copy-of-FootDavant-Logo.png","contentUrl":"https:\/\/footdavant.fr\/actualites\/wp-content\/uploads\/2023\/09\/Copy-of-FootDavant-Logo.png","width":936,"height":549,"caption":"Foot d'avant"},"image":{"@id":"https:\/\/footdavant.fr\/actualites\/#\/schema\/logo\/image\/"},"sameAs":["https:\/\/www.facebook.com\/Footdavant\/","https:\/\/twitter.com\/FootdavantFr","https:\/\/www.instagram.com\/footdavant.fr\/"]},{"@type":"Person","@id":"https:\/\/footdavant.fr\/actualites\/#\/schema\/person\/bc222566d95871b37e597b3ed3ba5e1d","name":"Cl\u00e9ment","image":{"@type":"ImageObject","inLanguage":"fr-FR","@id":"https:\/\/footdavant.fr\/actualites\/#\/schema\/person\/image\/","url":"https:\/\/secure.gravatar.com\/avatar\/7728b29aac2719421e1a9159b2254c44?s=96&d=mm&r=g","contentUrl":"https:\/\/secure.gravatar.com\/avatar\/7728b29aac2719421e1a9159b2254c44?s=96&d=mm&r=g","caption":"Cl\u00e9ment"},"sameAs":["https:\/\/footdavant.fr\/"]}]}},"_links":{"self":[{"href":"https:\/\/footdavant.fr\/actualites\/wp-json\/wp\/v2\/posts\/5876"}],"collection":[{"href":"https:\/\/footdavant.fr\/actualites\/wp-json\/wp\/v2\/posts"}],"about":[{"href":"https:\/\/footdavant.fr\/actualites\/wp-json\/wp\/v2\/types\/post"}],"author":[{"embeddable":true,"href":"https:\/\/footdavant.fr\/actualites\/wp-json\/wp\/v2\/users\/1"}],"replies":[{"embeddable":true,"href":"https:\/\/footdavant.fr\/actualites\/wp-json\/wp\/v2\/comments?post=5876"}],"version-history":[{"count":1,"href":"https:\/\/footdavant.fr\/actualites\/wp-json\/wp\/v2\/posts\/5876\/revisions"}],"predecessor-version":[{"id":5878,"href":"https:\/\/footdavant.fr\/actualites\/wp-json\/wp\/v2\/posts\/5876\/revisions\/5878"}],"wp:featuredmedia":[{"embeddable":true,"href":"https:\/\/footdavant.fr\/actualites\/wp-json\/wp\/v2\/media\/5877"}],"wp:attachment":[{"href":"https:\/\/footdavant.fr\/actualites\/wp-json\/wp\/v2\/media?parent=5876"}],"wp:term":[{"taxonomy":"category","embeddable":true,"href":"https:\/\/footdavant.fr\/actualites\/wp-json\/wp\/v2\/categories?post=5876"},{"taxonomy":"post_tag","embeddable":true,"href":"https:\/\/footdavant.fr\/actualites\/wp-json\/wp\/v2\/tags?post=5876"}],"curies":[{"name":"wp","href":"https:\/\/api.w.org\/{rel}","templated":true}]}}