{"id":5879,"date":"2024-03-06T17:09:16","date_gmt":"2024-03-06T16:09:16","guid":{"rendered":"https:\/\/footdavant.fr\/actualites\/real-madrid-contre-rb-leipzig-bilan-des-face-a-face-et-rencontres-passees\/"},"modified":"2024-03-06T17:09:17","modified_gmt":"2024-03-06T16:09:17","slug":"real-madrid-contre-rb-leipzig-bilan-des-face-a-face-et-rencontres-passees","status":"publish","type":"post","link":"https:\/\/footdavant.fr\/actualites\/real-madrid-contre-rb-leipzig-bilan-des-face-a-face-et-rencontres-passees\/","title":{"rendered":"Real Madrid contre RB Leipzig : bilan des face-\u00e0-face et rencontres pass\u00e9es"},"content":{"rendered":"<p>Avant le choc de la Ligue des Champions de mercredi entre le Real Madrid et le RB Leipzig, Sports Mole examine de plus pr\u00e8s le bilan des confrontations et les rencontres pr\u00e9c\u00e9dentes entre les deux clubs.<\/p>\n<div id=\"article_body\" itemprop=\"articleBody\">\n<p class=\"firstPara\">Quatorze fois <strong class=\"autotag\">Ligue des champions<\/strong> gagnants <strong class=\"autotag\">Real Madrid<\/strong> s&rsquo;efforceront de garantir leur place en quarts de finale lorsqu&rsquo;ils accueilleront <strong class=\"autotag\">RB Leipzig<\/strong> au Santiago Bernabeu pour le match retour des huiti\u00e8mes de finale mercredi soir.<\/p>\n<p>Los Blancos connaissent actuellement une s\u00e9rie de neuf matchs sans d\u00e9faite toutes comp\u00e9titions confondues, m\u00eame si les leaders de la Liga ont \u00e9t\u00e9 contraints de se contenter d&rsquo;un match nul 2-2 \u00e0 Valence le week-end dernier, avec <strong class=\"autotag\">Vinicius Junior<\/strong> marquant deux buts en seconde p\u00e9riode pour sauver un point.<\/p>\n<p>Leipzig, quant \u00e0 lui, se rendra dans la capitale espagnole apr\u00e8s avoir battu le VfL Bochum 4-1 \u00e0 l&rsquo;ext\u00e9rieur samedi dernier pour renforcer ses espoirs de terminer parmi les quatre premiers de la Bundesliga.<\/p>\n<p>Le Real Madrid et Leipzig s&rsquo;affronteront pour la quatri\u00e8me fois mercredi, et ici, <strong>Taupe de sport<\/strong> examine de plus pr\u00e8s le bilan des confrontations et les rencontres pr\u00e9c\u00e9dentes entre les deux clubs.<\/p>\n<hr>\n<p class=\"imgI\">\n<h2>ENREGISTREMENT EN FACE \u00c0 FACE<\/h2>\n<p><strong>R\u00e9unions pr\u00e9c\u00e9dentes :<\/strong> 3<br \/><strong>Le Real Madrid gagne :<\/strong> 2<br \/><strong>Tirages\u00a0:<\/strong> 0<br \/><strong>Le RB Leipzig gagne :<\/strong> 1<\/p>\n<p>Le Real Madrid et Leipzig se sont affront\u00e9s pour la premi\u00e8re fois lors de la phase de groupes de la Ligue des champions de la campagne 2022-23, les deux clubs se classant parmi les deux premiers du groupe F pour se qualifier pour les 16 derniers.<\/p>\n<p>Leur toute premi\u00e8re rencontre lors de la deuxi\u00e8me journ\u00e9e au Bernabeu semblait se diriger vers un match nul et vierge, jusqu&rsquo;\u00e0 ce que deux buts soient marqu\u00e9s dans les 10 derni\u00e8res minutes de <strong class=\"autotag\">Federico Valverde<\/strong> et <strong class=\"autotag\">Marco Asensio<\/strong> a aid\u00e9 Los Blancos \u00e0 remporter le maximum de points lors d&rsquo;une victoire 2-0.<\/p>\n<p>Le trio offensif dynamique de Leipzig <strong class=\"autotag\">Dominik Szoboszlai<\/strong>, <strong class=\"autotag\">Christophe Nkunku<\/strong> et <strong class=\"autotag\">Timo Werner<\/strong> n&rsquo;ont pas r\u00e9ussi \u00e0 percer la solide d\u00e9fense du Real Madrid en Espagne, mais ces deux derniers ont fait onduler le filet lors d&rsquo;un c\u00e9l\u00e8bre triomphe 3-2 \u00e0 domicile contre les champions d&rsquo;Europe en titre un peu plus d&rsquo;un mois plus tard.<\/p>\n<p>Seulement cinq minutes apr\u00e8s <strong class=\"autotag\">Josko Gvardiol<\/strong> \u2013 maintenant \u00e0 Manchester City \u2013 a ouvert le score avec une t\u00eate \u00e0 bout portant, Nkunku \u2013 maintenant \u00e0 Chelsea \u2013 a bondi sur un ballon libre \u00e0 l&rsquo;int\u00e9rieur de la surface de r\u00e9paration avant d&rsquo;\u00e9craser un tir d&rsquo;environ huit m\u00e8tres sur la barre transversale pour doubler l&rsquo;avance de Leipzig sur le Marque des 18 minutes.<\/p>\n<p class=\"imgI\"><img decoding=\"async\" loading=\"lazy\" class=\"l\" src=\"https:\/\/footdavant.fr\/actualites\/wp-content\/uploads\/2024\/03\/Real-Madrid-contre-RB-Leipzig-bilan-des-face-a-face-et.jpg\" title=\"Vinicius Junior du Real Madrid en action Lukas Klostermann du RB Leipzig le 13 f\u00e9vrier 2024\" alt=\"Vinicius Junior du Real Madrid en action Lukas Klostermann du RB Leipzig le 13 f\u00e9vrier 2024\" width=\"640\" height=\"480\"><\/p>\n<p>Vinicius Junior a ensuite r\u00e9duit l&rsquo;\u00e9cart pour le Real Madrid avec une t\u00eate intelligente dirig\u00e9e dans le coin inf\u00e9rieur juste avant la mi-temps, mais Werner a r\u00e9tabli l&rsquo;avance de deux buts de Leipzig \u00e0 neuf minutes de la fin avec une frappe \u00e0 bout portant apr\u00e8s un contre rapide. attaque. <\/p>\n<p><strong class=\"autotag\">Rodrygo<\/strong> a retir\u00e9 un but \u00e0 Los Blancos sur penalty jusque dans les arr\u00eats de jeu, mais Die Roten Bullen a tenu bon pour une victoire m\u00e9morable, devenant ainsi le premier club allemand depuis le Borussia Dortmund en 2012-13 \u00e0 battre le Real Madrid en phase de groupes de la Ligue des champions.<\/p>\n<p><strong class=\"autotag\">Marc Rose<\/strong>Les hommes de &lsquo;s n&rsquo;ont cependant pas r\u00e9ussi \u00e0 s&rsquo;imposer lors de leur derni\u00e8re rencontre \u00e0 domicile contre le Real il y a trois semaines, car ils ont \u00e9t\u00e9 condamn\u00e9s \u00e0 une courte d\u00e9faite 1-0 lors du match aller des huiti\u00e8mes de finale. <strong class=\"autotag\">Benjamin Sesko<\/strong> aurait pu marquer un tripl\u00e9 en premi\u00e8re mi-temps pour Leipzig un autre jour, mais c&rsquo;\u00e9tait <strong class=\"autotag\">Brahim D\u00edaz<\/strong> qui a fait la une des journaux des visiteurs.<\/p>\n<p>En l&rsquo;absence du milieu de terrain vedette et ancien joueur de Dortmund <strong class=\"autotag\">Jude Bellingham<\/strong>Diaz est intervenu pour <strong class=\"autotag\">Carlo Ancelotti<\/strong>et a marqu\u00e9 le seul but du match trois minutes apr\u00e8s la mi-temps \u2013 une superbe finition enroul\u00e9e dans la lucarne apr\u00e8s une course en solo complexe \u2013 pour aider Los Blancos \u00e0 prendre un l\u00e9ger avantage au match aller dans la capitale espagnole.<\/p>\n<hr>\n<h2>Trois derni\u00e8res rencontres :<\/h2>\n<p><strong>13 f\u00e9vrier 2024\u00a0:<\/strong> RB Leipzig 0-1 Real Madrid (8es de finale de la Ligue des Champions) <br \/><strong>25 octobre 2022\u00a0:<\/strong> RB Leipzig 3-2 Real Madrid (phase de groupes de la Ligue des Champions)<br \/><strong>14 septembre 2022\u00a0:<\/strong> Real Madrid 2-0 RB Leipzig (phase de groupes de la Ligue des Champions)<\/p>\n<hr>\n<h2 title=\"Read more on Real Madrid vs RB Leipzig\">En savoir plus sur Real Madrid contre RB Leipzig<\/h2>\n<hr>\n<\/div>\n","protected":false},"excerpt":{"rendered":"<p>Avant le choc de la Ligue des Champions de mercredi entre le Real Madrid et le RB Leipzig, Sports Mole examine de plus pr\u00e8s le<\/p>\n","protected":false},"author":1,"featured_media":5880,"comment_status":"closed","ping_status":"","sticky":false,"template":"","format":"standard","meta":{"footnotes":""},"categories":[4],"tags":[251,20,12,252,434,303,254,302,253],"yoast_head":"<!-- This site is optimized with the Yoast SEO plugin v21.0 - https:\/\/yoast.com\/wordpress\/plugins\/seo\/ -->\n<title>Real Madrid contre RB Leipzig : bilan des face-\u00e0-face et rencontres pass\u00e9es<\/title>\n<meta name=\"robots\" content=\"index, follow, max-snippet:-1, max-image-preview:large, max-video-preview:-1\" \/>\n<link rel=\"canonical\" href=\"https:\/\/footdavant.fr\/actualites\/real-madrid-contre-rb-leipzig-bilan-des-face-a-face-et-rencontres-passees\/\" \/>\n<meta property=\"og:locale\" content=\"fr_FR\" \/>\n<meta property=\"og:type\" content=\"article\" \/>\n<meta property=\"og:title\" content=\"Real Madrid contre RB Leipzig : bilan des face-\u00e0-face et rencontres pass\u00e9es\" \/>\n<meta property=\"og:description\" content=\"Avant le choc de la Ligue des Champions de mercredi entre le Real Madrid et le RB Leipzig, Sports Mole examine de plus pr\u00e8s le\" \/>\n<meta property=\"og:url\" content=\"https:\/\/footdavant.fr\/actualites\/real-madrid-contre-rb-leipzig-bilan-des-face-a-face-et-rencontres-passees\/\" \/>\n<meta property=\"og:site_name\" content=\"Foot d&#039;avant\" \/>\n<meta property=\"article:publisher\" content=\"https:\/\/www.facebook.com\/Footdavant\/\" \/>\n<meta property=\"article:published_time\" content=\"2024-03-06T16:09:16+00:00\" \/>\n<meta property=\"article:modified_time\" content=\"2024-03-06T16:09:17+00:00\" \/>\n<meta property=\"og:image\" content=\"https:\/\/footdavant.fr\/actualites\/wp-content\/uploads\/2024\/03\/Real-Madrid-contre-RB-Leipzig-bilan-des-face-a-face-et.JPG\" \/>\n\t<meta property=\"og:image:width\" content=\"640\" \/>\n\t<meta property=\"og:image:height\" content=\"480\" \/>\n\t<meta property=\"og:image:type\" content=\"image\/jpeg\" \/>\n<meta name=\"author\" content=\"Cl\u00e9ment\" \/>\n<meta name=\"twitter:card\" content=\"summary_large_image\" \/>\n<meta name=\"twitter:creator\" content=\"@FootdavantFr\" \/>\n<meta name=\"twitter:site\" content=\"@FootdavantFr\" \/>\n<meta name=\"twitter:label1\" content=\"\u00c9crit par\" \/>\n\t<meta name=\"twitter:data1\" content=\"Cl\u00e9ment\" \/>\n\t<meta name=\"twitter:label2\" content=\"Dur\u00e9e de lecture estim\u00e9e\" \/>\n\t<meta name=\"twitter:data2\" content=\"4 minutes\" \/>\n<script type=\"application\/ld+json\" class=\"yoast-schema-graph\">{\"@context\":\"https:\/\/schema.org\",\"@graph\":[{\"@type\":\"Article\",\"@id\":\"https:\/\/footdavant.fr\/actualites\/real-madrid-contre-rb-leipzig-bilan-des-face-a-face-et-rencontres-passees\/#article\",\"isPartOf\":{\"@id\":\"https:\/\/footdavant.fr\/actualites\/real-madrid-contre-rb-leipzig-bilan-des-face-a-face-et-rencontres-passees\/\"},\"author\":{\"name\":\"Cl\u00e9ment\",\"@id\":\"https:\/\/footdavant.fr\/actualites\/#\/schema\/person\/bc222566d95871b37e597b3ed3ba5e1d\"},\"headline\":\"Real Madrid contre RB Leipzig : bilan des face-\u00e0-face et rencontres pass\u00e9es\",\"datePublished\":\"2024-03-06T16:09:16+00:00\",\"dateModified\":\"2024-03-06T16:09:17+00:00\",\"mainEntityOfPage\":{\"@id\":\"https:\/\/footdavant.fr\/actualites\/real-madrid-contre-rb-leipzig-bilan-des-face-a-face-et-rencontres-passees\/\"},\"wordCount\":751,\"publisher\":{\"@id\":\"https:\/\/footdavant.fr\/actualites\/#organization\"},\"keywords\":[\"bilan\",\"contre\",\"des\",\"face\u00e0face\",\"Leipzig\",\"Madrid\",\"pass\u00e9es\",\"Real\",\"rencontres\"],\"articleSection\":[\"Champions League\"],\"inLanguage\":\"fr-FR\"},{\"@type\":\"WebPage\",\"@id\":\"https:\/\/footdavant.fr\/actualites\/real-madrid-contre-rb-leipzig-bilan-des-face-a-face-et-rencontres-passees\/\",\"url\":\"https:\/\/footdavant.fr\/actualites\/real-madrid-contre-rb-leipzig-bilan-des-face-a-face-et-rencontres-passees\/\",\"name\":\"Real Madrid contre RB Leipzig : bilan des face-\u00e0-face et rencontres pass\u00e9es\",\"isPartOf\":{\"@id\":\"https:\/\/footdavant.fr\/actualites\/#website\"},\"datePublished\":\"2024-03-06T16:09:16+00:00\",\"dateModified\":\"2024-03-06T16:09:17+00:00\",\"breadcrumb\":{\"@id\":\"https:\/\/footdavant.fr\/actualites\/real-madrid-contre-rb-leipzig-bilan-des-face-a-face-et-rencontres-passees\/#breadcrumb\"},\"inLanguage\":\"fr-FR\",\"potentialAction\":[{\"@type\":\"ReadAction\",\"target\":[\"https:\/\/footdavant.fr\/actualites\/real-madrid-contre-rb-leipzig-bilan-des-face-a-face-et-rencontres-passees\/\"]}]},{\"@type\":\"BreadcrumbList\",\"@id\":\"https:\/\/footdavant.fr\/actualites\/real-madrid-contre-rb-leipzig-bilan-des-face-a-face-et-rencontres-passees\/#breadcrumb\",\"itemListElement\":[{\"@type\":\"ListItem\",\"position\":1,\"name\":\"Accueil\",\"item\":\"https:\/\/footdavant.fr\/actualites\/\"},{\"@type\":\"ListItem\",\"position\":2,\"name\":\"Real Madrid contre RB Leipzig : bilan des face-\u00e0-face et rencontres pass\u00e9es\"}]},{\"@type\":\"WebSite\",\"@id\":\"https:\/\/footdavant.fr\/actualites\/#website\",\"url\":\"https:\/\/footdavant.fr\/actualites\/\",\"name\":\"Foot d'avant\",\"description\":\"\",\"publisher\":{\"@id\":\"https:\/\/footdavant.fr\/actualites\/#organization\"},\"potentialAction\":[{\"@type\":\"SearchAction\",\"target\":{\"@type\":\"EntryPoint\",\"urlTemplate\":\"https:\/\/footdavant.fr\/actualites\/?s={search_term_string}\"},\"query-input\":\"required name=search_term_string\"}],\"inLanguage\":\"fr-FR\"},{\"@type\":\"Organization\",\"@id\":\"https:\/\/footdavant.fr\/actualites\/#organization\",\"name\":\"Foot d'avant\",\"url\":\"https:\/\/footdavant.fr\/actualites\/\",\"logo\":{\"@type\":\"ImageObject\",\"inLanguage\":\"fr-FR\",\"@id\":\"https:\/\/footdavant.fr\/actualites\/#\/schema\/logo\/image\/\",\"url\":\"https:\/\/footdavant.fr\/actualites\/wp-content\/uploads\/2023\/09\/Copy-of-FootDavant-Logo.png\",\"contentUrl\":\"https:\/\/footdavant.fr\/actualites\/wp-content\/uploads\/2023\/09\/Copy-of-FootDavant-Logo.png\",\"width\":936,\"height\":549,\"caption\":\"Foot d'avant\"},\"image\":{\"@id\":\"https:\/\/footdavant.fr\/actualites\/#\/schema\/logo\/image\/\"},\"sameAs\":[\"https:\/\/www.facebook.com\/Footdavant\/\",\"https:\/\/twitter.com\/FootdavantFr\",\"https:\/\/www.instagram.com\/footdavant.fr\/\"]},{\"@type\":\"Person\",\"@id\":\"https:\/\/footdavant.fr\/actualites\/#\/schema\/person\/bc222566d95871b37e597b3ed3ba5e1d\",\"name\":\"Cl\u00e9ment\",\"image\":{\"@type\":\"ImageObject\",\"inLanguage\":\"fr-FR\",\"@id\":\"https:\/\/footdavant.fr\/actualites\/#\/schema\/person\/image\/\",\"url\":\"https:\/\/secure.gravatar.com\/avatar\/7728b29aac2719421e1a9159b2254c44?s=96&d=mm&r=g\",\"contentUrl\":\"https:\/\/secure.gravatar.com\/avatar\/7728b29aac2719421e1a9159b2254c44?s=96&d=mm&r=g\",\"caption\":\"Cl\u00e9ment\"},\"sameAs\":[\"https:\/\/footdavant.fr\/\"]}]}<\/script>\n<!-- \/ Yoast SEO plugin. -->","yoast_head_json":{"title":"Real Madrid contre RB Leipzig : bilan des face-\u00e0-face et rencontres pass\u00e9es","robots":{"index":"index","follow":"follow","max-snippet":"max-snippet:-1","max-image-preview":"max-image-preview:large","max-video-preview":"max-video-preview:-1"},"canonical":"https:\/\/footdavant.fr\/actualites\/real-madrid-contre-rb-leipzig-bilan-des-face-a-face-et-rencontres-passees\/","og_locale":"fr_FR","og_type":"article","og_title":"Real Madrid contre RB Leipzig : bilan des face-\u00e0-face et rencontres pass\u00e9es","og_description":"Avant le choc de la Ligue des Champions de mercredi entre le Real Madrid et le RB Leipzig, Sports Mole examine de plus pr\u00e8s le","og_url":"https:\/\/footdavant.fr\/actualites\/real-madrid-contre-rb-leipzig-bilan-des-face-a-face-et-rencontres-passees\/","og_site_name":"Foot d&#039;avant","article_publisher":"https:\/\/www.facebook.com\/Footdavant\/","article_published_time":"2024-03-06T16:09:16+00:00","article_modified_time":"2024-03-06T16:09:17+00:00","og_image":[{"width":640,"height":480,"url":"https:\/\/footdavant.fr\/actualites\/wp-content\/uploads\/2024\/03\/Real-Madrid-contre-RB-Leipzig-bilan-des-face-a-face-et.JPG","type":"image\/jpeg"}],"author":"Cl\u00e9ment","twitter_card":"summary_large_image","twitter_creator":"@FootdavantFr","twitter_site":"@FootdavantFr","twitter_misc":{"\u00c9crit par":"Cl\u00e9ment","Dur\u00e9e de lecture estim\u00e9e":"4 minutes"},"schema":{"@context":"https:\/\/schema.org","@graph":[{"@type":"Article","@id":"https:\/\/footdavant.fr\/actualites\/real-madrid-contre-rb-leipzig-bilan-des-face-a-face-et-rencontres-passees\/#article","isPartOf":{"@id":"https:\/\/footdavant.fr\/actualites\/real-madrid-contre-rb-leipzig-bilan-des-face-a-face-et-rencontres-passees\/"},"author":{"name":"Cl\u00e9ment","@id":"https:\/\/footdavant.fr\/actualites\/#\/schema\/person\/bc222566d95871b37e597b3ed3ba5e1d"},"headline":"Real Madrid contre RB Leipzig : bilan des face-\u00e0-face et rencontres pass\u00e9es","datePublished":"2024-03-06T16:09:16+00:00","dateModified":"2024-03-06T16:09:17+00:00","mainEntityOfPage":{"@id":"https:\/\/footdavant.fr\/actualites\/real-madrid-contre-rb-leipzig-bilan-des-face-a-face-et-rencontres-passees\/"},"wordCount":751,"publisher":{"@id":"https:\/\/footdavant.fr\/actualites\/#organization"},"keywords":["bilan","contre","des","face\u00e0face","Leipzig","Madrid","pass\u00e9es","Real","rencontres"],"articleSection":["Champions League"],"inLanguage":"fr-FR"},{"@type":"WebPage","@id":"https:\/\/footdavant.fr\/actualites\/real-madrid-contre-rb-leipzig-bilan-des-face-a-face-et-rencontres-passees\/","url":"https:\/\/footdavant.fr\/actualites\/real-madrid-contre-rb-leipzig-bilan-des-face-a-face-et-rencontres-passees\/","name":"Real Madrid contre RB Leipzig : bilan des face-\u00e0-face et rencontres pass\u00e9es","isPartOf":{"@id":"https:\/\/footdavant.fr\/actualites\/#website"},"datePublished":"2024-03-06T16:09:16+00:00","dateModified":"2024-03-06T16:09:17+00:00","breadcrumb":{"@id":"https:\/\/footdavant.fr\/actualites\/real-madrid-contre-rb-leipzig-bilan-des-face-a-face-et-rencontres-passees\/#breadcrumb"},"inLanguage":"fr-FR","potentialAction":[{"@type":"ReadAction","target":["https:\/\/footdavant.fr\/actualites\/real-madrid-contre-rb-leipzig-bilan-des-face-a-face-et-rencontres-passees\/"]}]},{"@type":"BreadcrumbList","@id":"https:\/\/footdavant.fr\/actualites\/real-madrid-contre-rb-leipzig-bilan-des-face-a-face-et-rencontres-passees\/#breadcrumb","itemListElement":[{"@type":"ListItem","position":1,"name":"Accueil","item":"https:\/\/footdavant.fr\/actualites\/"},{"@type":"ListItem","position":2,"name":"Real Madrid contre RB Leipzig : bilan des face-\u00e0-face et rencontres pass\u00e9es"}]},{"@type":"WebSite","@id":"https:\/\/footdavant.fr\/actualites\/#website","url":"https:\/\/footdavant.fr\/actualites\/","name":"Foot d'avant","description":"","publisher":{"@id":"https:\/\/footdavant.fr\/actualites\/#organization"},"potentialAction":[{"@type":"SearchAction","target":{"@type":"EntryPoint","urlTemplate":"https:\/\/footdavant.fr\/actualites\/?s={search_term_string}"},"query-input":"required name=search_term_string"}],"inLanguage":"fr-FR"},{"@type":"Organization","@id":"https:\/\/footdavant.fr\/actualites\/#organization","name":"Foot d'avant","url":"https:\/\/footdavant.fr\/actualites\/","logo":{"@type":"ImageObject","inLanguage":"fr-FR","@id":"https:\/\/footdavant.fr\/actualites\/#\/schema\/logo\/image\/","url":"https:\/\/footdavant.fr\/actualites\/wp-content\/uploads\/2023\/09\/Copy-of-FootDavant-Logo.png","contentUrl":"https:\/\/footdavant.fr\/actualites\/wp-content\/uploads\/2023\/09\/Copy-of-FootDavant-Logo.png","width":936,"height":549,"caption":"Foot d'avant"},"image":{"@id":"https:\/\/footdavant.fr\/actualites\/#\/schema\/logo\/image\/"},"sameAs":["https:\/\/www.facebook.com\/Footdavant\/","https:\/\/twitter.com\/FootdavantFr","https:\/\/www.instagram.com\/footdavant.fr\/"]},{"@type":"Person","@id":"https:\/\/footdavant.fr\/actualites\/#\/schema\/person\/bc222566d95871b37e597b3ed3ba5e1d","name":"Cl\u00e9ment","image":{"@type":"ImageObject","inLanguage":"fr-FR","@id":"https:\/\/footdavant.fr\/actualites\/#\/schema\/person\/image\/","url":"https:\/\/secure.gravatar.com\/avatar\/7728b29aac2719421e1a9159b2254c44?s=96&d=mm&r=g","contentUrl":"https:\/\/secure.gravatar.com\/avatar\/7728b29aac2719421e1a9159b2254c44?s=96&d=mm&r=g","caption":"Cl\u00e9ment"},"sameAs":["https:\/\/footdavant.fr\/"]}]}},"_links":{"self":[{"href":"https:\/\/footdavant.fr\/actualites\/wp-json\/wp\/v2\/posts\/5879"}],"collection":[{"href":"https:\/\/footdavant.fr\/actualites\/wp-json\/wp\/v2\/posts"}],"about":[{"href":"https:\/\/footdavant.fr\/actualites\/wp-json\/wp\/v2\/types\/post"}],"author":[{"embeddable":true,"href":"https:\/\/footdavant.fr\/actualites\/wp-json\/wp\/v2\/users\/1"}],"replies":[{"embeddable":true,"href":"https:\/\/footdavant.fr\/actualites\/wp-json\/wp\/v2\/comments?post=5879"}],"version-history":[{"count":1,"href":"https:\/\/footdavant.fr\/actualites\/wp-json\/wp\/v2\/posts\/5879\/revisions"}],"predecessor-version":[{"id":5881,"href":"https:\/\/footdavant.fr\/actualites\/wp-json\/wp\/v2\/posts\/5879\/revisions\/5881"}],"wp:featuredmedia":[{"embeddable":true,"href":"https:\/\/footdavant.fr\/actualites\/wp-json\/wp\/v2\/media\/5880"}],"wp:attachment":[{"href":"https:\/\/footdavant.fr\/actualites\/wp-json\/wp\/v2\/media?parent=5879"}],"wp:term":[{"taxonomy":"category","embeddable":true,"href":"https:\/\/footdavant.fr\/actualites\/wp-json\/wp\/v2\/categories?post=5879"},{"taxonomy":"post_tag","embeddable":true,"href":"https:\/\/footdavant.fr\/actualites\/wp-json\/wp\/v2\/tags?post=5879"}],"curies":[{"name":"wp","href":"https:\/\/api.w.org\/{rel}","templated":true}]}}