{"id":5882,"date":"2024-03-06T17:49:36","date_gmt":"2024-03-06T16:49:36","guid":{"rendered":"https:\/\/footdavant.fr\/actualites\/tottenham-hotspur-envoie-des-eclaireurs-pour-surveiller-kevin-denkey-du-cercle-de-bruges\/"},"modified":"2024-03-06T17:49:37","modified_gmt":"2024-03-06T16:49:37","slug":"tottenham-hotspur-envoie-des-eclaireurs-pour-surveiller-kevin-denkey-du-cercle-de-bruges","status":"publish","type":"post","link":"https:\/\/footdavant.fr\/actualites\/tottenham-hotspur-envoie-des-eclaireurs-pour-surveiller-kevin-denkey-du-cercle-de-bruges\/","title":{"rendered":"Tottenham Hotspur \u00ab\u00a0envoie des \u00e9claireurs pour surveiller Kevin Denkey du Cercle de Bruges\u00a0\u00bb"},"content":{"rendered":"<p>Tottenham Hotspur aurait envoy\u00e9 des \u00e9claireurs pour surveiller l&rsquo;attaquant du Cercle de Bruges Kevin Denkey, qui a marqu\u00e9 22 buts dans l&rsquo;\u00e9lite belge cette saison.<\/p>\n<div id=\"article_body\" itemprop=\"articleBody\">\n<h3 class=\"firstPara\">\n<strong class=\"autotag\">Tottenham Hotspur<\/strong> auraient d\u00e9ploy\u00e9 des \u00e9claireurs pour surveiller <strong class=\"autotag\">Cercle Bruges<\/strong> le buteur <strong class=\"autotag\">K\u00e9vin Denkey<\/strong>.<\/h3>\n<p>Le joueur de 23 ans m\u00e8ne actuellement la course au Soulier d&rsquo;Or de la Jupiler Pro League avec un nombre impressionnant de 22 buts en seulement 26 matches de haut niveau, soit cinq de plus que son plus proche challenger. <strong class=\"autotag\">Mohamed Amoura<\/strong> de l&rsquo;Union SG.<\/p>\n<p>Denkey est pass\u00e9 par l&rsquo;acad\u00e9mie des jeunes de l&rsquo;\u00e9quipe fran\u00e7aise de N\u00eemes, disputant 27 matches de Ligue 1 pour le club, mais il n&rsquo;a pas r\u00e9ussi \u00e0 \u00e9tablir un marqueur en France et a \u00e9t\u00e9 vendu au Cercle de Bruges pour seulement 1,7 million de livres sterling en janvier 2021.<\/p>\n<p>Depuis son arriv\u00e9e en Belgique, l&rsquo;\u00e9quipe de Denkey s&rsquo;est am\u00e9lior\u00e9e au fil de la saison, puisqu&rsquo;il a termin\u00e9 la campagne 2022-23 avec 13 buts et neuf passes d\u00e9cisives \u00e0 son actif toutes comp\u00e9titions confondues avant de devenir l&rsquo;un des tireurs d&rsquo;\u00e9lite les plus cliniques de la Jupiler Pro League.<\/p>\n<p>Le joueur de 23 ans a inscrit trois doubl\u00e9s lors de ses quatre derni\u00e8res apparitions dans l&rsquo;\u00e9lite du Cercle de Bruges, cinqui\u00e8me du classement de la Jupiler Pro League et en passe de se qualifier pour les \u00e9liminatoires des Champions, o\u00f9 les six meilleures \u00e9quipes du classement Le pays concourra pour le titre et les places europ\u00e9ennes.<\/p>\n<p class=\"imgI\">\n<p>International togolais de 28 s\u00e9lections, Denkey a trouv\u00e9 le fond des filets \u00e0 sept reprises pour son pays, dont quatre buts lors de ses cinq derni\u00e8res participations \u00e0 la Coupe d&rsquo;Afrique des Nations et aux \u00e9liminatoires de la Coupe du monde.<\/p>\n<p>L&rsquo;attaquant de 1,70 m est sous contrat avec le Cercle de Bruges jusqu&rsquo;\u00e0 l&rsquo;\u00e9t\u00e9 2026, mais l&rsquo;\u00e9quipe belge se pr\u00e9pare \u00e0 des offres venues d&rsquo;ailleurs lors du mercato estival.<\/p>\n<p>Selon <em>Mercato \u00e0 pied<\/em>Tottenham fait partie des clubs qui ont surveill\u00e9 les performances de Denkey et ont envoy\u00e9 des recruteurs pour le surveiller en action contre le Club de Bruges le 18 f\u00e9vrier.<\/p>\n<p>Denkey a jou\u00e9 les 90 minutes compl\u00e8tes de cette rencontre et a r\u00e9ussi deux tirs cadr\u00e9s, mais il n&rsquo;a pas r\u00e9ussi \u00e0 contribuer directement \u00e0 un but alors que les deux rivaux se sont serr\u00e9s la main sur un match nul 1-1.<\/p>\n<p>N\u00e9anmoins, Tottenham et <strong class=\"autotag\">Borussia Dortmund<\/strong> On pense qu&rsquo;ils ont \u00e9t\u00e9 impressionn\u00e9s par ses progr\u00e8s cette saison, et le rapport ajoute que les meilleures \u00e9quipes de Ligue 1 pourraient \u00e9galement tenter de le ramener en France.<\/p>\n<p class=\"imgI\"><img decoding=\"async\" loading=\"lazy\" class=\"l\" src=\"https:\/\/footdavant.fr\/actualites\/wp-content\/uploads\/2024\/03\/1709743776_787_Tottenham-Hotspur-envoie-des-eclaireurs-pour-surveiller-Kevin-Denkey-du.JPG\" title=\"Ange Postecoglou, manager de Tottenham Hotspur, r\u00e9agit le 3 f\u00e9vrier 2024\" alt=\"Ange Postecoglou, manager de Tottenham Hotspur, r\u00e9agit le 3 f\u00e9vrier 2024\" width=\"640\" height=\"480\"><\/p>\n<p>Le Cercle de Bruges exigera apparemment au moins 20 millions d&rsquo;euros (17,2 millions de livres sterling) pour se s\u00e9parer de l&rsquo;international togolais, qui pourrait suivre les go\u00fbts de <strong class=\"autotag\">Paul Onuachu<\/strong>, <strong class=\"autotag\">Jonathan David<\/strong>, <strong class=\"autotag\">Cadeau Orban<\/strong> et <strong class=\"autotag\">Victor Boniface<\/strong> \u00e0 l&rsquo;une des cinq meilleures ligues europ\u00e9ennes depuis la Belgique.<\/p>\n<p>Denkey a r\u00e9cemment \u00e9t\u00e9 interrog\u00e9 sur un \u00e9ventuel retour en France lors d&rsquo;une visite \u00e0 Monaco, et cit\u00e9 par <em>Mercato \u00e0 pied<\/em>le joueur de 23 ans lui a ouvert la porte pour exercer \u00e0 nouveau son m\u00e9tier en Ligue 1.<\/p>\n<p>\u00ab\u00a0Nous sommes \u00e0 Monaco, face au stade Louis II, o\u00f9 j&rsquo;ai marqu\u00e9 mon premier but en Ligue 1 d\u00e8s ma premi\u00e8re touche de ballon. A Monaco, il y a vraiment un cadre magnifique. Bien s\u00fbr que l&rsquo;AS Monaco est un grand club\u00a0\u00bb, a d\u00e9clar\u00e9 Denkey. . <\/p>\n<p>\u00ab\u00a0On verra le moment venu, j&rsquo;\u00e9couterai, mais aujourd&rsquo;hui, je suis concentr\u00e9 \u00e0 200% avec le Cercle Bruges pour donner le meilleur de moi-m\u00eame. On cherche toujours \u00e0 \u00eatre dans un environnement dans lequel on se sent d\u00e9sir\u00e9 avec un projet sportif fort, comme c&rsquo;est le cas aujourd&rsquo;hui pour moi avec le Cercle.\u00a0\u00bb<\/p>\n<p>Tottenham n&rsquo;a pas sign\u00e9 de rempla\u00e7ant de renom pour le meilleur buteur de tous les temps <strong class=\"autotag\">Harry Kane<\/strong> l&rsquo;\u00e9t\u00e9 dernier, en faisant venir les jeunes <strong class=\"autotag\">Alejo V\u00e9liz<\/strong> et <strong class=\"autotag\">Brennan Johnson<\/strong>dont le premier a \u00e9t\u00e9 pr\u00eat\u00e9 \u00e0 S\u00e9ville en janvier.<\/p>\n<p><strong class=\"autotag\">Richarlison<\/strong> et <strong class=\"autotag\">Fils Heung-min<\/strong> sont tous deux \u00e0 deux chiffres pour la saison de Premier League, mais le premier est d\u00e9sormais exclu pour deux \u00e0 trois semaines en raison d&rsquo;une blessure au genou.<\/p>\n<\/div>\n","protected":false},"excerpt":{"rendered":"<p>Tottenham Hotspur aurait envoy\u00e9 des \u00e9claireurs pour surveiller l&rsquo;attaquant du Cercle de Bruges Kevin Denkey, qui a marqu\u00e9 22 buts dans l&rsquo;\u00e9lite belge cette saison.<\/p>\n","protected":false},"author":1,"featured_media":5883,"comment_status":"closed","ping_status":"","sticky":false,"template":"","format":"standard","meta":{"footnotes":""},"categories":[5],"tags":[3743,3979,3978,12,2362,677,69,1731,51,2140,68],"yoast_head":"<!-- This site is optimized with the Yoast SEO plugin v21.0 - https:\/\/yoast.com\/wordpress\/plugins\/seo\/ -->\n<title>Tottenham Hotspur &quot;envoie des \u00e9claireurs pour surveiller Kevin Denkey du Cercle de Bruges&quot;<\/title>\n<meta name=\"robots\" content=\"index, follow, max-snippet:-1, max-image-preview:large, max-video-preview:-1\" \/>\n<link rel=\"canonical\" href=\"https:\/\/footdavant.fr\/actualites\/tottenham-hotspur-envoie-des-eclaireurs-pour-surveiller-kevin-denkey-du-cercle-de-bruges\/\" \/>\n<meta property=\"og:locale\" content=\"fr_FR\" \/>\n<meta property=\"og:type\" content=\"article\" \/>\n<meta property=\"og:title\" content=\"Tottenham Hotspur &quot;envoie des \u00e9claireurs pour surveiller Kevin Denkey du Cercle de Bruges&quot;\" \/>\n<meta property=\"og:description\" content=\"Tottenham Hotspur aurait envoy\u00e9 des \u00e9claireurs pour surveiller l&rsquo;attaquant du Cercle de Bruges Kevin Denkey, qui a marqu\u00e9 22 buts dans l&rsquo;\u00e9lite belge cette saison.\" \/>\n<meta property=\"og:url\" content=\"https:\/\/footdavant.fr\/actualites\/tottenham-hotspur-envoie-des-eclaireurs-pour-surveiller-kevin-denkey-du-cercle-de-bruges\/\" \/>\n<meta property=\"og:site_name\" content=\"Foot d&#039;avant\" \/>\n<meta property=\"article:publisher\" content=\"https:\/\/www.facebook.com\/Footdavant\/\" \/>\n<meta property=\"article:published_time\" content=\"2024-03-06T16:49:36+00:00\" \/>\n<meta property=\"article:modified_time\" content=\"2024-03-06T16:49:37+00:00\" \/>\n<meta property=\"og:image\" content=\"https:\/\/footdavant.fr\/actualites\/wp-content\/uploads\/2024\/03\/Tottenham-Hotspur-envoie-des-eclaireurs-pour-surveiller-Kevin-Denkey-du.JPG\" \/>\n\t<meta property=\"og:image:width\" content=\"640\" \/>\n\t<meta property=\"og:image:height\" content=\"480\" \/>\n\t<meta property=\"og:image:type\" content=\"image\/jpeg\" \/>\n<meta name=\"author\" content=\"Cl\u00e9ment\" \/>\n<meta name=\"twitter:card\" content=\"summary_large_image\" \/>\n<meta name=\"twitter:creator\" content=\"@FootdavantFr\" \/>\n<meta name=\"twitter:site\" content=\"@FootdavantFr\" \/>\n<meta name=\"twitter:label1\" content=\"\u00c9crit par\" \/>\n\t<meta name=\"twitter:data1\" content=\"Cl\u00e9ment\" \/>\n\t<meta name=\"twitter:label2\" content=\"Dur\u00e9e de lecture estim\u00e9e\" \/>\n\t<meta name=\"twitter:data2\" content=\"3 minutes\" \/>\n<script type=\"application\/ld+json\" class=\"yoast-schema-graph\">{\"@context\":\"https:\/\/schema.org\",\"@graph\":[{\"@type\":\"Article\",\"@id\":\"https:\/\/footdavant.fr\/actualites\/tottenham-hotspur-envoie-des-eclaireurs-pour-surveiller-kevin-denkey-du-cercle-de-bruges\/#article\",\"isPartOf\":{\"@id\":\"https:\/\/footdavant.fr\/actualites\/tottenham-hotspur-envoie-des-eclaireurs-pour-surveiller-kevin-denkey-du-cercle-de-bruges\/\"},\"author\":{\"name\":\"Cl\u00e9ment\",\"@id\":\"https:\/\/footdavant.fr\/actualites\/#\/schema\/person\/bc222566d95871b37e597b3ed3ba5e1d\"},\"headline\":\"Tottenham Hotspur \u00ab\u00a0envoie des \u00e9claireurs pour surveiller Kevin Denkey du Cercle de Bruges\u00a0\u00bb\",\"datePublished\":\"2024-03-06T16:49:36+00:00\",\"dateModified\":\"2024-03-06T16:49:37+00:00\",\"mainEntityOfPage\":{\"@id\":\"https:\/\/footdavant.fr\/actualites\/tottenham-hotspur-envoie-des-eclaireurs-pour-surveiller-kevin-denkey-du-cercle-de-bruges\/\"},\"wordCount\":702,\"publisher\":{\"@id\":\"https:\/\/footdavant.fr\/actualites\/#organization\"},\"keywords\":[\"Bruges\",\"Cercle\",\"Denkey\",\"des\",\"\u00e9claireurs\",\"envoie\",\"Hotspur\",\"Kevin\",\"pour\",\"surveiller\",\"Tottenham\"],\"articleSection\":[\"Premier League\"],\"inLanguage\":\"fr-FR\"},{\"@type\":\"WebPage\",\"@id\":\"https:\/\/footdavant.fr\/actualites\/tottenham-hotspur-envoie-des-eclaireurs-pour-surveiller-kevin-denkey-du-cercle-de-bruges\/\",\"url\":\"https:\/\/footdavant.fr\/actualites\/tottenham-hotspur-envoie-des-eclaireurs-pour-surveiller-kevin-denkey-du-cercle-de-bruges\/\",\"name\":\"Tottenham Hotspur \\\"envoie des \u00e9claireurs pour surveiller Kevin Denkey du Cercle de Bruges\\\"\",\"isPartOf\":{\"@id\":\"https:\/\/footdavant.fr\/actualites\/#website\"},\"datePublished\":\"2024-03-06T16:49:36+00:00\",\"dateModified\":\"2024-03-06T16:49:37+00:00\",\"breadcrumb\":{\"@id\":\"https:\/\/footdavant.fr\/actualites\/tottenham-hotspur-envoie-des-eclaireurs-pour-surveiller-kevin-denkey-du-cercle-de-bruges\/#breadcrumb\"},\"inLanguage\":\"fr-FR\",\"potentialAction\":[{\"@type\":\"ReadAction\",\"target\":[\"https:\/\/footdavant.fr\/actualites\/tottenham-hotspur-envoie-des-eclaireurs-pour-surveiller-kevin-denkey-du-cercle-de-bruges\/\"]}]},{\"@type\":\"BreadcrumbList\",\"@id\":\"https:\/\/footdavant.fr\/actualites\/tottenham-hotspur-envoie-des-eclaireurs-pour-surveiller-kevin-denkey-du-cercle-de-bruges\/#breadcrumb\",\"itemListElement\":[{\"@type\":\"ListItem\",\"position\":1,\"name\":\"Accueil\",\"item\":\"https:\/\/footdavant.fr\/actualites\/\"},{\"@type\":\"ListItem\",\"position\":2,\"name\":\"Tottenham Hotspur \u00ab\u00a0envoie des \u00e9claireurs pour surveiller Kevin Denkey du Cercle de Bruges\u00a0\u00bb\"}]},{\"@type\":\"WebSite\",\"@id\":\"https:\/\/footdavant.fr\/actualites\/#website\",\"url\":\"https:\/\/footdavant.fr\/actualites\/\",\"name\":\"Foot d'avant\",\"description\":\"\",\"publisher\":{\"@id\":\"https:\/\/footdavant.fr\/actualites\/#organization\"},\"potentialAction\":[{\"@type\":\"SearchAction\",\"target\":{\"@type\":\"EntryPoint\",\"urlTemplate\":\"https:\/\/footdavant.fr\/actualites\/?s={search_term_string}\"},\"query-input\":\"required name=search_term_string\"}],\"inLanguage\":\"fr-FR\"},{\"@type\":\"Organization\",\"@id\":\"https:\/\/footdavant.fr\/actualites\/#organization\",\"name\":\"Foot d'avant\",\"url\":\"https:\/\/footdavant.fr\/actualites\/\",\"logo\":{\"@type\":\"ImageObject\",\"inLanguage\":\"fr-FR\",\"@id\":\"https:\/\/footdavant.fr\/actualites\/#\/schema\/logo\/image\/\",\"url\":\"https:\/\/footdavant.fr\/actualites\/wp-content\/uploads\/2023\/09\/Copy-of-FootDavant-Logo.png\",\"contentUrl\":\"https:\/\/footdavant.fr\/actualites\/wp-content\/uploads\/2023\/09\/Copy-of-FootDavant-Logo.png\",\"width\":936,\"height\":549,\"caption\":\"Foot d'avant\"},\"image\":{\"@id\":\"https:\/\/footdavant.fr\/actualites\/#\/schema\/logo\/image\/\"},\"sameAs\":[\"https:\/\/www.facebook.com\/Footdavant\/\",\"https:\/\/twitter.com\/FootdavantFr\",\"https:\/\/www.instagram.com\/footdavant.fr\/\"]},{\"@type\":\"Person\",\"@id\":\"https:\/\/footdavant.fr\/actualites\/#\/schema\/person\/bc222566d95871b37e597b3ed3ba5e1d\",\"name\":\"Cl\u00e9ment\",\"image\":{\"@type\":\"ImageObject\",\"inLanguage\":\"fr-FR\",\"@id\":\"https:\/\/footdavant.fr\/actualites\/#\/schema\/person\/image\/\",\"url\":\"https:\/\/secure.gravatar.com\/avatar\/7728b29aac2719421e1a9159b2254c44?s=96&d=mm&r=g\",\"contentUrl\":\"https:\/\/secure.gravatar.com\/avatar\/7728b29aac2719421e1a9159b2254c44?s=96&d=mm&r=g\",\"caption\":\"Cl\u00e9ment\"},\"sameAs\":[\"https:\/\/footdavant.fr\/\"]}]}<\/script>\n<!-- \/ Yoast SEO plugin. -->","yoast_head_json":{"title":"Tottenham Hotspur \"envoie des \u00e9claireurs pour surveiller Kevin Denkey du Cercle de Bruges\"","robots":{"index":"index","follow":"follow","max-snippet":"max-snippet:-1","max-image-preview":"max-image-preview:large","max-video-preview":"max-video-preview:-1"},"canonical":"https:\/\/footdavant.fr\/actualites\/tottenham-hotspur-envoie-des-eclaireurs-pour-surveiller-kevin-denkey-du-cercle-de-bruges\/","og_locale":"fr_FR","og_type":"article","og_title":"Tottenham Hotspur \"envoie des \u00e9claireurs pour surveiller Kevin Denkey du Cercle de Bruges\"","og_description":"Tottenham Hotspur aurait envoy\u00e9 des \u00e9claireurs pour surveiller l&rsquo;attaquant du Cercle de Bruges Kevin Denkey, qui a marqu\u00e9 22 buts dans l&rsquo;\u00e9lite belge cette saison.","og_url":"https:\/\/footdavant.fr\/actualites\/tottenham-hotspur-envoie-des-eclaireurs-pour-surveiller-kevin-denkey-du-cercle-de-bruges\/","og_site_name":"Foot d&#039;avant","article_publisher":"https:\/\/www.facebook.com\/Footdavant\/","article_published_time":"2024-03-06T16:49:36+00:00","article_modified_time":"2024-03-06T16:49:37+00:00","og_image":[{"width":640,"height":480,"url":"https:\/\/footdavant.fr\/actualites\/wp-content\/uploads\/2024\/03\/Tottenham-Hotspur-envoie-des-eclaireurs-pour-surveiller-Kevin-Denkey-du.JPG","type":"image\/jpeg"}],"author":"Cl\u00e9ment","twitter_card":"summary_large_image","twitter_creator":"@FootdavantFr","twitter_site":"@FootdavantFr","twitter_misc":{"\u00c9crit par":"Cl\u00e9ment","Dur\u00e9e de lecture estim\u00e9e":"3 minutes"},"schema":{"@context":"https:\/\/schema.org","@graph":[{"@type":"Article","@id":"https:\/\/footdavant.fr\/actualites\/tottenham-hotspur-envoie-des-eclaireurs-pour-surveiller-kevin-denkey-du-cercle-de-bruges\/#article","isPartOf":{"@id":"https:\/\/footdavant.fr\/actualites\/tottenham-hotspur-envoie-des-eclaireurs-pour-surveiller-kevin-denkey-du-cercle-de-bruges\/"},"author":{"name":"Cl\u00e9ment","@id":"https:\/\/footdavant.fr\/actualites\/#\/schema\/person\/bc222566d95871b37e597b3ed3ba5e1d"},"headline":"Tottenham Hotspur \u00ab\u00a0envoie des \u00e9claireurs pour surveiller Kevin Denkey du Cercle de Bruges\u00a0\u00bb","datePublished":"2024-03-06T16:49:36+00:00","dateModified":"2024-03-06T16:49:37+00:00","mainEntityOfPage":{"@id":"https:\/\/footdavant.fr\/actualites\/tottenham-hotspur-envoie-des-eclaireurs-pour-surveiller-kevin-denkey-du-cercle-de-bruges\/"},"wordCount":702,"publisher":{"@id":"https:\/\/footdavant.fr\/actualites\/#organization"},"keywords":["Bruges","Cercle","Denkey","des","\u00e9claireurs","envoie","Hotspur","Kevin","pour","surveiller","Tottenham"],"articleSection":["Premier League"],"inLanguage":"fr-FR"},{"@type":"WebPage","@id":"https:\/\/footdavant.fr\/actualites\/tottenham-hotspur-envoie-des-eclaireurs-pour-surveiller-kevin-denkey-du-cercle-de-bruges\/","url":"https:\/\/footdavant.fr\/actualites\/tottenham-hotspur-envoie-des-eclaireurs-pour-surveiller-kevin-denkey-du-cercle-de-bruges\/","name":"Tottenham Hotspur \"envoie des \u00e9claireurs pour surveiller Kevin Denkey du Cercle de Bruges\"","isPartOf":{"@id":"https:\/\/footdavant.fr\/actualites\/#website"},"datePublished":"2024-03-06T16:49:36+00:00","dateModified":"2024-03-06T16:49:37+00:00","breadcrumb":{"@id":"https:\/\/footdavant.fr\/actualites\/tottenham-hotspur-envoie-des-eclaireurs-pour-surveiller-kevin-denkey-du-cercle-de-bruges\/#breadcrumb"},"inLanguage":"fr-FR","potentialAction":[{"@type":"ReadAction","target":["https:\/\/footdavant.fr\/actualites\/tottenham-hotspur-envoie-des-eclaireurs-pour-surveiller-kevin-denkey-du-cercle-de-bruges\/"]}]},{"@type":"BreadcrumbList","@id":"https:\/\/footdavant.fr\/actualites\/tottenham-hotspur-envoie-des-eclaireurs-pour-surveiller-kevin-denkey-du-cercle-de-bruges\/#breadcrumb","itemListElement":[{"@type":"ListItem","position":1,"name":"Accueil","item":"https:\/\/footdavant.fr\/actualites\/"},{"@type":"ListItem","position":2,"name":"Tottenham Hotspur \u00ab\u00a0envoie des \u00e9claireurs pour surveiller Kevin Denkey du Cercle de Bruges\u00a0\u00bb"}]},{"@type":"WebSite","@id":"https:\/\/footdavant.fr\/actualites\/#website","url":"https:\/\/footdavant.fr\/actualites\/","name":"Foot d'avant","description":"","publisher":{"@id":"https:\/\/footdavant.fr\/actualites\/#organization"},"potentialAction":[{"@type":"SearchAction","target":{"@type":"EntryPoint","urlTemplate":"https:\/\/footdavant.fr\/actualites\/?s={search_term_string}"},"query-input":"required name=search_term_string"}],"inLanguage":"fr-FR"},{"@type":"Organization","@id":"https:\/\/footdavant.fr\/actualites\/#organization","name":"Foot d'avant","url":"https:\/\/footdavant.fr\/actualites\/","logo":{"@type":"ImageObject","inLanguage":"fr-FR","@id":"https:\/\/footdavant.fr\/actualites\/#\/schema\/logo\/image\/","url":"https:\/\/footdavant.fr\/actualites\/wp-content\/uploads\/2023\/09\/Copy-of-FootDavant-Logo.png","contentUrl":"https:\/\/footdavant.fr\/actualites\/wp-content\/uploads\/2023\/09\/Copy-of-FootDavant-Logo.png","width":936,"height":549,"caption":"Foot d'avant"},"image":{"@id":"https:\/\/footdavant.fr\/actualites\/#\/schema\/logo\/image\/"},"sameAs":["https:\/\/www.facebook.com\/Footdavant\/","https:\/\/twitter.com\/FootdavantFr","https:\/\/www.instagram.com\/footdavant.fr\/"]},{"@type":"Person","@id":"https:\/\/footdavant.fr\/actualites\/#\/schema\/person\/bc222566d95871b37e597b3ed3ba5e1d","name":"Cl\u00e9ment","image":{"@type":"ImageObject","inLanguage":"fr-FR","@id":"https:\/\/footdavant.fr\/actualites\/#\/schema\/person\/image\/","url":"https:\/\/secure.gravatar.com\/avatar\/7728b29aac2719421e1a9159b2254c44?s=96&d=mm&r=g","contentUrl":"https:\/\/secure.gravatar.com\/avatar\/7728b29aac2719421e1a9159b2254c44?s=96&d=mm&r=g","caption":"Cl\u00e9ment"},"sameAs":["https:\/\/footdavant.fr\/"]}]}},"_links":{"self":[{"href":"https:\/\/footdavant.fr\/actualites\/wp-json\/wp\/v2\/posts\/5882"}],"collection":[{"href":"https:\/\/footdavant.fr\/actualites\/wp-json\/wp\/v2\/posts"}],"about":[{"href":"https:\/\/footdavant.fr\/actualites\/wp-json\/wp\/v2\/types\/post"}],"author":[{"embeddable":true,"href":"https:\/\/footdavant.fr\/actualites\/wp-json\/wp\/v2\/users\/1"}],"replies":[{"embeddable":true,"href":"https:\/\/footdavant.fr\/actualites\/wp-json\/wp\/v2\/comments?post=5882"}],"version-history":[{"count":1,"href":"https:\/\/footdavant.fr\/actualites\/wp-json\/wp\/v2\/posts\/5882\/revisions"}],"predecessor-version":[{"id":5884,"href":"https:\/\/footdavant.fr\/actualites\/wp-json\/wp\/v2\/posts\/5882\/revisions\/5884"}],"wp:featuredmedia":[{"embeddable":true,"href":"https:\/\/footdavant.fr\/actualites\/wp-json\/wp\/v2\/media\/5883"}],"wp:attachment":[{"href":"https:\/\/footdavant.fr\/actualites\/wp-json\/wp\/v2\/media?parent=5882"}],"wp:term":[{"taxonomy":"category","embeddable":true,"href":"https:\/\/footdavant.fr\/actualites\/wp-json\/wp\/v2\/categories?post=5882"},{"taxonomy":"post_tag","embeddable":true,"href":"https:\/\/footdavant.fr\/actualites\/wp-json\/wp\/v2\/tags?post=5882"}],"curies":[{"name":"wp","href":"https:\/\/api.w.org\/{rel}","templated":true}]}}