{"id":5888,"date":"2024-03-06T21:53:16","date_gmt":"2024-03-06T20:53:16","guid":{"rendered":"https:\/\/footdavant.fr\/actualites\/zinedine-zidane-na-aucun-interet-pour-un-poste-a-manchester-united\/"},"modified":"2024-03-06T21:53:17","modified_gmt":"2024-03-06T20:53:17","slug":"zinedine-zidane-na-aucun-interet-pour-un-poste-a-manchester-united","status":"publish","type":"post","link":"https:\/\/footdavant.fr\/actualites\/zinedine-zidane-na-aucun-interet-pour-un-poste-a-manchester-united\/","title":{"rendered":"Zinedine Zidane \u00ab\u00a0n&rsquo;a aucun int\u00e9r\u00eat pour un poste \u00e0 Manchester United\u00a0\u00bb"},"content":{"rendered":"<p>Zinedine Zidane n&rsquo;aurait aucune envie de prendre en charge Manchester United alors qu&rsquo;il est recherch\u00e9 pour remplacer Erik ten Hag.<\/p>\n<div id=\"article_body\" itemprop=\"articleBody\">\n<h3 class=\"firstPara\">\n<strong class=\"autotag\">Zinedine Zidane<\/strong> n&rsquo;aurait apparemment aucune envie de prendre en charge <strong class=\"autotag\">Manchester United<\/strong> au milieu des all\u00e9gations selon lesquelles il serait recherch\u00e9 par le nouvel actionnaire minoritaire du club, Sir <strong class=\"autotag\">Jim Ratcliffe<\/strong>.<\/h3>\n<p><strong class=\"autotag\">Erik Ten Hag<\/strong>La position de \u00e0 la barre continue d&rsquo;\u00eatre remise en question, Ratcliffe et son \u00e9quipe INEOS envisageant d&rsquo;effectuer un changement avant la campagne 2024-25.<\/p>\n<p>Un rapport r\u00e9cent affirmait que Ratcliffe \u00ab\u00a0r\u00eave\u00a0\u00bb de nommer Zidane, le Fran\u00e7ais \u00e9tant au ch\u00f4mage depuis son d\u00e9part du Real Madrid en mai 2021.<\/p>\n<p>Cependant, selon <em>nouvelles<\/em>il est tr\u00e8s peu probable que l&rsquo;ancien milieu de terrain l\u00e9gendaire accepte une offre de Man United, car il n&rsquo;a aucune envie de diriger en Angleterre et ne pense pas que les Red Devils soient la bonne personne pour lui \u00e0 ce stade de sa carri\u00e8re d&rsquo;entra\u00eeneur.<\/p>\n<p>Le rapport affirme que Zidane n&rsquo;est pas press\u00e9 de revenir au poste de manager et qu&rsquo;il attendra donc la bonne opportunit\u00e9, avec <strong class=\"autotag\">Bayern Munich<\/strong> on pense \u00e9galement qu&rsquo;il l&rsquo;a identifi\u00e9 comme rempla\u00e7ant de <strong class=\"autotag\">Thomas Tuchel<\/strong>.<\/p>\n<p class=\"imgI\">\n<p><strong class=\"autotag\">Dan Ashworth<\/strong>qui devrait bient\u00f4t \u00eatre nomm\u00e9 nouveau directeur sportif de Man United, aurait rencontr\u00e9 l&rsquo;ancien <strong class=\"autotag\">Brighton et Hove Albion<\/strong> et manager de Chelsea <strong class=\"autotag\">Graham Potter<\/strong> pour discuter du r\u00f4le \u00e0 Old Trafford.<\/p>\n<p>On pense que Potter est admir\u00e9 par Ratcliffe, le joueur de 48 ans \u00e9tant consid\u00e9r\u00e9 comme le favori pour remplacer Ten Hag, si un changement \u00e9tait apport\u00e9 \u00e0 la fin de la campagne.<\/p>\n<p>L&rsquo;actuel manager de Brighton <strong class=\"autotag\">Roberto De Zerbi<\/strong> est \u00e9galement li\u00e9 au poste, tandis que <strong class=\"autotag\">Inter Milan<\/strong> l&rsquo;entra\u00eeneur-chef <strong class=\"autotag\">Simone Inzaghi<\/strong> on dit qu&rsquo;il a des admirateurs au club.<\/p>\n<p>Ten Hag n&rsquo;a pas encore \u00e9t\u00e9 publiquement soutenu par Ratcliffe, et le milliardaire britannique devrait attendre la fin de la saison avant de prendre une d\u00e9cision finale sur l&rsquo;avenir du N\u00e9erlandais.<\/p>\n<p class=\"imgI\"><img decoding=\"async\" loading=\"lazy\" class=\"l\" src=\"https:\/\/footdavant.fr\/actualites\/wp-content\/uploads\/2024\/03\/Zinedine-Zidane-na-aucun-interet-pour-un-poste-a-Manchester.jpg\" title=\"Le manager de Manchester United, Erik Ten Hag, applaudit les supporters apr\u00e8s le match du 24 f\u00e9vrier 2024.\" alt=\"Le manager de Manchester United, Erik Ten Hag, applaudit les supporters apr\u00e8s le match du 24 f\u00e9vrier 2024.\" width=\"640\" height=\"480\"><\/p>\n<p>La forme de Man United en 2024 a \u00e9t\u00e9 solide, avec sept victoires, un nul et une d\u00e9faite sur l&rsquo;un de ses neuf matches toutes comp\u00e9titions confondues, et ils ont r\u00e9serv\u00e9 leur place en quarts de finale de la FA Cup avec un succ\u00e8s 1-0 contre Nottingham Forest la semaine derni\u00e8re. .<\/p>\n<p>Les Red Devils ont perdu 2-1 \u00e0 domicile contre Fulham en Premier League le week-end dernier, le r\u00e9sultat ayant \u00e9branl\u00e9 leurs espoirs de terminer la Ligue des champions.<\/p>\n<p>Les 20 fois champions d&rsquo;Angleterre sont actuellement sixi\u00e8mes du classement, \u00e0 trois points de Tottenham Hotspur, cinqui\u00e8me, et \u00e0 huit d&rsquo;Aston Villa, quatri\u00e8me.<\/p>\n<p>Man United disputera des matches de Premier League contre Manchester City et Everton avant d&rsquo;accueillir Liverpool \u00e0 Old Trafford pour son quart de finale de la FA Cup le 17 mars.<\/p>\n<\/div>\n","protected":false},"excerpt":{"rendered":"<p>Zinedine Zidane n&rsquo;aurait aucune envie de prendre en charge Manchester United alors qu&rsquo;il est recherch\u00e9 pour remplacer Erik ten Hag. Zinedine Zidane n&rsquo;aurait apparemment aucune<\/p>\n","protected":false},"author":1,"featured_media":5889,"comment_status":"closed","ping_status":"","sticky":false,"template":"","format":"standard","meta":{"footnotes":""},"categories":[5],"tags":[2454,951,11,140,51,13,1822,1821],"yoast_head":"<!-- This site is optimized with the Yoast SEO plugin v21.0 - https:\/\/yoast.com\/wordpress\/plugins\/seo\/ -->\n<title>Zinedine Zidane &quot;n&#039;a aucun int\u00e9r\u00eat pour un poste \u00e0 Manchester United&quot;<\/title>\n<meta name=\"robots\" content=\"index, follow, max-snippet:-1, max-image-preview:large, max-video-preview:-1\" \/>\n<link rel=\"canonical\" href=\"https:\/\/footdavant.fr\/actualites\/zinedine-zidane-na-aucun-interet-pour-un-poste-a-manchester-united\/\" \/>\n<meta property=\"og:locale\" content=\"fr_FR\" \/>\n<meta property=\"og:type\" content=\"article\" \/>\n<meta property=\"og:title\" content=\"Zinedine Zidane &quot;n&#039;a aucun int\u00e9r\u00eat pour un poste \u00e0 Manchester United&quot;\" \/>\n<meta property=\"og:description\" content=\"Zinedine Zidane n&rsquo;aurait aucune envie de prendre en charge Manchester United alors qu&rsquo;il est recherch\u00e9 pour remplacer Erik ten Hag. Zinedine Zidane n&rsquo;aurait apparemment aucune\" \/>\n<meta property=\"og:url\" content=\"https:\/\/footdavant.fr\/actualites\/zinedine-zidane-na-aucun-interet-pour-un-poste-a-manchester-united\/\" \/>\n<meta property=\"og:site_name\" content=\"Foot d&#039;avant\" \/>\n<meta property=\"article:publisher\" content=\"https:\/\/www.facebook.com\/Footdavant\/\" \/>\n<meta property=\"article:published_time\" content=\"2024-03-06T20:53:16+00:00\" \/>\n<meta property=\"article:modified_time\" content=\"2024-03-06T20:53:17+00:00\" \/>\n<meta property=\"og:image\" content=\"https:\/\/footdavant.fr\/actualites\/wp-content\/uploads\/2024\/03\/Zinedine-Zidane-na-aucun-interet-pour-un-poste-a-Manchester.JPG\" \/>\n\t<meta property=\"og:image:width\" content=\"640\" \/>\n\t<meta property=\"og:image:height\" content=\"480\" \/>\n\t<meta property=\"og:image:type\" content=\"image\/jpeg\" \/>\n<meta name=\"author\" content=\"Cl\u00e9ment\" \/>\n<meta name=\"twitter:card\" content=\"summary_large_image\" \/>\n<meta name=\"twitter:creator\" content=\"@FootdavantFr\" \/>\n<meta name=\"twitter:site\" content=\"@FootdavantFr\" \/>\n<meta name=\"twitter:label1\" content=\"\u00c9crit par\" \/>\n\t<meta name=\"twitter:data1\" content=\"Cl\u00e9ment\" \/>\n\t<meta name=\"twitter:label2\" content=\"Dur\u00e9e de lecture estim\u00e9e\" \/>\n\t<meta name=\"twitter:data2\" content=\"2 minutes\" \/>\n<script type=\"application\/ld+json\" class=\"yoast-schema-graph\">{\"@context\":\"https:\/\/schema.org\",\"@graph\":[{\"@type\":\"Article\",\"@id\":\"https:\/\/footdavant.fr\/actualites\/zinedine-zidane-na-aucun-interet-pour-un-poste-a-manchester-united\/#article\",\"isPartOf\":{\"@id\":\"https:\/\/footdavant.fr\/actualites\/zinedine-zidane-na-aucun-interet-pour-un-poste-a-manchester-united\/\"},\"author\":{\"name\":\"Cl\u00e9ment\",\"@id\":\"https:\/\/footdavant.fr\/actualites\/#\/schema\/person\/bc222566d95871b37e597b3ed3ba5e1d\"},\"headline\":\"Zinedine Zidane \u00ab\u00a0n&rsquo;a aucun int\u00e9r\u00eat pour un poste \u00e0 Manchester United\u00a0\u00bb\",\"datePublished\":\"2024-03-06T20:53:16+00:00\",\"dateModified\":\"2024-03-06T20:53:17+00:00\",\"mainEntityOfPage\":{\"@id\":\"https:\/\/footdavant.fr\/actualites\/zinedine-zidane-na-aucun-interet-pour-un-poste-a-manchester-united\/\"},\"wordCount\":467,\"publisher\":{\"@id\":\"https:\/\/footdavant.fr\/actualites\/#organization\"},\"keywords\":[\"aucun\",\"int\u00e9r\u00eat\",\"Manchester\",\"poste\",\"pour\",\"United\",\"Zidane\",\"Zinedine\"],\"articleSection\":[\"Premier League\"],\"inLanguage\":\"fr-FR\"},{\"@type\":\"WebPage\",\"@id\":\"https:\/\/footdavant.fr\/actualites\/zinedine-zidane-na-aucun-interet-pour-un-poste-a-manchester-united\/\",\"url\":\"https:\/\/footdavant.fr\/actualites\/zinedine-zidane-na-aucun-interet-pour-un-poste-a-manchester-united\/\",\"name\":\"Zinedine Zidane \\\"n'a aucun int\u00e9r\u00eat pour un poste \u00e0 Manchester United\\\"\",\"isPartOf\":{\"@id\":\"https:\/\/footdavant.fr\/actualites\/#website\"},\"datePublished\":\"2024-03-06T20:53:16+00:00\",\"dateModified\":\"2024-03-06T20:53:17+00:00\",\"breadcrumb\":{\"@id\":\"https:\/\/footdavant.fr\/actualites\/zinedine-zidane-na-aucun-interet-pour-un-poste-a-manchester-united\/#breadcrumb\"},\"inLanguage\":\"fr-FR\",\"potentialAction\":[{\"@type\":\"ReadAction\",\"target\":[\"https:\/\/footdavant.fr\/actualites\/zinedine-zidane-na-aucun-interet-pour-un-poste-a-manchester-united\/\"]}]},{\"@type\":\"BreadcrumbList\",\"@id\":\"https:\/\/footdavant.fr\/actualites\/zinedine-zidane-na-aucun-interet-pour-un-poste-a-manchester-united\/#breadcrumb\",\"itemListElement\":[{\"@type\":\"ListItem\",\"position\":1,\"name\":\"Accueil\",\"item\":\"https:\/\/footdavant.fr\/actualites\/\"},{\"@type\":\"ListItem\",\"position\":2,\"name\":\"Zinedine Zidane \u00ab\u00a0n&rsquo;a aucun int\u00e9r\u00eat pour un poste \u00e0 Manchester United\u00a0\u00bb\"}]},{\"@type\":\"WebSite\",\"@id\":\"https:\/\/footdavant.fr\/actualites\/#website\",\"url\":\"https:\/\/footdavant.fr\/actualites\/\",\"name\":\"Foot d'avant\",\"description\":\"\",\"publisher\":{\"@id\":\"https:\/\/footdavant.fr\/actualites\/#organization\"},\"potentialAction\":[{\"@type\":\"SearchAction\",\"target\":{\"@type\":\"EntryPoint\",\"urlTemplate\":\"https:\/\/footdavant.fr\/actualites\/?s={search_term_string}\"},\"query-input\":\"required name=search_term_string\"}],\"inLanguage\":\"fr-FR\"},{\"@type\":\"Organization\",\"@id\":\"https:\/\/footdavant.fr\/actualites\/#organization\",\"name\":\"Foot d'avant\",\"url\":\"https:\/\/footdavant.fr\/actualites\/\",\"logo\":{\"@type\":\"ImageObject\",\"inLanguage\":\"fr-FR\",\"@id\":\"https:\/\/footdavant.fr\/actualites\/#\/schema\/logo\/image\/\",\"url\":\"https:\/\/footdavant.fr\/actualites\/wp-content\/uploads\/2023\/09\/Copy-of-FootDavant-Logo.png\",\"contentUrl\":\"https:\/\/footdavant.fr\/actualites\/wp-content\/uploads\/2023\/09\/Copy-of-FootDavant-Logo.png\",\"width\":936,\"height\":549,\"caption\":\"Foot d'avant\"},\"image\":{\"@id\":\"https:\/\/footdavant.fr\/actualites\/#\/schema\/logo\/image\/\"},\"sameAs\":[\"https:\/\/www.facebook.com\/Footdavant\/\",\"https:\/\/twitter.com\/FootdavantFr\",\"https:\/\/www.instagram.com\/footdavant.fr\/\"]},{\"@type\":\"Person\",\"@id\":\"https:\/\/footdavant.fr\/actualites\/#\/schema\/person\/bc222566d95871b37e597b3ed3ba5e1d\",\"name\":\"Cl\u00e9ment\",\"image\":{\"@type\":\"ImageObject\",\"inLanguage\":\"fr-FR\",\"@id\":\"https:\/\/footdavant.fr\/actualites\/#\/schema\/person\/image\/\",\"url\":\"https:\/\/secure.gravatar.com\/avatar\/7728b29aac2719421e1a9159b2254c44?s=96&d=mm&r=g\",\"contentUrl\":\"https:\/\/secure.gravatar.com\/avatar\/7728b29aac2719421e1a9159b2254c44?s=96&d=mm&r=g\",\"caption\":\"Cl\u00e9ment\"},\"sameAs\":[\"https:\/\/footdavant.fr\/\"]}]}<\/script>\n<!-- \/ Yoast SEO plugin. -->","yoast_head_json":{"title":"Zinedine Zidane \"n'a aucun int\u00e9r\u00eat pour un poste \u00e0 Manchester United\"","robots":{"index":"index","follow":"follow","max-snippet":"max-snippet:-1","max-image-preview":"max-image-preview:large","max-video-preview":"max-video-preview:-1"},"canonical":"https:\/\/footdavant.fr\/actualites\/zinedine-zidane-na-aucun-interet-pour-un-poste-a-manchester-united\/","og_locale":"fr_FR","og_type":"article","og_title":"Zinedine Zidane \"n'a aucun int\u00e9r\u00eat pour un poste \u00e0 Manchester United\"","og_description":"Zinedine Zidane n&rsquo;aurait aucune envie de prendre en charge Manchester United alors qu&rsquo;il est recherch\u00e9 pour remplacer Erik ten Hag. Zinedine Zidane n&rsquo;aurait apparemment aucune","og_url":"https:\/\/footdavant.fr\/actualites\/zinedine-zidane-na-aucun-interet-pour-un-poste-a-manchester-united\/","og_site_name":"Foot d&#039;avant","article_publisher":"https:\/\/www.facebook.com\/Footdavant\/","article_published_time":"2024-03-06T20:53:16+00:00","article_modified_time":"2024-03-06T20:53:17+00:00","og_image":[{"width":640,"height":480,"url":"https:\/\/footdavant.fr\/actualites\/wp-content\/uploads\/2024\/03\/Zinedine-Zidane-na-aucun-interet-pour-un-poste-a-Manchester.JPG","type":"image\/jpeg"}],"author":"Cl\u00e9ment","twitter_card":"summary_large_image","twitter_creator":"@FootdavantFr","twitter_site":"@FootdavantFr","twitter_misc":{"\u00c9crit par":"Cl\u00e9ment","Dur\u00e9e de lecture estim\u00e9e":"2 minutes"},"schema":{"@context":"https:\/\/schema.org","@graph":[{"@type":"Article","@id":"https:\/\/footdavant.fr\/actualites\/zinedine-zidane-na-aucun-interet-pour-un-poste-a-manchester-united\/#article","isPartOf":{"@id":"https:\/\/footdavant.fr\/actualites\/zinedine-zidane-na-aucun-interet-pour-un-poste-a-manchester-united\/"},"author":{"name":"Cl\u00e9ment","@id":"https:\/\/footdavant.fr\/actualites\/#\/schema\/person\/bc222566d95871b37e597b3ed3ba5e1d"},"headline":"Zinedine Zidane \u00ab\u00a0n&rsquo;a aucun int\u00e9r\u00eat pour un poste \u00e0 Manchester United\u00a0\u00bb","datePublished":"2024-03-06T20:53:16+00:00","dateModified":"2024-03-06T20:53:17+00:00","mainEntityOfPage":{"@id":"https:\/\/footdavant.fr\/actualites\/zinedine-zidane-na-aucun-interet-pour-un-poste-a-manchester-united\/"},"wordCount":467,"publisher":{"@id":"https:\/\/footdavant.fr\/actualites\/#organization"},"keywords":["aucun","int\u00e9r\u00eat","Manchester","poste","pour","United","Zidane","Zinedine"],"articleSection":["Premier League"],"inLanguage":"fr-FR"},{"@type":"WebPage","@id":"https:\/\/footdavant.fr\/actualites\/zinedine-zidane-na-aucun-interet-pour-un-poste-a-manchester-united\/","url":"https:\/\/footdavant.fr\/actualites\/zinedine-zidane-na-aucun-interet-pour-un-poste-a-manchester-united\/","name":"Zinedine Zidane \"n'a aucun int\u00e9r\u00eat pour un poste \u00e0 Manchester United\"","isPartOf":{"@id":"https:\/\/footdavant.fr\/actualites\/#website"},"datePublished":"2024-03-06T20:53:16+00:00","dateModified":"2024-03-06T20:53:17+00:00","breadcrumb":{"@id":"https:\/\/footdavant.fr\/actualites\/zinedine-zidane-na-aucun-interet-pour-un-poste-a-manchester-united\/#breadcrumb"},"inLanguage":"fr-FR","potentialAction":[{"@type":"ReadAction","target":["https:\/\/footdavant.fr\/actualites\/zinedine-zidane-na-aucun-interet-pour-un-poste-a-manchester-united\/"]}]},{"@type":"BreadcrumbList","@id":"https:\/\/footdavant.fr\/actualites\/zinedine-zidane-na-aucun-interet-pour-un-poste-a-manchester-united\/#breadcrumb","itemListElement":[{"@type":"ListItem","position":1,"name":"Accueil","item":"https:\/\/footdavant.fr\/actualites\/"},{"@type":"ListItem","position":2,"name":"Zinedine Zidane \u00ab\u00a0n&rsquo;a aucun int\u00e9r\u00eat pour un poste \u00e0 Manchester United\u00a0\u00bb"}]},{"@type":"WebSite","@id":"https:\/\/footdavant.fr\/actualites\/#website","url":"https:\/\/footdavant.fr\/actualites\/","name":"Foot d'avant","description":"","publisher":{"@id":"https:\/\/footdavant.fr\/actualites\/#organization"},"potentialAction":[{"@type":"SearchAction","target":{"@type":"EntryPoint","urlTemplate":"https:\/\/footdavant.fr\/actualites\/?s={search_term_string}"},"query-input":"required name=search_term_string"}],"inLanguage":"fr-FR"},{"@type":"Organization","@id":"https:\/\/footdavant.fr\/actualites\/#organization","name":"Foot d'avant","url":"https:\/\/footdavant.fr\/actualites\/","logo":{"@type":"ImageObject","inLanguage":"fr-FR","@id":"https:\/\/footdavant.fr\/actualites\/#\/schema\/logo\/image\/","url":"https:\/\/footdavant.fr\/actualites\/wp-content\/uploads\/2023\/09\/Copy-of-FootDavant-Logo.png","contentUrl":"https:\/\/footdavant.fr\/actualites\/wp-content\/uploads\/2023\/09\/Copy-of-FootDavant-Logo.png","width":936,"height":549,"caption":"Foot d'avant"},"image":{"@id":"https:\/\/footdavant.fr\/actualites\/#\/schema\/logo\/image\/"},"sameAs":["https:\/\/www.facebook.com\/Footdavant\/","https:\/\/twitter.com\/FootdavantFr","https:\/\/www.instagram.com\/footdavant.fr\/"]},{"@type":"Person","@id":"https:\/\/footdavant.fr\/actualites\/#\/schema\/person\/bc222566d95871b37e597b3ed3ba5e1d","name":"Cl\u00e9ment","image":{"@type":"ImageObject","inLanguage":"fr-FR","@id":"https:\/\/footdavant.fr\/actualites\/#\/schema\/person\/image\/","url":"https:\/\/secure.gravatar.com\/avatar\/7728b29aac2719421e1a9159b2254c44?s=96&d=mm&r=g","contentUrl":"https:\/\/secure.gravatar.com\/avatar\/7728b29aac2719421e1a9159b2254c44?s=96&d=mm&r=g","caption":"Cl\u00e9ment"},"sameAs":["https:\/\/footdavant.fr\/"]}]}},"_links":{"self":[{"href":"https:\/\/footdavant.fr\/actualites\/wp-json\/wp\/v2\/posts\/5888"}],"collection":[{"href":"https:\/\/footdavant.fr\/actualites\/wp-json\/wp\/v2\/posts"}],"about":[{"href":"https:\/\/footdavant.fr\/actualites\/wp-json\/wp\/v2\/types\/post"}],"author":[{"embeddable":true,"href":"https:\/\/footdavant.fr\/actualites\/wp-json\/wp\/v2\/users\/1"}],"replies":[{"embeddable":true,"href":"https:\/\/footdavant.fr\/actualites\/wp-json\/wp\/v2\/comments?post=5888"}],"version-history":[{"count":1,"href":"https:\/\/footdavant.fr\/actualites\/wp-json\/wp\/v2\/posts\/5888\/revisions"}],"predecessor-version":[{"id":5890,"href":"https:\/\/footdavant.fr\/actualites\/wp-json\/wp\/v2\/posts\/5888\/revisions\/5890"}],"wp:featuredmedia":[{"embeddable":true,"href":"https:\/\/footdavant.fr\/actualites\/wp-json\/wp\/v2\/media\/5889"}],"wp:attachment":[{"href":"https:\/\/footdavant.fr\/actualites\/wp-json\/wp\/v2\/media?parent=5888"}],"wp:term":[{"taxonomy":"category","embeddable":true,"href":"https:\/\/footdavant.fr\/actualites\/wp-json\/wp\/v2\/categories?post=5888"},{"taxonomy":"post_tag","embeddable":true,"href":"https:\/\/footdavant.fr\/actualites\/wp-json\/wp\/v2\/tags?post=5888"}],"curies":[{"name":"wp","href":"https:\/\/api.w.org\/{rel}","templated":true}]}}