{"id":5908,"date":"2024-03-07T07:48:07","date_gmt":"2024-03-07T06:48:07","guid":{"rendered":"https:\/\/footdavant.fr\/actualites\/liverpool-en-alerte-rouge-alors-que-des-discussions-preliminaires-ont-eu-lieu-avec-les-representants-de-la-principale-cible\/"},"modified":"2024-03-07T07:48:18","modified_gmt":"2024-03-07T06:48:18","slug":"liverpool-en-alerte-rouge-alors-que-des-discussions-preliminaires-ont-eu-lieu-avec-les-representants-de-la-principale-cible","status":"publish","type":"post","link":"https:\/\/footdavant.fr\/actualites\/liverpool-en-alerte-rouge-alors-que-des-discussions-preliminaires-ont-eu-lieu-avec-les-representants-de-la-principale-cible\/","title":{"rendered":"Liverpool en alerte rouge alors que des \u00ab discussions pr\u00e9liminaires \u00bb ont eu lieu avec les repr\u00e9sentants de la principale cible"},"content":{"rendered":"<div id=\"article-body\">\n<!-- Article Start --><\/p>\n<p>Cela vient de Jason Burt du Telegraph, qui affirme d\u00e9sormais que les Bavarois ont ouvert des \u00ab discussions pr\u00e9liminaires \u00bb avec les repr\u00e9sentants de l&rsquo;Espagnol.<\/p>\n<p>Cependant, la d\u00e9cision finale de l&rsquo;entra\u00eeneur-chef espagnol n&rsquo;a pas encore \u00e9t\u00e9 prise et les espoirs des Merseysiders de prendre la t\u00eate sont loin d&rsquo;\u00eatre perdus.<\/p>\n<\/p>\n<p><iframe class=\"lazyload\" style=\"border-radius: 12px\" width=\"100%\" height=\"152\" title=\"Spotify Embed: #Ep103 of The Empire of the Kop Podcast: EOTK Insider with Neil Jones\ud83c\udf99\ufe0f\" frameborder=\"0\" allowfullscreen=\"\" allow=\"autoplay; clipboard-write; encrypted-media; fullscreen; picture-in-picture\" data-src=\"https:\/\/open.spotify.com\/embed\/episode\/1Ppq3sg3QIfiDxJGPy7NEk?utm_source=oembed\"><\/iframe><\/p>\n<\/p>\n<h2>Bien s\u00fbr, le Bayern est confiant<\/h2>\n<p>Sans vouloir manquer de respect aux sources de Burt, il n&rsquo;est pas du tout surprenant que le Bayern pense avoir le contr\u00f4le dans l&rsquo;\u00e9tat actuel des choses.<\/p>\n<p>L&rsquo;\u00e9quipe munichoise \u2013 qui n&rsquo;a pas perdu de titre de champion depuis que Jurgen Klopp dirigeait le Borussia Dortmund \u2013 est tr\u00e8s habitu\u00e9e \u00e0 suivre son propre chemin.<\/p>\n<p>Joueurs, managers, vous l\u2019appelez.  Tout talent consid\u00e9r\u00e9 comme un prix digne d&rsquo;int\u00e9r\u00eat par l&rsquo;\u00e9lite europ\u00e9enne est presque consid\u00e9r\u00e9 comme un droit divin pour le Bayern Munich.<\/p>\n<figure class=\"wp-caption alignnone\"><picture><source type=\"image\/webp\" data- data-><\/source><\/picture><figcaption class=\"wp-caption-text\">Xabi Alonso pourrait-il finir au Bayern ?  \u2013 (Photo d\u2019Alexander Hassenstein\/Getty Images)<\/figcaption><\/figure>\n<p>C&rsquo;est compr\u00e9hensible dans une certaine mesure.  Les champions en titre sont l&rsquo;\u00e9quipe dominante de l&rsquo;\u00e9lite allemande et veilleront \u00e0 ce que les meilleurs talents restent sur place.<\/p>\n<p>Xabi Alonso est tout \u00e0 fait brillant et brillant, potentiellement \u00e0 la t\u00eate d&rsquo;une nouvelle vague d&rsquo;entra\u00eeneurs d&rsquo;\u00e9lite europ\u00e9ens.<\/p>\n<p>Le Bayern peut garder sa confiance.  Liverpool restera patient et attendra.<\/p>\n<\/p>\n<p><span class=\"embed-youtube\" style=\"text-align:center; display: block;\"><\/span><\/p>\n<p><!-- Article End -->\t\t\t\t<\/div>\n<p><script async src=\"\/\/www.instagram.com\/embed.js\"><\/script><\/p>\n","protected":false},"excerpt":{"rendered":"<p>Cela vient de Jason Burt du Telegraph, qui affirme d\u00e9sormais que les Bavarois ont ouvert des \u00ab discussions pr\u00e9liminaires \u00bb avec les repr\u00e9sentants de l&rsquo;Espagnol.<\/p>\n","protected":false},"author":1,"featured_media":5909,"comment_status":"closed","ping_status":"","sticky":false,"template":"","format":"standard","meta":{"footnotes":""},"categories":[3],"tags":[3619,318,91,508,12,713,93,2866,53,244,730,3824,3986,436],"yoast_head":"<!-- This site is optimized with the Yoast SEO plugin v21.0 - https:\/\/yoast.com\/wordpress\/plugins\/seo\/ -->\n<title>Liverpool en alerte rouge alors que des \u00ab discussions pr\u00e9liminaires \u00bb ont eu lieu avec les repr\u00e9sentants de la principale cible<\/title>\n<meta name=\"robots\" content=\"index, follow, max-snippet:-1, max-image-preview:large, max-video-preview:-1\" \/>\n<link rel=\"canonical\" href=\"https:\/\/footdavant.fr\/actualites\/liverpool-en-alerte-rouge-alors-que-des-discussions-preliminaires-ont-eu-lieu-avec-les-representants-de-la-principale-cible\/\" \/>\n<meta property=\"og:locale\" content=\"fr_FR\" \/>\n<meta property=\"og:type\" content=\"article\" \/>\n<meta property=\"og:title\" content=\"Liverpool en alerte rouge alors que des \u00ab discussions pr\u00e9liminaires \u00bb ont eu lieu avec les repr\u00e9sentants de la principale cible\" \/>\n<meta property=\"og:description\" content=\"Cela vient de Jason Burt du Telegraph, qui affirme d\u00e9sormais que les Bavarois ont ouvert des \u00ab discussions pr\u00e9liminaires \u00bb avec les repr\u00e9sentants de l&rsquo;Espagnol.\" \/>\n<meta property=\"og:url\" content=\"https:\/\/footdavant.fr\/actualites\/liverpool-en-alerte-rouge-alors-que-des-discussions-preliminaires-ont-eu-lieu-avec-les-representants-de-la-principale-cible\/\" \/>\n<meta property=\"og:site_name\" content=\"Foot d&#039;avant\" \/>\n<meta property=\"article:publisher\" content=\"https:\/\/www.facebook.com\/Footdavant\/\" \/>\n<meta property=\"article:published_time\" content=\"2024-03-07T06:48:07+00:00\" \/>\n<meta property=\"article:modified_time\" content=\"2024-03-07T06:48:18+00:00\" \/>\n<meta property=\"og:image\" content=\"https:\/\/footdavant.fr\/actualites\/wp-content\/uploads\/2024\/03\/1709794088_Liverpool-en-alerte-rouge-alors-que-des-discussions-preliminaires-scaled.jpg\" \/>\n\t<meta property=\"og:image:width\" content=\"2560\" \/>\n\t<meta property=\"og:image:height\" content=\"1707\" \/>\n\t<meta property=\"og:image:type\" content=\"image\/jpeg\" \/>\n<meta name=\"author\" content=\"Cl\u00e9ment\" \/>\n<meta name=\"twitter:card\" content=\"summary_large_image\" \/>\n<meta name=\"twitter:creator\" content=\"@FootdavantFr\" \/>\n<meta name=\"twitter:site\" content=\"@FootdavantFr\" \/>\n<meta name=\"twitter:label1\" content=\"\u00c9crit par\" \/>\n\t<meta name=\"twitter:data1\" content=\"Cl\u00e9ment\" \/>\n\t<meta name=\"twitter:label2\" content=\"Dur\u00e9e de lecture estim\u00e9e\" \/>\n\t<meta name=\"twitter:data2\" content=\"1 minute\" \/>\n<script type=\"application\/ld+json\" class=\"yoast-schema-graph\">{\"@context\":\"https:\/\/schema.org\",\"@graph\":[{\"@type\":\"Article\",\"@id\":\"https:\/\/footdavant.fr\/actualites\/liverpool-en-alerte-rouge-alors-que-des-discussions-preliminaires-ont-eu-lieu-avec-les-representants-de-la-principale-cible\/#article\",\"isPartOf\":{\"@id\":\"https:\/\/footdavant.fr\/actualites\/liverpool-en-alerte-rouge-alors-que-des-discussions-preliminaires-ont-eu-lieu-avec-les-representants-de-la-principale-cible\/\"},\"author\":{\"name\":\"Cl\u00e9ment\",\"@id\":\"https:\/\/footdavant.fr\/actualites\/#\/schema\/person\/bc222566d95871b37e597b3ed3ba5e1d\"},\"headline\":\"Liverpool en alerte rouge alors que des \u00ab discussions pr\u00e9liminaires \u00bb ont eu lieu avec les repr\u00e9sentants de la principale cible\",\"datePublished\":\"2024-03-07T06:48:07+00:00\",\"dateModified\":\"2024-03-07T06:48:18+00:00\",\"mainEntityOfPage\":{\"@id\":\"https:\/\/footdavant.fr\/actualites\/liverpool-en-alerte-rouge-alors-que-des-discussions-preliminaires-ont-eu-lieu-avec-les-representants-de-la-principale-cible\/\"},\"wordCount\":246,\"publisher\":{\"@id\":\"https:\/\/footdavant.fr\/actualites\/#organization\"},\"keywords\":[\"alerte\",\"alors\",\"avec\",\"cible\",\"des\",\"discussions\",\"les\",\"lieu\",\"Liverpool\",\"ont\",\"pr\u00e9liminaires\",\"principale\",\"repr\u00e9sentants\",\"rouge\"],\"articleSection\":[\"Football\"],\"inLanguage\":\"fr-FR\"},{\"@type\":\"WebPage\",\"@id\":\"https:\/\/footdavant.fr\/actualites\/liverpool-en-alerte-rouge-alors-que-des-discussions-preliminaires-ont-eu-lieu-avec-les-representants-de-la-principale-cible\/\",\"url\":\"https:\/\/footdavant.fr\/actualites\/liverpool-en-alerte-rouge-alors-que-des-discussions-preliminaires-ont-eu-lieu-avec-les-representants-de-la-principale-cible\/\",\"name\":\"Liverpool en alerte rouge alors que des \u00ab discussions pr\u00e9liminaires \u00bb ont eu lieu avec les repr\u00e9sentants de la principale cible\",\"isPartOf\":{\"@id\":\"https:\/\/footdavant.fr\/actualites\/#website\"},\"datePublished\":\"2024-03-07T06:48:07+00:00\",\"dateModified\":\"2024-03-07T06:48:18+00:00\",\"breadcrumb\":{\"@id\":\"https:\/\/footdavant.fr\/actualites\/liverpool-en-alerte-rouge-alors-que-des-discussions-preliminaires-ont-eu-lieu-avec-les-representants-de-la-principale-cible\/#breadcrumb\"},\"inLanguage\":\"fr-FR\",\"potentialAction\":[{\"@type\":\"ReadAction\",\"target\":[\"https:\/\/footdavant.fr\/actualites\/liverpool-en-alerte-rouge-alors-que-des-discussions-preliminaires-ont-eu-lieu-avec-les-representants-de-la-principale-cible\/\"]}]},{\"@type\":\"BreadcrumbList\",\"@id\":\"https:\/\/footdavant.fr\/actualites\/liverpool-en-alerte-rouge-alors-que-des-discussions-preliminaires-ont-eu-lieu-avec-les-representants-de-la-principale-cible\/#breadcrumb\",\"itemListElement\":[{\"@type\":\"ListItem\",\"position\":1,\"name\":\"Accueil\",\"item\":\"https:\/\/footdavant.fr\/actualites\/\"},{\"@type\":\"ListItem\",\"position\":2,\"name\":\"Liverpool en alerte rouge alors que des \u00ab discussions pr\u00e9liminaires \u00bb ont eu lieu avec les repr\u00e9sentants de la principale cible\"}]},{\"@type\":\"WebSite\",\"@id\":\"https:\/\/footdavant.fr\/actualites\/#website\",\"url\":\"https:\/\/footdavant.fr\/actualites\/\",\"name\":\"Foot d'avant\",\"description\":\"\",\"publisher\":{\"@id\":\"https:\/\/footdavant.fr\/actualites\/#organization\"},\"potentialAction\":[{\"@type\":\"SearchAction\",\"target\":{\"@type\":\"EntryPoint\",\"urlTemplate\":\"https:\/\/footdavant.fr\/actualites\/?s={search_term_string}\"},\"query-input\":\"required name=search_term_string\"}],\"inLanguage\":\"fr-FR\"},{\"@type\":\"Organization\",\"@id\":\"https:\/\/footdavant.fr\/actualites\/#organization\",\"name\":\"Foot d'avant\",\"url\":\"https:\/\/footdavant.fr\/actualites\/\",\"logo\":{\"@type\":\"ImageObject\",\"inLanguage\":\"fr-FR\",\"@id\":\"https:\/\/footdavant.fr\/actualites\/#\/schema\/logo\/image\/\",\"url\":\"https:\/\/footdavant.fr\/actualites\/wp-content\/uploads\/2023\/09\/Copy-of-FootDavant-Logo.png\",\"contentUrl\":\"https:\/\/footdavant.fr\/actualites\/wp-content\/uploads\/2023\/09\/Copy-of-FootDavant-Logo.png\",\"width\":936,\"height\":549,\"caption\":\"Foot d'avant\"},\"image\":{\"@id\":\"https:\/\/footdavant.fr\/actualites\/#\/schema\/logo\/image\/\"},\"sameAs\":[\"https:\/\/www.facebook.com\/Footdavant\/\",\"https:\/\/twitter.com\/FootdavantFr\",\"https:\/\/www.instagram.com\/footdavant.fr\/\"]},{\"@type\":\"Person\",\"@id\":\"https:\/\/footdavant.fr\/actualites\/#\/schema\/person\/bc222566d95871b37e597b3ed3ba5e1d\",\"name\":\"Cl\u00e9ment\",\"image\":{\"@type\":\"ImageObject\",\"inLanguage\":\"fr-FR\",\"@id\":\"https:\/\/footdavant.fr\/actualites\/#\/schema\/person\/image\/\",\"url\":\"https:\/\/secure.gravatar.com\/avatar\/7728b29aac2719421e1a9159b2254c44?s=96&d=mm&r=g\",\"contentUrl\":\"https:\/\/secure.gravatar.com\/avatar\/7728b29aac2719421e1a9159b2254c44?s=96&d=mm&r=g\",\"caption\":\"Cl\u00e9ment\"},\"sameAs\":[\"https:\/\/footdavant.fr\/\"]}]}<\/script>\n<!-- \/ Yoast SEO plugin. -->","yoast_head_json":{"title":"Liverpool en alerte rouge alors que des \u00ab discussions pr\u00e9liminaires \u00bb ont eu lieu avec les repr\u00e9sentants de la principale cible","robots":{"index":"index","follow":"follow","max-snippet":"max-snippet:-1","max-image-preview":"max-image-preview:large","max-video-preview":"max-video-preview:-1"},"canonical":"https:\/\/footdavant.fr\/actualites\/liverpool-en-alerte-rouge-alors-que-des-discussions-preliminaires-ont-eu-lieu-avec-les-representants-de-la-principale-cible\/","og_locale":"fr_FR","og_type":"article","og_title":"Liverpool en alerte rouge alors que des \u00ab discussions pr\u00e9liminaires \u00bb ont eu lieu avec les repr\u00e9sentants de la principale cible","og_description":"Cela vient de Jason Burt du Telegraph, qui affirme d\u00e9sormais que les Bavarois ont ouvert des \u00ab discussions pr\u00e9liminaires \u00bb avec les repr\u00e9sentants de l&rsquo;Espagnol.","og_url":"https:\/\/footdavant.fr\/actualites\/liverpool-en-alerte-rouge-alors-que-des-discussions-preliminaires-ont-eu-lieu-avec-les-representants-de-la-principale-cible\/","og_site_name":"Foot d&#039;avant","article_publisher":"https:\/\/www.facebook.com\/Footdavant\/","article_published_time":"2024-03-07T06:48:07+00:00","article_modified_time":"2024-03-07T06:48:18+00:00","og_image":[{"width":2560,"height":1707,"url":"https:\/\/footdavant.fr\/actualites\/wp-content\/uploads\/2024\/03\/1709794088_Liverpool-en-alerte-rouge-alors-que-des-discussions-preliminaires-scaled.jpg","type":"image\/jpeg"}],"author":"Cl\u00e9ment","twitter_card":"summary_large_image","twitter_creator":"@FootdavantFr","twitter_site":"@FootdavantFr","twitter_misc":{"\u00c9crit par":"Cl\u00e9ment","Dur\u00e9e de lecture estim\u00e9e":"1 minute"},"schema":{"@context":"https:\/\/schema.org","@graph":[{"@type":"Article","@id":"https:\/\/footdavant.fr\/actualites\/liverpool-en-alerte-rouge-alors-que-des-discussions-preliminaires-ont-eu-lieu-avec-les-representants-de-la-principale-cible\/#article","isPartOf":{"@id":"https:\/\/footdavant.fr\/actualites\/liverpool-en-alerte-rouge-alors-que-des-discussions-preliminaires-ont-eu-lieu-avec-les-representants-de-la-principale-cible\/"},"author":{"name":"Cl\u00e9ment","@id":"https:\/\/footdavant.fr\/actualites\/#\/schema\/person\/bc222566d95871b37e597b3ed3ba5e1d"},"headline":"Liverpool en alerte rouge alors que des \u00ab discussions pr\u00e9liminaires \u00bb ont eu lieu avec les repr\u00e9sentants de la principale cible","datePublished":"2024-03-07T06:48:07+00:00","dateModified":"2024-03-07T06:48:18+00:00","mainEntityOfPage":{"@id":"https:\/\/footdavant.fr\/actualites\/liverpool-en-alerte-rouge-alors-que-des-discussions-preliminaires-ont-eu-lieu-avec-les-representants-de-la-principale-cible\/"},"wordCount":246,"publisher":{"@id":"https:\/\/footdavant.fr\/actualites\/#organization"},"keywords":["alerte","alors","avec","cible","des","discussions","les","lieu","Liverpool","ont","pr\u00e9liminaires","principale","repr\u00e9sentants","rouge"],"articleSection":["Football"],"inLanguage":"fr-FR"},{"@type":"WebPage","@id":"https:\/\/footdavant.fr\/actualites\/liverpool-en-alerte-rouge-alors-que-des-discussions-preliminaires-ont-eu-lieu-avec-les-representants-de-la-principale-cible\/","url":"https:\/\/footdavant.fr\/actualites\/liverpool-en-alerte-rouge-alors-que-des-discussions-preliminaires-ont-eu-lieu-avec-les-representants-de-la-principale-cible\/","name":"Liverpool en alerte rouge alors que des \u00ab discussions pr\u00e9liminaires \u00bb ont eu lieu avec les repr\u00e9sentants de la principale cible","isPartOf":{"@id":"https:\/\/footdavant.fr\/actualites\/#website"},"datePublished":"2024-03-07T06:48:07+00:00","dateModified":"2024-03-07T06:48:18+00:00","breadcrumb":{"@id":"https:\/\/footdavant.fr\/actualites\/liverpool-en-alerte-rouge-alors-que-des-discussions-preliminaires-ont-eu-lieu-avec-les-representants-de-la-principale-cible\/#breadcrumb"},"inLanguage":"fr-FR","potentialAction":[{"@type":"ReadAction","target":["https:\/\/footdavant.fr\/actualites\/liverpool-en-alerte-rouge-alors-que-des-discussions-preliminaires-ont-eu-lieu-avec-les-representants-de-la-principale-cible\/"]}]},{"@type":"BreadcrumbList","@id":"https:\/\/footdavant.fr\/actualites\/liverpool-en-alerte-rouge-alors-que-des-discussions-preliminaires-ont-eu-lieu-avec-les-representants-de-la-principale-cible\/#breadcrumb","itemListElement":[{"@type":"ListItem","position":1,"name":"Accueil","item":"https:\/\/footdavant.fr\/actualites\/"},{"@type":"ListItem","position":2,"name":"Liverpool en alerte rouge alors que des \u00ab discussions pr\u00e9liminaires \u00bb ont eu lieu avec les repr\u00e9sentants de la principale cible"}]},{"@type":"WebSite","@id":"https:\/\/footdavant.fr\/actualites\/#website","url":"https:\/\/footdavant.fr\/actualites\/","name":"Foot d'avant","description":"","publisher":{"@id":"https:\/\/footdavant.fr\/actualites\/#organization"},"potentialAction":[{"@type":"SearchAction","target":{"@type":"EntryPoint","urlTemplate":"https:\/\/footdavant.fr\/actualites\/?s={search_term_string}"},"query-input":"required name=search_term_string"}],"inLanguage":"fr-FR"},{"@type":"Organization","@id":"https:\/\/footdavant.fr\/actualites\/#organization","name":"Foot d'avant","url":"https:\/\/footdavant.fr\/actualites\/","logo":{"@type":"ImageObject","inLanguage":"fr-FR","@id":"https:\/\/footdavant.fr\/actualites\/#\/schema\/logo\/image\/","url":"https:\/\/footdavant.fr\/actualites\/wp-content\/uploads\/2023\/09\/Copy-of-FootDavant-Logo.png","contentUrl":"https:\/\/footdavant.fr\/actualites\/wp-content\/uploads\/2023\/09\/Copy-of-FootDavant-Logo.png","width":936,"height":549,"caption":"Foot d'avant"},"image":{"@id":"https:\/\/footdavant.fr\/actualites\/#\/schema\/logo\/image\/"},"sameAs":["https:\/\/www.facebook.com\/Footdavant\/","https:\/\/twitter.com\/FootdavantFr","https:\/\/www.instagram.com\/footdavant.fr\/"]},{"@type":"Person","@id":"https:\/\/footdavant.fr\/actualites\/#\/schema\/person\/bc222566d95871b37e597b3ed3ba5e1d","name":"Cl\u00e9ment","image":{"@type":"ImageObject","inLanguage":"fr-FR","@id":"https:\/\/footdavant.fr\/actualites\/#\/schema\/person\/image\/","url":"https:\/\/secure.gravatar.com\/avatar\/7728b29aac2719421e1a9159b2254c44?s=96&d=mm&r=g","contentUrl":"https:\/\/secure.gravatar.com\/avatar\/7728b29aac2719421e1a9159b2254c44?s=96&d=mm&r=g","caption":"Cl\u00e9ment"},"sameAs":["https:\/\/footdavant.fr\/"]}]}},"_links":{"self":[{"href":"https:\/\/footdavant.fr\/actualites\/wp-json\/wp\/v2\/posts\/5908"}],"collection":[{"href":"https:\/\/footdavant.fr\/actualites\/wp-json\/wp\/v2\/posts"}],"about":[{"href":"https:\/\/footdavant.fr\/actualites\/wp-json\/wp\/v2\/types\/post"}],"author":[{"embeddable":true,"href":"https:\/\/footdavant.fr\/actualites\/wp-json\/wp\/v2\/users\/1"}],"replies":[{"embeddable":true,"href":"https:\/\/footdavant.fr\/actualites\/wp-json\/wp\/v2\/comments?post=5908"}],"version-history":[{"count":1,"href":"https:\/\/footdavant.fr\/actualites\/wp-json\/wp\/v2\/posts\/5908\/revisions"}],"predecessor-version":[{"id":5910,"href":"https:\/\/footdavant.fr\/actualites\/wp-json\/wp\/v2\/posts\/5908\/revisions\/5910"}],"wp:featuredmedia":[{"embeddable":true,"href":"https:\/\/footdavant.fr\/actualites\/wp-json\/wp\/v2\/media\/5909"}],"wp:attachment":[{"href":"https:\/\/footdavant.fr\/actualites\/wp-json\/wp\/v2\/media?parent=5908"}],"wp:term":[{"taxonomy":"category","embeddable":true,"href":"https:\/\/footdavant.fr\/actualites\/wp-json\/wp\/v2\/categories?post=5908"},{"taxonomy":"post_tag","embeddable":true,"href":"https:\/\/footdavant.fr\/actualites\/wp-json\/wp\/v2\/tags?post=5908"}],"curies":[{"name":"wp","href":"https:\/\/api.w.org\/{rel}","templated":true}]}}