{"id":5911,"date":"2024-03-07T08:50:45","date_gmt":"2024-03-07T07:50:45","guid":{"rendered":"https:\/\/footdavant.fr\/actualites\/le-double-de-mbappe-aide-le-psg-a-se-qualifier-pour-les-quarts-de-finale-de-la-ligue-des-champions\/"},"modified":"2024-03-07T08:50:46","modified_gmt":"2024-03-07T07:50:46","slug":"le-double-de-mbappe-aide-le-psg-a-se-qualifier-pour-les-quarts-de-finale-de-la-ligue-des-champions","status":"publish","type":"post","link":"https:\/\/footdavant.fr\/actualites\/le-double-de-mbappe-aide-le-psg-a-se-qualifier-pour-les-quarts-de-finale-de-la-ligue-des-champions\/","title":{"rendered":"Le doubl\u00e9 de Mbappe aide le PSG \u00e0 se qualifier pour les quarts de finale de la Ligue des champions"},"content":{"rendered":"<p>Kylian Mbappe marque deux fois alors que le Paris Saint-Germain se qualifie pour les quarts de finale de la Ligue des champions gr\u00e2ce \u00e0 une victoire totale de 4-1 contre la Real Sociedad.<\/p>\n<div id=\"article_body\" itemprop=\"articleBody\">\n<p class=\"firstPara\"><strong class=\"autotag\">Paris Saint Germain<\/strong> ont progress\u00e9 vers le <strong class=\"autotag\">Ligue des champions<\/strong> quarts de finale apr\u00e8s avoir battu <strong class=\"autotag\">Real Sociedad<\/strong> 3-0 au total lors de leurs huiti\u00e8mes de finale.<\/p>\n<p>Les g\u00e9ants fran\u00e7ais ont suivi une victoire 2-0 \u00e0 domicile au match aller il y a trois semaines avec un succ\u00e8s 2-1 lors du match inverse \u00e0 la Reale Arena mardi, gr\u00e2ce \u00e0 deux buts de l&rsquo;homme vedette. <strong class=\"autotag\">Kylian Mbapp\u00e9<\/strong>.<\/p>\n<p>Le n\u00b07 du PSG a ouvert le score en inscrivant son 45e but en Ligue des champions, devenant ainsi le deuxi\u00e8me plus jeune joueur (25 ans et 76 jours) \u00e0 atteindre ce record apr\u00e8s <strong class=\"autotag\">Lionel Messi<\/strong> (24 ans et 257 jours).<\/p>\n<p>Mbappe a ensuite marqu\u00e9 son deuxi\u00e8me, ainsi que son troisi\u00e8me lors du match aller-retour, avec une autre finition impitoyable peu avant l&rsquo;heure de jeu pour mettre <strong class=\"autotag\">Luis Enrique<\/strong>du c\u00f4t\u00e9 de l&rsquo;\u00e9quipe en contr\u00f4le total.<\/p>\n<p>Le PSG avait perdu une avance au match aller lors de quatre de ses neuf pr\u00e9c\u00e9dents matches \u00e0 \u00e9limination directe en Ligue des champions, mais il n&rsquo;a commis aucune erreur cette fois-ci, malgr\u00e9 un but tardif marqu\u00e9 par <strong class=\"autotag\">Mikel M\u00e9rinos<\/strong>et ont fait preuve de professionnalisme \u00e0 Saint-S\u00e9bastien pour maintenir en vie leurs espoirs de remporter un troph\u00e9e insaisissable de la Ligue des champions.<\/p>\n<p>L&rsquo;un des principaux sujets de discussion avant le coup d&rsquo;envoi tournait autour de l&rsquo;implication de Mbappe, qui a \u00e9t\u00e9 remplac\u00e9 t\u00f4t lors des deux derniers matches du PSG.  Cependant, l&rsquo;attaquant \u2013 qui devrait quitter le club \u00e0 la fin de la saison \u00e0 l&rsquo;expiration de son contrat \u2013 a \u00e9t\u00e9 nomm\u00e9 dans le premier onze d&rsquo;Enrique alors que l&rsquo;Espagnol a effectu\u00e9 cinq changements par rapport \u00e0 l&rsquo;\u00e9quipe qui a fait match nul 0-0 contre Monaco en Ligue 1. vendredi dernier.<\/p>\n<p class=\"imgI\">\n<p>Il n&rsquo;a pas fallu longtemps \u00e0 Mbapp\u00e9 pour mettre son empreinte sur le match, puisqu&rsquo;il a d&rsquo;abord enroul\u00e9 le premier tir du match au-dessus de la barre transversale apr\u00e8s un joli une-deux avec <strong class=\"autotag\">Fabien Ruiz<\/strong> \u00e0 l&rsquo;or\u00e9e de la surface, avant d&rsquo;utiliser son rythme fulgurant pour atteindre la signature et couper une croix vers <strong class=\"autotag\">Bradley Barcola<\/strong>dont le premier effort dans la surface de r\u00e9paration a \u00e9t\u00e9 stopp\u00e9 par <strong class=\"autotag\">Alex R\u00e9miro<\/strong> \u00e0 bout portant.<\/p>\n<p>La Real Sociedad semblait perplexe face au r\u00f4le central hybride jou\u00e9 par <strong class=\"autotag\">Ousmane Demb\u00e9l\u00e9<\/strong> lors des premiers \u00e9changes alors que Mbappe d\u00e9rivait sur le flanc gauche, o\u00f9 il recevait le ballon avant de marquer un superbe premier match \u00e0 la 15e minute.<\/p>\n<p>Le meilleur buteur de tous les temps du PSG a sprint\u00e9 dans le canal gauche \u00e0 l&rsquo;int\u00e9rieur de la surface de r\u00e9paration et a intelligemment retourn\u00e9 son marqueur avant de d\u00e9cocher un brillant tir du pied droit sous un angle serr\u00e9 dans le coin le plus \u00e9loign\u00e9.<\/p>\n<p>Les g\u00e9ants fran\u00e7ais ont presque doubl\u00e9 leur avantage juste avant la demi-heure lorsque Barcola a profit\u00e9 d&rsquo;un certain rel\u00e2chement de la d\u00e9fense de la Sociedad pour exploser sur la droite et servir Mbapp\u00e9, mais Remiro a r\u00e9alis\u00e9 un excellent arr\u00eat avec sa botte gauche tendue pour emp\u00eacher le clich\u00e9 de l&rsquo;attaquant de s&rsquo;infiltrer. au premier poste.<\/p>\n<p>Le PSG \u00e9tait en contr\u00f4le de croisi\u00e8re et avait \u00e9videmment tir\u00e9 les le\u00e7ons du match aller, puisque ses quatre d\u00e9fenseurs ont r\u00e9ussi \u00e0 d\u00e9jouer la haute presse de la Sociedad, tandis que le nouveau syst\u00e8me offensif d&rsquo;Enrique causait toutes sortes de probl\u00e8mes \u00e0 l&rsquo;autre bout.<\/p>\n<p>La Sociedad a eu du mal \u00e0 se cr\u00e9er des occasions claires en premi\u00e8re mi-temps, son seul effort notable au but \u00e9tant intervenu juste avant la mi-temps lorsque <strong class=\"autotag\">Takefusa Kubo<\/strong> a lanc\u00e9 une frappe puissante \u00e0 quelques m\u00e8tres du coin sup\u00e9rieur.<\/p>\n<p class=\"imgI\"><img decoding=\"async\" loading=\"lazy\" class=\"l\" src=\"https:\/\/footdavant.fr\/actualites\/wp-content\/uploads\/2024\/03\/1709797844_871_Le-double-de-Mbappe-aide-le-PSG-a-se-qualifier.jpg\" title=\"Kylian Mbappe du Paris Saint-Germain c\u00e9l\u00e8bre son deuxi\u00e8me but avec Lee Kang-in, Ousmane Dembele, Fabian Ruiz et ses co\u00e9quipiers le 5 mars 2024.\" alt=\"Kylian Mbappe du Paris Saint-Germain c\u00e9l\u00e8bre son deuxi\u00e8me but avec Lee Kang-in, Ousmane Dembele, Fabian Ruiz et ses co\u00e9quipiers le 5 mars 2024.\" width=\"640\" height=\"480\"><\/p>\n<p>Alors que <strong class=\"autotag\">Imanol Alguacil<\/strong> a choisi de ne pas faire de changements \u00e0 la mi-temps, Enrique a d\u00e9cid\u00e9 d&rsquo;\u00e9changer Barcola avec l&rsquo;ancien milieu de terrain de Majorque <strong class=\"autotag\">Lee Kang-in<\/strong>qui a permis \u00e0 Mbappe de marquer son deuxi\u00e8me but et celui du PSG dans la soir\u00e9e juste avant l&rsquo;heure de jeu.<\/p>\n<p>Mbappe s&rsquo;est accroch\u00e9 \u00e0 un ballon en profondeur de Lee et s&rsquo;est \u00e9loign\u00e9 de la ligne arri\u00e8re de la Sociedad depuis la ligne m\u00e9diane jusqu&rsquo;au banc des p\u00e9nalit\u00e9s des h\u00f4tes, avant de d\u00e9river \u00e0 l&rsquo;int\u00e9rieur et de marquer froidement une finition intelligente devant Remiro au premier poteau.<\/p>\n<p>La Sociedad pensait avoir r\u00e9duit le score \u00e0 la 64e minute lors du remplacement <strong class=\"autotag\">Ander Barrenetxea<\/strong> dirig\u00e9 un en-t\u00eate vers le bas sous <strong class=\"autotag\">Gianluigi Donnarumma<\/strong>mais leurs c\u00e9l\u00e9brations ont \u00e9t\u00e9 \u00e9court\u00e9es car le premier a \u00e9t\u00e9 d\u00e9clar\u00e9 hors-jeu suite \u00e0 un contr\u00f4le du VAR.<\/p>\n<p>Barrenetxea a certainement fait la diff\u00e9rence pour les h\u00f4tes apr\u00e8s avoir quitt\u00e9 le banc et a failli \u00eatre \u00e9limin\u00e9 <strong class=\"autotag\">Mikel Oyarz\u00e1bal<\/strong> \u00e0 l&rsquo;int\u00e9rieur de la zone des six m\u00e8tres avec une livraison dangereuse devant le but, avant que Merino ne lance une frappe au-dessus de la barre transversale apr\u00e8s une p\u00e9riode de possession positive. <\/p>\n<p><strong class=\"autotag\">Martin Zubimendi<\/strong> puis a gonfl\u00e9 ses lignes devant le but alors qu&rsquo;il pla\u00e7ait un effort \u00e0 environ huit m\u00e8tres, mais il a re\u00e7u une deuxi\u00e8me bouch\u00e9e de la cerise quelques instants plus tard, envoyant cette fois une vol\u00e9e f\u00e9roce vers Donnarumma qui s&rsquo;est fait grand pour faire un excellent sauvegarder.<\/p>\n<p>La Sociedad, qui a \u00e9t\u00e9 encourag\u00e9e par l&rsquo;ambiance rebondissante de la Reale Arena tout au long de la comp\u00e9tition, n&rsquo;a pas voulu s&rsquo;effondrer sans se battre, et elle a finalement marqu\u00e9 son but de consolation \u00e0 la 89e minute lorsque Donnarumma a pouss\u00e9 un tir puissant directement dans le patch de Merino, qui a \u00e9cras\u00e9 \u00e0 la maison le rebond \u00e0 bout portant.<\/p>\n<p>Le PSG, qui d\u00e9couvrira ses adversaires en quart de finale de la Ligue des champions lors du tirage au sort le 15 mars, retrouvera la Ligue 1 dimanche en accueillant Reims au Parc des Princes, tandis que la Real Sociedad cherchera \u00e0 retrouver le chemin de la victoire lors de son d\u00e9placement \u00e0 Grenade en Liga samedi.<\/p>\n<\/div>\n","protected":false},"excerpt":{"rendered":"<p>Kylian Mbappe marque deux fois alors que le Paris Saint-Germain se qualifie pour les quarts de finale de la Ligue des champions gr\u00e2ce \u00e0 une<\/p>\n","protected":false},"author":1,"featured_media":5912,"comment_status":"closed","ping_status":"","sticky":false,"template":"","format":"standard","meta":{"footnotes":""},"categories":[4],"tags":[1896,31,12,317,897,93,30,63,51,1656,1737,3966],"yoast_head":"<!-- This site is optimized with the Yoast SEO plugin v21.0 - https:\/\/yoast.com\/wordpress\/plugins\/seo\/ -->\n<title>Le doubl\u00e9 de Mbappe aide le PSG \u00e0 se qualifier pour les quarts de finale de la Ligue des champions<\/title>\n<meta name=\"robots\" content=\"index, follow, max-snippet:-1, max-image-preview:large, max-video-preview:-1\" \/>\n<link rel=\"canonical\" href=\"https:\/\/footdavant.fr\/actualites\/le-double-de-mbappe-aide-le-psg-a-se-qualifier-pour-les-quarts-de-finale-de-la-ligue-des-champions\/\" \/>\n<meta property=\"og:locale\" content=\"fr_FR\" \/>\n<meta property=\"og:type\" content=\"article\" \/>\n<meta property=\"og:title\" content=\"Le doubl\u00e9 de Mbappe aide le PSG \u00e0 se qualifier pour les quarts de finale de la Ligue des champions\" \/>\n<meta property=\"og:description\" content=\"Kylian Mbappe marque deux fois alors que le Paris Saint-Germain se qualifie pour les quarts de finale de la Ligue des champions gr\u00e2ce \u00e0 une\" \/>\n<meta property=\"og:url\" content=\"https:\/\/footdavant.fr\/actualites\/le-double-de-mbappe-aide-le-psg-a-se-qualifier-pour-les-quarts-de-finale-de-la-ligue-des-champions\/\" \/>\n<meta property=\"og:site_name\" content=\"Foot d&#039;avant\" \/>\n<meta property=\"article:publisher\" content=\"https:\/\/www.facebook.com\/Footdavant\/\" \/>\n<meta property=\"article:published_time\" content=\"2024-03-07T07:50:45+00:00\" \/>\n<meta property=\"article:modified_time\" content=\"2024-03-07T07:50:46+00:00\" \/>\n<meta property=\"og:image\" content=\"https:\/\/footdavant.fr\/actualites\/wp-content\/uploads\/2024\/03\/Le-double-de-Mbappe-aide-le-PSG-a-se-qualifier.jpg\" \/>\n\t<meta property=\"og:image:width\" content=\"640\" \/>\n\t<meta property=\"og:image:height\" content=\"480\" \/>\n\t<meta property=\"og:image:type\" content=\"image\/jpeg\" \/>\n<meta name=\"author\" content=\"Cl\u00e9ment\" \/>\n<meta name=\"twitter:card\" content=\"summary_large_image\" \/>\n<meta name=\"twitter:creator\" content=\"@FootdavantFr\" \/>\n<meta name=\"twitter:site\" content=\"@FootdavantFr\" \/>\n<meta name=\"twitter:label1\" content=\"\u00c9crit par\" \/>\n\t<meta name=\"twitter:data1\" content=\"Cl\u00e9ment\" \/>\n\t<meta name=\"twitter:label2\" content=\"Dur\u00e9e de lecture estim\u00e9e\" \/>\n\t<meta name=\"twitter:data2\" content=\"5 minutes\" \/>\n<script type=\"application\/ld+json\" class=\"yoast-schema-graph\">{\"@context\":\"https:\/\/schema.org\",\"@graph\":[{\"@type\":\"Article\",\"@id\":\"https:\/\/footdavant.fr\/actualites\/le-double-de-mbappe-aide-le-psg-a-se-qualifier-pour-les-quarts-de-finale-de-la-ligue-des-champions\/#article\",\"isPartOf\":{\"@id\":\"https:\/\/footdavant.fr\/actualites\/le-double-de-mbappe-aide-le-psg-a-se-qualifier-pour-les-quarts-de-finale-de-la-ligue-des-champions\/\"},\"author\":{\"name\":\"Cl\u00e9ment\",\"@id\":\"https:\/\/footdavant.fr\/actualites\/#\/schema\/person\/bc222566d95871b37e597b3ed3ba5e1d\"},\"headline\":\"Le doubl\u00e9 de Mbappe aide le PSG \u00e0 se qualifier pour les quarts de finale de la Ligue des champions\",\"datePublished\":\"2024-03-07T07:50:45+00:00\",\"dateModified\":\"2024-03-07T07:50:46+00:00\",\"mainEntityOfPage\":{\"@id\":\"https:\/\/footdavant.fr\/actualites\/le-double-de-mbappe-aide-le-psg-a-se-qualifier-pour-les-quarts-de-finale-de-la-ligue-des-champions\/\"},\"wordCount\":1051,\"publisher\":{\"@id\":\"https:\/\/footdavant.fr\/actualites\/#organization\"},\"keywords\":[\"aid\u00e9\",\"champions\",\"des\",\"doubl\u00e9\",\"finale\",\"les\",\"Ligue\",\"Mbappe\",\"pour\",\"PSG\",\"qualifier\",\"quarts\"],\"articleSection\":[\"Champions League\"],\"inLanguage\":\"fr-FR\"},{\"@type\":\"WebPage\",\"@id\":\"https:\/\/footdavant.fr\/actualites\/le-double-de-mbappe-aide-le-psg-a-se-qualifier-pour-les-quarts-de-finale-de-la-ligue-des-champions\/\",\"url\":\"https:\/\/footdavant.fr\/actualites\/le-double-de-mbappe-aide-le-psg-a-se-qualifier-pour-les-quarts-de-finale-de-la-ligue-des-champions\/\",\"name\":\"Le doubl\u00e9 de Mbappe aide le PSG \u00e0 se qualifier pour les quarts de finale de la Ligue des champions\",\"isPartOf\":{\"@id\":\"https:\/\/footdavant.fr\/actualites\/#website\"},\"datePublished\":\"2024-03-07T07:50:45+00:00\",\"dateModified\":\"2024-03-07T07:50:46+00:00\",\"breadcrumb\":{\"@id\":\"https:\/\/footdavant.fr\/actualites\/le-double-de-mbappe-aide-le-psg-a-se-qualifier-pour-les-quarts-de-finale-de-la-ligue-des-champions\/#breadcrumb\"},\"inLanguage\":\"fr-FR\",\"potentialAction\":[{\"@type\":\"ReadAction\",\"target\":[\"https:\/\/footdavant.fr\/actualites\/le-double-de-mbappe-aide-le-psg-a-se-qualifier-pour-les-quarts-de-finale-de-la-ligue-des-champions\/\"]}]},{\"@type\":\"BreadcrumbList\",\"@id\":\"https:\/\/footdavant.fr\/actualites\/le-double-de-mbappe-aide-le-psg-a-se-qualifier-pour-les-quarts-de-finale-de-la-ligue-des-champions\/#breadcrumb\",\"itemListElement\":[{\"@type\":\"ListItem\",\"position\":1,\"name\":\"Accueil\",\"item\":\"https:\/\/footdavant.fr\/actualites\/\"},{\"@type\":\"ListItem\",\"position\":2,\"name\":\"Le doubl\u00e9 de Mbappe aide le PSG \u00e0 se qualifier pour les quarts de finale de la Ligue des champions\"}]},{\"@type\":\"WebSite\",\"@id\":\"https:\/\/footdavant.fr\/actualites\/#website\",\"url\":\"https:\/\/footdavant.fr\/actualites\/\",\"name\":\"Foot d'avant\",\"description\":\"\",\"publisher\":{\"@id\":\"https:\/\/footdavant.fr\/actualites\/#organization\"},\"potentialAction\":[{\"@type\":\"SearchAction\",\"target\":{\"@type\":\"EntryPoint\",\"urlTemplate\":\"https:\/\/footdavant.fr\/actualites\/?s={search_term_string}\"},\"query-input\":\"required name=search_term_string\"}],\"inLanguage\":\"fr-FR\"},{\"@type\":\"Organization\",\"@id\":\"https:\/\/footdavant.fr\/actualites\/#organization\",\"name\":\"Foot d'avant\",\"url\":\"https:\/\/footdavant.fr\/actualites\/\",\"logo\":{\"@type\":\"ImageObject\",\"inLanguage\":\"fr-FR\",\"@id\":\"https:\/\/footdavant.fr\/actualites\/#\/schema\/logo\/image\/\",\"url\":\"https:\/\/footdavant.fr\/actualites\/wp-content\/uploads\/2023\/09\/Copy-of-FootDavant-Logo.png\",\"contentUrl\":\"https:\/\/footdavant.fr\/actualites\/wp-content\/uploads\/2023\/09\/Copy-of-FootDavant-Logo.png\",\"width\":936,\"height\":549,\"caption\":\"Foot d'avant\"},\"image\":{\"@id\":\"https:\/\/footdavant.fr\/actualites\/#\/schema\/logo\/image\/\"},\"sameAs\":[\"https:\/\/www.facebook.com\/Footdavant\/\",\"https:\/\/twitter.com\/FootdavantFr\",\"https:\/\/www.instagram.com\/footdavant.fr\/\"]},{\"@type\":\"Person\",\"@id\":\"https:\/\/footdavant.fr\/actualites\/#\/schema\/person\/bc222566d95871b37e597b3ed3ba5e1d\",\"name\":\"Cl\u00e9ment\",\"image\":{\"@type\":\"ImageObject\",\"inLanguage\":\"fr-FR\",\"@id\":\"https:\/\/footdavant.fr\/actualites\/#\/schema\/person\/image\/\",\"url\":\"https:\/\/secure.gravatar.com\/avatar\/7728b29aac2719421e1a9159b2254c44?s=96&d=mm&r=g\",\"contentUrl\":\"https:\/\/secure.gravatar.com\/avatar\/7728b29aac2719421e1a9159b2254c44?s=96&d=mm&r=g\",\"caption\":\"Cl\u00e9ment\"},\"sameAs\":[\"https:\/\/footdavant.fr\/\"]}]}<\/script>\n<!-- \/ Yoast SEO plugin. -->","yoast_head_json":{"title":"Le doubl\u00e9 de Mbappe aide le PSG \u00e0 se qualifier pour les quarts de finale de la Ligue des champions","robots":{"index":"index","follow":"follow","max-snippet":"max-snippet:-1","max-image-preview":"max-image-preview:large","max-video-preview":"max-video-preview:-1"},"canonical":"https:\/\/footdavant.fr\/actualites\/le-double-de-mbappe-aide-le-psg-a-se-qualifier-pour-les-quarts-de-finale-de-la-ligue-des-champions\/","og_locale":"fr_FR","og_type":"article","og_title":"Le doubl\u00e9 de Mbappe aide le PSG \u00e0 se qualifier pour les quarts de finale de la Ligue des champions","og_description":"Kylian Mbappe marque deux fois alors que le Paris Saint-Germain se qualifie pour les quarts de finale de la Ligue des champions gr\u00e2ce \u00e0 une","og_url":"https:\/\/footdavant.fr\/actualites\/le-double-de-mbappe-aide-le-psg-a-se-qualifier-pour-les-quarts-de-finale-de-la-ligue-des-champions\/","og_site_name":"Foot d&#039;avant","article_publisher":"https:\/\/www.facebook.com\/Footdavant\/","article_published_time":"2024-03-07T07:50:45+00:00","article_modified_time":"2024-03-07T07:50:46+00:00","og_image":[{"width":640,"height":480,"url":"https:\/\/footdavant.fr\/actualites\/wp-content\/uploads\/2024\/03\/Le-double-de-Mbappe-aide-le-PSG-a-se-qualifier.jpg","type":"image\/jpeg"}],"author":"Cl\u00e9ment","twitter_card":"summary_large_image","twitter_creator":"@FootdavantFr","twitter_site":"@FootdavantFr","twitter_misc":{"\u00c9crit par":"Cl\u00e9ment","Dur\u00e9e de lecture estim\u00e9e":"5 minutes"},"schema":{"@context":"https:\/\/schema.org","@graph":[{"@type":"Article","@id":"https:\/\/footdavant.fr\/actualites\/le-double-de-mbappe-aide-le-psg-a-se-qualifier-pour-les-quarts-de-finale-de-la-ligue-des-champions\/#article","isPartOf":{"@id":"https:\/\/footdavant.fr\/actualites\/le-double-de-mbappe-aide-le-psg-a-se-qualifier-pour-les-quarts-de-finale-de-la-ligue-des-champions\/"},"author":{"name":"Cl\u00e9ment","@id":"https:\/\/footdavant.fr\/actualites\/#\/schema\/person\/bc222566d95871b37e597b3ed3ba5e1d"},"headline":"Le doubl\u00e9 de Mbappe aide le PSG \u00e0 se qualifier pour les quarts de finale de la Ligue des champions","datePublished":"2024-03-07T07:50:45+00:00","dateModified":"2024-03-07T07:50:46+00:00","mainEntityOfPage":{"@id":"https:\/\/footdavant.fr\/actualites\/le-double-de-mbappe-aide-le-psg-a-se-qualifier-pour-les-quarts-de-finale-de-la-ligue-des-champions\/"},"wordCount":1051,"publisher":{"@id":"https:\/\/footdavant.fr\/actualites\/#organization"},"keywords":["aid\u00e9","champions","des","doubl\u00e9","finale","les","Ligue","Mbappe","pour","PSG","qualifier","quarts"],"articleSection":["Champions League"],"inLanguage":"fr-FR"},{"@type":"WebPage","@id":"https:\/\/footdavant.fr\/actualites\/le-double-de-mbappe-aide-le-psg-a-se-qualifier-pour-les-quarts-de-finale-de-la-ligue-des-champions\/","url":"https:\/\/footdavant.fr\/actualites\/le-double-de-mbappe-aide-le-psg-a-se-qualifier-pour-les-quarts-de-finale-de-la-ligue-des-champions\/","name":"Le doubl\u00e9 de Mbappe aide le PSG \u00e0 se qualifier pour les quarts de finale de la Ligue des champions","isPartOf":{"@id":"https:\/\/footdavant.fr\/actualites\/#website"},"datePublished":"2024-03-07T07:50:45+00:00","dateModified":"2024-03-07T07:50:46+00:00","breadcrumb":{"@id":"https:\/\/footdavant.fr\/actualites\/le-double-de-mbappe-aide-le-psg-a-se-qualifier-pour-les-quarts-de-finale-de-la-ligue-des-champions\/#breadcrumb"},"inLanguage":"fr-FR","potentialAction":[{"@type":"ReadAction","target":["https:\/\/footdavant.fr\/actualites\/le-double-de-mbappe-aide-le-psg-a-se-qualifier-pour-les-quarts-de-finale-de-la-ligue-des-champions\/"]}]},{"@type":"BreadcrumbList","@id":"https:\/\/footdavant.fr\/actualites\/le-double-de-mbappe-aide-le-psg-a-se-qualifier-pour-les-quarts-de-finale-de-la-ligue-des-champions\/#breadcrumb","itemListElement":[{"@type":"ListItem","position":1,"name":"Accueil","item":"https:\/\/footdavant.fr\/actualites\/"},{"@type":"ListItem","position":2,"name":"Le doubl\u00e9 de Mbappe aide le PSG \u00e0 se qualifier pour les quarts de finale de la Ligue des champions"}]},{"@type":"WebSite","@id":"https:\/\/footdavant.fr\/actualites\/#website","url":"https:\/\/footdavant.fr\/actualites\/","name":"Foot d'avant","description":"","publisher":{"@id":"https:\/\/footdavant.fr\/actualites\/#organization"},"potentialAction":[{"@type":"SearchAction","target":{"@type":"EntryPoint","urlTemplate":"https:\/\/footdavant.fr\/actualites\/?s={search_term_string}"},"query-input":"required name=search_term_string"}],"inLanguage":"fr-FR"},{"@type":"Organization","@id":"https:\/\/footdavant.fr\/actualites\/#organization","name":"Foot d'avant","url":"https:\/\/footdavant.fr\/actualites\/","logo":{"@type":"ImageObject","inLanguage":"fr-FR","@id":"https:\/\/footdavant.fr\/actualites\/#\/schema\/logo\/image\/","url":"https:\/\/footdavant.fr\/actualites\/wp-content\/uploads\/2023\/09\/Copy-of-FootDavant-Logo.png","contentUrl":"https:\/\/footdavant.fr\/actualites\/wp-content\/uploads\/2023\/09\/Copy-of-FootDavant-Logo.png","width":936,"height":549,"caption":"Foot d'avant"},"image":{"@id":"https:\/\/footdavant.fr\/actualites\/#\/schema\/logo\/image\/"},"sameAs":["https:\/\/www.facebook.com\/Footdavant\/","https:\/\/twitter.com\/FootdavantFr","https:\/\/www.instagram.com\/footdavant.fr\/"]},{"@type":"Person","@id":"https:\/\/footdavant.fr\/actualites\/#\/schema\/person\/bc222566d95871b37e597b3ed3ba5e1d","name":"Cl\u00e9ment","image":{"@type":"ImageObject","inLanguage":"fr-FR","@id":"https:\/\/footdavant.fr\/actualites\/#\/schema\/person\/image\/","url":"https:\/\/secure.gravatar.com\/avatar\/7728b29aac2719421e1a9159b2254c44?s=96&d=mm&r=g","contentUrl":"https:\/\/secure.gravatar.com\/avatar\/7728b29aac2719421e1a9159b2254c44?s=96&d=mm&r=g","caption":"Cl\u00e9ment"},"sameAs":["https:\/\/footdavant.fr\/"]}]}},"_links":{"self":[{"href":"https:\/\/footdavant.fr\/actualites\/wp-json\/wp\/v2\/posts\/5911"}],"collection":[{"href":"https:\/\/footdavant.fr\/actualites\/wp-json\/wp\/v2\/posts"}],"about":[{"href":"https:\/\/footdavant.fr\/actualites\/wp-json\/wp\/v2\/types\/post"}],"author":[{"embeddable":true,"href":"https:\/\/footdavant.fr\/actualites\/wp-json\/wp\/v2\/users\/1"}],"replies":[{"embeddable":true,"href":"https:\/\/footdavant.fr\/actualites\/wp-json\/wp\/v2\/comments?post=5911"}],"version-history":[{"count":1,"href":"https:\/\/footdavant.fr\/actualites\/wp-json\/wp\/v2\/posts\/5911\/revisions"}],"predecessor-version":[{"id":5913,"href":"https:\/\/footdavant.fr\/actualites\/wp-json\/wp\/v2\/posts\/5911\/revisions\/5913"}],"wp:featuredmedia":[{"embeddable":true,"href":"https:\/\/footdavant.fr\/actualites\/wp-json\/wp\/v2\/media\/5912"}],"wp:attachment":[{"href":"https:\/\/footdavant.fr\/actualites\/wp-json\/wp\/v2\/media?parent=5911"}],"wp:term":[{"taxonomy":"category","embeddable":true,"href":"https:\/\/footdavant.fr\/actualites\/wp-json\/wp\/v2\/categories?post=5911"},{"taxonomy":"post_tag","embeddable":true,"href":"https:\/\/footdavant.fr\/actualites\/wp-json\/wp\/v2\/tags?post=5911"}],"curies":[{"name":"wp","href":"https:\/\/api.w.org\/{rel}","templated":true}]}}