{"id":602,"date":"2023-11-09T11:10:46","date_gmt":"2023-11-09T10:10:46","guid":{"rendered":"https:\/\/footdavant.fr\/actualites\/apercu-ac-milan-contre-paris-saint-germain-pronostics-actualites-de-lequipe-compositions\/"},"modified":"2023-11-09T11:10:47","modified_gmt":"2023-11-09T10:10:47","slug":"apercu-ac-milan-contre-paris-saint-germain-pronostics-actualites-de-lequipe-compositions","status":"publish","type":"post","link":"https:\/\/footdavant.fr\/actualites\/apercu-ac-milan-contre-paris-saint-germain-pronostics-actualites-de-lequipe-compositions\/","title":{"rendered":"Aper\u00e7u : AC Milan contre Paris Saint-Germain \u2013 pronostics, actualit\u00e9s de l&rsquo;\u00e9quipe, compositions"},"content":{"rendered":"<p>Sports Mole pr\u00e9sente un aper\u00e7u du choc de la Ligue des Champions de mardi entre l&rsquo;AC Milan et le Paris Saint-Germain, y compris les pronostics, les nouvelles de l&rsquo;\u00e9quipe et les compositions possibles.<\/p>\n<div id=\"article_body\" itemprop=\"articleBody\">\n<p class=\"firstPara\">Le premier rencontre le pire <strong class=\"autotag\">Ligue des champions<\/strong> Groupe F mardi soir, en t\u00eate de section <strong class=\"autotag\">Paris Saint Germain<\/strong> voyage \u00e0 San Siro pour rencontrer sans victoire <strong class=\"autotag\">AC Milan<\/strong>.<\/p>\n<p>Les Parisiens ont pris le contr\u00f4le d&rsquo;un groupe soud\u00e9 en battant les Rossoneri 3-0 il y a deux semaines, laissant leurs h\u00f4tes menac\u00e9s d&rsquo;une sortie pr\u00e9matur\u00e9e du football europ\u00e9en.<\/p>\n<hr class=\"divide\">\n<h2>Aper\u00e7u du match<\/h2>\n<p class=\"imgI\">\n<p>Ce n&rsquo;est pas la premi\u00e8re \u00e9quipe \u00e0 succomber \u00e0 un <strong class=\"autotag\">Warren Za\u00efre-Emery<\/strong> masterclass cette saison, l&rsquo;AC Milan a \u00e9t\u00e9 dirig\u00e9 par le tr\u00e8s appr\u00e9ci\u00e9 joueur de 17 ans lorsqu&rsquo;il s&rsquo;est heurt\u00e9 au PSG il y a quinze jours, comme <strong class=\"autotag\">Kylian Mbapp\u00e9<\/strong> et <strong class=\"autotag\">Lee Kang-in<\/strong> tous deux ont b\u00e9n\u00e9fici\u00e9 des passes d\u00e9cisives du talentueux adolescent ce soir-l\u00e0.<\/p>\n<p><strong class=\"autotag\">Randal Kolo Muani<\/strong> a \u00e9galement perc\u00e9 la ligne arri\u00e8re de Milan lors d&rsquo;une victoire compl\u00e8te 3-0 contre <strong class=\"autotag\">Stefano Pioli<\/strong>L&rsquo;\u00e9quipe de Milan, dont la fortune nationale a \u00e9galement plong\u00e9 \u00e0 mesure que l&rsquo;hiver approche, sans aucune victoire non plus dans aucune de ses trois derni\u00e8res batailles de Serie A.<\/p>\n<p>Milan pourrait \u00eatre pardonn\u00e9 d&rsquo;avoir perdu contre la Juventus via un but d\u00e9vi\u00e9 <strong class=\"autotag\">Manuel Locatelli<\/strong> but, mais les hommes de Pioli ont ensuite g\u00e2ch\u00e9 une avance de deux buts pour faire match nul 2-2 contre les champions sous-performants de Naples avant de succomber \u00e0 un but. <strong class=\"autotag\">Roberto Pereyra<\/strong> penalty lors d&rsquo;une d\u00e9faite choc 1-0 \u00e0 domicile contre l&rsquo;Udinese ce week-end.<\/p>\n<p>Apr\u00e8s avoir encaiss\u00e9 un seul but en six matches du 19 septembre au 7 octobre &#8211; y compris des matchs nuls vierges dans le Groupe F contre le Borussia Dortmund et Newcastle United &#8211; les hommes jusqu&rsquo;ici fid\u00e8les de Pioli ont d\u00e9sormais inscrit sept buts lors de leurs quatre derniers matches, et une d\u00e9faite les laisserait au sommet. deux espoirs ne tiennent qu\u2019\u00e0 un fil si l\u2019un de Dortmund ou de Newcastle s\u2019impose au Signal Iduna Park.<\/p>\n<p>Dans l&rsquo;\u00e9tat actuel des choses, les Rossoneri, qui ont marqu\u00e9 deux points, sont \u00e0 port\u00e9e de main des g\u00e9ants allemands et des Magpies, mais cela fait d\u00e9sormais cinq matches de Ligue des champions sans but pour les septuples vainqueurs, qui risquent de perdre un match nul. trois comp\u00e9titions europ\u00e9ennes successives \u00e0 domicile de haut niveau pour la toute premi\u00e8re fois.<\/p>\n<p class=\"imgI\"><img decoding=\"async\" loading=\"lazy\" class=\"l\" src=\"https:\/\/footdavant.fr\/actualites\/wp-content\/uploads\/2023\/11\/1699524646_725_Apercu-AC-Milan-contre-Paris-Saint-Germain-\u2013-pronostics-actualites.jpg\" title=\"L'entra\u00eeneur du Paris Saint-Germain (PSG) Luis Enrique r\u00e9agit le 3 septembre 2023\" alt=\"L'entra\u00eeneur du Paris Saint-Germain (PSG) Luis Enrique r\u00e9agit le 3 septembre 2023\" width=\"640\" height=\"480\"><\/p>\n<p>Faisant amende honorable pour son humiliation 4-1 face \u00e0 Newcastle United, le PSG &#8211; qui compte \u00e9galement un succ\u00e8s de deux buts contre Dortmund \u00e0 son actif &#8211; peut officiellement \u00e9liminer Milan de la premi\u00e8re place en r\u00e9p\u00e9tant son pr\u00e9c\u00e9dent succ\u00e8s contre le mauvais match. troupes italiennes, et le formulaire p\u00e8se lourdement en faveur des visiteurs.<\/p>\n<p>Apr\u00e8s avoir inscrit deux buts contre les Rossoneri et inscrit un premier match contre Brest, Za\u00efre-Emery a permis \u00e0 l&rsquo;Europe de se lever et de se faire remarquer une fois de plus lors de la visite du Montpellier HSC vendredi, marquant le deuxi\u00e8me but de son \u00e9quipe de chaque c\u00f4t\u00e9 des efforts de <strong class=\"autotag\">Vitinha<\/strong> et Kang, qui fait \u00e9galement ses preuves aux Parisiens depuis son arriv\u00e9e estivale.<\/p>\n<p>Alors que Milan n&rsquo;est pas en mesure d&rsquo;acheter un but pour le moment, le PSG aborde le match nul de mardi apr\u00e8s une fantastique s\u00e9rie de cinq victoires, marquant trois buts dans chacune de ces comp\u00e9titions tout en n&rsquo;en conc\u00e9dant que trois au total en cours de route, volant temporairement la premi\u00e8re place. au classement de Ligue 1 de Nice au passage.<\/p>\n<p>Cependant, les hommes d&rsquo;Enrique ne peuvent pas sceller la qualification pour les huiti\u00e8mes de finale, quoi qu&rsquo;il arrive cette semaine, et le PSG n&rsquo;a que deux victoires \u00e0 montrer lors de ses 10 derniers matches \u00e0 l&rsquo;ext\u00e9rieur de la Ligue des Champions ;  De plus, depuis leur victoire 2-0 sur Istanbul Basaksehir en octobre 2020, ils n&rsquo;ont pas gard\u00e9 leur cage inviol\u00e9e en Europe sur la route.<\/p>\n<p>Cependant, le PSG a d\u00e9j\u00e0 bris\u00e9 une s\u00e9quence non d\u00e9sir\u00e9e en Ligue des champions cette saison, n&rsquo;ayant r\u00e9ussi \u00e0 remporter aucune de ses quatre rencontres pr\u00e9c\u00e9dentes avec Milan avant les trois buts marqu\u00e9s en octobre, et les champions de France cherchent d\u00e9sormais leur cinqui\u00e8me victoire cons\u00e9cutive contre l&rsquo;opposition italienne. .<\/p>\n<p>Forme de la Ligue des Champions de l&rsquo;AC Milan :<\/p>\n<p>Forme AC Milan (toutes comp\u00e9titions) :<\/p>\n<p>Forme de la Ligue des Champions du Paris Saint-Germain :<\/p>\n<p>Forme du Paris Saint-Germain (toutes comp\u00e9titions) :<\/p>\n<p>Annonce &#8211; contenu ci-dessous\u00a0:<\/p>\n<hr class=\"divide\">\n<h2>Nouvelles de l&rsquo;\u00e9quipe<\/h2>\n<p class=\"imgI\"><img decoding=\"async\" loading=\"lazy\" class=\"l\" src=\"https:\/\/footdavant.fr\/actualites\/wp-content\/uploads\/2023\/11\/Apercu-AC-Milan-contre-Paris-Saint-Germain-\u2013-pronostics-actualites.jpeg\" title=\"Theo Hernandez en action pour l'AC Milan le 27 ao\u00fbt 2022\" alt=\"Theo Hernandez en action pour l'AC Milan le 27 ao\u00fbt 2022\" width=\"640\" height=\"480\"><\/p>\n<p>Le d\u00e9clin de Milan a co\u00efncid\u00e9 avec une longue liste de blessures, en tant que d\u00e9fenseur <strong class=\"autotag\">Pierre Kalulu<\/strong> a \u00e9t\u00e9 exclu pendant quatre mois suite \u00e0 une op\u00e9ration sur une blessure au tendon, tandis que son compatriote d\u00e9fenseur central <strong class=\"autotag\">Simon Kjaer<\/strong> a \u00e9galement rat\u00e9 la d\u00e9faite de l&rsquo;Udinese avec un souci musculaire.<\/p>\n<p><strong class=\"autotag\">Marco Pellegrino<\/strong> (talon), <strong class=\"autotag\">Marco Sportiello<\/strong> (veau), <strong class=\"autotag\">Isma\u00ebl Bennacer<\/strong> (genou) et <strong class=\"autotag\">Mattia Caldara<\/strong> (cheville) sont \u00e9galement hors de combat pour les Rossoneri ravag\u00e9s, qui ont en outre d\u00fb se passer de <strong class=\"autotag\">Th\u00e9o Hern\u00e1ndez<\/strong> le week-end apr\u00e8s que le Fran\u00e7ais ait subi des contusions \u00e0 la cheville.<\/p>\n<p>Pioli esp\u00e8re qu&rsquo;Hernandez sera en mesure de se d\u00e9barrasser de son affliction \u00e0 temps pour le match de mardi, tandis que <strong class=\"autotag\">Samuel Chukwueze<\/strong> et <strong class=\"autotag\">Christian Pulisic<\/strong> pourraient \u00e9galement faire leur retour ici apr\u00e8s des repos de pr\u00e9caution ce week-end.<\/p>\n<p>Le PSG a \u00e9galement subi un nouveau coup d\u00e9fensif avant d&rsquo;affronter Montpellier, comme <strong class=\"autotag\">Danilo Pereira<\/strong> Il a \u00e9t\u00e9 r\u00e9v\u00e9l\u00e9 qu&rsquo;il avait subi une blessure aux ischio-jambiers, ce qui maintiendra le polyvalent Portugais \u00e0 l&rsquo;\u00e9cart jusqu&rsquo;\u00e0 la fin de la tr\u00eave internationale de novembre.<\/p>\n<p><strong class=\"autotag\">Nuno Mend\u00e8s<\/strong> (tendon), <strong class=\"autotag\">Sergio Rico<\/strong> (traumatisme cr\u00e2nien) et <strong class=\"autotag\">Presnel Kimpembe<\/strong> (Achilles) ne feront pas encore leur retour, alors que <strong class=\"autotag\">Marco Asensio<\/strong>la blessure au pied et <strong class=\"autotag\">Keylor Navas<\/strong>Le probl\u00e8me du dos emp\u00eachera \u00e9galement les deux hommes d&rsquo;\u00eatre disponibles pour le moment.<\/p>\n<p><strong class=\"autotag\">Nordi Muki\u00e9l\u00e9<\/strong> C&rsquo;\u00e9tait une inclusion surprise \u00e0 l&rsquo;arri\u00e8re gauche la derni\u00e8re fois, mais <strong class=\"autotag\">Lucas Hern\u00e1ndez<\/strong> devrait revenir dans un XI par ailleurs inchang\u00e9 avant d&rsquo;\u00e9ventuelles retrouvailles avec son fr\u00e8re v\u00eatu de Rossoneri.<\/p>\n<p><strong>Onze de d\u00e9part possible de l&rsquo;AC Milan :<\/strong><br \/>Maignan;  Calabre, Tomori, Thiaw, T. Hernandez\u00a0;  Musah, Reijnders, Loftus-Cheek\u00a0;  Pulisic, Giroud, L\u00e9ao<\/p>\n<p><strong>Onze de d\u00e9part possibles du Paris Saint-Germain :<\/strong><br \/>Donnarumma\u00a0;  Hakimi, Marquinhos, Skriniar, L. Hern\u00e1ndez\u00a0;  Demb\u00e9l\u00e9, Ugarte, Za\u00efre-Emery, Lee\u00a0;  Kolo Muani, Mbapp\u00e9<\/p>\n<hr class=\"divide\">\n<p class=\"sm_center\"><img decoding=\"async\" loading=\"lazy\" class=\"l\" src=\"https:\/\/footdavant.fr\/actualites\/wp-content\/uploads\/2023\/11\/Apercu-AC-Milan-contre-Paris-Saint-Germain-\u2013-pronostics-actualites.png\" title=\"Mots SM fond vert\" alt=\"Mots SM fond vert\" width=\"210\" height=\"53\"><\/p>\n<h2 class=\"sm_center\">On dit : AC Milan 0-2 Paris Saint-Germain<\/h2>\n<p>Une tranche d&rsquo;histoire ind\u00e9sirable semble destin\u00e9e \u00e0 \u00eatre \u00e9crite pour Milan mardi soir, o\u00f9 une autre soir\u00e9e infructueuse en Ligue des champions se pr\u00e9pare contre une r\u00e9colte de Paris Saint-Germain heureuse de buts.<\/p>\n<p>Une poign\u00e9e de changements par rapport \u00e0 la d\u00e9faite \u00e9crasante de samedi pourraient aider Milan \u00e0 tenir le PSG \u00e0 distance pendant un certain temps, mais les tenants du titre de Ligue 1 devraient se frayer un chemin \u00e0 plusieurs reprises pour maintenir ou accro\u00eetre leur avantage en t\u00eate du groupe F, tout en gardant un avantage. rare feuille blanche \u00e0 l&rsquo;ext\u00e9rieur de la Ligue des Champions pour d\u00e9marrer.<\/p>\n<p>Pour l\u2019analyse des donn\u00e9es des r\u00e9sultats les plus probables, des scores et plus encore pour ce match, veuillez cliquer ici.<\/p>\n<hr class=\"divide\">\n<h2>Aper\u00e7us par email<\/h2>\n<div>Cliquez ici pour obtenir <strong>Taupe de sport<\/strong>L&rsquo;e-mail quotidien d&rsquo;avant-premi\u00e8res et de pronostics pour chaque jeu majeur\u00a0!<\/div>\n<p><\/p>\n<hr class=\"divide\"><\/div>\n","protected":false},"excerpt":{"rendered":"<p>Sports Mole pr\u00e9sente un aper\u00e7u du choc de la Ligue des Champions de mardi entre l&rsquo;AC Milan et le Paris Saint-Germain, y compris les pronostics,<\/p>\n","protected":false},"author":1,"featured_media":603,"comment_status":"closed","ping_status":"","sticky":false,"template":"","format":"standard","meta":{"footnotes":""},"categories":[4],"tags":[7,284,383,20,9,250,100,382,249],"yoast_head":"<!-- This site is optimized with the Yoast SEO plugin v21.0 - https:\/\/yoast.com\/wordpress\/plugins\/seo\/ -->\n<title>Aper\u00e7u : AC Milan contre Paris Saint-Germain \u2013 pronostics, actualit\u00e9s de l&#039;\u00e9quipe, compositions<\/title>\n<meta name=\"robots\" content=\"index, follow, max-snippet:-1, max-image-preview:large, max-video-preview:-1\" \/>\n<link rel=\"canonical\" href=\"https:\/\/footdavant.fr\/actualites\/apercu-ac-milan-contre-paris-saint-germain-pronostics-actualites-de-lequipe-compositions\/\" \/>\n<meta property=\"og:locale\" content=\"fr_FR\" \/>\n<meta property=\"og:type\" content=\"article\" \/>\n<meta property=\"og:title\" content=\"Aper\u00e7u : AC Milan contre Paris Saint-Germain \u2013 pronostics, actualit\u00e9s de l&#039;\u00e9quipe, compositions\" \/>\n<meta property=\"og:description\" content=\"Sports Mole pr\u00e9sente un aper\u00e7u du choc de la Ligue des Champions de mardi entre l&rsquo;AC Milan et le Paris Saint-Germain, y compris les pronostics,\" \/>\n<meta property=\"og:url\" content=\"https:\/\/footdavant.fr\/actualites\/apercu-ac-milan-contre-paris-saint-germain-pronostics-actualites-de-lequipe-compositions\/\" \/>\n<meta property=\"og:site_name\" content=\"Foot d&#039;avant\" \/>\n<meta property=\"article:publisher\" content=\"https:\/\/www.facebook.com\/Footdavant\/\" \/>\n<meta property=\"article:published_time\" content=\"2023-11-09T10:10:46+00:00\" \/>\n<meta property=\"article:modified_time\" content=\"2023-11-09T10:10:47+00:00\" \/>\n<meta property=\"og:image\" content=\"https:\/\/footdavant.fr\/actualites\/wp-content\/uploads\/2023\/11\/Apercu-AC-Milan-contre-Paris-Saint-Germain-\u2013-pronostics-actualites.jpg\" \/>\n\t<meta property=\"og:image:width\" content=\"640\" \/>\n\t<meta property=\"og:image:height\" content=\"480\" \/>\n\t<meta property=\"og:image:type\" content=\"image\/jpeg\" \/>\n<meta name=\"author\" content=\"Cl\u00e9ment\" \/>\n<meta name=\"twitter:card\" content=\"summary_large_image\" \/>\n<meta name=\"twitter:creator\" content=\"@FootdavantFr\" \/>\n<meta name=\"twitter:site\" content=\"@FootdavantFr\" \/>\n<meta name=\"twitter:label1\" content=\"\u00c9crit par\" \/>\n\t<meta name=\"twitter:data1\" content=\"Cl\u00e9ment\" \/>\n\t<meta name=\"twitter:label2\" content=\"Dur\u00e9e de lecture estim\u00e9e\" \/>\n\t<meta name=\"twitter:data2\" content=\"6 minutes\" \/>\n<script type=\"application\/ld+json\" class=\"yoast-schema-graph\">{\"@context\":\"https:\/\/schema.org\",\"@graph\":[{\"@type\":\"Article\",\"@id\":\"https:\/\/footdavant.fr\/actualites\/apercu-ac-milan-contre-paris-saint-germain-pronostics-actualites-de-lequipe-compositions\/#article\",\"isPartOf\":{\"@id\":\"https:\/\/footdavant.fr\/actualites\/apercu-ac-milan-contre-paris-saint-germain-pronostics-actualites-de-lequipe-compositions\/\"},\"author\":{\"name\":\"Cl\u00e9ment\",\"@id\":\"https:\/\/footdavant.fr\/actualites\/#\/schema\/person\/bc222566d95871b37e597b3ed3ba5e1d\"},\"headline\":\"Aper\u00e7u : AC Milan contre Paris Saint-Germain \u2013 pronostics, actualit\u00e9s de l&rsquo;\u00e9quipe, compositions\",\"datePublished\":\"2023-11-09T10:10:46+00:00\",\"dateModified\":\"2023-11-09T10:10:47+00:00\",\"mainEntityOfPage\":{\"@id\":\"https:\/\/footdavant.fr\/actualites\/apercu-ac-milan-contre-paris-saint-germain-pronostics-actualites-de-lequipe-compositions\/\"},\"wordCount\":1280,\"publisher\":{\"@id\":\"https:\/\/footdavant.fr\/actualites\/#organization\"},\"keywords\":[\"Actualit\u00e9s\",\"Aper\u00e7u\",\"compositions\",\"contre\",\"l\u00e9quipe\",\"Milan\",\"paris\",\"pronostics\",\"SaintGermain\"],\"articleSection\":[\"Champions League\"],\"inLanguage\":\"fr-FR\"},{\"@type\":\"WebPage\",\"@id\":\"https:\/\/footdavant.fr\/actualites\/apercu-ac-milan-contre-paris-saint-germain-pronostics-actualites-de-lequipe-compositions\/\",\"url\":\"https:\/\/footdavant.fr\/actualites\/apercu-ac-milan-contre-paris-saint-germain-pronostics-actualites-de-lequipe-compositions\/\",\"name\":\"Aper\u00e7u : AC Milan contre Paris Saint-Germain \u2013 pronostics, actualit\u00e9s de l'\u00e9quipe, compositions\",\"isPartOf\":{\"@id\":\"https:\/\/footdavant.fr\/actualites\/#website\"},\"datePublished\":\"2023-11-09T10:10:46+00:00\",\"dateModified\":\"2023-11-09T10:10:47+00:00\",\"breadcrumb\":{\"@id\":\"https:\/\/footdavant.fr\/actualites\/apercu-ac-milan-contre-paris-saint-germain-pronostics-actualites-de-lequipe-compositions\/#breadcrumb\"},\"inLanguage\":\"fr-FR\",\"potentialAction\":[{\"@type\":\"ReadAction\",\"target\":[\"https:\/\/footdavant.fr\/actualites\/apercu-ac-milan-contre-paris-saint-germain-pronostics-actualites-de-lequipe-compositions\/\"]}]},{\"@type\":\"BreadcrumbList\",\"@id\":\"https:\/\/footdavant.fr\/actualites\/apercu-ac-milan-contre-paris-saint-germain-pronostics-actualites-de-lequipe-compositions\/#breadcrumb\",\"itemListElement\":[{\"@type\":\"ListItem\",\"position\":1,\"name\":\"Accueil\",\"item\":\"https:\/\/footdavant.fr\/actualites\/\"},{\"@type\":\"ListItem\",\"position\":2,\"name\":\"Aper\u00e7u : AC Milan contre Paris Saint-Germain \u2013 pronostics, actualit\u00e9s de l&rsquo;\u00e9quipe, compositions\"}]},{\"@type\":\"WebSite\",\"@id\":\"https:\/\/footdavant.fr\/actualites\/#website\",\"url\":\"https:\/\/footdavant.fr\/actualites\/\",\"name\":\"Foot d'avant\",\"description\":\"\",\"publisher\":{\"@id\":\"https:\/\/footdavant.fr\/actualites\/#organization\"},\"potentialAction\":[{\"@type\":\"SearchAction\",\"target\":{\"@type\":\"EntryPoint\",\"urlTemplate\":\"https:\/\/footdavant.fr\/actualites\/?s={search_term_string}\"},\"query-input\":\"required name=search_term_string\"}],\"inLanguage\":\"fr-FR\"},{\"@type\":\"Organization\",\"@id\":\"https:\/\/footdavant.fr\/actualites\/#organization\",\"name\":\"Foot d'avant\",\"url\":\"https:\/\/footdavant.fr\/actualites\/\",\"logo\":{\"@type\":\"ImageObject\",\"inLanguage\":\"fr-FR\",\"@id\":\"https:\/\/footdavant.fr\/actualites\/#\/schema\/logo\/image\/\",\"url\":\"https:\/\/footdavant.fr\/actualites\/wp-content\/uploads\/2023\/09\/Copy-of-FootDavant-Logo.png\",\"contentUrl\":\"https:\/\/footdavant.fr\/actualites\/wp-content\/uploads\/2023\/09\/Copy-of-FootDavant-Logo.png\",\"width\":936,\"height\":549,\"caption\":\"Foot d'avant\"},\"image\":{\"@id\":\"https:\/\/footdavant.fr\/actualites\/#\/schema\/logo\/image\/\"},\"sameAs\":[\"https:\/\/www.facebook.com\/Footdavant\/\",\"https:\/\/twitter.com\/FootdavantFr\",\"https:\/\/www.instagram.com\/footdavant.fr\/\"]},{\"@type\":\"Person\",\"@id\":\"https:\/\/footdavant.fr\/actualites\/#\/schema\/person\/bc222566d95871b37e597b3ed3ba5e1d\",\"name\":\"Cl\u00e9ment\",\"image\":{\"@type\":\"ImageObject\",\"inLanguage\":\"fr-FR\",\"@id\":\"https:\/\/footdavant.fr\/actualites\/#\/schema\/person\/image\/\",\"url\":\"https:\/\/secure.gravatar.com\/avatar\/7728b29aac2719421e1a9159b2254c44?s=96&d=mm&r=g\",\"contentUrl\":\"https:\/\/secure.gravatar.com\/avatar\/7728b29aac2719421e1a9159b2254c44?s=96&d=mm&r=g\",\"caption\":\"Cl\u00e9ment\"},\"sameAs\":[\"https:\/\/footdavant.fr\/\"]}]}<\/script>\n<!-- \/ Yoast SEO plugin. -->","yoast_head_json":{"title":"Aper\u00e7u : AC Milan contre Paris Saint-Germain \u2013 pronostics, actualit\u00e9s de l'\u00e9quipe, compositions","robots":{"index":"index","follow":"follow","max-snippet":"max-snippet:-1","max-image-preview":"max-image-preview:large","max-video-preview":"max-video-preview:-1"},"canonical":"https:\/\/footdavant.fr\/actualites\/apercu-ac-milan-contre-paris-saint-germain-pronostics-actualites-de-lequipe-compositions\/","og_locale":"fr_FR","og_type":"article","og_title":"Aper\u00e7u : AC Milan contre Paris Saint-Germain \u2013 pronostics, actualit\u00e9s de l'\u00e9quipe, compositions","og_description":"Sports Mole pr\u00e9sente un aper\u00e7u du choc de la Ligue des Champions de mardi entre l&rsquo;AC Milan et le Paris Saint-Germain, y compris les pronostics,","og_url":"https:\/\/footdavant.fr\/actualites\/apercu-ac-milan-contre-paris-saint-germain-pronostics-actualites-de-lequipe-compositions\/","og_site_name":"Foot d&#039;avant","article_publisher":"https:\/\/www.facebook.com\/Footdavant\/","article_published_time":"2023-11-09T10:10:46+00:00","article_modified_time":"2023-11-09T10:10:47+00:00","og_image":[{"width":640,"height":480,"url":"https:\/\/footdavant.fr\/actualites\/wp-content\/uploads\/2023\/11\/Apercu-AC-Milan-contre-Paris-Saint-Germain-\u2013-pronostics-actualites.jpg","type":"image\/jpeg"}],"author":"Cl\u00e9ment","twitter_card":"summary_large_image","twitter_creator":"@FootdavantFr","twitter_site":"@FootdavantFr","twitter_misc":{"\u00c9crit par":"Cl\u00e9ment","Dur\u00e9e de lecture estim\u00e9e":"6 minutes"},"schema":{"@context":"https:\/\/schema.org","@graph":[{"@type":"Article","@id":"https:\/\/footdavant.fr\/actualites\/apercu-ac-milan-contre-paris-saint-germain-pronostics-actualites-de-lequipe-compositions\/#article","isPartOf":{"@id":"https:\/\/footdavant.fr\/actualites\/apercu-ac-milan-contre-paris-saint-germain-pronostics-actualites-de-lequipe-compositions\/"},"author":{"name":"Cl\u00e9ment","@id":"https:\/\/footdavant.fr\/actualites\/#\/schema\/person\/bc222566d95871b37e597b3ed3ba5e1d"},"headline":"Aper\u00e7u : AC Milan contre Paris Saint-Germain \u2013 pronostics, actualit\u00e9s de l&rsquo;\u00e9quipe, compositions","datePublished":"2023-11-09T10:10:46+00:00","dateModified":"2023-11-09T10:10:47+00:00","mainEntityOfPage":{"@id":"https:\/\/footdavant.fr\/actualites\/apercu-ac-milan-contre-paris-saint-germain-pronostics-actualites-de-lequipe-compositions\/"},"wordCount":1280,"publisher":{"@id":"https:\/\/footdavant.fr\/actualites\/#organization"},"keywords":["Actualit\u00e9s","Aper\u00e7u","compositions","contre","l\u00e9quipe","Milan","paris","pronostics","SaintGermain"],"articleSection":["Champions League"],"inLanguage":"fr-FR"},{"@type":"WebPage","@id":"https:\/\/footdavant.fr\/actualites\/apercu-ac-milan-contre-paris-saint-germain-pronostics-actualites-de-lequipe-compositions\/","url":"https:\/\/footdavant.fr\/actualites\/apercu-ac-milan-contre-paris-saint-germain-pronostics-actualites-de-lequipe-compositions\/","name":"Aper\u00e7u : AC Milan contre Paris Saint-Germain \u2013 pronostics, actualit\u00e9s de l'\u00e9quipe, compositions","isPartOf":{"@id":"https:\/\/footdavant.fr\/actualites\/#website"},"datePublished":"2023-11-09T10:10:46+00:00","dateModified":"2023-11-09T10:10:47+00:00","breadcrumb":{"@id":"https:\/\/footdavant.fr\/actualites\/apercu-ac-milan-contre-paris-saint-germain-pronostics-actualites-de-lequipe-compositions\/#breadcrumb"},"inLanguage":"fr-FR","potentialAction":[{"@type":"ReadAction","target":["https:\/\/footdavant.fr\/actualites\/apercu-ac-milan-contre-paris-saint-germain-pronostics-actualites-de-lequipe-compositions\/"]}]},{"@type":"BreadcrumbList","@id":"https:\/\/footdavant.fr\/actualites\/apercu-ac-milan-contre-paris-saint-germain-pronostics-actualites-de-lequipe-compositions\/#breadcrumb","itemListElement":[{"@type":"ListItem","position":1,"name":"Accueil","item":"https:\/\/footdavant.fr\/actualites\/"},{"@type":"ListItem","position":2,"name":"Aper\u00e7u : AC Milan contre Paris Saint-Germain \u2013 pronostics, actualit\u00e9s de l&rsquo;\u00e9quipe, compositions"}]},{"@type":"WebSite","@id":"https:\/\/footdavant.fr\/actualites\/#website","url":"https:\/\/footdavant.fr\/actualites\/","name":"Foot d'avant","description":"","publisher":{"@id":"https:\/\/footdavant.fr\/actualites\/#organization"},"potentialAction":[{"@type":"SearchAction","target":{"@type":"EntryPoint","urlTemplate":"https:\/\/footdavant.fr\/actualites\/?s={search_term_string}"},"query-input":"required name=search_term_string"}],"inLanguage":"fr-FR"},{"@type":"Organization","@id":"https:\/\/footdavant.fr\/actualites\/#organization","name":"Foot d'avant","url":"https:\/\/footdavant.fr\/actualites\/","logo":{"@type":"ImageObject","inLanguage":"fr-FR","@id":"https:\/\/footdavant.fr\/actualites\/#\/schema\/logo\/image\/","url":"https:\/\/footdavant.fr\/actualites\/wp-content\/uploads\/2023\/09\/Copy-of-FootDavant-Logo.png","contentUrl":"https:\/\/footdavant.fr\/actualites\/wp-content\/uploads\/2023\/09\/Copy-of-FootDavant-Logo.png","width":936,"height":549,"caption":"Foot d'avant"},"image":{"@id":"https:\/\/footdavant.fr\/actualites\/#\/schema\/logo\/image\/"},"sameAs":["https:\/\/www.facebook.com\/Footdavant\/","https:\/\/twitter.com\/FootdavantFr","https:\/\/www.instagram.com\/footdavant.fr\/"]},{"@type":"Person","@id":"https:\/\/footdavant.fr\/actualites\/#\/schema\/person\/bc222566d95871b37e597b3ed3ba5e1d","name":"Cl\u00e9ment","image":{"@type":"ImageObject","inLanguage":"fr-FR","@id":"https:\/\/footdavant.fr\/actualites\/#\/schema\/person\/image\/","url":"https:\/\/secure.gravatar.com\/avatar\/7728b29aac2719421e1a9159b2254c44?s=96&d=mm&r=g","contentUrl":"https:\/\/secure.gravatar.com\/avatar\/7728b29aac2719421e1a9159b2254c44?s=96&d=mm&r=g","caption":"Cl\u00e9ment"},"sameAs":["https:\/\/footdavant.fr\/"]}]}},"_links":{"self":[{"href":"https:\/\/footdavant.fr\/actualites\/wp-json\/wp\/v2\/posts\/602"}],"collection":[{"href":"https:\/\/footdavant.fr\/actualites\/wp-json\/wp\/v2\/posts"}],"about":[{"href":"https:\/\/footdavant.fr\/actualites\/wp-json\/wp\/v2\/types\/post"}],"author":[{"embeddable":true,"href":"https:\/\/footdavant.fr\/actualites\/wp-json\/wp\/v2\/users\/1"}],"replies":[{"embeddable":true,"href":"https:\/\/footdavant.fr\/actualites\/wp-json\/wp\/v2\/comments?post=602"}],"version-history":[{"count":1,"href":"https:\/\/footdavant.fr\/actualites\/wp-json\/wp\/v2\/posts\/602\/revisions"}],"predecessor-version":[{"id":604,"href":"https:\/\/footdavant.fr\/actualites\/wp-json\/wp\/v2\/posts\/602\/revisions\/604"}],"wp:featuredmedia":[{"embeddable":true,"href":"https:\/\/footdavant.fr\/actualites\/wp-json\/wp\/v2\/media\/603"}],"wp:attachment":[{"href":"https:\/\/footdavant.fr\/actualites\/wp-json\/wp\/v2\/media?parent=602"}],"wp:term":[{"taxonomy":"category","embeddable":true,"href":"https:\/\/footdavant.fr\/actualites\/wp-json\/wp\/v2\/categories?post=602"},{"taxonomy":"post_tag","embeddable":true,"href":"https:\/\/footdavant.fr\/actualites\/wp-json\/wp\/v2\/tags?post=602"}],"curies":[{"name":"wp","href":"https:\/\/api.w.org\/{rel}","templated":true}]}}