{"id":608,"date":"2023-11-09T13:07:10","date_gmt":"2023-11-09T12:07:10","guid":{"rendered":"https:\/\/footdavant.fr\/actualites\/matheus-du-sc-braga-revele-querik-ten-hag-lui-a-parle-pour-tenter-de-le-signer-cet-ete\/"},"modified":"2023-11-09T13:07:12","modified_gmt":"2023-11-09T12:07:12","slug":"matheus-du-sc-braga-revele-querik-ten-hag-lui-a-parle-pour-tenter-de-le-signer-cet-ete","status":"publish","type":"post","link":"https:\/\/footdavant.fr\/actualites\/matheus-du-sc-braga-revele-querik-ten-hag-lui-a-parle-pour-tenter-de-le-signer-cet-ete\/","title":{"rendered":"Matheus du SC Braga r\u00e9v\u00e8le qu&rsquo;Erik ten Hag lui a parl\u00e9 pour tenter de le signer cet \u00e9t\u00e9 &#8211;"},"content":{"rendered":"<div id=\"penci-post-entry-inner\">\n<p>\t\t\t<i class=\"penci-post-countview-number-check\" style=\"display:none\">1<\/i><\/p>\n<p><!--Article Start--><br \/>La refonte du service des gardiens de Manchester United lors du mercato estival a \u00e9t\u00e9 bien document\u00e9e.<\/p>\n<p>De leur \u00ab lot r\u00e9gulier \u00bb, David de Gea et Dean Henderson sont partis et sont arriv\u00e9s Andre Onana et Altay Bayindir.<\/p>\n<p>Si la signature d&rsquo;Onana a toujours \u00e9t\u00e9 la priorit\u00e9 apr\u00e8s le d\u00e9part de De Gea, l&rsquo;identit\u00e9 du gardien suppl\u00e9ant est devenue claire bien plus tard.<\/p>\n<p>Matheus du SC Braga a <a rel=\"nofollow noopener\" href=\"https:\/\/twitter.com\/TNTSportsBR\/status\/1722043756382187668\" target=\"_blank\">r\u00e9v\u00e9l\u00e9 \u00e0 TNT Sports<\/a> qu&rsquo;il aurait pu \u00eatre celui qui signait \u00e0 Old Trafford \u00e0 la place de Bayindir.<\/p>\n<p>Matheus a re\u00e7u des offres de Manchester United et de Nottingham Forest mais il a r\u00e9v\u00e9l\u00e9 que l&rsquo;offre des Red Devils est celle qui l&rsquo;a le plus \u00e9mu.<\/p>\n<p>Il a d\u00e9clar\u00e9 qu&rsquo;il avait toujours suivi United \u00e0 la t\u00e9l\u00e9vision lorsqu&rsquo;il \u00e9tait un gar\u00e7on br\u00e9silien et qu&rsquo;il ne pouvait pas croire que le club faisait un effort pour le recruter.<\/p>\n<p>Le Br\u00e9silien a pris contact avec les joueurs de United, ainsi qu&rsquo;Erik ten Hag.<\/p>\n<p>Le joueur \u00e9tait tellement s\u00e9duit par le manager qu&rsquo;il a r\u00e9v\u00e9l\u00e9 qu&rsquo;il garderait cette exp\u00e9rience avec lui pour toujours et la raconterait \u00e0 ses petits-enfants.<\/p>\n<p>\u00ab \u00c7a te touche, mon pote.  Honn\u00eatement, c&rsquo;est le cas.  Alors quand tu re\u00e7ois le contact et que tu vois \u00e7a\u2026 Le cachet l\u00e0 d&rsquo;un grand club europ\u00e9en, mon pote, que \u00e7a te plaise ou non, \u00e7a t&rsquo;\u00e9meut.<\/p>\n<p>\u00ab\u00a0Vous \u00eates un gar\u00e7on qui quitte le Br\u00e9sil plein de r\u00eaves et vous voyez toujours ces grands clubs \u00e0 la t\u00e9l\u00e9vision, les suivant, la Ligue des Champions, la Premier League, les grands joueurs qui y ont jou\u00e9, David Beckham, David De Gea.  Alors vous vous demandez : est-ce vrai ?  Et les gars m&rsquo;ont contact\u00e9, non, je lui ai parl\u00e9, j&rsquo;ai parl\u00e9 au coach.<\/p>\n<p>\u00abC&rsquo;\u00e9tait Dix Hag.  Donc, ce sont des choses que j&rsquo;ai gard\u00e9es, que cela me plaise ou non.  J&rsquo;ai dit que je le garderais pour le dire \u00e0 mes enfants quand ils seront grands \u00bb, a-t-il d\u00e9clar\u00e9.<\/p>\n<p>Le gardien de but a poursuivi en r\u00e9v\u00e9lant que m\u00eame si le mouvement ne s&rsquo;\u00e9tait pas produit apr\u00e8s la conversation, cela lui disait qu&rsquo;il \u00e9tait sur la bonne voie et qu&rsquo;il faisait les bons bruits.<\/p>\n<p>En fin de compte, il a remerci\u00e9 le SC Braga pour la confiance qu&rsquo;il lui avait t\u00e9moign\u00e9e et s&rsquo;est exhort\u00e9 \u00e0 voir le bon c\u00f4t\u00e9 de cette d\u00e9cision, pensant que quoi qu&rsquo;il arrive, c&rsquo;\u00e9tait pour le mieux.<\/p>\n<p>United ne le g\u00e2cherait certainement pas beaucoup car Onana a commenc\u00e9 \u00e0 retrouver la forme apr\u00e8s un d\u00e9but chancelant.<\/p>\n<p>Bayindir est \u00e9galement un joueur turc tr\u00e8s appr\u00e9ci\u00e9 bien qu&rsquo;il n&rsquo;ait pas encore fait ses d\u00e9buts pour le club.<br \/><!--Article End--><\/p>\n<p><!-- AI CONTENT END 3 --><\/p><\/div>\n<p><script async src=\"https:\/\/platform.twitter.com\/widgets.js\" charset=\"utf-8\"><\/script><\/p>\n","protected":false},"excerpt":{"rendered":"<p>1 La refonte du service des gardiens de Manchester United lors du mercato estival a \u00e9t\u00e9 bien document\u00e9e. De leur \u00ab lot r\u00e9gulier \u00bb, David<\/p>\n","protected":false},"author":1,"featured_media":609,"comment_status":"closed","ping_status":"","sticky":false,"template":"","format":"standard","meta":{"footnotes":""},"categories":[3],"tags":[316,775,776,192,771,769,772,51,770,415,774,191,773],"yoast_head":"<!-- This site is optimized with the Yoast SEO plugin v21.0 - https:\/\/yoast.com\/wordpress\/plugins\/seo\/ -->\n<title>Matheus du SC Braga r\u00e9v\u00e8le qu&#039;Erik ten Hag lui a parl\u00e9 pour tenter de le signer cet \u00e9t\u00e9 -<\/title>\n<meta name=\"robots\" content=\"index, follow, max-snippet:-1, max-image-preview:large, max-video-preview:-1\" \/>\n<link rel=\"canonical\" href=\"https:\/\/footdavant.fr\/actualites\/matheus-du-sc-braga-revele-querik-ten-hag-lui-a-parle-pour-tenter-de-le-signer-cet-ete\/\" \/>\n<meta property=\"og:locale\" content=\"fr_FR\" \/>\n<meta property=\"og:type\" content=\"article\" \/>\n<meta property=\"og:title\" content=\"Matheus du SC Braga r\u00e9v\u00e8le qu&#039;Erik ten Hag lui a parl\u00e9 pour tenter de le signer cet \u00e9t\u00e9 -\" \/>\n<meta property=\"og:description\" content=\"1 La refonte du service des gardiens de Manchester United lors du mercato estival a \u00e9t\u00e9 bien document\u00e9e. De leur \u00ab lot r\u00e9gulier \u00bb, David\" \/>\n<meta property=\"og:url\" content=\"https:\/\/footdavant.fr\/actualites\/matheus-du-sc-braga-revele-querik-ten-hag-lui-a-parle-pour-tenter-de-le-signer-cet-ete\/\" \/>\n<meta property=\"og:site_name\" content=\"Foot d&#039;avant\" \/>\n<meta property=\"article:publisher\" content=\"https:\/\/www.facebook.com\/Footdavant\/\" \/>\n<meta property=\"article:published_time\" content=\"2023-11-09T12:07:10+00:00\" \/>\n<meta property=\"article:modified_time\" content=\"2023-11-09T12:07:12+00:00\" \/>\n<meta property=\"og:image\" content=\"https:\/\/footdavant.fr\/actualites\/wp-content\/uploads\/2023\/11\/Matheus-du-SC-Braga-revele-quErik-ten-Hag-lui-a.jpg\" \/>\n\t<meta property=\"og:image:width\" content=\"1600\" \/>\n\t<meta property=\"og:image:height\" content=\"700\" \/>\n\t<meta property=\"og:image:type\" content=\"image\/jpeg\" \/>\n<meta name=\"author\" content=\"Cl\u00e9ment\" \/>\n<meta name=\"twitter:card\" content=\"summary_large_image\" \/>\n<meta name=\"twitter:creator\" content=\"@FootdavantFr\" \/>\n<meta name=\"twitter:site\" content=\"@FootdavantFr\" \/>\n<meta name=\"twitter:label1\" content=\"\u00c9crit par\" \/>\n\t<meta name=\"twitter:data1\" content=\"Cl\u00e9ment\" \/>\n\t<meta name=\"twitter:label2\" content=\"Dur\u00e9e de lecture estim\u00e9e\" \/>\n\t<meta name=\"twitter:data2\" content=\"2 minutes\" \/>\n<script type=\"application\/ld+json\" class=\"yoast-schema-graph\">{\"@context\":\"https:\/\/schema.org\",\"@graph\":[{\"@type\":\"Article\",\"@id\":\"https:\/\/footdavant.fr\/actualites\/matheus-du-sc-braga-revele-querik-ten-hag-lui-a-parle-pour-tenter-de-le-signer-cet-ete\/#article\",\"isPartOf\":{\"@id\":\"https:\/\/footdavant.fr\/actualites\/matheus-du-sc-braga-revele-querik-ten-hag-lui-a-parle-pour-tenter-de-le-signer-cet-ete\/\"},\"author\":{\"name\":\"Cl\u00e9ment\",\"@id\":\"https:\/\/footdavant.fr\/actualites\/#\/schema\/person\/bc222566d95871b37e597b3ed3ba5e1d\"},\"headline\":\"Matheus du SC Braga r\u00e9v\u00e8le qu&rsquo;Erik ten Hag lui a parl\u00e9 pour tenter de le signer cet \u00e9t\u00e9 &#8211;\",\"datePublished\":\"2023-11-09T12:07:10+00:00\",\"dateModified\":\"2023-11-09T12:07:12+00:00\",\"mainEntityOfPage\":{\"@id\":\"https:\/\/footdavant.fr\/actualites\/matheus-du-sc-braga-revele-querik-ten-hag-lui-a-parle-pour-tenter-de-le-signer-cet-ete\/\"},\"wordCount\":489,\"publisher\":{\"@id\":\"https:\/\/footdavant.fr\/actualites\/#organization\"},\"keywords\":[\"Braga\",\"cet\",\"\u00e9t\u00e9\",\"Hag\",\"lui\",\"Matheus\",\"parl\u00e9\",\"pour\",\"quErik\",\"r\u00e9v\u00e8le\",\"signer\",\"ten\",\"tenter\"],\"articleSection\":[\"Football\"],\"inLanguage\":\"fr-FR\"},{\"@type\":\"WebPage\",\"@id\":\"https:\/\/footdavant.fr\/actualites\/matheus-du-sc-braga-revele-querik-ten-hag-lui-a-parle-pour-tenter-de-le-signer-cet-ete\/\",\"url\":\"https:\/\/footdavant.fr\/actualites\/matheus-du-sc-braga-revele-querik-ten-hag-lui-a-parle-pour-tenter-de-le-signer-cet-ete\/\",\"name\":\"Matheus du SC Braga r\u00e9v\u00e8le qu'Erik ten Hag lui a parl\u00e9 pour tenter de le signer cet \u00e9t\u00e9 -\",\"isPartOf\":{\"@id\":\"https:\/\/footdavant.fr\/actualites\/#website\"},\"datePublished\":\"2023-11-09T12:07:10+00:00\",\"dateModified\":\"2023-11-09T12:07:12+00:00\",\"breadcrumb\":{\"@id\":\"https:\/\/footdavant.fr\/actualites\/matheus-du-sc-braga-revele-querik-ten-hag-lui-a-parle-pour-tenter-de-le-signer-cet-ete\/#breadcrumb\"},\"inLanguage\":\"fr-FR\",\"potentialAction\":[{\"@type\":\"ReadAction\",\"target\":[\"https:\/\/footdavant.fr\/actualites\/matheus-du-sc-braga-revele-querik-ten-hag-lui-a-parle-pour-tenter-de-le-signer-cet-ete\/\"]}]},{\"@type\":\"BreadcrumbList\",\"@id\":\"https:\/\/footdavant.fr\/actualites\/matheus-du-sc-braga-revele-querik-ten-hag-lui-a-parle-pour-tenter-de-le-signer-cet-ete\/#breadcrumb\",\"itemListElement\":[{\"@type\":\"ListItem\",\"position\":1,\"name\":\"Accueil\",\"item\":\"https:\/\/footdavant.fr\/actualites\/\"},{\"@type\":\"ListItem\",\"position\":2,\"name\":\"Matheus du SC Braga r\u00e9v\u00e8le qu&rsquo;Erik ten Hag lui a parl\u00e9 pour tenter de le signer cet \u00e9t\u00e9 &#8211;\"}]},{\"@type\":\"WebSite\",\"@id\":\"https:\/\/footdavant.fr\/actualites\/#website\",\"url\":\"https:\/\/footdavant.fr\/actualites\/\",\"name\":\"Foot d'avant\",\"description\":\"\",\"publisher\":{\"@id\":\"https:\/\/footdavant.fr\/actualites\/#organization\"},\"potentialAction\":[{\"@type\":\"SearchAction\",\"target\":{\"@type\":\"EntryPoint\",\"urlTemplate\":\"https:\/\/footdavant.fr\/actualites\/?s={search_term_string}\"},\"query-input\":\"required name=search_term_string\"}],\"inLanguage\":\"fr-FR\"},{\"@type\":\"Organization\",\"@id\":\"https:\/\/footdavant.fr\/actualites\/#organization\",\"name\":\"Foot d'avant\",\"url\":\"https:\/\/footdavant.fr\/actualites\/\",\"logo\":{\"@type\":\"ImageObject\",\"inLanguage\":\"fr-FR\",\"@id\":\"https:\/\/footdavant.fr\/actualites\/#\/schema\/logo\/image\/\",\"url\":\"https:\/\/footdavant.fr\/actualites\/wp-content\/uploads\/2023\/09\/Copy-of-FootDavant-Logo.png\",\"contentUrl\":\"https:\/\/footdavant.fr\/actualites\/wp-content\/uploads\/2023\/09\/Copy-of-FootDavant-Logo.png\",\"width\":936,\"height\":549,\"caption\":\"Foot d'avant\"},\"image\":{\"@id\":\"https:\/\/footdavant.fr\/actualites\/#\/schema\/logo\/image\/\"},\"sameAs\":[\"https:\/\/www.facebook.com\/Footdavant\/\",\"https:\/\/twitter.com\/FootdavantFr\",\"https:\/\/www.instagram.com\/footdavant.fr\/\"]},{\"@type\":\"Person\",\"@id\":\"https:\/\/footdavant.fr\/actualites\/#\/schema\/person\/bc222566d95871b37e597b3ed3ba5e1d\",\"name\":\"Cl\u00e9ment\",\"image\":{\"@type\":\"ImageObject\",\"inLanguage\":\"fr-FR\",\"@id\":\"https:\/\/footdavant.fr\/actualites\/#\/schema\/person\/image\/\",\"url\":\"https:\/\/secure.gravatar.com\/avatar\/7728b29aac2719421e1a9159b2254c44?s=96&d=mm&r=g\",\"contentUrl\":\"https:\/\/secure.gravatar.com\/avatar\/7728b29aac2719421e1a9159b2254c44?s=96&d=mm&r=g\",\"caption\":\"Cl\u00e9ment\"},\"sameAs\":[\"https:\/\/footdavant.fr\/\"]}]}<\/script>\n<!-- \/ Yoast SEO plugin. -->","yoast_head_json":{"title":"Matheus du SC Braga r\u00e9v\u00e8le qu'Erik ten Hag lui a parl\u00e9 pour tenter de le signer cet \u00e9t\u00e9 -","robots":{"index":"index","follow":"follow","max-snippet":"max-snippet:-1","max-image-preview":"max-image-preview:large","max-video-preview":"max-video-preview:-1"},"canonical":"https:\/\/footdavant.fr\/actualites\/matheus-du-sc-braga-revele-querik-ten-hag-lui-a-parle-pour-tenter-de-le-signer-cet-ete\/","og_locale":"fr_FR","og_type":"article","og_title":"Matheus du SC Braga r\u00e9v\u00e8le qu'Erik ten Hag lui a parl\u00e9 pour tenter de le signer cet \u00e9t\u00e9 -","og_description":"1 La refonte du service des gardiens de Manchester United lors du mercato estival a \u00e9t\u00e9 bien document\u00e9e. De leur \u00ab lot r\u00e9gulier \u00bb, David","og_url":"https:\/\/footdavant.fr\/actualites\/matheus-du-sc-braga-revele-querik-ten-hag-lui-a-parle-pour-tenter-de-le-signer-cet-ete\/","og_site_name":"Foot d&#039;avant","article_publisher":"https:\/\/www.facebook.com\/Footdavant\/","article_published_time":"2023-11-09T12:07:10+00:00","article_modified_time":"2023-11-09T12:07:12+00:00","og_image":[{"width":1600,"height":700,"url":"https:\/\/footdavant.fr\/actualites\/wp-content\/uploads\/2023\/11\/Matheus-du-SC-Braga-revele-quErik-ten-Hag-lui-a.jpg","type":"image\/jpeg"}],"author":"Cl\u00e9ment","twitter_card":"summary_large_image","twitter_creator":"@FootdavantFr","twitter_site":"@FootdavantFr","twitter_misc":{"\u00c9crit par":"Cl\u00e9ment","Dur\u00e9e de lecture estim\u00e9e":"2 minutes"},"schema":{"@context":"https:\/\/schema.org","@graph":[{"@type":"Article","@id":"https:\/\/footdavant.fr\/actualites\/matheus-du-sc-braga-revele-querik-ten-hag-lui-a-parle-pour-tenter-de-le-signer-cet-ete\/#article","isPartOf":{"@id":"https:\/\/footdavant.fr\/actualites\/matheus-du-sc-braga-revele-querik-ten-hag-lui-a-parle-pour-tenter-de-le-signer-cet-ete\/"},"author":{"name":"Cl\u00e9ment","@id":"https:\/\/footdavant.fr\/actualites\/#\/schema\/person\/bc222566d95871b37e597b3ed3ba5e1d"},"headline":"Matheus du SC Braga r\u00e9v\u00e8le qu&rsquo;Erik ten Hag lui a parl\u00e9 pour tenter de le signer cet \u00e9t\u00e9 &#8211;","datePublished":"2023-11-09T12:07:10+00:00","dateModified":"2023-11-09T12:07:12+00:00","mainEntityOfPage":{"@id":"https:\/\/footdavant.fr\/actualites\/matheus-du-sc-braga-revele-querik-ten-hag-lui-a-parle-pour-tenter-de-le-signer-cet-ete\/"},"wordCount":489,"publisher":{"@id":"https:\/\/footdavant.fr\/actualites\/#organization"},"keywords":["Braga","cet","\u00e9t\u00e9","Hag","lui","Matheus","parl\u00e9","pour","quErik","r\u00e9v\u00e8le","signer","ten","tenter"],"articleSection":["Football"],"inLanguage":"fr-FR"},{"@type":"WebPage","@id":"https:\/\/footdavant.fr\/actualites\/matheus-du-sc-braga-revele-querik-ten-hag-lui-a-parle-pour-tenter-de-le-signer-cet-ete\/","url":"https:\/\/footdavant.fr\/actualites\/matheus-du-sc-braga-revele-querik-ten-hag-lui-a-parle-pour-tenter-de-le-signer-cet-ete\/","name":"Matheus du SC Braga r\u00e9v\u00e8le qu'Erik ten Hag lui a parl\u00e9 pour tenter de le signer cet \u00e9t\u00e9 -","isPartOf":{"@id":"https:\/\/footdavant.fr\/actualites\/#website"},"datePublished":"2023-11-09T12:07:10+00:00","dateModified":"2023-11-09T12:07:12+00:00","breadcrumb":{"@id":"https:\/\/footdavant.fr\/actualites\/matheus-du-sc-braga-revele-querik-ten-hag-lui-a-parle-pour-tenter-de-le-signer-cet-ete\/#breadcrumb"},"inLanguage":"fr-FR","potentialAction":[{"@type":"ReadAction","target":["https:\/\/footdavant.fr\/actualites\/matheus-du-sc-braga-revele-querik-ten-hag-lui-a-parle-pour-tenter-de-le-signer-cet-ete\/"]}]},{"@type":"BreadcrumbList","@id":"https:\/\/footdavant.fr\/actualites\/matheus-du-sc-braga-revele-querik-ten-hag-lui-a-parle-pour-tenter-de-le-signer-cet-ete\/#breadcrumb","itemListElement":[{"@type":"ListItem","position":1,"name":"Accueil","item":"https:\/\/footdavant.fr\/actualites\/"},{"@type":"ListItem","position":2,"name":"Matheus du SC Braga r\u00e9v\u00e8le qu&rsquo;Erik ten Hag lui a parl\u00e9 pour tenter de le signer cet \u00e9t\u00e9 &#8211;"}]},{"@type":"WebSite","@id":"https:\/\/footdavant.fr\/actualites\/#website","url":"https:\/\/footdavant.fr\/actualites\/","name":"Foot d'avant","description":"","publisher":{"@id":"https:\/\/footdavant.fr\/actualites\/#organization"},"potentialAction":[{"@type":"SearchAction","target":{"@type":"EntryPoint","urlTemplate":"https:\/\/footdavant.fr\/actualites\/?s={search_term_string}"},"query-input":"required name=search_term_string"}],"inLanguage":"fr-FR"},{"@type":"Organization","@id":"https:\/\/footdavant.fr\/actualites\/#organization","name":"Foot d'avant","url":"https:\/\/footdavant.fr\/actualites\/","logo":{"@type":"ImageObject","inLanguage":"fr-FR","@id":"https:\/\/footdavant.fr\/actualites\/#\/schema\/logo\/image\/","url":"https:\/\/footdavant.fr\/actualites\/wp-content\/uploads\/2023\/09\/Copy-of-FootDavant-Logo.png","contentUrl":"https:\/\/footdavant.fr\/actualites\/wp-content\/uploads\/2023\/09\/Copy-of-FootDavant-Logo.png","width":936,"height":549,"caption":"Foot d'avant"},"image":{"@id":"https:\/\/footdavant.fr\/actualites\/#\/schema\/logo\/image\/"},"sameAs":["https:\/\/www.facebook.com\/Footdavant\/","https:\/\/twitter.com\/FootdavantFr","https:\/\/www.instagram.com\/footdavant.fr\/"]},{"@type":"Person","@id":"https:\/\/footdavant.fr\/actualites\/#\/schema\/person\/bc222566d95871b37e597b3ed3ba5e1d","name":"Cl\u00e9ment","image":{"@type":"ImageObject","inLanguage":"fr-FR","@id":"https:\/\/footdavant.fr\/actualites\/#\/schema\/person\/image\/","url":"https:\/\/secure.gravatar.com\/avatar\/7728b29aac2719421e1a9159b2254c44?s=96&d=mm&r=g","contentUrl":"https:\/\/secure.gravatar.com\/avatar\/7728b29aac2719421e1a9159b2254c44?s=96&d=mm&r=g","caption":"Cl\u00e9ment"},"sameAs":["https:\/\/footdavant.fr\/"]}]}},"_links":{"self":[{"href":"https:\/\/footdavant.fr\/actualites\/wp-json\/wp\/v2\/posts\/608"}],"collection":[{"href":"https:\/\/footdavant.fr\/actualites\/wp-json\/wp\/v2\/posts"}],"about":[{"href":"https:\/\/footdavant.fr\/actualites\/wp-json\/wp\/v2\/types\/post"}],"author":[{"embeddable":true,"href":"https:\/\/footdavant.fr\/actualites\/wp-json\/wp\/v2\/users\/1"}],"replies":[{"embeddable":true,"href":"https:\/\/footdavant.fr\/actualites\/wp-json\/wp\/v2\/comments?post=608"}],"version-history":[{"count":1,"href":"https:\/\/footdavant.fr\/actualites\/wp-json\/wp\/v2\/posts\/608\/revisions"}],"predecessor-version":[{"id":610,"href":"https:\/\/footdavant.fr\/actualites\/wp-json\/wp\/v2\/posts\/608\/revisions\/610"}],"wp:featuredmedia":[{"embeddable":true,"href":"https:\/\/footdavant.fr\/actualites\/wp-json\/wp\/v2\/media\/609"}],"wp:attachment":[{"href":"https:\/\/footdavant.fr\/actualites\/wp-json\/wp\/v2\/media?parent=608"}],"wp:term":[{"taxonomy":"category","embeddable":true,"href":"https:\/\/footdavant.fr\/actualites\/wp-json\/wp\/v2\/categories?post=608"},{"taxonomy":"post_tag","embeddable":true,"href":"https:\/\/footdavant.fr\/actualites\/wp-json\/wp\/v2\/tags?post=608"}],"curies":[{"name":"wp","href":"https:\/\/api.w.org\/{rel}","templated":true}]}}