{"id":6141,"date":"2024-03-12T12:48:08","date_gmt":"2024-03-12T11:48:08","guid":{"rendered":"https:\/\/footdavant.fr\/actualites\/gabriel-martinelli-manque-lentrainement-darsenal-avant-le-choc-de-porto\/"},"modified":"2024-03-12T12:48:08","modified_gmt":"2024-03-12T11:48:08","slug":"gabriel-martinelli-manque-lentrainement-darsenal-avant-le-choc-de-porto","status":"publish","type":"post","link":"https:\/\/footdavant.fr\/actualites\/gabriel-martinelli-manque-lentrainement-darsenal-avant-le-choc-de-porto\/","title":{"rendered":"Gabriel Martinelli manque l&rsquo;entra\u00eenement d&rsquo;Arsenal avant le choc de Porto"},"content":{"rendered":"<p>Gabriel Martinelli manque l&rsquo;entra\u00eenement d&rsquo;Arsenal avant le match retour des huiti\u00e8mes de finale de Ligue des champions avec Porto, mais Takehiro Tomiyasu est impliqu\u00e9.<\/p>\n<div id=\"article_body\" itemprop=\"articleBody\">\n<h3 class=\"firstPara\">\n<strong class=\"autotag\">Arsenal<\/strong> attaquant <strong class=\"autotag\">Gabriel Martinelli<\/strong> n&rsquo;a pas particip\u00e9 \u00e0 l&rsquo;entra\u00eenement des Gunners lundi avant leur <strong class=\"autotag\">Ligue des champions<\/strong> huiti\u00e8mes de finale retour avec <strong class=\"autotag\">Porto<\/strong>.<\/h3>\n<p>Le Br\u00e9silien s&rsquo;est bless\u00e9 au pied contre Sheffield United lundi dernier, bien que <strong class=\"autotag\">Mikel Arteta<\/strong> \u00e9tait \u00ab\u00a0plut\u00f4t positif\u00a0\u00bb qu&rsquo;il irait bien pour la confrontation du week-end avec Brentford.<\/p>\n<p>Cependant, Martinelli n&rsquo;a finalement pas \u00e9t\u00e9 jug\u00e9 apte \u00e0 l&rsquo;affrontement avec les Bees, et il a apparemment \u00e9t\u00e9 vu marchant dans la zone mixte avec des b\u00e9quilles apr\u00e8s la victoire 2-1 des Gunners.<\/p>\n<p>Comme c&rsquo;est obligatoire pour les matches europ\u00e9ens, Arsenal a accueilli les m\u00e9dias pour la premi\u00e8re partie de leur s\u00e9ance de lundi, o\u00f9 Martinelli n&rsquo;\u00e9tait pas impliqu\u00e9 avec ses co\u00e9quipiers \u00e0 Londres Colney.<\/p>\n<p>Cependant, les deux <strong class=\"autotag\">Takehiro Tomiyasu<\/strong> (frapper) et <strong class=\"autotag\">Jurrien Bois<\/strong> (ACL) \u00e9taient pr\u00e9sents avec le reste de l&rsquo;effectif, m\u00eame si ce dernier sera progressivement r\u00e9int\u00e9gr\u00e9 dans l&rsquo;\u00e9quipe suite \u00e0 sa grave blessure.<\/p>\n<blockquote class=\"twitter-tweet\">\n<p lang=\"en\" dir=\"ltr\">Timber et Tomiyasu ici en formation pour <a rel=\"nofollow\" href=\"https:\/\/twitter.com\/hashtag\/AFC?src=hash&amp;ref_src=twsrc%5Etfw\">#AFC<\/a> <a rel=\"nofollow\" href=\"https:\/\/t.co\/xBusHWGk3V\">pic.twitter.com\/xBusHWGk3V<\/a><\/p>\n<p>-Kaya Kaynak (@kayakaynak97) <a rel=\"nofollow\" href=\"https:\/\/twitter.com\/kayakaynak97\/status\/1767196773091565590?ref_src=twsrc%5Etfw\">11 mars 2024<\/a>\n<\/p><\/blockquote>\n<p>Pendant ce temps, Tomiyasu n&rsquo;a pas encore jou\u00e9 pour les Gunners en 2024, apr\u00e8s s&rsquo;\u00eatre bless\u00e9 au mollet avant la Coupe d&rsquo;Asie et \u00eatre revenu du tournoi continental avec un coup.<\/p>\n<p>Arteta a \u00e9t\u00e9 press\u00e9 de savoir si Tomiyasu et Martinelli seraient disponibles pour le match retour de mardi lors de sa conf\u00e9rence de presse d&rsquo;avant-match, mais l&rsquo;Espagnol &#8211; qui est souvent discret lorsqu&rsquo;il s&rsquo;agit de nouvelles de l&rsquo;\u00e9quipe &#8211; n&rsquo;avait pas grand-chose \u00e0 partager.<\/p>\n<p>\u00ab\u00a0Pas beaucoup de mises \u00e0 jour. Nous avons encore 24 heures et nous essayons que tout le monde soit en forme et disponible. [Takehiro Tomiyasu] a fait la premi\u00e8re partie (de la formation), et Gabi [Martinelli] je ne l&rsquo;ai pas fait\u00a0\u00bb, a d\u00e9clar\u00e9 Arteta aux journalistes.<\/p>\n<p>Les h\u00f4tes accueilleront certainement un joueur dans l&rsquo;\u00e9quipe, car <strong class=\"autotag\">David Raya<\/strong> n&rsquo;a pas pu affronter le club parent de Brentford ce week-end, o\u00f9 son adjoint <strong class=\"autotag\">Aaron Ramsdale<\/strong> \u00e9tait en faute pour <strong class=\"autotag\">Yoan\u00e9 Wissa<\/strong>de l&rsquo;\u00e9galisation avant de se rattraper avec deux arr\u00eats essentiels en seconde p\u00e9riode.<\/p>\n<p><strong class=\"autotag\">Alexandre Zinchenko<\/strong> et <strong class=\"autotag\">Gabriel J\u00e9sus<\/strong> &#8211; qui ont souffert de probl\u00e8mes respectifs au mollet et au genou en 2024 &#8211; ont \u00e9t\u00e9 retir\u00e9s du banc dans la seconde moiti\u00e9 du match de samedi, et tous deux pourraient d\u00e9sormais \u00eatre en lice pour leurs premiers d\u00e9parts depuis qu&rsquo;ils se sont remis de leurs afflictions.<\/p>\n<p class=\"imgI\">\n<p>Lorsqu&rsquo;on lui a demand\u00e9 si Jesus ou Zinchenko \u00e9taient en lice pour \u00eatre rappel\u00e9s dans le XI, Arteta a ajout\u00e9 : \u00ab\u00a0Tous ceux qui sont disponibles doivent \u00eatre suffisamment disponibles pour jouer, car vous devrez peut-\u00eatre jouer apr\u00e8s cinq minutes ou d\u00e8s le d\u00e9but. Les gar\u00e7ons sont dans une bonne situation. lieu.\u00a0\u00bb<\/p>\n<p>J\u00e9sus et <strong class=\"autotag\">L\u00e9andro Trossard<\/strong> sera apparemment en comp\u00e9tition pour remplacer Martinelli, qui \u00e9tait en partie coupable de <strong class=\"autotag\">Gal\u00e8ne<\/strong>vainqueur de Porto pour le match aller, redonnant la possession \u00e0 l&rsquo;\u00e9quipe portugaise dans le temps additionnel.<\/p>\n<p>Les hommes d&rsquo;Arteta n&rsquo;ont pas r\u00e9ussi \u00e0 r\u00e9ussir un seul tir cadr\u00e9 lors de leur d\u00e9faite 1-0 au match aller &#8211; la premi\u00e8re fois qu&rsquo;ils r\u00e9alisaient cet exploit non d\u00e9sir\u00e9 lors d&rsquo;un match de Ligue des Champions depuis 2011 &#8211; mais ils ont remport\u00e9 leurs trois pr\u00e9c\u00e9dents matchs \u00e0 domicile contre Porto par un score global de 11-0.<\/p>\n<p>Arsenal a surmont\u00e9 un d\u00e9ficit d&rsquo;un but contre Porto la derni\u00e8re fois qu&rsquo;il a progress\u00e9 au-del\u00e0 des huiti\u00e8mes de finale de la Ligue des champions, s&rsquo;imposant 5-0 aux Emirats apr\u00e8s une d\u00e9faite 2-1 au Portugal lors de la saison 2009-10.<\/p>\n<\/div>\n<p><script async src=\"https:\/\/platform.twitter.com\/widgets.js\" charset=\"utf-8\"><\/script><\/p>\n","protected":false},"excerpt":{"rendered":"<p>Gabriel Martinelli manque l&rsquo;entra\u00eenement d&rsquo;Arsenal avant le match retour des huiti\u00e8mes de finale de Ligue des champions avec Porto, mais Takehiro Tomiyasu est impliqu\u00e9. Arsenal<\/p>\n","protected":false},"author":1,"featured_media":6142,"comment_status":"closed","ping_status":"","sticky":false,"template":"","format":"standard","meta":{"footnotes":""},"categories":[4],"tags":[491,332,59,233,519,476,894,381],"yoast_head":"<!-- This site is optimized with the Yoast SEO plugin v21.0 - https:\/\/yoast.com\/wordpress\/plugins\/seo\/ -->\n<title>Gabriel Martinelli manque l&#039;entra\u00eenement d&#039;Arsenal avant le choc de Porto<\/title>\n<meta name=\"robots\" content=\"index, follow, max-snippet:-1, max-image-preview:large, max-video-preview:-1\" \/>\n<link rel=\"canonical\" href=\"https:\/\/footdavant.fr\/actualites\/gabriel-martinelli-manque-lentrainement-darsenal-avant-le-choc-de-porto\/\" \/>\n<meta property=\"og:locale\" content=\"fr_FR\" \/>\n<meta property=\"og:type\" content=\"article\" \/>\n<meta property=\"og:title\" content=\"Gabriel Martinelli manque l&#039;entra\u00eenement d&#039;Arsenal avant le choc de Porto\" \/>\n<meta property=\"og:description\" content=\"Gabriel Martinelli manque l&rsquo;entra\u00eenement d&rsquo;Arsenal avant le match retour des huiti\u00e8mes de finale de Ligue des champions avec Porto, mais Takehiro Tomiyasu est impliqu\u00e9. Arsenal\" \/>\n<meta property=\"og:url\" content=\"https:\/\/footdavant.fr\/actualites\/gabriel-martinelli-manque-lentrainement-darsenal-avant-le-choc-de-porto\/\" \/>\n<meta property=\"og:site_name\" content=\"Foot d&#039;avant\" \/>\n<meta property=\"article:publisher\" content=\"https:\/\/www.facebook.com\/Footdavant\/\" \/>\n<meta property=\"article:published_time\" content=\"2024-03-12T11:48:08+00:00\" \/>\n<meta property=\"og:image\" content=\"https:\/\/footdavant.fr\/actualites\/wp-content\/uploads\/2024\/03\/Gabriel-Martinelli-manque-lentrainement-dArsenal-avant-le-choc-de-Porto.JPG\" \/>\n\t<meta property=\"og:image:width\" content=\"640\" \/>\n\t<meta property=\"og:image:height\" content=\"480\" \/>\n\t<meta property=\"og:image:type\" content=\"image\/jpeg\" \/>\n<meta name=\"author\" content=\"Cl\u00e9ment\" \/>\n<meta name=\"twitter:card\" content=\"summary_large_image\" \/>\n<meta name=\"twitter:creator\" content=\"@FootdavantFr\" \/>\n<meta name=\"twitter:site\" content=\"@FootdavantFr\" \/>\n<meta name=\"twitter:label1\" content=\"\u00c9crit par\" \/>\n\t<meta name=\"twitter:data1\" content=\"Cl\u00e9ment\" \/>\n\t<meta name=\"twitter:label2\" content=\"Dur\u00e9e de lecture estim\u00e9e\" \/>\n\t<meta name=\"twitter:data2\" content=\"3 minutes\" \/>\n<script type=\"application\/ld+json\" class=\"yoast-schema-graph\">{\"@context\":\"https:\/\/schema.org\",\"@graph\":[{\"@type\":\"Article\",\"@id\":\"https:\/\/footdavant.fr\/actualites\/gabriel-martinelli-manque-lentrainement-darsenal-avant-le-choc-de-porto\/#article\",\"isPartOf\":{\"@id\":\"https:\/\/footdavant.fr\/actualites\/gabriel-martinelli-manque-lentrainement-darsenal-avant-le-choc-de-porto\/\"},\"author\":{\"name\":\"Cl\u00e9ment\",\"@id\":\"https:\/\/footdavant.fr\/actualites\/#\/schema\/person\/bc222566d95871b37e597b3ed3ba5e1d\"},\"headline\":\"Gabriel Martinelli manque l&rsquo;entra\u00eenement d&rsquo;Arsenal avant le choc de Porto\",\"datePublished\":\"2024-03-12T11:48:08+00:00\",\"dateModified\":\"2024-03-12T11:48:08+00:00\",\"mainEntityOfPage\":{\"@id\":\"https:\/\/footdavant.fr\/actualites\/gabriel-martinelli-manque-lentrainement-darsenal-avant-le-choc-de-porto\/\"},\"wordCount\":647,\"publisher\":{\"@id\":\"https:\/\/footdavant.fr\/actualites\/#organization\"},\"keywords\":[\"avant\",\"choc\",\"dArsenal\",\"Gabriel\",\"lentra\u00eenement\",\"manque\",\"Martinelli\",\"Porto\"],\"articleSection\":[\"Champions League\"],\"inLanguage\":\"fr-FR\"},{\"@type\":\"WebPage\",\"@id\":\"https:\/\/footdavant.fr\/actualites\/gabriel-martinelli-manque-lentrainement-darsenal-avant-le-choc-de-porto\/\",\"url\":\"https:\/\/footdavant.fr\/actualites\/gabriel-martinelli-manque-lentrainement-darsenal-avant-le-choc-de-porto\/\",\"name\":\"Gabriel Martinelli manque l'entra\u00eenement d'Arsenal avant le choc de Porto\",\"isPartOf\":{\"@id\":\"https:\/\/footdavant.fr\/actualites\/#website\"},\"datePublished\":\"2024-03-12T11:48:08+00:00\",\"dateModified\":\"2024-03-12T11:48:08+00:00\",\"breadcrumb\":{\"@id\":\"https:\/\/footdavant.fr\/actualites\/gabriel-martinelli-manque-lentrainement-darsenal-avant-le-choc-de-porto\/#breadcrumb\"},\"inLanguage\":\"fr-FR\",\"potentialAction\":[{\"@type\":\"ReadAction\",\"target\":[\"https:\/\/footdavant.fr\/actualites\/gabriel-martinelli-manque-lentrainement-darsenal-avant-le-choc-de-porto\/\"]}]},{\"@type\":\"BreadcrumbList\",\"@id\":\"https:\/\/footdavant.fr\/actualites\/gabriel-martinelli-manque-lentrainement-darsenal-avant-le-choc-de-porto\/#breadcrumb\",\"itemListElement\":[{\"@type\":\"ListItem\",\"position\":1,\"name\":\"Accueil\",\"item\":\"https:\/\/footdavant.fr\/actualites\/\"},{\"@type\":\"ListItem\",\"position\":2,\"name\":\"Gabriel Martinelli manque l&rsquo;entra\u00eenement d&rsquo;Arsenal avant le choc de Porto\"}]},{\"@type\":\"WebSite\",\"@id\":\"https:\/\/footdavant.fr\/actualites\/#website\",\"url\":\"https:\/\/footdavant.fr\/actualites\/\",\"name\":\"Foot d'avant\",\"description\":\"\",\"publisher\":{\"@id\":\"https:\/\/footdavant.fr\/actualites\/#organization\"},\"potentialAction\":[{\"@type\":\"SearchAction\",\"target\":{\"@type\":\"EntryPoint\",\"urlTemplate\":\"https:\/\/footdavant.fr\/actualites\/?s={search_term_string}\"},\"query-input\":\"required name=search_term_string\"}],\"inLanguage\":\"fr-FR\"},{\"@type\":\"Organization\",\"@id\":\"https:\/\/footdavant.fr\/actualites\/#organization\",\"name\":\"Foot d'avant\",\"url\":\"https:\/\/footdavant.fr\/actualites\/\",\"logo\":{\"@type\":\"ImageObject\",\"inLanguage\":\"fr-FR\",\"@id\":\"https:\/\/footdavant.fr\/actualites\/#\/schema\/logo\/image\/\",\"url\":\"https:\/\/footdavant.fr\/actualites\/wp-content\/uploads\/2023\/09\/Copy-of-FootDavant-Logo.png\",\"contentUrl\":\"https:\/\/footdavant.fr\/actualites\/wp-content\/uploads\/2023\/09\/Copy-of-FootDavant-Logo.png\",\"width\":936,\"height\":549,\"caption\":\"Foot d'avant\"},\"image\":{\"@id\":\"https:\/\/footdavant.fr\/actualites\/#\/schema\/logo\/image\/\"},\"sameAs\":[\"https:\/\/www.facebook.com\/Footdavant\/\",\"https:\/\/twitter.com\/FootdavantFr\",\"https:\/\/www.instagram.com\/footdavant.fr\/\"]},{\"@type\":\"Person\",\"@id\":\"https:\/\/footdavant.fr\/actualites\/#\/schema\/person\/bc222566d95871b37e597b3ed3ba5e1d\",\"name\":\"Cl\u00e9ment\",\"image\":{\"@type\":\"ImageObject\",\"inLanguage\":\"fr-FR\",\"@id\":\"https:\/\/footdavant.fr\/actualites\/#\/schema\/person\/image\/\",\"url\":\"https:\/\/secure.gravatar.com\/avatar\/7728b29aac2719421e1a9159b2254c44?s=96&d=mm&r=g\",\"contentUrl\":\"https:\/\/secure.gravatar.com\/avatar\/7728b29aac2719421e1a9159b2254c44?s=96&d=mm&r=g\",\"caption\":\"Cl\u00e9ment\"},\"sameAs\":[\"https:\/\/footdavant.fr\/\"]}]}<\/script>\n<!-- \/ Yoast SEO plugin. -->","yoast_head_json":{"title":"Gabriel Martinelli manque l'entra\u00eenement d'Arsenal avant le choc de Porto","robots":{"index":"index","follow":"follow","max-snippet":"max-snippet:-1","max-image-preview":"max-image-preview:large","max-video-preview":"max-video-preview:-1"},"canonical":"https:\/\/footdavant.fr\/actualites\/gabriel-martinelli-manque-lentrainement-darsenal-avant-le-choc-de-porto\/","og_locale":"fr_FR","og_type":"article","og_title":"Gabriel Martinelli manque l'entra\u00eenement d'Arsenal avant le choc de Porto","og_description":"Gabriel Martinelli manque l&rsquo;entra\u00eenement d&rsquo;Arsenal avant le match retour des huiti\u00e8mes de finale de Ligue des champions avec Porto, mais Takehiro Tomiyasu est impliqu\u00e9. Arsenal","og_url":"https:\/\/footdavant.fr\/actualites\/gabriel-martinelli-manque-lentrainement-darsenal-avant-le-choc-de-porto\/","og_site_name":"Foot d&#039;avant","article_publisher":"https:\/\/www.facebook.com\/Footdavant\/","article_published_time":"2024-03-12T11:48:08+00:00","og_image":[{"width":640,"height":480,"url":"https:\/\/footdavant.fr\/actualites\/wp-content\/uploads\/2024\/03\/Gabriel-Martinelli-manque-lentrainement-dArsenal-avant-le-choc-de-Porto.JPG","type":"image\/jpeg"}],"author":"Cl\u00e9ment","twitter_card":"summary_large_image","twitter_creator":"@FootdavantFr","twitter_site":"@FootdavantFr","twitter_misc":{"\u00c9crit par":"Cl\u00e9ment","Dur\u00e9e de lecture estim\u00e9e":"3 minutes"},"schema":{"@context":"https:\/\/schema.org","@graph":[{"@type":"Article","@id":"https:\/\/footdavant.fr\/actualites\/gabriel-martinelli-manque-lentrainement-darsenal-avant-le-choc-de-porto\/#article","isPartOf":{"@id":"https:\/\/footdavant.fr\/actualites\/gabriel-martinelli-manque-lentrainement-darsenal-avant-le-choc-de-porto\/"},"author":{"name":"Cl\u00e9ment","@id":"https:\/\/footdavant.fr\/actualites\/#\/schema\/person\/bc222566d95871b37e597b3ed3ba5e1d"},"headline":"Gabriel Martinelli manque l&rsquo;entra\u00eenement d&rsquo;Arsenal avant le choc de Porto","datePublished":"2024-03-12T11:48:08+00:00","dateModified":"2024-03-12T11:48:08+00:00","mainEntityOfPage":{"@id":"https:\/\/footdavant.fr\/actualites\/gabriel-martinelli-manque-lentrainement-darsenal-avant-le-choc-de-porto\/"},"wordCount":647,"publisher":{"@id":"https:\/\/footdavant.fr\/actualites\/#organization"},"keywords":["avant","choc","dArsenal","Gabriel","lentra\u00eenement","manque","Martinelli","Porto"],"articleSection":["Champions League"],"inLanguage":"fr-FR"},{"@type":"WebPage","@id":"https:\/\/footdavant.fr\/actualites\/gabriel-martinelli-manque-lentrainement-darsenal-avant-le-choc-de-porto\/","url":"https:\/\/footdavant.fr\/actualites\/gabriel-martinelli-manque-lentrainement-darsenal-avant-le-choc-de-porto\/","name":"Gabriel Martinelli manque l'entra\u00eenement d'Arsenal avant le choc de Porto","isPartOf":{"@id":"https:\/\/footdavant.fr\/actualites\/#website"},"datePublished":"2024-03-12T11:48:08+00:00","dateModified":"2024-03-12T11:48:08+00:00","breadcrumb":{"@id":"https:\/\/footdavant.fr\/actualites\/gabriel-martinelli-manque-lentrainement-darsenal-avant-le-choc-de-porto\/#breadcrumb"},"inLanguage":"fr-FR","potentialAction":[{"@type":"ReadAction","target":["https:\/\/footdavant.fr\/actualites\/gabriel-martinelli-manque-lentrainement-darsenal-avant-le-choc-de-porto\/"]}]},{"@type":"BreadcrumbList","@id":"https:\/\/footdavant.fr\/actualites\/gabriel-martinelli-manque-lentrainement-darsenal-avant-le-choc-de-porto\/#breadcrumb","itemListElement":[{"@type":"ListItem","position":1,"name":"Accueil","item":"https:\/\/footdavant.fr\/actualites\/"},{"@type":"ListItem","position":2,"name":"Gabriel Martinelli manque l&rsquo;entra\u00eenement d&rsquo;Arsenal avant le choc de Porto"}]},{"@type":"WebSite","@id":"https:\/\/footdavant.fr\/actualites\/#website","url":"https:\/\/footdavant.fr\/actualites\/","name":"Foot d'avant","description":"","publisher":{"@id":"https:\/\/footdavant.fr\/actualites\/#organization"},"potentialAction":[{"@type":"SearchAction","target":{"@type":"EntryPoint","urlTemplate":"https:\/\/footdavant.fr\/actualites\/?s={search_term_string}"},"query-input":"required name=search_term_string"}],"inLanguage":"fr-FR"},{"@type":"Organization","@id":"https:\/\/footdavant.fr\/actualites\/#organization","name":"Foot d'avant","url":"https:\/\/footdavant.fr\/actualites\/","logo":{"@type":"ImageObject","inLanguage":"fr-FR","@id":"https:\/\/footdavant.fr\/actualites\/#\/schema\/logo\/image\/","url":"https:\/\/footdavant.fr\/actualites\/wp-content\/uploads\/2023\/09\/Copy-of-FootDavant-Logo.png","contentUrl":"https:\/\/footdavant.fr\/actualites\/wp-content\/uploads\/2023\/09\/Copy-of-FootDavant-Logo.png","width":936,"height":549,"caption":"Foot d'avant"},"image":{"@id":"https:\/\/footdavant.fr\/actualites\/#\/schema\/logo\/image\/"},"sameAs":["https:\/\/www.facebook.com\/Footdavant\/","https:\/\/twitter.com\/FootdavantFr","https:\/\/www.instagram.com\/footdavant.fr\/"]},{"@type":"Person","@id":"https:\/\/footdavant.fr\/actualites\/#\/schema\/person\/bc222566d95871b37e597b3ed3ba5e1d","name":"Cl\u00e9ment","image":{"@type":"ImageObject","inLanguage":"fr-FR","@id":"https:\/\/footdavant.fr\/actualites\/#\/schema\/person\/image\/","url":"https:\/\/secure.gravatar.com\/avatar\/7728b29aac2719421e1a9159b2254c44?s=96&d=mm&r=g","contentUrl":"https:\/\/secure.gravatar.com\/avatar\/7728b29aac2719421e1a9159b2254c44?s=96&d=mm&r=g","caption":"Cl\u00e9ment"},"sameAs":["https:\/\/footdavant.fr\/"]}]}},"_links":{"self":[{"href":"https:\/\/footdavant.fr\/actualites\/wp-json\/wp\/v2\/posts\/6141"}],"collection":[{"href":"https:\/\/footdavant.fr\/actualites\/wp-json\/wp\/v2\/posts"}],"about":[{"href":"https:\/\/footdavant.fr\/actualites\/wp-json\/wp\/v2\/types\/post"}],"author":[{"embeddable":true,"href":"https:\/\/footdavant.fr\/actualites\/wp-json\/wp\/v2\/users\/1"}],"replies":[{"embeddable":true,"href":"https:\/\/footdavant.fr\/actualites\/wp-json\/wp\/v2\/comments?post=6141"}],"version-history":[{"count":1,"href":"https:\/\/footdavant.fr\/actualites\/wp-json\/wp\/v2\/posts\/6141\/revisions"}],"predecessor-version":[{"id":6143,"href":"https:\/\/footdavant.fr\/actualites\/wp-json\/wp\/v2\/posts\/6141\/revisions\/6143"}],"wp:featuredmedia":[{"embeddable":true,"href":"https:\/\/footdavant.fr\/actualites\/wp-json\/wp\/v2\/media\/6142"}],"wp:attachment":[{"href":"https:\/\/footdavant.fr\/actualites\/wp-json\/wp\/v2\/media?parent=6141"}],"wp:term":[{"taxonomy":"category","embeddable":true,"href":"https:\/\/footdavant.fr\/actualites\/wp-json\/wp\/v2\/categories?post=6141"},{"taxonomy":"post_tag","embeddable":true,"href":"https:\/\/footdavant.fr\/actualites\/wp-json\/wp\/v2\/tags?post=6141"}],"curies":[{"name":"wp","href":"https:\/\/api.w.org\/{rel}","templated":true}]}}