{"id":6210,"date":"2024-03-13T21:51:31","date_gmt":"2024-03-13T20:51:31","guid":{"rendered":"https:\/\/footdavant.fr\/actualites\/les-chances-de-roony-bardghji-de-manchester-united-dependent-de-lavenir-derik-ten-hag\/"},"modified":"2024-03-13T21:51:32","modified_gmt":"2024-03-13T20:51:32","slug":"les-chances-de-roony-bardghji-de-manchester-united-dependent-de-lavenir-derik-ten-hag","status":"publish","type":"post","link":"https:\/\/footdavant.fr\/actualites\/les-chances-de-roony-bardghji-de-manchester-united-dependent-de-lavenir-derik-ten-hag\/","title":{"rendered":"Les chances de Roony Bardghji de Manchester United \u00ab d\u00e9pendent de l&rsquo;avenir d&rsquo;Erik Ten Hag \u00bb"},"content":{"rendered":"<p>Les chances de Manchester United de recruter Roony Bardghji d\u00e9pendraient du maintien d&rsquo;Erik ten Hag en tant qu&rsquo;entra\u00eeneur-chef \u00e0 Old Trafford apr\u00e8s la fin de la saison.<\/p>\n<div id=\"article_body\" itemprop=\"articleBody\">\n<h3 class=\"firstPara\">\n<strong class=\"autotag\">Manchester United<\/strong> seraient pr\u00eats \u00e0 rater la signature de <strong class=\"autotag\">Copenhague<\/strong> enfant <strong class=\"autotag\">Roony Bardghji<\/strong> si <strong class=\"autotag\">Erik Ten Hag<\/strong> part en \u00e9t\u00e9.<\/h3>\n<p>Le joueur de 18 ans a fait ses d\u00e9buts avec les g\u00e9ants danois en novembre 2021 et a depuis particip\u00e9 \u00e0 73 matches de comp\u00e9tition, marquant \u00e0 15 reprises.<\/p>\n<p>Bardghji a fait irruption sur la sc\u00e8ne continentale lors de la phase de groupes de la Ligue des champions cette saison, marquant le but vainqueur contre Man United pour Copenhague le 8 novembre.<\/p>\n<p>Sur le plan national, le Su\u00e9dois aide son \u00e9quipe \u00e0 suivre le rythme des FC Midtjylland et Brondby en t\u00eate du classement de la Superligaen danoise, marquant sept buts en 18 matches de championnat.<\/p>\n<p>Selon <em>Nouvelles du soir de Manchester<\/em>l&rsquo;avenir d&rsquo;Erik ten Hag \u00e0 Manchester United est s\u00e9rieusement menac\u00e9 apr\u00e8s une campagne 2023-24 difficile \u00e0 ce jour.<\/p>\n<p class=\"imgI\">\n<p>Le rapport affirme que cela pourrait avoir un impact significatif sur la d\u00e9cision de Bardghji de quitter le Danemark pour le Th\u00e9\u00e2tre des r\u00eaves cet \u00e9t\u00e9.<\/p>\n<p>Plus t\u00f4t cette ann\u00e9e, le milliardaire anglais <strong class=\"autotag\">Sir Jim Ratcliffe<\/strong> a acquis une participation minoritaire dans les Diables Rouges aupr\u00e8s de la famille Glazer, prenant le contr\u00f4le des op\u00e9rations footballistiques.<\/p>\n<p>On pense que le chef d&rsquo;INEOS ne sait pas encore si le N\u00e9erlandais Ten Hag est l&rsquo;homme id\u00e9al pour faire avancer le club vers une nouvelle \u00e8re. <\/p>\n<p>Apr\u00e8s avoir remport\u00e9 la Coupe EFL et obtenu la qualification pour la Ligue des champions la saison derni\u00e8re, United a \u00e9t\u00e9 expuls\u00e9 d&rsquo;Europe lors de la phase de groupes en d\u00e9cembre et a d\u00e9sormais du mal \u00e0 se classer parmi les quatre premiers.<\/p>\n<p class=\"imgI\"><img decoding=\"async\" loading=\"lazy\" class=\"l\" src=\"https:\/\/footdavant.fr\/actualites\/wp-content\/uploads\/2024\/03\/1710363091_322_Les-chances-de-Roony-Bardghji-de-Manchester-United-dependent.jpg\" title=\"Kyle Walker de Manchester City en action avec Marcus Rashford de Manchester United le 3 mars 2024\" alt=\"Kyle Walker de Manchester City en action avec Marcus Rashford de Manchester United le 3 mars 2024\" width=\"640\" height=\"480\"><\/p>\n<p>Les hommes de Ten Hag occupent la sixi\u00e8me place du classement de la Premier League, \u00e0 11 points du retard. <strong class=\"autotag\">Unai Emery<\/strong>Aston Villa, quatri\u00e8me, a connu une s\u00e9rie de trois victoires ces derniers temps.<\/p>\n<p>Journaliste <strong class=\"autotag\">Gianluca Di Marzio<\/strong> a sugg\u00e9r\u00e9 que l&rsquo;int\u00e9r\u00eat de United pour Bardghji pourrait s&rsquo;\u00e9vaporer si Ten Hag \u00e9tait relev\u00e9 de ses fonctions cet \u00e9t\u00e9.<\/p>\n<p>En plus de cela, l&rsquo;Italien est certain que les g\u00e9ants de la Liga <strong class=\"autotag\">Barcelone<\/strong> sera soucieux de s\u2019assurer les services du jeune su\u00e9dois avant la campagne 2024-25. <\/p>\n<p>Apr\u00e8s avoir quitt\u00e9 le banc lors de la sortie de Copenhague de la Ligue des champions \u00e0 <strong class=\"autotag\">Pep Guardiola<\/strong>Apr\u00e8s avoir affront\u00e9 Manchester City mercredi soir, Bardghji esp\u00e8re aider son \u00e9quipe \u00e0 retrouver le chemin de la victoire lorsqu&rsquo;elle affrontera Lyngby en Superligaen dimanche apr\u00e8s-midi.<\/p>\n<\/div>\n","protected":false},"excerpt":{"rendered":"<p>Les chances de Manchester United de recruter Roony Bardghji d\u00e9pendraient du maintien d&rsquo;Erik ten Hag en tant qu&rsquo;entra\u00eeneur-chef \u00e0 Old Trafford apr\u00e8s la fin de<\/p>\n","protected":false},"author":1,"featured_media":6211,"comment_status":"closed","ping_status":"","sticky":false,"template":"","format":"standard","meta":{"footnotes":""},"categories":[5],"tags":[1212,1036,1570,261,192,307,93,11,1211,191,13],"yoast_head":"<!-- This site is optimized with the Yoast SEO plugin v21.0 - https:\/\/yoast.com\/wordpress\/plugins\/seo\/ -->\n<title>Les chances de Roony Bardghji de Manchester United \u00ab d\u00e9pendent de l&#039;avenir d&#039;Erik Ten Hag \u00bb<\/title>\n<meta name=\"robots\" content=\"index, follow, max-snippet:-1, max-image-preview:large, max-video-preview:-1\" \/>\n<link rel=\"canonical\" href=\"https:\/\/footdavant.fr\/actualites\/les-chances-de-roony-bardghji-de-manchester-united-dependent-de-lavenir-derik-ten-hag\/\" \/>\n<meta property=\"og:locale\" content=\"fr_FR\" \/>\n<meta property=\"og:type\" content=\"article\" \/>\n<meta property=\"og:title\" content=\"Les chances de Roony Bardghji de Manchester United \u00ab d\u00e9pendent de l&#039;avenir d&#039;Erik Ten Hag \u00bb\" \/>\n<meta property=\"og:description\" content=\"Les chances de Manchester United de recruter Roony Bardghji d\u00e9pendraient du maintien d&rsquo;Erik ten Hag en tant qu&rsquo;entra\u00eeneur-chef \u00e0 Old Trafford apr\u00e8s la fin de\" \/>\n<meta property=\"og:url\" content=\"https:\/\/footdavant.fr\/actualites\/les-chances-de-roony-bardghji-de-manchester-united-dependent-de-lavenir-derik-ten-hag\/\" \/>\n<meta property=\"og:site_name\" content=\"Foot d&#039;avant\" \/>\n<meta property=\"article:publisher\" content=\"https:\/\/www.facebook.com\/Footdavant\/\" \/>\n<meta property=\"article:published_time\" content=\"2024-03-13T20:51:31+00:00\" \/>\n<meta property=\"article:modified_time\" content=\"2024-03-13T20:51:32+00:00\" \/>\n<meta property=\"og:image\" content=\"https:\/\/footdavant.fr\/actualites\/wp-content\/uploads\/2024\/03\/Les-chances-de-Roony-Bardghji-de-Manchester-United-dependent.jpg\" \/>\n\t<meta property=\"og:image:width\" content=\"640\" \/>\n\t<meta property=\"og:image:height\" content=\"480\" \/>\n\t<meta property=\"og:image:type\" content=\"image\/jpeg\" \/>\n<meta name=\"author\" content=\"Cl\u00e9ment\" \/>\n<meta name=\"twitter:card\" content=\"summary_large_image\" \/>\n<meta name=\"twitter:creator\" content=\"@FootdavantFr\" \/>\n<meta name=\"twitter:site\" content=\"@FootdavantFr\" \/>\n<meta name=\"twitter:label1\" content=\"\u00c9crit par\" \/>\n\t<meta name=\"twitter:data1\" content=\"Cl\u00e9ment\" \/>\n\t<meta name=\"twitter:label2\" content=\"Dur\u00e9e de lecture estim\u00e9e\" \/>\n\t<meta name=\"twitter:data2\" content=\"2 minutes\" \/>\n<script type=\"application\/ld+json\" class=\"yoast-schema-graph\">{\"@context\":\"https:\/\/schema.org\",\"@graph\":[{\"@type\":\"Article\",\"@id\":\"https:\/\/footdavant.fr\/actualites\/les-chances-de-roony-bardghji-de-manchester-united-dependent-de-lavenir-derik-ten-hag\/#article\",\"isPartOf\":{\"@id\":\"https:\/\/footdavant.fr\/actualites\/les-chances-de-roony-bardghji-de-manchester-united-dependent-de-lavenir-derik-ten-hag\/\"},\"author\":{\"name\":\"Cl\u00e9ment\",\"@id\":\"https:\/\/footdavant.fr\/actualites\/#\/schema\/person\/bc222566d95871b37e597b3ed3ba5e1d\"},\"headline\":\"Les chances de Roony Bardghji de Manchester United \u00ab d\u00e9pendent de l&rsquo;avenir d&rsquo;Erik Ten Hag \u00bb\",\"datePublished\":\"2024-03-13T20:51:31+00:00\",\"dateModified\":\"2024-03-13T20:51:32+00:00\",\"mainEntityOfPage\":{\"@id\":\"https:\/\/footdavant.fr\/actualites\/les-chances-de-roony-bardghji-de-manchester-united-dependent-de-lavenir-derik-ten-hag\/\"},\"wordCount\":458,\"publisher\":{\"@id\":\"https:\/\/footdavant.fr\/actualites\/#organization\"},\"keywords\":[\"Bardghji\",\"chances\",\"d\u00e9pendent\",\"dErik\",\"Hag\",\"lavenir\",\"les\",\"Manchester\",\"Roony\",\"ten\",\"United\"],\"articleSection\":[\"Premier League\"],\"inLanguage\":\"fr-FR\"},{\"@type\":\"WebPage\",\"@id\":\"https:\/\/footdavant.fr\/actualites\/les-chances-de-roony-bardghji-de-manchester-united-dependent-de-lavenir-derik-ten-hag\/\",\"url\":\"https:\/\/footdavant.fr\/actualites\/les-chances-de-roony-bardghji-de-manchester-united-dependent-de-lavenir-derik-ten-hag\/\",\"name\":\"Les chances de Roony Bardghji de Manchester United \u00ab d\u00e9pendent de l'avenir d'Erik Ten Hag \u00bb\",\"isPartOf\":{\"@id\":\"https:\/\/footdavant.fr\/actualites\/#website\"},\"datePublished\":\"2024-03-13T20:51:31+00:00\",\"dateModified\":\"2024-03-13T20:51:32+00:00\",\"breadcrumb\":{\"@id\":\"https:\/\/footdavant.fr\/actualites\/les-chances-de-roony-bardghji-de-manchester-united-dependent-de-lavenir-derik-ten-hag\/#breadcrumb\"},\"inLanguage\":\"fr-FR\",\"potentialAction\":[{\"@type\":\"ReadAction\",\"target\":[\"https:\/\/footdavant.fr\/actualites\/les-chances-de-roony-bardghji-de-manchester-united-dependent-de-lavenir-derik-ten-hag\/\"]}]},{\"@type\":\"BreadcrumbList\",\"@id\":\"https:\/\/footdavant.fr\/actualites\/les-chances-de-roony-bardghji-de-manchester-united-dependent-de-lavenir-derik-ten-hag\/#breadcrumb\",\"itemListElement\":[{\"@type\":\"ListItem\",\"position\":1,\"name\":\"Accueil\",\"item\":\"https:\/\/footdavant.fr\/actualites\/\"},{\"@type\":\"ListItem\",\"position\":2,\"name\":\"Les chances de Roony Bardghji de Manchester United \u00ab d\u00e9pendent de l&rsquo;avenir d&rsquo;Erik Ten Hag \u00bb\"}]},{\"@type\":\"WebSite\",\"@id\":\"https:\/\/footdavant.fr\/actualites\/#website\",\"url\":\"https:\/\/footdavant.fr\/actualites\/\",\"name\":\"Foot d'avant\",\"description\":\"\",\"publisher\":{\"@id\":\"https:\/\/footdavant.fr\/actualites\/#organization\"},\"potentialAction\":[{\"@type\":\"SearchAction\",\"target\":{\"@type\":\"EntryPoint\",\"urlTemplate\":\"https:\/\/footdavant.fr\/actualites\/?s={search_term_string}\"},\"query-input\":\"required name=search_term_string\"}],\"inLanguage\":\"fr-FR\"},{\"@type\":\"Organization\",\"@id\":\"https:\/\/footdavant.fr\/actualites\/#organization\",\"name\":\"Foot d'avant\",\"url\":\"https:\/\/footdavant.fr\/actualites\/\",\"logo\":{\"@type\":\"ImageObject\",\"inLanguage\":\"fr-FR\",\"@id\":\"https:\/\/footdavant.fr\/actualites\/#\/schema\/logo\/image\/\",\"url\":\"https:\/\/footdavant.fr\/actualites\/wp-content\/uploads\/2023\/09\/Copy-of-FootDavant-Logo.png\",\"contentUrl\":\"https:\/\/footdavant.fr\/actualites\/wp-content\/uploads\/2023\/09\/Copy-of-FootDavant-Logo.png\",\"width\":936,\"height\":549,\"caption\":\"Foot d'avant\"},\"image\":{\"@id\":\"https:\/\/footdavant.fr\/actualites\/#\/schema\/logo\/image\/\"},\"sameAs\":[\"https:\/\/www.facebook.com\/Footdavant\/\",\"https:\/\/twitter.com\/FootdavantFr\",\"https:\/\/www.instagram.com\/footdavant.fr\/\"]},{\"@type\":\"Person\",\"@id\":\"https:\/\/footdavant.fr\/actualites\/#\/schema\/person\/bc222566d95871b37e597b3ed3ba5e1d\",\"name\":\"Cl\u00e9ment\",\"image\":{\"@type\":\"ImageObject\",\"inLanguage\":\"fr-FR\",\"@id\":\"https:\/\/footdavant.fr\/actualites\/#\/schema\/person\/image\/\",\"url\":\"https:\/\/secure.gravatar.com\/avatar\/7728b29aac2719421e1a9159b2254c44?s=96&d=mm&r=g\",\"contentUrl\":\"https:\/\/secure.gravatar.com\/avatar\/7728b29aac2719421e1a9159b2254c44?s=96&d=mm&r=g\",\"caption\":\"Cl\u00e9ment\"},\"sameAs\":[\"https:\/\/footdavant.fr\/\"]}]}<\/script>\n<!-- \/ Yoast SEO plugin. -->","yoast_head_json":{"title":"Les chances de Roony Bardghji de Manchester United \u00ab d\u00e9pendent de l'avenir d'Erik Ten Hag \u00bb","robots":{"index":"index","follow":"follow","max-snippet":"max-snippet:-1","max-image-preview":"max-image-preview:large","max-video-preview":"max-video-preview:-1"},"canonical":"https:\/\/footdavant.fr\/actualites\/les-chances-de-roony-bardghji-de-manchester-united-dependent-de-lavenir-derik-ten-hag\/","og_locale":"fr_FR","og_type":"article","og_title":"Les chances de Roony Bardghji de Manchester United \u00ab d\u00e9pendent de l'avenir d'Erik Ten Hag \u00bb","og_description":"Les chances de Manchester United de recruter Roony Bardghji d\u00e9pendraient du maintien d&rsquo;Erik ten Hag en tant qu&rsquo;entra\u00eeneur-chef \u00e0 Old Trafford apr\u00e8s la fin de","og_url":"https:\/\/footdavant.fr\/actualites\/les-chances-de-roony-bardghji-de-manchester-united-dependent-de-lavenir-derik-ten-hag\/","og_site_name":"Foot d&#039;avant","article_publisher":"https:\/\/www.facebook.com\/Footdavant\/","article_published_time":"2024-03-13T20:51:31+00:00","article_modified_time":"2024-03-13T20:51:32+00:00","og_image":[{"width":640,"height":480,"url":"https:\/\/footdavant.fr\/actualites\/wp-content\/uploads\/2024\/03\/Les-chances-de-Roony-Bardghji-de-Manchester-United-dependent.jpg","type":"image\/jpeg"}],"author":"Cl\u00e9ment","twitter_card":"summary_large_image","twitter_creator":"@FootdavantFr","twitter_site":"@FootdavantFr","twitter_misc":{"\u00c9crit par":"Cl\u00e9ment","Dur\u00e9e de lecture estim\u00e9e":"2 minutes"},"schema":{"@context":"https:\/\/schema.org","@graph":[{"@type":"Article","@id":"https:\/\/footdavant.fr\/actualites\/les-chances-de-roony-bardghji-de-manchester-united-dependent-de-lavenir-derik-ten-hag\/#article","isPartOf":{"@id":"https:\/\/footdavant.fr\/actualites\/les-chances-de-roony-bardghji-de-manchester-united-dependent-de-lavenir-derik-ten-hag\/"},"author":{"name":"Cl\u00e9ment","@id":"https:\/\/footdavant.fr\/actualites\/#\/schema\/person\/bc222566d95871b37e597b3ed3ba5e1d"},"headline":"Les chances de Roony Bardghji de Manchester United \u00ab d\u00e9pendent de l&rsquo;avenir d&rsquo;Erik Ten Hag \u00bb","datePublished":"2024-03-13T20:51:31+00:00","dateModified":"2024-03-13T20:51:32+00:00","mainEntityOfPage":{"@id":"https:\/\/footdavant.fr\/actualites\/les-chances-de-roony-bardghji-de-manchester-united-dependent-de-lavenir-derik-ten-hag\/"},"wordCount":458,"publisher":{"@id":"https:\/\/footdavant.fr\/actualites\/#organization"},"keywords":["Bardghji","chances","d\u00e9pendent","dErik","Hag","lavenir","les","Manchester","Roony","ten","United"],"articleSection":["Premier League"],"inLanguage":"fr-FR"},{"@type":"WebPage","@id":"https:\/\/footdavant.fr\/actualites\/les-chances-de-roony-bardghji-de-manchester-united-dependent-de-lavenir-derik-ten-hag\/","url":"https:\/\/footdavant.fr\/actualites\/les-chances-de-roony-bardghji-de-manchester-united-dependent-de-lavenir-derik-ten-hag\/","name":"Les chances de Roony Bardghji de Manchester United \u00ab d\u00e9pendent de l'avenir d'Erik Ten Hag \u00bb","isPartOf":{"@id":"https:\/\/footdavant.fr\/actualites\/#website"},"datePublished":"2024-03-13T20:51:31+00:00","dateModified":"2024-03-13T20:51:32+00:00","breadcrumb":{"@id":"https:\/\/footdavant.fr\/actualites\/les-chances-de-roony-bardghji-de-manchester-united-dependent-de-lavenir-derik-ten-hag\/#breadcrumb"},"inLanguage":"fr-FR","potentialAction":[{"@type":"ReadAction","target":["https:\/\/footdavant.fr\/actualites\/les-chances-de-roony-bardghji-de-manchester-united-dependent-de-lavenir-derik-ten-hag\/"]}]},{"@type":"BreadcrumbList","@id":"https:\/\/footdavant.fr\/actualites\/les-chances-de-roony-bardghji-de-manchester-united-dependent-de-lavenir-derik-ten-hag\/#breadcrumb","itemListElement":[{"@type":"ListItem","position":1,"name":"Accueil","item":"https:\/\/footdavant.fr\/actualites\/"},{"@type":"ListItem","position":2,"name":"Les chances de Roony Bardghji de Manchester United \u00ab d\u00e9pendent de l&rsquo;avenir d&rsquo;Erik Ten Hag \u00bb"}]},{"@type":"WebSite","@id":"https:\/\/footdavant.fr\/actualites\/#website","url":"https:\/\/footdavant.fr\/actualites\/","name":"Foot d'avant","description":"","publisher":{"@id":"https:\/\/footdavant.fr\/actualites\/#organization"},"potentialAction":[{"@type":"SearchAction","target":{"@type":"EntryPoint","urlTemplate":"https:\/\/footdavant.fr\/actualites\/?s={search_term_string}"},"query-input":"required name=search_term_string"}],"inLanguage":"fr-FR"},{"@type":"Organization","@id":"https:\/\/footdavant.fr\/actualites\/#organization","name":"Foot d'avant","url":"https:\/\/footdavant.fr\/actualites\/","logo":{"@type":"ImageObject","inLanguage":"fr-FR","@id":"https:\/\/footdavant.fr\/actualites\/#\/schema\/logo\/image\/","url":"https:\/\/footdavant.fr\/actualites\/wp-content\/uploads\/2023\/09\/Copy-of-FootDavant-Logo.png","contentUrl":"https:\/\/footdavant.fr\/actualites\/wp-content\/uploads\/2023\/09\/Copy-of-FootDavant-Logo.png","width":936,"height":549,"caption":"Foot d'avant"},"image":{"@id":"https:\/\/footdavant.fr\/actualites\/#\/schema\/logo\/image\/"},"sameAs":["https:\/\/www.facebook.com\/Footdavant\/","https:\/\/twitter.com\/FootdavantFr","https:\/\/www.instagram.com\/footdavant.fr\/"]},{"@type":"Person","@id":"https:\/\/footdavant.fr\/actualites\/#\/schema\/person\/bc222566d95871b37e597b3ed3ba5e1d","name":"Cl\u00e9ment","image":{"@type":"ImageObject","inLanguage":"fr-FR","@id":"https:\/\/footdavant.fr\/actualites\/#\/schema\/person\/image\/","url":"https:\/\/secure.gravatar.com\/avatar\/7728b29aac2719421e1a9159b2254c44?s=96&d=mm&r=g","contentUrl":"https:\/\/secure.gravatar.com\/avatar\/7728b29aac2719421e1a9159b2254c44?s=96&d=mm&r=g","caption":"Cl\u00e9ment"},"sameAs":["https:\/\/footdavant.fr\/"]}]}},"_links":{"self":[{"href":"https:\/\/footdavant.fr\/actualites\/wp-json\/wp\/v2\/posts\/6210"}],"collection":[{"href":"https:\/\/footdavant.fr\/actualites\/wp-json\/wp\/v2\/posts"}],"about":[{"href":"https:\/\/footdavant.fr\/actualites\/wp-json\/wp\/v2\/types\/post"}],"author":[{"embeddable":true,"href":"https:\/\/footdavant.fr\/actualites\/wp-json\/wp\/v2\/users\/1"}],"replies":[{"embeddable":true,"href":"https:\/\/footdavant.fr\/actualites\/wp-json\/wp\/v2\/comments?post=6210"}],"version-history":[{"count":1,"href":"https:\/\/footdavant.fr\/actualites\/wp-json\/wp\/v2\/posts\/6210\/revisions"}],"predecessor-version":[{"id":6212,"href":"https:\/\/footdavant.fr\/actualites\/wp-json\/wp\/v2\/posts\/6210\/revisions\/6212"}],"wp:featuredmedia":[{"embeddable":true,"href":"https:\/\/footdavant.fr\/actualites\/wp-json\/wp\/v2\/media\/6211"}],"wp:attachment":[{"href":"https:\/\/footdavant.fr\/actualites\/wp-json\/wp\/v2\/media?parent=6210"}],"wp:term":[{"taxonomy":"category","embeddable":true,"href":"https:\/\/footdavant.fr\/actualites\/wp-json\/wp\/v2\/categories?post=6210"},{"taxonomy":"post_tag","embeddable":true,"href":"https:\/\/footdavant.fr\/actualites\/wp-json\/wp\/v2\/tags?post=6210"}],"curies":[{"name":"wp","href":"https:\/\/api.w.org\/{rel}","templated":true}]}}