{"id":6225,"date":"2024-03-14T07:50:04","date_gmt":"2024-03-14T06:50:04","guid":{"rendered":"https:\/\/footdavant.fr\/actualites\/ally-mccoist-admet-que-le-colosse-brillant-de-liverpool-la-pris-par-surprise\/"},"modified":"2024-03-14T07:50:10","modified_gmt":"2024-03-14T06:50:10","slug":"ally-mccoist-admet-que-le-colosse-brillant-de-liverpool-la-pris-par-surprise","status":"publish","type":"post","link":"https:\/\/footdavant.fr\/actualites\/ally-mccoist-admet-que-le-colosse-brillant-de-liverpool-la-pris-par-surprise\/","title":{"rendered":"Ally McCoist admet que le colosse \u00ab brillant \u00bb de Liverpool l\u2019a pris par surprise"},"content":{"rendered":"<p><\/p>\n<div id=\"article-body\">\n<!-- Article Start --><\/p>\n<p>Ally McCoist a admis que les niveaux de performance d&rsquo;un joueur de Liverpool cette saison l&rsquo;avaient surpris.<\/p>\n<p>La renaissance des Reds cette saison par rapport \u00e0 la derni\u00e8re a \u00e9t\u00e9 incarn\u00e9e par Virgil van Dijk, qui \u00e9tait bien en dessous de son meilleur niveau en 2022\/23 mais qui a l&rsquo;air d&rsquo;un joueur rena\u00eetre depuis qu&rsquo;il a \u00e9t\u00e9 nomm\u00e9 capitaine l&rsquo;\u00e9t\u00e9 dernier.<\/p>\n<\/p>\n<p>S&rsquo;exprimant sur talkSPORT (12 mars, 8h15), le joueur de 61 ans a d\u00e9clar\u00e9 que le N\u00e9erlandais \u00e9tait revenu aux normes de classe mondiale qui \u00e9taient normales avant la blessure au LCA qu&rsquo;il a subie lors du derby du Merseyside en octobre 2020. .<\/p>\n<p>McCoist a d\u00e9lir\u00e9\u00a0:<\/p>\n<\/p>\n<p>Si l&rsquo;on consid\u00e8re que Van Dijk est arriv\u00e9 deuxi\u00e8me au classement du Ballon D&rsquo;Or en 2019, le fait que des experts comme McCoist d\u00e9clarent que le joueur de 32 ans atteint \u00e0 nouveau son niveau de blessure avant le LCA illustre \u00e0 quel point le capitaine de Liverpool a \u00e9t\u00e9 imp\u00e9rieux. saison.<\/p>\n<p>Les blessures des joueurs seniors ont vu des jeunes comme Jarell Quansah et Conor Bradley \u00eatre promus titulaires de la premi\u00e8re \u00e9quipe, et m\u00eame si leurs propres qualit\u00e9s leur ont permis d&rsquo;\u00eatre s\u00e9lectionn\u00e9s fr\u00e9quemment, cela a d\u00fb aider sans fin d&rsquo;avoir une pr\u00e9sence de leadership calme et imposante dans le N\u00e9erlandais leur parle tout au long des matchs.<\/p>\n<p>Le fait qu&rsquo;il offre ces conseils et cette assurance \u00e0 ses jeunes co\u00e9quipiers tout en excellant dans son propre jeu montre pourquoi il a \u00e9t\u00e9 un joueur si important pour les Reds dans leur qu\u00eate du quadruple, dont le match aller doit \u00e0 sa finale de la Coupe Carabao. -des exploits gagnants.<\/p>\n<p>Van Dijk a \u00e9t\u00e9 nomm\u00e9 Joueur PFA de l&rsquo;ann\u00e9e il y a cinq ans, et c&rsquo;est une r\u00e9compense qu&rsquo;il m\u00e9riterait pleinement s&rsquo;il voulait la r\u00e9clamer une deuxi\u00e8me fois en 2024. Que Liverpool remporte ou non la Premier League, il doit s\u00fbrement le faire. \u00eatre dans l&rsquo;\u00e9quation lors de la s\u00e9lection des candidats \u00e0 ce prix.<\/p>\n<\/p>\n<p><span class=\"embed-youtube\" style=\"text-align:center; display: block;\"><\/span><\/p>\n<p><!-- Article End -->\t\t\t\t<\/div>\n<p><script async src=\"\/\/www.instagram.com\/embed.js\"><\/script><\/p>\n","protected":false},"excerpt":{"rendered":"<p>Ally McCoist a admis que les niveaux de performance d&rsquo;un joueur de Liverpool cette saison l&rsquo;avaient surpris. La renaissance des Reds cette saison par rapport<\/p>\n","protected":false},"author":1,"featured_media":6226,"comment_status":"closed","ping_status":"","sticky":false,"template":"","format":"standard","meta":{"footnotes":""},"categories":[3],"tags":[1266,1880,3379,1006,53,1881,75,1061,2666],"yoast_head":"<!-- This site is optimized with the Yoast SEO plugin v21.0 - https:\/\/yoast.com\/wordpress\/plugins\/seo\/ -->\n<title>Ally McCoist admet que le colosse \u00ab brillant \u00bb de Liverpool l\u2019a pris par surprise<\/title>\n<meta name=\"robots\" content=\"index, follow, max-snippet:-1, max-image-preview:large, max-video-preview:-1\" \/>\n<link rel=\"canonical\" href=\"https:\/\/footdavant.fr\/actualites\/ally-mccoist-admet-que-le-colosse-brillant-de-liverpool-la-pris-par-surprise\/\" \/>\n<meta property=\"og:locale\" content=\"fr_FR\" \/>\n<meta property=\"og:type\" content=\"article\" \/>\n<meta property=\"og:title\" content=\"Ally McCoist admet que le colosse \u00ab brillant \u00bb de Liverpool l\u2019a pris par surprise\" \/>\n<meta property=\"og:description\" content=\"Ally McCoist a admis que les niveaux de performance d&rsquo;un joueur de Liverpool cette saison l&rsquo;avaient surpris. La renaissance des Reds cette saison par rapport\" \/>\n<meta property=\"og:url\" content=\"https:\/\/footdavant.fr\/actualites\/ally-mccoist-admet-que-le-colosse-brillant-de-liverpool-la-pris-par-surprise\/\" \/>\n<meta property=\"og:site_name\" content=\"Foot d&#039;avant\" \/>\n<meta property=\"article:publisher\" content=\"https:\/\/www.facebook.com\/Footdavant\/\" \/>\n<meta property=\"article:published_time\" content=\"2024-03-14T06:50:04+00:00\" \/>\n<meta property=\"article:modified_time\" content=\"2024-03-14T06:50:10+00:00\" \/>\n<meta property=\"og:image\" content=\"https:\/\/footdavant.fr\/actualites\/wp-content\/uploads\/2024\/03\/Ally-McCoist-admet-que-le-colosse-brillant-de-scaled.jpg\" \/>\n\t<meta property=\"og:image:width\" content=\"2560\" \/>\n\t<meta property=\"og:image:height\" content=\"1707\" \/>\n\t<meta property=\"og:image:type\" content=\"image\/jpeg\" \/>\n<meta name=\"author\" content=\"Cl\u00e9ment\" \/>\n<meta name=\"twitter:card\" content=\"summary_large_image\" \/>\n<meta name=\"twitter:creator\" content=\"@FootdavantFr\" \/>\n<meta name=\"twitter:site\" content=\"@FootdavantFr\" \/>\n<meta name=\"twitter:label1\" content=\"\u00c9crit par\" \/>\n\t<meta name=\"twitter:data1\" content=\"Cl\u00e9ment\" \/>\n\t<meta name=\"twitter:label2\" content=\"Dur\u00e9e de lecture estim\u00e9e\" \/>\n\t<meta name=\"twitter:data2\" content=\"2 minutes\" \/>\n<script type=\"application\/ld+json\" class=\"yoast-schema-graph\">{\"@context\":\"https:\/\/schema.org\",\"@graph\":[{\"@type\":\"Article\",\"@id\":\"https:\/\/footdavant.fr\/actualites\/ally-mccoist-admet-que-le-colosse-brillant-de-liverpool-la-pris-par-surprise\/#article\",\"isPartOf\":{\"@id\":\"https:\/\/footdavant.fr\/actualites\/ally-mccoist-admet-que-le-colosse-brillant-de-liverpool-la-pris-par-surprise\/\"},\"author\":{\"name\":\"Cl\u00e9ment\",\"@id\":\"https:\/\/footdavant.fr\/actualites\/#\/schema\/person\/bc222566d95871b37e597b3ed3ba5e1d\"},\"headline\":\"Ally McCoist admet que le colosse \u00ab brillant \u00bb de Liverpool l\u2019a pris par surprise\",\"datePublished\":\"2024-03-14T06:50:04+00:00\",\"dateModified\":\"2024-03-14T06:50:10+00:00\",\"mainEntityOfPage\":{\"@id\":\"https:\/\/footdavant.fr\/actualites\/ally-mccoist-admet-que-le-colosse-brillant-de-liverpool-la-pris-par-surprise\/\"},\"wordCount\":354,\"publisher\":{\"@id\":\"https:\/\/footdavant.fr\/actualites\/#organization\"},\"keywords\":[\"admet\",\"Ally\",\"brillant\",\"colosse\",\"Liverpool\",\"McCoist\",\"par\",\"pris\",\"surprise\"],\"articleSection\":[\"Football\"],\"inLanguage\":\"fr-FR\"},{\"@type\":\"WebPage\",\"@id\":\"https:\/\/footdavant.fr\/actualites\/ally-mccoist-admet-que-le-colosse-brillant-de-liverpool-la-pris-par-surprise\/\",\"url\":\"https:\/\/footdavant.fr\/actualites\/ally-mccoist-admet-que-le-colosse-brillant-de-liverpool-la-pris-par-surprise\/\",\"name\":\"Ally McCoist admet que le colosse \u00ab brillant \u00bb de Liverpool l\u2019a pris par surprise\",\"isPartOf\":{\"@id\":\"https:\/\/footdavant.fr\/actualites\/#website\"},\"datePublished\":\"2024-03-14T06:50:04+00:00\",\"dateModified\":\"2024-03-14T06:50:10+00:00\",\"breadcrumb\":{\"@id\":\"https:\/\/footdavant.fr\/actualites\/ally-mccoist-admet-que-le-colosse-brillant-de-liverpool-la-pris-par-surprise\/#breadcrumb\"},\"inLanguage\":\"fr-FR\",\"potentialAction\":[{\"@type\":\"ReadAction\",\"target\":[\"https:\/\/footdavant.fr\/actualites\/ally-mccoist-admet-que-le-colosse-brillant-de-liverpool-la-pris-par-surprise\/\"]}]},{\"@type\":\"BreadcrumbList\",\"@id\":\"https:\/\/footdavant.fr\/actualites\/ally-mccoist-admet-que-le-colosse-brillant-de-liverpool-la-pris-par-surprise\/#breadcrumb\",\"itemListElement\":[{\"@type\":\"ListItem\",\"position\":1,\"name\":\"Accueil\",\"item\":\"https:\/\/footdavant.fr\/actualites\/\"},{\"@type\":\"ListItem\",\"position\":2,\"name\":\"Ally McCoist admet que le colosse \u00ab brillant \u00bb de Liverpool l\u2019a pris par surprise\"}]},{\"@type\":\"WebSite\",\"@id\":\"https:\/\/footdavant.fr\/actualites\/#website\",\"url\":\"https:\/\/footdavant.fr\/actualites\/\",\"name\":\"Foot d'avant\",\"description\":\"\",\"publisher\":{\"@id\":\"https:\/\/footdavant.fr\/actualites\/#organization\"},\"potentialAction\":[{\"@type\":\"SearchAction\",\"target\":{\"@type\":\"EntryPoint\",\"urlTemplate\":\"https:\/\/footdavant.fr\/actualites\/?s={search_term_string}\"},\"query-input\":\"required name=search_term_string\"}],\"inLanguage\":\"fr-FR\"},{\"@type\":\"Organization\",\"@id\":\"https:\/\/footdavant.fr\/actualites\/#organization\",\"name\":\"Foot d'avant\",\"url\":\"https:\/\/footdavant.fr\/actualites\/\",\"logo\":{\"@type\":\"ImageObject\",\"inLanguage\":\"fr-FR\",\"@id\":\"https:\/\/footdavant.fr\/actualites\/#\/schema\/logo\/image\/\",\"url\":\"https:\/\/footdavant.fr\/actualites\/wp-content\/uploads\/2023\/09\/Copy-of-FootDavant-Logo.png\",\"contentUrl\":\"https:\/\/footdavant.fr\/actualites\/wp-content\/uploads\/2023\/09\/Copy-of-FootDavant-Logo.png\",\"width\":936,\"height\":549,\"caption\":\"Foot d'avant\"},\"image\":{\"@id\":\"https:\/\/footdavant.fr\/actualites\/#\/schema\/logo\/image\/\"},\"sameAs\":[\"https:\/\/www.facebook.com\/Footdavant\/\",\"https:\/\/twitter.com\/FootdavantFr\",\"https:\/\/www.instagram.com\/footdavant.fr\/\"]},{\"@type\":\"Person\",\"@id\":\"https:\/\/footdavant.fr\/actualites\/#\/schema\/person\/bc222566d95871b37e597b3ed3ba5e1d\",\"name\":\"Cl\u00e9ment\",\"image\":{\"@type\":\"ImageObject\",\"inLanguage\":\"fr-FR\",\"@id\":\"https:\/\/footdavant.fr\/actualites\/#\/schema\/person\/image\/\",\"url\":\"https:\/\/secure.gravatar.com\/avatar\/7728b29aac2719421e1a9159b2254c44?s=96&d=mm&r=g\",\"contentUrl\":\"https:\/\/secure.gravatar.com\/avatar\/7728b29aac2719421e1a9159b2254c44?s=96&d=mm&r=g\",\"caption\":\"Cl\u00e9ment\"},\"sameAs\":[\"https:\/\/footdavant.fr\/\"]}]}<\/script>\n<!-- \/ Yoast SEO plugin. -->","yoast_head_json":{"title":"Ally McCoist admet que le colosse \u00ab brillant \u00bb de Liverpool l\u2019a pris par surprise","robots":{"index":"index","follow":"follow","max-snippet":"max-snippet:-1","max-image-preview":"max-image-preview:large","max-video-preview":"max-video-preview:-1"},"canonical":"https:\/\/footdavant.fr\/actualites\/ally-mccoist-admet-que-le-colosse-brillant-de-liverpool-la-pris-par-surprise\/","og_locale":"fr_FR","og_type":"article","og_title":"Ally McCoist admet que le colosse \u00ab brillant \u00bb de Liverpool l\u2019a pris par surprise","og_description":"Ally McCoist a admis que les niveaux de performance d&rsquo;un joueur de Liverpool cette saison l&rsquo;avaient surpris. La renaissance des Reds cette saison par rapport","og_url":"https:\/\/footdavant.fr\/actualites\/ally-mccoist-admet-que-le-colosse-brillant-de-liverpool-la-pris-par-surprise\/","og_site_name":"Foot d&#039;avant","article_publisher":"https:\/\/www.facebook.com\/Footdavant\/","article_published_time":"2024-03-14T06:50:04+00:00","article_modified_time":"2024-03-14T06:50:10+00:00","og_image":[{"width":2560,"height":1707,"url":"https:\/\/footdavant.fr\/actualites\/wp-content\/uploads\/2024\/03\/Ally-McCoist-admet-que-le-colosse-brillant-de-scaled.jpg","type":"image\/jpeg"}],"author":"Cl\u00e9ment","twitter_card":"summary_large_image","twitter_creator":"@FootdavantFr","twitter_site":"@FootdavantFr","twitter_misc":{"\u00c9crit par":"Cl\u00e9ment","Dur\u00e9e de lecture estim\u00e9e":"2 minutes"},"schema":{"@context":"https:\/\/schema.org","@graph":[{"@type":"Article","@id":"https:\/\/footdavant.fr\/actualites\/ally-mccoist-admet-que-le-colosse-brillant-de-liverpool-la-pris-par-surprise\/#article","isPartOf":{"@id":"https:\/\/footdavant.fr\/actualites\/ally-mccoist-admet-que-le-colosse-brillant-de-liverpool-la-pris-par-surprise\/"},"author":{"name":"Cl\u00e9ment","@id":"https:\/\/footdavant.fr\/actualites\/#\/schema\/person\/bc222566d95871b37e597b3ed3ba5e1d"},"headline":"Ally McCoist admet que le colosse \u00ab brillant \u00bb de Liverpool l\u2019a pris par surprise","datePublished":"2024-03-14T06:50:04+00:00","dateModified":"2024-03-14T06:50:10+00:00","mainEntityOfPage":{"@id":"https:\/\/footdavant.fr\/actualites\/ally-mccoist-admet-que-le-colosse-brillant-de-liverpool-la-pris-par-surprise\/"},"wordCount":354,"publisher":{"@id":"https:\/\/footdavant.fr\/actualites\/#organization"},"keywords":["admet","Ally","brillant","colosse","Liverpool","McCoist","par","pris","surprise"],"articleSection":["Football"],"inLanguage":"fr-FR"},{"@type":"WebPage","@id":"https:\/\/footdavant.fr\/actualites\/ally-mccoist-admet-que-le-colosse-brillant-de-liverpool-la-pris-par-surprise\/","url":"https:\/\/footdavant.fr\/actualites\/ally-mccoist-admet-que-le-colosse-brillant-de-liverpool-la-pris-par-surprise\/","name":"Ally McCoist admet que le colosse \u00ab brillant \u00bb de Liverpool l\u2019a pris par surprise","isPartOf":{"@id":"https:\/\/footdavant.fr\/actualites\/#website"},"datePublished":"2024-03-14T06:50:04+00:00","dateModified":"2024-03-14T06:50:10+00:00","breadcrumb":{"@id":"https:\/\/footdavant.fr\/actualites\/ally-mccoist-admet-que-le-colosse-brillant-de-liverpool-la-pris-par-surprise\/#breadcrumb"},"inLanguage":"fr-FR","potentialAction":[{"@type":"ReadAction","target":["https:\/\/footdavant.fr\/actualites\/ally-mccoist-admet-que-le-colosse-brillant-de-liverpool-la-pris-par-surprise\/"]}]},{"@type":"BreadcrumbList","@id":"https:\/\/footdavant.fr\/actualites\/ally-mccoist-admet-que-le-colosse-brillant-de-liverpool-la-pris-par-surprise\/#breadcrumb","itemListElement":[{"@type":"ListItem","position":1,"name":"Accueil","item":"https:\/\/footdavant.fr\/actualites\/"},{"@type":"ListItem","position":2,"name":"Ally McCoist admet que le colosse \u00ab brillant \u00bb de Liverpool l\u2019a pris par surprise"}]},{"@type":"WebSite","@id":"https:\/\/footdavant.fr\/actualites\/#website","url":"https:\/\/footdavant.fr\/actualites\/","name":"Foot d'avant","description":"","publisher":{"@id":"https:\/\/footdavant.fr\/actualites\/#organization"},"potentialAction":[{"@type":"SearchAction","target":{"@type":"EntryPoint","urlTemplate":"https:\/\/footdavant.fr\/actualites\/?s={search_term_string}"},"query-input":"required name=search_term_string"}],"inLanguage":"fr-FR"},{"@type":"Organization","@id":"https:\/\/footdavant.fr\/actualites\/#organization","name":"Foot d'avant","url":"https:\/\/footdavant.fr\/actualites\/","logo":{"@type":"ImageObject","inLanguage":"fr-FR","@id":"https:\/\/footdavant.fr\/actualites\/#\/schema\/logo\/image\/","url":"https:\/\/footdavant.fr\/actualites\/wp-content\/uploads\/2023\/09\/Copy-of-FootDavant-Logo.png","contentUrl":"https:\/\/footdavant.fr\/actualites\/wp-content\/uploads\/2023\/09\/Copy-of-FootDavant-Logo.png","width":936,"height":549,"caption":"Foot d'avant"},"image":{"@id":"https:\/\/footdavant.fr\/actualites\/#\/schema\/logo\/image\/"},"sameAs":["https:\/\/www.facebook.com\/Footdavant\/","https:\/\/twitter.com\/FootdavantFr","https:\/\/www.instagram.com\/footdavant.fr\/"]},{"@type":"Person","@id":"https:\/\/footdavant.fr\/actualites\/#\/schema\/person\/bc222566d95871b37e597b3ed3ba5e1d","name":"Cl\u00e9ment","image":{"@type":"ImageObject","inLanguage":"fr-FR","@id":"https:\/\/footdavant.fr\/actualites\/#\/schema\/person\/image\/","url":"https:\/\/secure.gravatar.com\/avatar\/7728b29aac2719421e1a9159b2254c44?s=96&d=mm&r=g","contentUrl":"https:\/\/secure.gravatar.com\/avatar\/7728b29aac2719421e1a9159b2254c44?s=96&d=mm&r=g","caption":"Cl\u00e9ment"},"sameAs":["https:\/\/footdavant.fr\/"]}]}},"_links":{"self":[{"href":"https:\/\/footdavant.fr\/actualites\/wp-json\/wp\/v2\/posts\/6225"}],"collection":[{"href":"https:\/\/footdavant.fr\/actualites\/wp-json\/wp\/v2\/posts"}],"about":[{"href":"https:\/\/footdavant.fr\/actualites\/wp-json\/wp\/v2\/types\/post"}],"author":[{"embeddable":true,"href":"https:\/\/footdavant.fr\/actualites\/wp-json\/wp\/v2\/users\/1"}],"replies":[{"embeddable":true,"href":"https:\/\/footdavant.fr\/actualites\/wp-json\/wp\/v2\/comments?post=6225"}],"version-history":[{"count":1,"href":"https:\/\/footdavant.fr\/actualites\/wp-json\/wp\/v2\/posts\/6225\/revisions"}],"predecessor-version":[{"id":6227,"href":"https:\/\/footdavant.fr\/actualites\/wp-json\/wp\/v2\/posts\/6225\/revisions\/6227"}],"wp:featuredmedia":[{"embeddable":true,"href":"https:\/\/footdavant.fr\/actualites\/wp-json\/wp\/v2\/media\/6226"}],"wp:attachment":[{"href":"https:\/\/footdavant.fr\/actualites\/wp-json\/wp\/v2\/media?parent=6225"}],"wp:term":[{"taxonomy":"category","embeddable":true,"href":"https:\/\/footdavant.fr\/actualites\/wp-json\/wp\/v2\/categories?post=6225"},{"taxonomy":"post_tag","embeddable":true,"href":"https:\/\/footdavant.fr\/actualites\/wp-json\/wp\/v2\/tags?post=6225"}],"curies":[{"name":"wp","href":"https:\/\/api.w.org\/{rel}","templated":true}]}}