{"id":6228,"date":"2024-03-14T08:52:27","date_gmt":"2024-03-14T07:52:27","guid":{"rendered":"https:\/\/footdavant.fr\/actualites\/le-borussia-dortmund-devance-le-psv-eindhoven-et-se-qualifie-pour-les-huitiemes-de-finale-de-la-ligue-des-champions\/"},"modified":"2024-03-14T08:52:28","modified_gmt":"2024-03-14T07:52:28","slug":"le-borussia-dortmund-devance-le-psv-eindhoven-et-se-qualifie-pour-les-huitiemes-de-finale-de-la-ligue-des-champions","status":"publish","type":"post","link":"https:\/\/footdavant.fr\/actualites\/le-borussia-dortmund-devance-le-psv-eindhoven-et-se-qualifie-pour-les-huitiemes-de-finale-de-la-ligue-des-champions\/","title":{"rendered":"Le Borussia Dortmund devance le PSV Eindhoven et se qualifie pour les huiti\u00e8mes de finale de la Ligue des Champions"},"content":{"rendered":"<p>Le Borussia Dortmund a r\u00e9serv\u00e9 sa place en quarts de finale de la Ligue des champions gr\u00e2ce \u00e0 une victoire 2-0 sur le PSV Eindhoven lors du match retour de ses huiti\u00e8mes de finale.<\/p>\n<div id=\"article_body\" itemprop=\"articleBody\">\n<p class=\"firstPara\"><strong class=\"autotag\">Borussia Dortmund<\/strong> ont r\u00e9serv\u00e9 leur place en quarts de finale du <strong class=\"autotag\">Ligue des champions<\/strong> mercredi soir gr\u00e2ce \u00e0 une victoire 2-0 contre <strong class=\"autotag\">PSV Eindhoven<\/strong> lors du match retour de leurs huiti\u00e8mes de finale.<\/p>\n<p>Le match nul \u00e9tait d\u00e9licatement \u00e9quilibr\u00e9 d\u00e8s le match aller, avec un <strong class=\"autotag\">Luuk de Jong<\/strong> p\u00e9nalit\u00e9 annulant un match d&rsquo;ouverture de <strong class=\"autotag\">Donyell Malen<\/strong>laissant le niveau d&rsquo;affrontement \u00e0 1-1 avant le match de mercredi.<\/p>\n<p><strong class=\"autotag\">Jadon Sancho<\/strong> et <strong class=\"autotag\">Marco Reus<\/strong> ont marqu\u00e9 pour assurer un succ\u00e8s de deux buts en Allemagne, le BVB d\u00e9crochant sa place dans les huit derniers de la comp\u00e9tition gr\u00e2ce \u00e0 une victoire cumul\u00e9e de 3-1.<\/p>\n<p>Dortmund a menac\u00e9 de prendre l&rsquo;avantage d\u00e8s la deuxi\u00e8me minute du match. <strong class=\"autotag\">Ian Maatsen<\/strong>mais la tentative du joueur de 22 ans a \u00e9t\u00e9 repouss\u00e9e par le gardien du PSV <strong class=\"autotag\">Walter B\u00e9nitez<\/strong>.<\/p>\n<p>Le BVB n&rsquo;a cependant pas \u00e9t\u00e9 refus\u00e9, l&rsquo;attaquant pr\u00eat\u00e9 de Manchester United, Sancho, faisant la perc\u00e9e moins d&rsquo;une minute plus tard.<\/p>\n<p>Le PSV n&rsquo;a pas r\u00e9ussi \u00e0 d\u00e9gager ses lignes et une mise en place de <strong class=\"autotag\">Julien Brandt<\/strong> a permis \u00e0 Sancho d&rsquo;enfoncer le ballon dans le coin inf\u00e9rieur du filet pour son deuxi\u00e8me but depuis son retour au club lors de la fen\u00eatre de janvier.<\/p>\n<p>Ce but \u00e9tait son premier en Ligue des champions depuis 840 jours, et il a permis \u00e0 l&rsquo;\u00e9quipe de Bundesliga de prendre une avance de 2-1 lors du match nul, le PSV n&rsquo;ayant pas eu le temps de s&rsquo;installer au match retour devant un support local passionn\u00e9.<\/p>\n<p><strong class=\"autotag\">Nicolas Fullkrug<\/strong> et Malen a \u00e9galement fait des efforts dans la p\u00e9riode qui a suivi, Dortmund cherchant une seconde place dans la soir\u00e9e, tandis que les h\u00f4tes jouaient \u00e0 un rythme effr\u00e9n\u00e9.<\/p>\n<p>Malen a failli doubler l&rsquo;avantage de Dortmund \u00e0 la 27e minute lorsqu&rsquo;il a travaill\u00e9 en position de tir avant de diriger le ballon vers le coin inf\u00e9rieur, mais il \u00e9tait de peu \u00e0 c\u00f4t\u00e9 du poteau.<\/p>\n<p>Gardien de Dortmund <strong class=\"autotag\">Gregor Kobel<\/strong> a effectu\u00e9 un arr\u00eat intelligent \u00e0 la 31e minute pour emp\u00eacher un drive de <strong class=\"autotag\">Johan Bakayoko<\/strong>son effort att\u00e9nuant l\u00e9g\u00e8rement la d\u00e9viation <strong class=\"autotag\">Marcel Sabitzer<\/strong> en route vers le but.<\/p>\n<p class=\"imgI\">\n<p>Le PSV faisait pression pour \u00e9galiser dans les derniers instants de la premi\u00e8re mi-temps, Bakayoko se rapprochant \u00e0 nouveau avant que Kobel ne refuse. <strong class=\"autotag\">Guus Til<\/strong>car Dortmund a presque d\u00fb payer pour une d\u00e9fense terne.<\/p>\n<p>Malen a eu une autre demi-chance \u00e0 la 40e minute apr\u00e8s avoir trouv\u00e9 de l&rsquo;espace dans une zone dangereuse, mais son tir a touch\u00e9 le filet lat\u00e9ral, avant que De Jong ne rate le cadre \u00e0 l&rsquo;autre bout de la 43e minute, et le but de Sancho s&rsquo;est av\u00e9r\u00e9 faire la diff\u00e9rence. entre les deux \u00e9quipes \u00e0 la pause.<\/p>\n<p>La premi\u00e8re occasion de la deuxi\u00e8me p\u00e9riode revient \u00e9galement \u00e0 Malen, dont le tir est d\u00e9vi\u00e9. <strong class=\"autotag\">Sergent Dest<\/strong> avant d&rsquo;\u00eatre tenu \u00e0 l&rsquo;\u00e9cart par Benitez.<\/p>\n<p>Le PSV est pass\u00e9 tout pr\u00e8s d&rsquo;\u00e9galiser \u00e0 la 53e minute. <strong class=\"autotag\">Hirving Lozano<\/strong> en a align\u00e9 un \u00e0 distance avant de d\u00e9clencher une frappe f\u00e9roce, et son effort est sorti de l&rsquo;ext\u00e9rieur du poteau.<\/p>\n<p>Les visiteurs \u00e9taient la meilleure \u00e9quipe alors que la deuxi\u00e8me p\u00e9riode continuait \u00e0 progresser, avec l&rsquo;entra\u00eeneur de Dortmund <strong class=\"autotag\">Edin Terzic<\/strong> faisant une silhouette frustr\u00e9e sur la ligne de touche, et les h\u00f4tes \u00e9taient tout sauf \u00e0 l&rsquo;aise dans le match nul.<\/p>\n<p>Fullkrug a eu une demi-chance de marquer une seconde pour les h\u00f4tes \u00e0 la 64e minute apr\u00e8s avoir rencontr\u00e9 un centre de Malen, mais Benitez \u00e9tait sur place pour r\u00e9aliser un arr\u00eat intelligent, avant que Kobel ne retienne une frappe puissante de Bakayoko \u00e0 l&rsquo;autre bout du terrain. champ.<\/p>\n<p>Dortmund pensait avoir marqu\u00e9 une seconde \u00e0 la 77e minute gr\u00e2ce \u00e0 Fullkrug, mais l&rsquo;effort de l&rsquo;attaquant sur un coup franc de Reus a \u00e9t\u00e9 d\u00e9clar\u00e9 hors-jeu suite \u00e0 un examen du VAR.<\/p>\n<p>Le PSV a donc re\u00e7u un coup de pouce avant les derni\u00e8res minutes du temps r\u00e9glementaire, l&rsquo;\u00e9quipe n\u00e9erlandaise ayant besoin d&rsquo;un but pour forcer 30 minutes suppl\u00e9mentaires, mais <strong class=\"autotag\">Jordan Teze<\/strong> et De Jong ont tous deux rat\u00e9 des ouvertures claires en fin de match, avant que Reus n&rsquo;assure la place du BVB dans les huit derniers en glissant le ballon sous Benitez apr\u00e8s une erreur de <strong class=\"autotag\">Isaac Babadi<\/strong>.<\/p>\n<p>L&rsquo;attention de Dortmund va d\u00e9sormais se tourner vers la Bundesliga, se pr\u00e9parant \u00e0 accueillir l&rsquo;Eintracht Francfort dimanche apr\u00e8s-midi, tandis que le PSV poursuivra sa campagne en Eredivisie contre le FC Twente plus tard dans la journ\u00e9e.<\/p>\n<\/div>\n","protected":false},"excerpt":{"rendered":"<p>Le Borussia Dortmund a r\u00e9serv\u00e9 sa place en quarts de finale de la Ligue des champions gr\u00e2ce \u00e0 une victoire 2-0 sur le PSV Eindhoven<\/p>\n","protected":false},"author":1,"featured_media":6229,"comment_status":"closed","ping_status":"","sticky":false,"template":"","format":"standard","meta":{"footnotes":""},"categories":[4],"tags":[96,31,12,3448,107,591,897,896,93,30,51,590,907],"yoast_head":"<!-- This site is optimized with the Yoast SEO plugin v21.0 - https:\/\/yoast.com\/wordpress\/plugins\/seo\/ -->\n<title>Le Borussia Dortmund devance le PSV Eindhoven et se qualifie pour les huiti\u00e8mes de finale de la Ligue des Champions<\/title>\n<meta name=\"robots\" content=\"index, follow, max-snippet:-1, max-image-preview:large, max-video-preview:-1\" \/>\n<link rel=\"canonical\" href=\"https:\/\/footdavant.fr\/actualites\/le-borussia-dortmund-devance-le-psv-eindhoven-et-se-qualifie-pour-les-huitiemes-de-finale-de-la-ligue-des-champions\/\" \/>\n<meta property=\"og:locale\" content=\"fr_FR\" \/>\n<meta property=\"og:type\" content=\"article\" \/>\n<meta property=\"og:title\" content=\"Le Borussia Dortmund devance le PSV Eindhoven et se qualifie pour les huiti\u00e8mes de finale de la Ligue des Champions\" \/>\n<meta property=\"og:description\" content=\"Le Borussia Dortmund a r\u00e9serv\u00e9 sa place en quarts de finale de la Ligue des champions gr\u00e2ce \u00e0 une victoire 2-0 sur le PSV Eindhoven\" \/>\n<meta property=\"og:url\" content=\"https:\/\/footdavant.fr\/actualites\/le-borussia-dortmund-devance-le-psv-eindhoven-et-se-qualifie-pour-les-huitiemes-de-finale-de-la-ligue-des-champions\/\" \/>\n<meta property=\"og:site_name\" content=\"Foot d&#039;avant\" \/>\n<meta property=\"article:publisher\" content=\"https:\/\/www.facebook.com\/Footdavant\/\" \/>\n<meta property=\"article:published_time\" content=\"2024-03-14T07:52:27+00:00\" \/>\n<meta property=\"article:modified_time\" content=\"2024-03-14T07:52:28+00:00\" \/>\n<meta property=\"og:image\" content=\"https:\/\/footdavant.fr\/actualites\/wp-content\/uploads\/2024\/03\/Le-Borussia-Dortmund-devance-le-PSV-Eindhoven-et-se-qualifie.JPG\" \/>\n\t<meta property=\"og:image:width\" content=\"640\" \/>\n\t<meta property=\"og:image:height\" content=\"480\" \/>\n\t<meta property=\"og:image:type\" content=\"image\/jpeg\" \/>\n<meta name=\"author\" content=\"Cl\u00e9ment\" \/>\n<meta name=\"twitter:card\" content=\"summary_large_image\" \/>\n<meta name=\"twitter:creator\" content=\"@FootdavantFr\" \/>\n<meta name=\"twitter:site\" content=\"@FootdavantFr\" \/>\n<meta name=\"twitter:label1\" content=\"\u00c9crit par\" \/>\n\t<meta name=\"twitter:data1\" content=\"Cl\u00e9ment\" \/>\n\t<meta name=\"twitter:label2\" content=\"Dur\u00e9e de lecture estim\u00e9e\" \/>\n\t<meta name=\"twitter:data2\" content=\"4 minutes\" \/>\n<script type=\"application\/ld+json\" class=\"yoast-schema-graph\">{\"@context\":\"https:\/\/schema.org\",\"@graph\":[{\"@type\":\"Article\",\"@id\":\"https:\/\/footdavant.fr\/actualites\/le-borussia-dortmund-devance-le-psv-eindhoven-et-se-qualifie-pour-les-huitiemes-de-finale-de-la-ligue-des-champions\/#article\",\"isPartOf\":{\"@id\":\"https:\/\/footdavant.fr\/actualites\/le-borussia-dortmund-devance-le-psv-eindhoven-et-se-qualifie-pour-les-huitiemes-de-finale-de-la-ligue-des-champions\/\"},\"author\":{\"name\":\"Cl\u00e9ment\",\"@id\":\"https:\/\/footdavant.fr\/actualites\/#\/schema\/person\/bc222566d95871b37e597b3ed3ba5e1d\"},\"headline\":\"Le Borussia Dortmund devance le PSV Eindhoven et se qualifie pour les huiti\u00e8mes de finale de la Ligue des Champions\",\"datePublished\":\"2024-03-14T07:52:27+00:00\",\"dateModified\":\"2024-03-14T07:52:28+00:00\",\"mainEntityOfPage\":{\"@id\":\"https:\/\/footdavant.fr\/actualites\/le-borussia-dortmund-devance-le-psv-eindhoven-et-se-qualifie-pour-les-huitiemes-de-finale-de-la-ligue-des-champions\/\"},\"wordCount\":828,\"publisher\":{\"@id\":\"https:\/\/footdavant.fr\/actualites\/#organization\"},\"keywords\":[\"Borussia\",\"champions\",\"des\",\"devance\",\"Dortmund\",\"Eindhoven\",\"finale\",\"huiti\u00e8mes\",\"les\",\"Ligue\",\"pour\",\"PSV\",\"qualifie\"],\"articleSection\":[\"Champions League\"],\"inLanguage\":\"fr-FR\"},{\"@type\":\"WebPage\",\"@id\":\"https:\/\/footdavant.fr\/actualites\/le-borussia-dortmund-devance-le-psv-eindhoven-et-se-qualifie-pour-les-huitiemes-de-finale-de-la-ligue-des-champions\/\",\"url\":\"https:\/\/footdavant.fr\/actualites\/le-borussia-dortmund-devance-le-psv-eindhoven-et-se-qualifie-pour-les-huitiemes-de-finale-de-la-ligue-des-champions\/\",\"name\":\"Le Borussia Dortmund devance le PSV Eindhoven et se qualifie pour les huiti\u00e8mes de finale de la Ligue des Champions\",\"isPartOf\":{\"@id\":\"https:\/\/footdavant.fr\/actualites\/#website\"},\"datePublished\":\"2024-03-14T07:52:27+00:00\",\"dateModified\":\"2024-03-14T07:52:28+00:00\",\"breadcrumb\":{\"@id\":\"https:\/\/footdavant.fr\/actualites\/le-borussia-dortmund-devance-le-psv-eindhoven-et-se-qualifie-pour-les-huitiemes-de-finale-de-la-ligue-des-champions\/#breadcrumb\"},\"inLanguage\":\"fr-FR\",\"potentialAction\":[{\"@type\":\"ReadAction\",\"target\":[\"https:\/\/footdavant.fr\/actualites\/le-borussia-dortmund-devance-le-psv-eindhoven-et-se-qualifie-pour-les-huitiemes-de-finale-de-la-ligue-des-champions\/\"]}]},{\"@type\":\"BreadcrumbList\",\"@id\":\"https:\/\/footdavant.fr\/actualites\/le-borussia-dortmund-devance-le-psv-eindhoven-et-se-qualifie-pour-les-huitiemes-de-finale-de-la-ligue-des-champions\/#breadcrumb\",\"itemListElement\":[{\"@type\":\"ListItem\",\"position\":1,\"name\":\"Accueil\",\"item\":\"https:\/\/footdavant.fr\/actualites\/\"},{\"@type\":\"ListItem\",\"position\":2,\"name\":\"Le Borussia Dortmund devance le PSV Eindhoven et se qualifie pour les huiti\u00e8mes de finale de la Ligue des Champions\"}]},{\"@type\":\"WebSite\",\"@id\":\"https:\/\/footdavant.fr\/actualites\/#website\",\"url\":\"https:\/\/footdavant.fr\/actualites\/\",\"name\":\"Foot d'avant\",\"description\":\"\",\"publisher\":{\"@id\":\"https:\/\/footdavant.fr\/actualites\/#organization\"},\"potentialAction\":[{\"@type\":\"SearchAction\",\"target\":{\"@type\":\"EntryPoint\",\"urlTemplate\":\"https:\/\/footdavant.fr\/actualites\/?s={search_term_string}\"},\"query-input\":\"required name=search_term_string\"}],\"inLanguage\":\"fr-FR\"},{\"@type\":\"Organization\",\"@id\":\"https:\/\/footdavant.fr\/actualites\/#organization\",\"name\":\"Foot d'avant\",\"url\":\"https:\/\/footdavant.fr\/actualites\/\",\"logo\":{\"@type\":\"ImageObject\",\"inLanguage\":\"fr-FR\",\"@id\":\"https:\/\/footdavant.fr\/actualites\/#\/schema\/logo\/image\/\",\"url\":\"https:\/\/footdavant.fr\/actualites\/wp-content\/uploads\/2023\/09\/Copy-of-FootDavant-Logo.png\",\"contentUrl\":\"https:\/\/footdavant.fr\/actualites\/wp-content\/uploads\/2023\/09\/Copy-of-FootDavant-Logo.png\",\"width\":936,\"height\":549,\"caption\":\"Foot d'avant\"},\"image\":{\"@id\":\"https:\/\/footdavant.fr\/actualites\/#\/schema\/logo\/image\/\"},\"sameAs\":[\"https:\/\/www.facebook.com\/Footdavant\/\",\"https:\/\/twitter.com\/FootdavantFr\",\"https:\/\/www.instagram.com\/footdavant.fr\/\"]},{\"@type\":\"Person\",\"@id\":\"https:\/\/footdavant.fr\/actualites\/#\/schema\/person\/bc222566d95871b37e597b3ed3ba5e1d\",\"name\":\"Cl\u00e9ment\",\"image\":{\"@type\":\"ImageObject\",\"inLanguage\":\"fr-FR\",\"@id\":\"https:\/\/footdavant.fr\/actualites\/#\/schema\/person\/image\/\",\"url\":\"https:\/\/secure.gravatar.com\/avatar\/7728b29aac2719421e1a9159b2254c44?s=96&d=mm&r=g\",\"contentUrl\":\"https:\/\/secure.gravatar.com\/avatar\/7728b29aac2719421e1a9159b2254c44?s=96&d=mm&r=g\",\"caption\":\"Cl\u00e9ment\"},\"sameAs\":[\"https:\/\/footdavant.fr\/\"]}]}<\/script>\n<!-- \/ Yoast SEO plugin. -->","yoast_head_json":{"title":"Le Borussia Dortmund devance le PSV Eindhoven et se qualifie pour les huiti\u00e8mes de finale de la Ligue des Champions","robots":{"index":"index","follow":"follow","max-snippet":"max-snippet:-1","max-image-preview":"max-image-preview:large","max-video-preview":"max-video-preview:-1"},"canonical":"https:\/\/footdavant.fr\/actualites\/le-borussia-dortmund-devance-le-psv-eindhoven-et-se-qualifie-pour-les-huitiemes-de-finale-de-la-ligue-des-champions\/","og_locale":"fr_FR","og_type":"article","og_title":"Le Borussia Dortmund devance le PSV Eindhoven et se qualifie pour les huiti\u00e8mes de finale de la Ligue des Champions","og_description":"Le Borussia Dortmund a r\u00e9serv\u00e9 sa place en quarts de finale de la Ligue des champions gr\u00e2ce \u00e0 une victoire 2-0 sur le PSV Eindhoven","og_url":"https:\/\/footdavant.fr\/actualites\/le-borussia-dortmund-devance-le-psv-eindhoven-et-se-qualifie-pour-les-huitiemes-de-finale-de-la-ligue-des-champions\/","og_site_name":"Foot d&#039;avant","article_publisher":"https:\/\/www.facebook.com\/Footdavant\/","article_published_time":"2024-03-14T07:52:27+00:00","article_modified_time":"2024-03-14T07:52:28+00:00","og_image":[{"width":640,"height":480,"url":"https:\/\/footdavant.fr\/actualites\/wp-content\/uploads\/2024\/03\/Le-Borussia-Dortmund-devance-le-PSV-Eindhoven-et-se-qualifie.JPG","type":"image\/jpeg"}],"author":"Cl\u00e9ment","twitter_card":"summary_large_image","twitter_creator":"@FootdavantFr","twitter_site":"@FootdavantFr","twitter_misc":{"\u00c9crit par":"Cl\u00e9ment","Dur\u00e9e de lecture estim\u00e9e":"4 minutes"},"schema":{"@context":"https:\/\/schema.org","@graph":[{"@type":"Article","@id":"https:\/\/footdavant.fr\/actualites\/le-borussia-dortmund-devance-le-psv-eindhoven-et-se-qualifie-pour-les-huitiemes-de-finale-de-la-ligue-des-champions\/#article","isPartOf":{"@id":"https:\/\/footdavant.fr\/actualites\/le-borussia-dortmund-devance-le-psv-eindhoven-et-se-qualifie-pour-les-huitiemes-de-finale-de-la-ligue-des-champions\/"},"author":{"name":"Cl\u00e9ment","@id":"https:\/\/footdavant.fr\/actualites\/#\/schema\/person\/bc222566d95871b37e597b3ed3ba5e1d"},"headline":"Le Borussia Dortmund devance le PSV Eindhoven et se qualifie pour les huiti\u00e8mes de finale de la Ligue des Champions","datePublished":"2024-03-14T07:52:27+00:00","dateModified":"2024-03-14T07:52:28+00:00","mainEntityOfPage":{"@id":"https:\/\/footdavant.fr\/actualites\/le-borussia-dortmund-devance-le-psv-eindhoven-et-se-qualifie-pour-les-huitiemes-de-finale-de-la-ligue-des-champions\/"},"wordCount":828,"publisher":{"@id":"https:\/\/footdavant.fr\/actualites\/#organization"},"keywords":["Borussia","champions","des","devance","Dortmund","Eindhoven","finale","huiti\u00e8mes","les","Ligue","pour","PSV","qualifie"],"articleSection":["Champions League"],"inLanguage":"fr-FR"},{"@type":"WebPage","@id":"https:\/\/footdavant.fr\/actualites\/le-borussia-dortmund-devance-le-psv-eindhoven-et-se-qualifie-pour-les-huitiemes-de-finale-de-la-ligue-des-champions\/","url":"https:\/\/footdavant.fr\/actualites\/le-borussia-dortmund-devance-le-psv-eindhoven-et-se-qualifie-pour-les-huitiemes-de-finale-de-la-ligue-des-champions\/","name":"Le Borussia Dortmund devance le PSV Eindhoven et se qualifie pour les huiti\u00e8mes de finale de la Ligue des Champions","isPartOf":{"@id":"https:\/\/footdavant.fr\/actualites\/#website"},"datePublished":"2024-03-14T07:52:27+00:00","dateModified":"2024-03-14T07:52:28+00:00","breadcrumb":{"@id":"https:\/\/footdavant.fr\/actualites\/le-borussia-dortmund-devance-le-psv-eindhoven-et-se-qualifie-pour-les-huitiemes-de-finale-de-la-ligue-des-champions\/#breadcrumb"},"inLanguage":"fr-FR","potentialAction":[{"@type":"ReadAction","target":["https:\/\/footdavant.fr\/actualites\/le-borussia-dortmund-devance-le-psv-eindhoven-et-se-qualifie-pour-les-huitiemes-de-finale-de-la-ligue-des-champions\/"]}]},{"@type":"BreadcrumbList","@id":"https:\/\/footdavant.fr\/actualites\/le-borussia-dortmund-devance-le-psv-eindhoven-et-se-qualifie-pour-les-huitiemes-de-finale-de-la-ligue-des-champions\/#breadcrumb","itemListElement":[{"@type":"ListItem","position":1,"name":"Accueil","item":"https:\/\/footdavant.fr\/actualites\/"},{"@type":"ListItem","position":2,"name":"Le Borussia Dortmund devance le PSV Eindhoven et se qualifie pour les huiti\u00e8mes de finale de la Ligue des Champions"}]},{"@type":"WebSite","@id":"https:\/\/footdavant.fr\/actualites\/#website","url":"https:\/\/footdavant.fr\/actualites\/","name":"Foot d'avant","description":"","publisher":{"@id":"https:\/\/footdavant.fr\/actualites\/#organization"},"potentialAction":[{"@type":"SearchAction","target":{"@type":"EntryPoint","urlTemplate":"https:\/\/footdavant.fr\/actualites\/?s={search_term_string}"},"query-input":"required name=search_term_string"}],"inLanguage":"fr-FR"},{"@type":"Organization","@id":"https:\/\/footdavant.fr\/actualites\/#organization","name":"Foot d'avant","url":"https:\/\/footdavant.fr\/actualites\/","logo":{"@type":"ImageObject","inLanguage":"fr-FR","@id":"https:\/\/footdavant.fr\/actualites\/#\/schema\/logo\/image\/","url":"https:\/\/footdavant.fr\/actualites\/wp-content\/uploads\/2023\/09\/Copy-of-FootDavant-Logo.png","contentUrl":"https:\/\/footdavant.fr\/actualites\/wp-content\/uploads\/2023\/09\/Copy-of-FootDavant-Logo.png","width":936,"height":549,"caption":"Foot d'avant"},"image":{"@id":"https:\/\/footdavant.fr\/actualites\/#\/schema\/logo\/image\/"},"sameAs":["https:\/\/www.facebook.com\/Footdavant\/","https:\/\/twitter.com\/FootdavantFr","https:\/\/www.instagram.com\/footdavant.fr\/"]},{"@type":"Person","@id":"https:\/\/footdavant.fr\/actualites\/#\/schema\/person\/bc222566d95871b37e597b3ed3ba5e1d","name":"Cl\u00e9ment","image":{"@type":"ImageObject","inLanguage":"fr-FR","@id":"https:\/\/footdavant.fr\/actualites\/#\/schema\/person\/image\/","url":"https:\/\/secure.gravatar.com\/avatar\/7728b29aac2719421e1a9159b2254c44?s=96&d=mm&r=g","contentUrl":"https:\/\/secure.gravatar.com\/avatar\/7728b29aac2719421e1a9159b2254c44?s=96&d=mm&r=g","caption":"Cl\u00e9ment"},"sameAs":["https:\/\/footdavant.fr\/"]}]}},"_links":{"self":[{"href":"https:\/\/footdavant.fr\/actualites\/wp-json\/wp\/v2\/posts\/6228"}],"collection":[{"href":"https:\/\/footdavant.fr\/actualites\/wp-json\/wp\/v2\/posts"}],"about":[{"href":"https:\/\/footdavant.fr\/actualites\/wp-json\/wp\/v2\/types\/post"}],"author":[{"embeddable":true,"href":"https:\/\/footdavant.fr\/actualites\/wp-json\/wp\/v2\/users\/1"}],"replies":[{"embeddable":true,"href":"https:\/\/footdavant.fr\/actualites\/wp-json\/wp\/v2\/comments?post=6228"}],"version-history":[{"count":1,"href":"https:\/\/footdavant.fr\/actualites\/wp-json\/wp\/v2\/posts\/6228\/revisions"}],"predecessor-version":[{"id":6230,"href":"https:\/\/footdavant.fr\/actualites\/wp-json\/wp\/v2\/posts\/6228\/revisions\/6230"}],"wp:featuredmedia":[{"embeddable":true,"href":"https:\/\/footdavant.fr\/actualites\/wp-json\/wp\/v2\/media\/6229"}],"wp:attachment":[{"href":"https:\/\/footdavant.fr\/actualites\/wp-json\/wp\/v2\/media?parent=6228"}],"wp:term":[{"taxonomy":"category","embeddable":true,"href":"https:\/\/footdavant.fr\/actualites\/wp-json\/wp\/v2\/categories?post=6228"},{"taxonomy":"post_tag","embeddable":true,"href":"https:\/\/footdavant.fr\/actualites\/wp-json\/wp\/v2\/tags?post=6228"}],"curies":[{"name":"wp","href":"https:\/\/api.w.org\/{rel}","templated":true}]}}