{"id":632,"date":"2023-11-09T20:48:46","date_gmt":"2023-11-09T19:48:46","guid":{"rendered":"https:\/\/footdavant.fr\/actualites\/sean-dyche-explique-labsence-damadou-onana-au-tirage-au-sort-de-brighton-hove-albion\/"},"modified":"2023-11-09T20:48:47","modified_gmt":"2023-11-09T19:48:47","slug":"sean-dyche-explique-labsence-damadou-onana-au-tirage-au-sort-de-brighton-hove-albion","status":"publish","type":"post","link":"https:\/\/footdavant.fr\/actualites\/sean-dyche-explique-labsence-damadou-onana-au-tirage-au-sort-de-brighton-hove-albion\/","title":{"rendered":"Sean Dyche explique l&rsquo;absence d&rsquo;Amadou Onana au tirage au sort de Brighton &#038; Hove Albion"},"content":{"rendered":"<p>Amadou Onana a rat\u00e9 le match nul 1-1 d&rsquo;Everton contre Brighton &#038; Hove Albion en Premier League samedi en raison d&rsquo;un mollet serr\u00e9, selon le manager Sean Dyche.<\/p>\n<div id=\"article_body\" itemprop=\"articleBody\">\n<h3 class=\"firstPara\">\n<strong class=\"autotag\">Everton<\/strong> directeur <strong class=\"autotag\">Sean Dych\u00e9<\/strong> a r\u00e9v\u00e9l\u00e9 que le milieu de terrain <strong class=\"autotag\">Amadou Onana<\/strong> a rat\u00e9 la rencontre d&rsquo;Everton en Premier League avec Brighton &#038; Hove Albion en raison d&rsquo;un probl\u00e8me mineur au mollet.<\/h3>\n<p>Dyche a \u00e9t\u00e9 contraint de changer de camp en raison de l&rsquo;absence d&rsquo;Onana, ce qui a conduit \u00e0 <strong class=\"autotag\">Idrissa Gu\u00e8ye<\/strong> entrant au milieu de terrain de l&rsquo;\u00e9quipe pour le match nul 1-1 de samedi contre les Seagulls.<\/p>\n<p>Onana avait d\u00e9but\u00e9 tous les matches du club et du pays jusqu&rsquo;\u00e0 pr\u00e9sent cette saison, participant aux 10 matchs de Premier League avant ce week-end, ainsi qu&rsquo;aux trois victoires d&rsquo;Everton en Coupe EFL qui les ont vu atteindre les quarts de finale.<\/p>\n<p>En plus de ses engagements en club, le Belge a \u00e9galement repr\u00e9sent\u00e9 son pays lors de trois \u00e9liminatoires de l&rsquo;Euro 2024, mais a \u00e9t\u00e9 suspendu pour le choc finalement abandonn\u00e9 contre la Su\u00e8de apr\u00e8s avoir \u00e9t\u00e9 expuls\u00e9 tardivement lors de sa victoire en Autriche.<\/p>\n<p>Sans entrer dans les d\u00e9tails sur la gravit\u00e9 ou le calendrier d&rsquo;un retour, Dyche a confirm\u00e9 qu&rsquo;un mollet serr\u00e9 \u00e9tait la raison de l&rsquo;absence du joueur.<\/p>\n<p>\u00ab\u00a0Amadou, malheureusement, joue avec un mollet tr\u00e8s serr\u00e9 et c&rsquo;en est trop pour lui apr\u00e8s mercredi (contre Burnley)\u00a0\u00bb.<\/p>\n<p>Onana \u00e9tait sur la feuille de match alors qu&rsquo;Everton balayait Burnley lors de son match nul au quatri\u00e8me tour de la Coupe EFL en milieu de semaine, marquant le deuxi\u00e8me dans une victoire retentissante 3-0.<\/p>\n<p>Cependant, le joueur de 22 ans \u00e9tait port\u00e9 disparu alors qu&rsquo;Everton et Brighton partageaient le butin \u00e0 Goodison Park samedi, avec <strong class=\"autotag\">Ashley Jeune<\/strong>Le but contre son camp en fin de match prive les Toffees d&rsquo;une sixi\u00e8me victoire en huit matchs.<\/p>\n<p class=\"imgI\">\n<p>Les fid\u00e8les d&rsquo;Everton esp\u00e8rent retrouver le milieu de terrain pour leur voyage \u00e0 Selhurst Park pour affronter Crystal Palace la semaine prochaine \u2013 leur dernier match avant la tr\u00eave internationale.<\/p>\n<p>L&rsquo;absence d&rsquo;Onana a s\u00e9rieusement \u00e9tir\u00e9 les options de milieu de terrain d&rsquo;Everton, car Dyche n&rsquo;a pas pu nommer de v\u00e9ritables milieux de terrain sur le banc pour le choc avec Brighton.<\/p>\n<p>Gueye est entr\u00e9 dans l&rsquo;\u00e9quipe pour s&rsquo;associer aux deux seuls autres milieux de terrain centraux en forme d&rsquo;Everton. <strong class=\"autotag\">James Garner<\/strong> et <strong class=\"autotag\">Abdoulaye Doucour\u00e9<\/strong>.<\/p>\n<p><strong class=\"autotag\">Andr\u00e9 Gomes<\/strong> a disparu pendant presque toute la saison jusqu&rsquo;\u00e0 pr\u00e9sent et pourrait \u00eatre sur le point de dispara\u00eetre, tandis que <strong class=\"autotag\">Dele Alli<\/strong> il a \u00e9galement ses propres pr\u00e9occupations en mati\u00e8re de condition physique.<\/p>\n<p>Entra\u00eeneur de la Belgique <strong class=\"autotag\">Domenico Tedesco<\/strong> surveillera \u00e9galement de pr\u00e8s la situation avant de nommer son \u00e9quipe pour les internationaux de novembre.<\/p>\n<p>Les Diables rouges ont d\u00e9j\u00e0 assur\u00e9 une place \u00e0 l&rsquo;Euro 2024 gr\u00e2ce \u00e0 leur victoire en Autriche le mois dernier, mais disputeront un match amical contre la Serbie lors de la prochaine fen\u00eatre internationale avant de terminer leur campagne de qualification \u00e0 domicile contre l&rsquo;Azerba\u00efdjan.<\/p>\n<\/div>\n","protected":false},"excerpt":{"rendered":"<p>Amadou Onana a rat\u00e9 le match nul 1-1 d&rsquo;Everton contre Brighton &#038; Hove Albion en Premier League samedi en raison d&rsquo;un mollet serr\u00e9, selon le<\/p>\n","protected":false},"author":1,"featured_media":633,"comment_status":"closed","ping_status":"","sticky":false,"template":"","format":"standard","meta":{"footnotes":""},"categories":[5],"tags":[351,349,798,796,577,350,797,195,795,800,799],"yoast_head":"<!-- This site is optimized with the Yoast SEO plugin v21.0 - https:\/\/yoast.com\/wordpress\/plugins\/seo\/ -->\n<title>Sean Dyche explique l&#039;absence d&#039;Amadou Onana au tirage au sort de Brighton &amp; Hove Albion<\/title>\n<meta name=\"robots\" content=\"index, follow, max-snippet:-1, max-image-preview:large, max-video-preview:-1\" \/>\n<link rel=\"canonical\" href=\"https:\/\/footdavant.fr\/actualites\/sean-dyche-explique-labsence-damadou-onana-au-tirage-au-sort-de-brighton-hove-albion\/\" \/>\n<meta property=\"og:locale\" content=\"fr_FR\" \/>\n<meta property=\"og:type\" content=\"article\" \/>\n<meta property=\"og:title\" content=\"Sean Dyche explique l&#039;absence d&#039;Amadou Onana au tirage au sort de Brighton &amp; Hove Albion\" \/>\n<meta property=\"og:description\" content=\"Amadou Onana a rat\u00e9 le match nul 1-1 d&rsquo;Everton contre Brighton &#038; Hove Albion en Premier League samedi en raison d&rsquo;un mollet serr\u00e9, selon le\" \/>\n<meta property=\"og:url\" content=\"https:\/\/footdavant.fr\/actualites\/sean-dyche-explique-labsence-damadou-onana-au-tirage-au-sort-de-brighton-hove-albion\/\" \/>\n<meta property=\"og:site_name\" content=\"Foot d&#039;avant\" \/>\n<meta property=\"article:publisher\" content=\"https:\/\/www.facebook.com\/Footdavant\/\" \/>\n<meta property=\"article:published_time\" content=\"2023-11-09T19:48:46+00:00\" \/>\n<meta property=\"article:modified_time\" content=\"2023-11-09T19:48:47+00:00\" \/>\n<meta property=\"og:image\" content=\"https:\/\/footdavant.fr\/actualites\/wp-content\/uploads\/2023\/11\/Sean-Dyche-explique-labsence-dAmadou-Onana-au-tirage-au-sort.JPG\" \/>\n\t<meta property=\"og:image:width\" content=\"640\" \/>\n\t<meta property=\"og:image:height\" content=\"480\" \/>\n\t<meta property=\"og:image:type\" content=\"image\/jpeg\" \/>\n<meta name=\"author\" content=\"Cl\u00e9ment\" \/>\n<meta name=\"twitter:card\" content=\"summary_large_image\" \/>\n<meta name=\"twitter:creator\" content=\"@FootdavantFr\" \/>\n<meta name=\"twitter:site\" content=\"@FootdavantFr\" \/>\n<meta name=\"twitter:label1\" content=\"\u00c9crit par\" \/>\n\t<meta name=\"twitter:data1\" content=\"Cl\u00e9ment\" \/>\n\t<meta name=\"twitter:label2\" content=\"Dur\u00e9e de lecture estim\u00e9e\" \/>\n\t<meta name=\"twitter:data2\" content=\"3 minutes\" \/>\n<script type=\"application\/ld+json\" class=\"yoast-schema-graph\">{\"@context\":\"https:\/\/schema.org\",\"@graph\":[{\"@type\":\"Article\",\"@id\":\"https:\/\/footdavant.fr\/actualites\/sean-dyche-explique-labsence-damadou-onana-au-tirage-au-sort-de-brighton-hove-albion\/#article\",\"isPartOf\":{\"@id\":\"https:\/\/footdavant.fr\/actualites\/sean-dyche-explique-labsence-damadou-onana-au-tirage-au-sort-de-brighton-hove-albion\/\"},\"author\":{\"name\":\"Cl\u00e9ment\",\"@id\":\"https:\/\/footdavant.fr\/actualites\/#\/schema\/person\/bc222566d95871b37e597b3ed3ba5e1d\"},\"headline\":\"Sean Dyche explique l&rsquo;absence d&rsquo;Amadou Onana au tirage au sort de Brighton &#038; Hove Albion\",\"datePublished\":\"2023-11-09T19:48:46+00:00\",\"dateModified\":\"2023-11-09T19:48:47+00:00\",\"mainEntityOfPage\":{\"@id\":\"https:\/\/footdavant.fr\/actualites\/sean-dyche-explique-labsence-damadou-onana-au-tirage-au-sort-de-brighton-hove-albion\/\"},\"wordCount\":521,\"publisher\":{\"@id\":\"https:\/\/footdavant.fr\/actualites\/#organization\"},\"keywords\":[\"Albion\",\"Brighton\",\"dAmadou\",\"Dyche\",\"explique\",\"Hove\",\"labsence\",\"Onana\",\"Sean\",\"sort\",\"tirage\"],\"articleSection\":[\"Premier League\"],\"inLanguage\":\"fr-FR\"},{\"@type\":\"WebPage\",\"@id\":\"https:\/\/footdavant.fr\/actualites\/sean-dyche-explique-labsence-damadou-onana-au-tirage-au-sort-de-brighton-hove-albion\/\",\"url\":\"https:\/\/footdavant.fr\/actualites\/sean-dyche-explique-labsence-damadou-onana-au-tirage-au-sort-de-brighton-hove-albion\/\",\"name\":\"Sean Dyche explique l'absence d'Amadou Onana au tirage au sort de Brighton & Hove Albion\",\"isPartOf\":{\"@id\":\"https:\/\/footdavant.fr\/actualites\/#website\"},\"datePublished\":\"2023-11-09T19:48:46+00:00\",\"dateModified\":\"2023-11-09T19:48:47+00:00\",\"breadcrumb\":{\"@id\":\"https:\/\/footdavant.fr\/actualites\/sean-dyche-explique-labsence-damadou-onana-au-tirage-au-sort-de-brighton-hove-albion\/#breadcrumb\"},\"inLanguage\":\"fr-FR\",\"potentialAction\":[{\"@type\":\"ReadAction\",\"target\":[\"https:\/\/footdavant.fr\/actualites\/sean-dyche-explique-labsence-damadou-onana-au-tirage-au-sort-de-brighton-hove-albion\/\"]}]},{\"@type\":\"BreadcrumbList\",\"@id\":\"https:\/\/footdavant.fr\/actualites\/sean-dyche-explique-labsence-damadou-onana-au-tirage-au-sort-de-brighton-hove-albion\/#breadcrumb\",\"itemListElement\":[{\"@type\":\"ListItem\",\"position\":1,\"name\":\"Accueil\",\"item\":\"https:\/\/footdavant.fr\/actualites\/\"},{\"@type\":\"ListItem\",\"position\":2,\"name\":\"Sean Dyche explique l&rsquo;absence d&rsquo;Amadou Onana au tirage au sort de Brighton &#038; Hove Albion\"}]},{\"@type\":\"WebSite\",\"@id\":\"https:\/\/footdavant.fr\/actualites\/#website\",\"url\":\"https:\/\/footdavant.fr\/actualites\/\",\"name\":\"Foot d'avant\",\"description\":\"\",\"publisher\":{\"@id\":\"https:\/\/footdavant.fr\/actualites\/#organization\"},\"potentialAction\":[{\"@type\":\"SearchAction\",\"target\":{\"@type\":\"EntryPoint\",\"urlTemplate\":\"https:\/\/footdavant.fr\/actualites\/?s={search_term_string}\"},\"query-input\":\"required name=search_term_string\"}],\"inLanguage\":\"fr-FR\"},{\"@type\":\"Organization\",\"@id\":\"https:\/\/footdavant.fr\/actualites\/#organization\",\"name\":\"Foot d'avant\",\"url\":\"https:\/\/footdavant.fr\/actualites\/\",\"logo\":{\"@type\":\"ImageObject\",\"inLanguage\":\"fr-FR\",\"@id\":\"https:\/\/footdavant.fr\/actualites\/#\/schema\/logo\/image\/\",\"url\":\"https:\/\/footdavant.fr\/actualites\/wp-content\/uploads\/2023\/09\/Copy-of-FootDavant-Logo.png\",\"contentUrl\":\"https:\/\/footdavant.fr\/actualites\/wp-content\/uploads\/2023\/09\/Copy-of-FootDavant-Logo.png\",\"width\":936,\"height\":549,\"caption\":\"Foot d'avant\"},\"image\":{\"@id\":\"https:\/\/footdavant.fr\/actualites\/#\/schema\/logo\/image\/\"},\"sameAs\":[\"https:\/\/www.facebook.com\/Footdavant\/\",\"https:\/\/twitter.com\/FootdavantFr\",\"https:\/\/www.instagram.com\/footdavant.fr\/\"]},{\"@type\":\"Person\",\"@id\":\"https:\/\/footdavant.fr\/actualites\/#\/schema\/person\/bc222566d95871b37e597b3ed3ba5e1d\",\"name\":\"Cl\u00e9ment\",\"image\":{\"@type\":\"ImageObject\",\"inLanguage\":\"fr-FR\",\"@id\":\"https:\/\/footdavant.fr\/actualites\/#\/schema\/person\/image\/\",\"url\":\"https:\/\/secure.gravatar.com\/avatar\/7728b29aac2719421e1a9159b2254c44?s=96&d=mm&r=g\",\"contentUrl\":\"https:\/\/secure.gravatar.com\/avatar\/7728b29aac2719421e1a9159b2254c44?s=96&d=mm&r=g\",\"caption\":\"Cl\u00e9ment\"},\"sameAs\":[\"https:\/\/footdavant.fr\/\"]}]}<\/script>\n<!-- \/ Yoast SEO plugin. -->","yoast_head_json":{"title":"Sean Dyche explique l'absence d'Amadou Onana au tirage au sort de Brighton & Hove Albion","robots":{"index":"index","follow":"follow","max-snippet":"max-snippet:-1","max-image-preview":"max-image-preview:large","max-video-preview":"max-video-preview:-1"},"canonical":"https:\/\/footdavant.fr\/actualites\/sean-dyche-explique-labsence-damadou-onana-au-tirage-au-sort-de-brighton-hove-albion\/","og_locale":"fr_FR","og_type":"article","og_title":"Sean Dyche explique l'absence d'Amadou Onana au tirage au sort de Brighton & Hove Albion","og_description":"Amadou Onana a rat\u00e9 le match nul 1-1 d&rsquo;Everton contre Brighton &#038; Hove Albion en Premier League samedi en raison d&rsquo;un mollet serr\u00e9, selon le","og_url":"https:\/\/footdavant.fr\/actualites\/sean-dyche-explique-labsence-damadou-onana-au-tirage-au-sort-de-brighton-hove-albion\/","og_site_name":"Foot d&#039;avant","article_publisher":"https:\/\/www.facebook.com\/Footdavant\/","article_published_time":"2023-11-09T19:48:46+00:00","article_modified_time":"2023-11-09T19:48:47+00:00","og_image":[{"width":640,"height":480,"url":"https:\/\/footdavant.fr\/actualites\/wp-content\/uploads\/2023\/11\/Sean-Dyche-explique-labsence-dAmadou-Onana-au-tirage-au-sort.JPG","type":"image\/jpeg"}],"author":"Cl\u00e9ment","twitter_card":"summary_large_image","twitter_creator":"@FootdavantFr","twitter_site":"@FootdavantFr","twitter_misc":{"\u00c9crit par":"Cl\u00e9ment","Dur\u00e9e de lecture estim\u00e9e":"3 minutes"},"schema":{"@context":"https:\/\/schema.org","@graph":[{"@type":"Article","@id":"https:\/\/footdavant.fr\/actualites\/sean-dyche-explique-labsence-damadou-onana-au-tirage-au-sort-de-brighton-hove-albion\/#article","isPartOf":{"@id":"https:\/\/footdavant.fr\/actualites\/sean-dyche-explique-labsence-damadou-onana-au-tirage-au-sort-de-brighton-hove-albion\/"},"author":{"name":"Cl\u00e9ment","@id":"https:\/\/footdavant.fr\/actualites\/#\/schema\/person\/bc222566d95871b37e597b3ed3ba5e1d"},"headline":"Sean Dyche explique l&rsquo;absence d&rsquo;Amadou Onana au tirage au sort de Brighton &#038; Hove Albion","datePublished":"2023-11-09T19:48:46+00:00","dateModified":"2023-11-09T19:48:47+00:00","mainEntityOfPage":{"@id":"https:\/\/footdavant.fr\/actualites\/sean-dyche-explique-labsence-damadou-onana-au-tirage-au-sort-de-brighton-hove-albion\/"},"wordCount":521,"publisher":{"@id":"https:\/\/footdavant.fr\/actualites\/#organization"},"keywords":["Albion","Brighton","dAmadou","Dyche","explique","Hove","labsence","Onana","Sean","sort","tirage"],"articleSection":["Premier League"],"inLanguage":"fr-FR"},{"@type":"WebPage","@id":"https:\/\/footdavant.fr\/actualites\/sean-dyche-explique-labsence-damadou-onana-au-tirage-au-sort-de-brighton-hove-albion\/","url":"https:\/\/footdavant.fr\/actualites\/sean-dyche-explique-labsence-damadou-onana-au-tirage-au-sort-de-brighton-hove-albion\/","name":"Sean Dyche explique l'absence d'Amadou Onana au tirage au sort de Brighton & Hove Albion","isPartOf":{"@id":"https:\/\/footdavant.fr\/actualites\/#website"},"datePublished":"2023-11-09T19:48:46+00:00","dateModified":"2023-11-09T19:48:47+00:00","breadcrumb":{"@id":"https:\/\/footdavant.fr\/actualites\/sean-dyche-explique-labsence-damadou-onana-au-tirage-au-sort-de-brighton-hove-albion\/#breadcrumb"},"inLanguage":"fr-FR","potentialAction":[{"@type":"ReadAction","target":["https:\/\/footdavant.fr\/actualites\/sean-dyche-explique-labsence-damadou-onana-au-tirage-au-sort-de-brighton-hove-albion\/"]}]},{"@type":"BreadcrumbList","@id":"https:\/\/footdavant.fr\/actualites\/sean-dyche-explique-labsence-damadou-onana-au-tirage-au-sort-de-brighton-hove-albion\/#breadcrumb","itemListElement":[{"@type":"ListItem","position":1,"name":"Accueil","item":"https:\/\/footdavant.fr\/actualites\/"},{"@type":"ListItem","position":2,"name":"Sean Dyche explique l&rsquo;absence d&rsquo;Amadou Onana au tirage au sort de Brighton &#038; Hove Albion"}]},{"@type":"WebSite","@id":"https:\/\/footdavant.fr\/actualites\/#website","url":"https:\/\/footdavant.fr\/actualites\/","name":"Foot d'avant","description":"","publisher":{"@id":"https:\/\/footdavant.fr\/actualites\/#organization"},"potentialAction":[{"@type":"SearchAction","target":{"@type":"EntryPoint","urlTemplate":"https:\/\/footdavant.fr\/actualites\/?s={search_term_string}"},"query-input":"required name=search_term_string"}],"inLanguage":"fr-FR"},{"@type":"Organization","@id":"https:\/\/footdavant.fr\/actualites\/#organization","name":"Foot d'avant","url":"https:\/\/footdavant.fr\/actualites\/","logo":{"@type":"ImageObject","inLanguage":"fr-FR","@id":"https:\/\/footdavant.fr\/actualites\/#\/schema\/logo\/image\/","url":"https:\/\/footdavant.fr\/actualites\/wp-content\/uploads\/2023\/09\/Copy-of-FootDavant-Logo.png","contentUrl":"https:\/\/footdavant.fr\/actualites\/wp-content\/uploads\/2023\/09\/Copy-of-FootDavant-Logo.png","width":936,"height":549,"caption":"Foot d'avant"},"image":{"@id":"https:\/\/footdavant.fr\/actualites\/#\/schema\/logo\/image\/"},"sameAs":["https:\/\/www.facebook.com\/Footdavant\/","https:\/\/twitter.com\/FootdavantFr","https:\/\/www.instagram.com\/footdavant.fr\/"]},{"@type":"Person","@id":"https:\/\/footdavant.fr\/actualites\/#\/schema\/person\/bc222566d95871b37e597b3ed3ba5e1d","name":"Cl\u00e9ment","image":{"@type":"ImageObject","inLanguage":"fr-FR","@id":"https:\/\/footdavant.fr\/actualites\/#\/schema\/person\/image\/","url":"https:\/\/secure.gravatar.com\/avatar\/7728b29aac2719421e1a9159b2254c44?s=96&d=mm&r=g","contentUrl":"https:\/\/secure.gravatar.com\/avatar\/7728b29aac2719421e1a9159b2254c44?s=96&d=mm&r=g","caption":"Cl\u00e9ment"},"sameAs":["https:\/\/footdavant.fr\/"]}]}},"_links":{"self":[{"href":"https:\/\/footdavant.fr\/actualites\/wp-json\/wp\/v2\/posts\/632"}],"collection":[{"href":"https:\/\/footdavant.fr\/actualites\/wp-json\/wp\/v2\/posts"}],"about":[{"href":"https:\/\/footdavant.fr\/actualites\/wp-json\/wp\/v2\/types\/post"}],"author":[{"embeddable":true,"href":"https:\/\/footdavant.fr\/actualites\/wp-json\/wp\/v2\/users\/1"}],"replies":[{"embeddable":true,"href":"https:\/\/footdavant.fr\/actualites\/wp-json\/wp\/v2\/comments?post=632"}],"version-history":[{"count":1,"href":"https:\/\/footdavant.fr\/actualites\/wp-json\/wp\/v2\/posts\/632\/revisions"}],"predecessor-version":[{"id":634,"href":"https:\/\/footdavant.fr\/actualites\/wp-json\/wp\/v2\/posts\/632\/revisions\/634"}],"wp:featuredmedia":[{"embeddable":true,"href":"https:\/\/footdavant.fr\/actualites\/wp-json\/wp\/v2\/media\/633"}],"wp:attachment":[{"href":"https:\/\/footdavant.fr\/actualites\/wp-json\/wp\/v2\/media?parent=632"}],"wp:term":[{"taxonomy":"category","embeddable":true,"href":"https:\/\/footdavant.fr\/actualites\/wp-json\/wp\/v2\/categories?post=632"},{"taxonomy":"post_tag","embeddable":true,"href":"https:\/\/footdavant.fr\/actualites\/wp-json\/wp\/v2\/tags?post=632"}],"curies":[{"name":"wp","href":"https:\/\/api.w.org\/{rel}","templated":true}]}}