{"id":635,"date":"2023-11-09T21:49:18","date_gmt":"2023-11-09T20:49:18","guid":{"rendered":"https:\/\/footdavant.fr\/actualites\/tyler-herro-absent-plusieurs-semaines-en-raison-dune-blessure-a-la-cheville\/"},"modified":"2023-11-09T21:49:20","modified_gmt":"2023-11-09T20:49:20","slug":"tyler-herro-absent-plusieurs-semaines-en-raison-dune-blessure-a-la-cheville","status":"publish","type":"post","link":"https:\/\/footdavant.fr\/actualites\/tyler-herro-absent-plusieurs-semaines-en-raison-dune-blessure-a-la-cheville\/","title":{"rendered":"Tyler Herro absent plusieurs semaines en raison d&rsquo;une blessure \u00e0 la cheville"},"content":{"rendered":"<div>\n<\/p>\n<blockquote class=\"twitter-tweet\">\n<p dir=\"ltr\" lang=\"en\">Tyler Herro sera absent quelques semaines en raison de sa blessure \u00e0 la cheville.<\/p>\n<p>\u00ab\u00a0J&rsquo;ai entendu des craquements et des fissures dans ma cheville.\u00a0\u00bb<\/p>\n<p>(via <a rel=\"nofollow\" href=\"https:\/\/twitter.com\/IraHeatBeat?ref_src=twsrc%5Etfw\">@IraHeatBeat<\/a> | <a rel=\"nofollow\" href=\"https:\/\/twitter.com\/LegionHoops?ref_src=twsrc%5Etfw\">@L\u00e9gionHoops<\/a> ) <a rel=\"nofollow\" href=\"https:\/\/t.co\/6yFtW6rZaE\">pic.twitter.com\/6yFtW6rZaE<\/a><\/p>\n<p>\u2013 DormeurNBA (@SleeperNBA) <a rel=\"nofollow\" href=\"https:\/\/twitter.com\/SleeperNBA\/status\/1722668391541203263?ref_src=twsrc%5Etfw\">9 novembre 2023<\/a><\/p>\n<\/blockquote>\n<p>Herro a quitt\u00e9 le match \u00e0 la fin du premier quart-temps apr\u00e8s avoir atterri sur le pied de Jaren Jackson Jr apr\u00e8s avoir cherch\u00e9 un flotteur.  Il ne put instantan\u00e9ment mettre aucun poids dessus et sauta vers les vestiaires.  Il n&rsquo;est pas revenu.  Herro a d\u00e9clar\u00e9 avoir entendu \u00ab des craquements et des craquements \u00bb dans sa cheville, ce qui n&rsquo;est jamais bon.  Heureusement, aucun rapport n&rsquo;a fait \u00e9tat d&rsquo;une blessure plus grave qu&rsquo;une entorse, donc quelques semaines de repos et de r\u00e9cup\u00e9ration devraient permettre \u00e0 Herro de revenir sur le terrain.<\/p>\n<\/p>\n<blockquote class=\"twitter-tweet\">\n<p dir=\"ltr\" lang=\"en\">Tyler Herro a \u00e9t\u00e9 exclu pour le reste du match Heat contre Grizzlies de ce soir apr\u00e8s s&rsquo;\u00eatre bless\u00e9 \u00e0 la cheville lors de ce jeu.<a rel=\"nofollow\" href=\"https:\/\/t.co\/ZbpQ0vSrL6\">pic.twitter.com\/ZbpQ0vSrL6<\/a><\/p>\n<p>&#8211; Points d&#8217;embrayage (@ClutchPoints) <a rel=\"nofollow\" href=\"https:\/\/twitter.com\/ClutchPoints\/status\/1722430671639945332?ref_src=twsrc%5Etfw\">9 novembre 2023<\/a><\/p>\n<\/blockquote>\n<p>C&rsquo;est une \u00e9norme perte pour le Miami Heat.  Herro r\u00e9alise tranquillement la meilleure saison de sa jeune carri\u00e8re.  Il atteint en moyenne un sommet en carri\u00e8re en termes de points, de rebonds et de passes d\u00e9cisives par match.  Herro est toujours l&rsquo;un des gardes combo les plus sous-estim\u00e9s de la NBA.  En attendant, le Heat devra s&rsquo;appuyer plus que d&rsquo;habitude sur des joueurs v\u00e9t\u00e9rans comme Kyle Lowry, Jimmy Butler et Bam Adebayo.  D&rsquo;autres joueurs comme Duncan Robinson et la recrue Jamie Jaquez Jr. verront \u00e9galement une augmentation du nombre de courses pour le Miami Heat.<\/p>\n<p>Le Miami Heat est favori pour remporter la division Sud-Est \u00e0 +120 selon les paris sportifs de Floride. <\/p>\n<p>Les Heat \u00e9voluent dans une division Sud-Est quelque peu comp\u00e9titive.  Il semble que la seule autre comp\u00e9tition \u00e0 long terme soit les Hawks d&rsquo;Atlanta, qui affichent une fiche de 4-3.  Le Miami Heat a actuellement une fiche de 4-4 et d\u00e9tient la 7e t\u00eate de s\u00e9rie de la Conf\u00e9rence Est si les s\u00e9ries \u00e9liminatoires commen\u00e7aient aujourd&rsquo;hui.  Reste \u00e0 savoir combien de temps Herro sera absent.  Il est peu probable que nous le voyions avant le mois prochain au plus t\u00f4t.<\/p>\n<\/p><\/div>\n<p><script async src=\"https:\/\/platform.twitter.com\/widgets.js\" charset=\"utf-8\"><\/script><\/p>\n","protected":false},"excerpt":{"rendered":"<p>Tyler Herro sera absent quelques semaines en raison de sa blessure \u00e0 la cheville. \u00ab\u00a0J&rsquo;ai entendu des craquements et des fissures dans ma cheville.\u00a0\u00bb (via<\/p>\n","protected":false},"author":1,"featured_media":636,"comment_status":"closed","ping_status":"","sticky":false,"template":"","format":"standard","meta":{"footnotes":""},"categories":[3],"tags":[803,15,805,183,802,804,182,181,801],"yoast_head":"<!-- This site is optimized with the Yoast SEO plugin v21.0 - https:\/\/yoast.com\/wordpress\/plugins\/seo\/ -->\n<title>Tyler Herro absent plusieurs semaines en raison d&#039;une blessure \u00e0 la cheville<\/title>\n<meta name=\"robots\" content=\"index, follow, max-snippet:-1, max-image-preview:large, max-video-preview:-1\" \/>\n<link rel=\"canonical\" href=\"https:\/\/footdavant.fr\/actualites\/tyler-herro-absent-plusieurs-semaines-en-raison-dune-blessure-a-la-cheville\/\" \/>\n<meta property=\"og:locale\" content=\"fr_FR\" \/>\n<meta property=\"og:type\" content=\"article\" \/>\n<meta property=\"og:title\" content=\"Tyler Herro absent plusieurs semaines en raison d&#039;une blessure \u00e0 la cheville\" \/>\n<meta property=\"og:description\" content=\"Tyler Herro sera absent quelques semaines en raison de sa blessure \u00e0 la cheville. \u00ab\u00a0J&rsquo;ai entendu des craquements et des fissures dans ma cheville.\u00a0\u00bb (via\" \/>\n<meta property=\"og:url\" content=\"https:\/\/footdavant.fr\/actualites\/tyler-herro-absent-plusieurs-semaines-en-raison-dune-blessure-a-la-cheville\/\" \/>\n<meta property=\"og:site_name\" content=\"Foot d&#039;avant\" \/>\n<meta property=\"article:publisher\" content=\"https:\/\/www.facebook.com\/Footdavant\/\" \/>\n<meta property=\"article:published_time\" content=\"2023-11-09T20:49:18+00:00\" \/>\n<meta property=\"article:modified_time\" content=\"2023-11-09T20:49:20+00:00\" \/>\n<meta property=\"og:image\" content=\"https:\/\/footdavant.fr\/actualites\/wp-content\/uploads\/2023\/11\/Tyler-Herro-absent-plusieurs-semaines-en-raison-dune-blessure-a.jpg\" \/>\n\t<meta property=\"og:image:width\" content=\"640\" \/>\n\t<meta property=\"og:image:height\" content=\"427\" \/>\n\t<meta property=\"og:image:type\" content=\"image\/jpeg\" \/>\n<meta name=\"author\" content=\"Cl\u00e9ment\" \/>\n<meta name=\"twitter:card\" content=\"summary_large_image\" \/>\n<meta name=\"twitter:creator\" content=\"@FootdavantFr\" \/>\n<meta name=\"twitter:site\" content=\"@FootdavantFr\" \/>\n<meta name=\"twitter:label1\" content=\"\u00c9crit par\" \/>\n\t<meta name=\"twitter:data1\" content=\"Cl\u00e9ment\" \/>\n\t<meta name=\"twitter:label2\" content=\"Dur\u00e9e de lecture estim\u00e9e\" \/>\n\t<meta name=\"twitter:data2\" content=\"2 minutes\" \/>\n<script type=\"application\/ld+json\" class=\"yoast-schema-graph\">{\"@context\":\"https:\/\/schema.org\",\"@graph\":[{\"@type\":\"Article\",\"@id\":\"https:\/\/footdavant.fr\/actualites\/tyler-herro-absent-plusieurs-semaines-en-raison-dune-blessure-a-la-cheville\/#article\",\"isPartOf\":{\"@id\":\"https:\/\/footdavant.fr\/actualites\/tyler-herro-absent-plusieurs-semaines-en-raison-dune-blessure-a-la-cheville\/\"},\"author\":{\"name\":\"Cl\u00e9ment\",\"@id\":\"https:\/\/footdavant.fr\/actualites\/#\/schema\/person\/bc222566d95871b37e597b3ed3ba5e1d\"},\"headline\":\"Tyler Herro absent plusieurs semaines en raison d&rsquo;une blessure \u00e0 la cheville\",\"datePublished\":\"2023-11-09T20:49:18+00:00\",\"dateModified\":\"2023-11-09T20:49:20+00:00\",\"mainEntityOfPage\":{\"@id\":\"https:\/\/footdavant.fr\/actualites\/tyler-herro-absent-plusieurs-semaines-en-raison-dune-blessure-a-la-cheville\/\"},\"wordCount\":382,\"publisher\":{\"@id\":\"https:\/\/footdavant.fr\/actualites\/#organization\"},\"keywords\":[\"absent\",\"Blessure\",\"cheville\",\"dune\",\"Herro\",\"plusieurs\",\"raison\",\"semaines\",\"Tyler\"],\"articleSection\":[\"Football\"],\"inLanguage\":\"fr-FR\"},{\"@type\":\"WebPage\",\"@id\":\"https:\/\/footdavant.fr\/actualites\/tyler-herro-absent-plusieurs-semaines-en-raison-dune-blessure-a-la-cheville\/\",\"url\":\"https:\/\/footdavant.fr\/actualites\/tyler-herro-absent-plusieurs-semaines-en-raison-dune-blessure-a-la-cheville\/\",\"name\":\"Tyler Herro absent plusieurs semaines en raison d'une blessure \u00e0 la cheville\",\"isPartOf\":{\"@id\":\"https:\/\/footdavant.fr\/actualites\/#website\"},\"datePublished\":\"2023-11-09T20:49:18+00:00\",\"dateModified\":\"2023-11-09T20:49:20+00:00\",\"breadcrumb\":{\"@id\":\"https:\/\/footdavant.fr\/actualites\/tyler-herro-absent-plusieurs-semaines-en-raison-dune-blessure-a-la-cheville\/#breadcrumb\"},\"inLanguage\":\"fr-FR\",\"potentialAction\":[{\"@type\":\"ReadAction\",\"target\":[\"https:\/\/footdavant.fr\/actualites\/tyler-herro-absent-plusieurs-semaines-en-raison-dune-blessure-a-la-cheville\/\"]}]},{\"@type\":\"BreadcrumbList\",\"@id\":\"https:\/\/footdavant.fr\/actualites\/tyler-herro-absent-plusieurs-semaines-en-raison-dune-blessure-a-la-cheville\/#breadcrumb\",\"itemListElement\":[{\"@type\":\"ListItem\",\"position\":1,\"name\":\"Accueil\",\"item\":\"https:\/\/footdavant.fr\/actualites\/\"},{\"@type\":\"ListItem\",\"position\":2,\"name\":\"Tyler Herro absent plusieurs semaines en raison d&rsquo;une blessure \u00e0 la cheville\"}]},{\"@type\":\"WebSite\",\"@id\":\"https:\/\/footdavant.fr\/actualites\/#website\",\"url\":\"https:\/\/footdavant.fr\/actualites\/\",\"name\":\"Foot d'avant\",\"description\":\"\",\"publisher\":{\"@id\":\"https:\/\/footdavant.fr\/actualites\/#organization\"},\"potentialAction\":[{\"@type\":\"SearchAction\",\"target\":{\"@type\":\"EntryPoint\",\"urlTemplate\":\"https:\/\/footdavant.fr\/actualites\/?s={search_term_string}\"},\"query-input\":\"required name=search_term_string\"}],\"inLanguage\":\"fr-FR\"},{\"@type\":\"Organization\",\"@id\":\"https:\/\/footdavant.fr\/actualites\/#organization\",\"name\":\"Foot d'avant\",\"url\":\"https:\/\/footdavant.fr\/actualites\/\",\"logo\":{\"@type\":\"ImageObject\",\"inLanguage\":\"fr-FR\",\"@id\":\"https:\/\/footdavant.fr\/actualites\/#\/schema\/logo\/image\/\",\"url\":\"https:\/\/footdavant.fr\/actualites\/wp-content\/uploads\/2023\/09\/Copy-of-FootDavant-Logo.png\",\"contentUrl\":\"https:\/\/footdavant.fr\/actualites\/wp-content\/uploads\/2023\/09\/Copy-of-FootDavant-Logo.png\",\"width\":936,\"height\":549,\"caption\":\"Foot d'avant\"},\"image\":{\"@id\":\"https:\/\/footdavant.fr\/actualites\/#\/schema\/logo\/image\/\"},\"sameAs\":[\"https:\/\/www.facebook.com\/Footdavant\/\",\"https:\/\/twitter.com\/FootdavantFr\",\"https:\/\/www.instagram.com\/footdavant.fr\/\"]},{\"@type\":\"Person\",\"@id\":\"https:\/\/footdavant.fr\/actualites\/#\/schema\/person\/bc222566d95871b37e597b3ed3ba5e1d\",\"name\":\"Cl\u00e9ment\",\"image\":{\"@type\":\"ImageObject\",\"inLanguage\":\"fr-FR\",\"@id\":\"https:\/\/footdavant.fr\/actualites\/#\/schema\/person\/image\/\",\"url\":\"https:\/\/secure.gravatar.com\/avatar\/7728b29aac2719421e1a9159b2254c44?s=96&d=mm&r=g\",\"contentUrl\":\"https:\/\/secure.gravatar.com\/avatar\/7728b29aac2719421e1a9159b2254c44?s=96&d=mm&r=g\",\"caption\":\"Cl\u00e9ment\"},\"sameAs\":[\"https:\/\/footdavant.fr\/\"]}]}<\/script>\n<!-- \/ Yoast SEO plugin. -->","yoast_head_json":{"title":"Tyler Herro absent plusieurs semaines en raison d'une blessure \u00e0 la cheville","robots":{"index":"index","follow":"follow","max-snippet":"max-snippet:-1","max-image-preview":"max-image-preview:large","max-video-preview":"max-video-preview:-1"},"canonical":"https:\/\/footdavant.fr\/actualites\/tyler-herro-absent-plusieurs-semaines-en-raison-dune-blessure-a-la-cheville\/","og_locale":"fr_FR","og_type":"article","og_title":"Tyler Herro absent plusieurs semaines en raison d'une blessure \u00e0 la cheville","og_description":"Tyler Herro sera absent quelques semaines en raison de sa blessure \u00e0 la cheville. \u00ab\u00a0J&rsquo;ai entendu des craquements et des fissures dans ma cheville.\u00a0\u00bb (via","og_url":"https:\/\/footdavant.fr\/actualites\/tyler-herro-absent-plusieurs-semaines-en-raison-dune-blessure-a-la-cheville\/","og_site_name":"Foot d&#039;avant","article_publisher":"https:\/\/www.facebook.com\/Footdavant\/","article_published_time":"2023-11-09T20:49:18+00:00","article_modified_time":"2023-11-09T20:49:20+00:00","og_image":[{"width":640,"height":427,"url":"https:\/\/footdavant.fr\/actualites\/wp-content\/uploads\/2023\/11\/Tyler-Herro-absent-plusieurs-semaines-en-raison-dune-blessure-a.jpg","type":"image\/jpeg"}],"author":"Cl\u00e9ment","twitter_card":"summary_large_image","twitter_creator":"@FootdavantFr","twitter_site":"@FootdavantFr","twitter_misc":{"\u00c9crit par":"Cl\u00e9ment","Dur\u00e9e de lecture estim\u00e9e":"2 minutes"},"schema":{"@context":"https:\/\/schema.org","@graph":[{"@type":"Article","@id":"https:\/\/footdavant.fr\/actualites\/tyler-herro-absent-plusieurs-semaines-en-raison-dune-blessure-a-la-cheville\/#article","isPartOf":{"@id":"https:\/\/footdavant.fr\/actualites\/tyler-herro-absent-plusieurs-semaines-en-raison-dune-blessure-a-la-cheville\/"},"author":{"name":"Cl\u00e9ment","@id":"https:\/\/footdavant.fr\/actualites\/#\/schema\/person\/bc222566d95871b37e597b3ed3ba5e1d"},"headline":"Tyler Herro absent plusieurs semaines en raison d&rsquo;une blessure \u00e0 la cheville","datePublished":"2023-11-09T20:49:18+00:00","dateModified":"2023-11-09T20:49:20+00:00","mainEntityOfPage":{"@id":"https:\/\/footdavant.fr\/actualites\/tyler-herro-absent-plusieurs-semaines-en-raison-dune-blessure-a-la-cheville\/"},"wordCount":382,"publisher":{"@id":"https:\/\/footdavant.fr\/actualites\/#organization"},"keywords":["absent","Blessure","cheville","dune","Herro","plusieurs","raison","semaines","Tyler"],"articleSection":["Football"],"inLanguage":"fr-FR"},{"@type":"WebPage","@id":"https:\/\/footdavant.fr\/actualites\/tyler-herro-absent-plusieurs-semaines-en-raison-dune-blessure-a-la-cheville\/","url":"https:\/\/footdavant.fr\/actualites\/tyler-herro-absent-plusieurs-semaines-en-raison-dune-blessure-a-la-cheville\/","name":"Tyler Herro absent plusieurs semaines en raison d'une blessure \u00e0 la cheville","isPartOf":{"@id":"https:\/\/footdavant.fr\/actualites\/#website"},"datePublished":"2023-11-09T20:49:18+00:00","dateModified":"2023-11-09T20:49:20+00:00","breadcrumb":{"@id":"https:\/\/footdavant.fr\/actualites\/tyler-herro-absent-plusieurs-semaines-en-raison-dune-blessure-a-la-cheville\/#breadcrumb"},"inLanguage":"fr-FR","potentialAction":[{"@type":"ReadAction","target":["https:\/\/footdavant.fr\/actualites\/tyler-herro-absent-plusieurs-semaines-en-raison-dune-blessure-a-la-cheville\/"]}]},{"@type":"BreadcrumbList","@id":"https:\/\/footdavant.fr\/actualites\/tyler-herro-absent-plusieurs-semaines-en-raison-dune-blessure-a-la-cheville\/#breadcrumb","itemListElement":[{"@type":"ListItem","position":1,"name":"Accueil","item":"https:\/\/footdavant.fr\/actualites\/"},{"@type":"ListItem","position":2,"name":"Tyler Herro absent plusieurs semaines en raison d&rsquo;une blessure \u00e0 la cheville"}]},{"@type":"WebSite","@id":"https:\/\/footdavant.fr\/actualites\/#website","url":"https:\/\/footdavant.fr\/actualites\/","name":"Foot d'avant","description":"","publisher":{"@id":"https:\/\/footdavant.fr\/actualites\/#organization"},"potentialAction":[{"@type":"SearchAction","target":{"@type":"EntryPoint","urlTemplate":"https:\/\/footdavant.fr\/actualites\/?s={search_term_string}"},"query-input":"required name=search_term_string"}],"inLanguage":"fr-FR"},{"@type":"Organization","@id":"https:\/\/footdavant.fr\/actualites\/#organization","name":"Foot d'avant","url":"https:\/\/footdavant.fr\/actualites\/","logo":{"@type":"ImageObject","inLanguage":"fr-FR","@id":"https:\/\/footdavant.fr\/actualites\/#\/schema\/logo\/image\/","url":"https:\/\/footdavant.fr\/actualites\/wp-content\/uploads\/2023\/09\/Copy-of-FootDavant-Logo.png","contentUrl":"https:\/\/footdavant.fr\/actualites\/wp-content\/uploads\/2023\/09\/Copy-of-FootDavant-Logo.png","width":936,"height":549,"caption":"Foot d'avant"},"image":{"@id":"https:\/\/footdavant.fr\/actualites\/#\/schema\/logo\/image\/"},"sameAs":["https:\/\/www.facebook.com\/Footdavant\/","https:\/\/twitter.com\/FootdavantFr","https:\/\/www.instagram.com\/footdavant.fr\/"]},{"@type":"Person","@id":"https:\/\/footdavant.fr\/actualites\/#\/schema\/person\/bc222566d95871b37e597b3ed3ba5e1d","name":"Cl\u00e9ment","image":{"@type":"ImageObject","inLanguage":"fr-FR","@id":"https:\/\/footdavant.fr\/actualites\/#\/schema\/person\/image\/","url":"https:\/\/secure.gravatar.com\/avatar\/7728b29aac2719421e1a9159b2254c44?s=96&d=mm&r=g","contentUrl":"https:\/\/secure.gravatar.com\/avatar\/7728b29aac2719421e1a9159b2254c44?s=96&d=mm&r=g","caption":"Cl\u00e9ment"},"sameAs":["https:\/\/footdavant.fr\/"]}]}},"_links":{"self":[{"href":"https:\/\/footdavant.fr\/actualites\/wp-json\/wp\/v2\/posts\/635"}],"collection":[{"href":"https:\/\/footdavant.fr\/actualites\/wp-json\/wp\/v2\/posts"}],"about":[{"href":"https:\/\/footdavant.fr\/actualites\/wp-json\/wp\/v2\/types\/post"}],"author":[{"embeddable":true,"href":"https:\/\/footdavant.fr\/actualites\/wp-json\/wp\/v2\/users\/1"}],"replies":[{"embeddable":true,"href":"https:\/\/footdavant.fr\/actualites\/wp-json\/wp\/v2\/comments?post=635"}],"version-history":[{"count":1,"href":"https:\/\/footdavant.fr\/actualites\/wp-json\/wp\/v2\/posts\/635\/revisions"}],"predecessor-version":[{"id":637,"href":"https:\/\/footdavant.fr\/actualites\/wp-json\/wp\/v2\/posts\/635\/revisions\/637"}],"wp:featuredmedia":[{"embeddable":true,"href":"https:\/\/footdavant.fr\/actualites\/wp-json\/wp\/v2\/media\/636"}],"wp:attachment":[{"href":"https:\/\/footdavant.fr\/actualites\/wp-json\/wp\/v2\/media?parent=635"}],"wp:term":[{"taxonomy":"category","embeddable":true,"href":"https:\/\/footdavant.fr\/actualites\/wp-json\/wp\/v2\/categories?post=635"},{"taxonomy":"post_tag","embeddable":true,"href":"https:\/\/footdavant.fr\/actualites\/wp-json\/wp\/v2\/tags?post=635"}],"curies":[{"name":"wp","href":"https:\/\/api.w.org\/{rel}","templated":true}]}}