{"id":6388,"date":"2024-03-18T05:48:26","date_gmt":"2024-03-18T04:48:26","guid":{"rendered":"https:\/\/footdavant.fr\/actualites\/seville-garde-un-oeil-sur-lattaquant-de-chelsea-et-david-datro-fofana-prete-par-burnley\/"},"modified":"2024-03-18T05:48:26","modified_gmt":"2024-03-18T04:48:26","slug":"seville-garde-un-oeil-sur-lattaquant-de-chelsea-et-david-datro-fofana-prete-par-burnley","status":"publish","type":"post","link":"https:\/\/footdavant.fr\/actualites\/seville-garde-un-oeil-sur-lattaquant-de-chelsea-et-david-datro-fofana-prete-par-burnley\/","title":{"rendered":"S\u00e9ville \u00ab\u00a0garde un \u0153il sur l&rsquo;attaquant de Chelsea et David Datro Fofana, pr\u00eat\u00e9 par Burnley\u00a0\u00bb"},"content":{"rendered":"<p>S\u00e9ville garderait un \u0153il sur l&rsquo;attaquant de Chelsea David Datro Fofana, le joueur de 21 ans \u00e9tant actuellement pr\u00eat\u00e9 \u00e0 Burnley, un lutteur de Premier League.<\/p>\n<div id=\"article_body\" itemprop=\"articleBody\">\n<h3 class=\"firstPara\">\n<strong class=\"autotag\">S\u00e9ville<\/strong> seraient int\u00e9ress\u00e9s \u00e0 signer <strong class=\"autotag\">Chelsea<\/strong> le buteur <strong class=\"autotag\">David Datro Fofana<\/strong>qui est actuellement pr\u00eat\u00e9 aux lutteurs de Premier League <strong class=\"autotag\">Burnley<\/strong>.<\/h3>\n<p>Le joueur de 21 ans a quitt\u00e9 Stamford Bridge pour Turf Moor lors du mercato de janvier, dans l&rsquo;espoir d&rsquo;augmenter les chances des Clarets d&rsquo;\u00e9viter un retour imm\u00e9diat au championnat.<\/p>\n<p>Le transfert de Fofana dans le Lancashire a \u00e9t\u00e9 facilit\u00e9 \u00e0 la suite d&rsquo;une p\u00e9riode temporaire d\u00e9licate chez l&rsquo;Union Berlin, en difficult\u00e9 en Bundesliga, au cours de la premi\u00e8re moiti\u00e9 de la campagne 2023-24.<\/p>\n<p>Malgr\u00e9 cela, l&rsquo;Ivoirien a r\u00e9ussi \u00e0 participer \u00e0 quatre reprises \u00e0 la Ligue des champions pour le club de la capitale, marquant lors du match nul 1-1 contre le champion de Serie A Naples le 8 novembre.<\/p>\n<p>Selon <em>Stade Deportivo<\/em>S\u00e9ville garde un \u0153il sur la disponibilit\u00e9 de Fofana avant le mercato estival.<\/p>\n<p class=\"imgI\">\n<p>Le rapport affirme que <strong class=\"autotag\">Quique S\u00e1nchez Flores<\/strong>Les hommes de &lsquo;s \u00e9taient int\u00e9ress\u00e9s \u00e0 s&rsquo;assurer les services de l&rsquo;attaquant pendant la fen\u00eatre de janvier, mais une r\u00e8gle de la Premier League a emp\u00each\u00e9 une telle d\u00e9cision.<\/p>\n<p>Clubs anglais de haut niveau &#8211; dont <strong class=\"autotag\">Mauricio Pochettino<\/strong>Chelsea &#8211; sont limit\u00e9s au nombre de joueurs qu&rsquo;ils peuvent envoyer en pr\u00eat \u00e0 des \u00e9quipes \u00e9trang\u00e8res.<\/p>\n<p><strong class=\"autotag\">Vincent Kompany<\/strong>L&rsquo;\u00e9quipe de S\u00e9ville n&rsquo;a pas tard\u00e9 \u00e0 profiter de ce r\u00e8glement et a battu des \u00e9quipes comme S\u00e9ville gr\u00e2ce \u00e0 la signature de Fofana pour le reste de la l\u00e9gislature en cours.<\/p>\n<p>Il est entendu qu&rsquo;il n&rsquo;y a pas de clause d&rsquo;option d&rsquo;achat dans l&rsquo;accord de Burnley avec Chelsea pour le joueur de 21 ans, ce qui signifie que son avenir apr\u00e8s ce mandat se situe probablement loin de Turf Moor.<\/p>\n<p>Avec les troupes de Kompany actuellement 19\u00e8mes au classement de Premier League et avec 10 points de s\u00e9curit\u00e9 \u00e0 10 matches de la fin, il n&rsquo;est pas pr\u00e9vu que Fofana reste au-del\u00e0 de la fin de la campagne.<\/p>\n<p class=\"imgI\"><img decoding=\"async\" loading=\"lazy\" class=\"l\" src=\"https:\/\/footdavant.fr\/actualites\/wp-content\/uploads\/2024\/03\/1710737306_556_Seville-garde-un-oeil-sur-lattaquant-de-Chelsea-et-David.jpg\" title=\"David Datro Fofana, Sander Berge, Wilson Odobert et leurs co\u00e9quipiers de Burnley c\u00e9l\u00e8brent apr\u00e8s le match du 2 f\u00e9vrier 2024\" alt=\"David Datro Fofana, Sander Berge, Wilson Odobert et leurs co\u00e9quipiers de Burnley c\u00e9l\u00e8brent apr\u00e8s le match du 2 f\u00e9vrier 2024\" width=\"640\" height=\"480\"><\/p>\n<p>En vue d&rsquo;une nouvelle place en milieu de tableau de la Liga, S\u00e9ville aurait fait de l&rsquo;acquisition d&rsquo;un nouvel attaquant une priorit\u00e9 absolue avant 2024-25, avec un talisman <strong class=\"autotag\">Youssef En-Nesyri<\/strong> li\u00e9 \u00e0 un \u00e9loignement de l\u2019Estadio Ramon Sanchez Pizjuan.<\/p>\n<p>Fofana est sous contrat \u00e0 Chelsea jusqu&rsquo;\u00e0 l&rsquo;\u00e9t\u00e9 2029, mais a du mal \u00e0 trouver des opportunit\u00e9s en \u00e9quipe premi\u00e8re depuis son arriv\u00e9e du club norv\u00e9gien de Molde en d\u00e9cembre 2022.<\/p>\n<p>Bien que Burnley n&rsquo;ait remport\u00e9 aucun match depuis l&rsquo;arriv\u00e9e de l&rsquo;Ivoirien en janvier, Fofana a produit devant le but, marquant trois fois en sept matches de Premier League.<\/p>\n<p>La plus r\u00e9cente de ces frappes est arriv\u00e9e au stade de Londres dimanche apr\u00e8s-midi, alors que les Clarets ont mis fin \u00e0 une s\u00e9quence de quatre d\u00e9faites cons\u00e9cutives pour gagner un point. <strong class=\"autotag\">Moyes David<\/strong>de West Ham United lors d&rsquo;un match nul 2-2.<\/p>\n<\/div>\n","protected":false},"excerpt":{"rendered":"<p>S\u00e9ville garderait un \u0153il sur l&rsquo;attaquant de Chelsea David Datro Fofana, le joueur de 21 ans \u00e9tant actuellement pr\u00eat\u00e9 \u00e0 Burnley, un lutteur de Premier<\/p>\n","protected":false},"author":1,"featured_media":6389,"comment_status":"closed","ping_status":"","sticky":false,"template":"","format":"standard","meta":{"footnotes":""},"categories":[5],"tags":[541,171,4164,342,1351,205,427,206,75,1602,214,103],"yoast_head":"<!-- This site is optimized with the Yoast SEO plugin v21.0 - https:\/\/yoast.com\/wordpress\/plugins\/seo\/ -->\n<title>S\u00e9ville &quot;garde un \u0153il sur l&#039;attaquant de Chelsea et David Datro Fofana, pr\u00eat\u00e9 par Burnley&quot;<\/title>\n<meta name=\"robots\" content=\"index, follow, max-snippet:-1, max-image-preview:large, max-video-preview:-1\" \/>\n<link rel=\"canonical\" href=\"https:\/\/footdavant.fr\/actualites\/seville-garde-un-oeil-sur-lattaquant-de-chelsea-et-david-datro-fofana-prete-par-burnley\/\" \/>\n<meta property=\"og:locale\" content=\"fr_FR\" \/>\n<meta property=\"og:type\" content=\"article\" \/>\n<meta property=\"og:title\" content=\"S\u00e9ville &quot;garde un \u0153il sur l&#039;attaquant de Chelsea et David Datro Fofana, pr\u00eat\u00e9 par Burnley&quot;\" \/>\n<meta property=\"og:description\" content=\"S\u00e9ville garderait un \u0153il sur l&rsquo;attaquant de Chelsea David Datro Fofana, le joueur de 21 ans \u00e9tant actuellement pr\u00eat\u00e9 \u00e0 Burnley, un lutteur de Premier\" \/>\n<meta property=\"og:url\" content=\"https:\/\/footdavant.fr\/actualites\/seville-garde-un-oeil-sur-lattaquant-de-chelsea-et-david-datro-fofana-prete-par-burnley\/\" \/>\n<meta property=\"og:site_name\" content=\"Foot d&#039;avant\" \/>\n<meta property=\"article:publisher\" content=\"https:\/\/www.facebook.com\/Footdavant\/\" \/>\n<meta property=\"article:published_time\" content=\"2024-03-18T04:48:26+00:00\" \/>\n<meta property=\"og:image\" content=\"https:\/\/footdavant.fr\/actualites\/wp-content\/uploads\/2024\/03\/Seville-garde-un-oeil-sur-lattaquant-de-Chelsea-et-David.jpg\" \/>\n\t<meta property=\"og:image:width\" content=\"640\" \/>\n\t<meta property=\"og:image:height\" content=\"480\" \/>\n\t<meta property=\"og:image:type\" content=\"image\/jpeg\" \/>\n<meta name=\"author\" content=\"Cl\u00e9ment\" \/>\n<meta name=\"twitter:card\" content=\"summary_large_image\" \/>\n<meta name=\"twitter:creator\" content=\"@FootdavantFr\" \/>\n<meta name=\"twitter:site\" content=\"@FootdavantFr\" \/>\n<meta name=\"twitter:label1\" content=\"\u00c9crit par\" \/>\n\t<meta name=\"twitter:data1\" content=\"Cl\u00e9ment\" \/>\n\t<meta name=\"twitter:label2\" content=\"Dur\u00e9e de lecture estim\u00e9e\" \/>\n\t<meta name=\"twitter:data2\" content=\"2 minutes\" \/>\n<script type=\"application\/ld+json\" class=\"yoast-schema-graph\">{\"@context\":\"https:\/\/schema.org\",\"@graph\":[{\"@type\":\"Article\",\"@id\":\"https:\/\/footdavant.fr\/actualites\/seville-garde-un-oeil-sur-lattaquant-de-chelsea-et-david-datro-fofana-prete-par-burnley\/#article\",\"isPartOf\":{\"@id\":\"https:\/\/footdavant.fr\/actualites\/seville-garde-un-oeil-sur-lattaquant-de-chelsea-et-david-datro-fofana-prete-par-burnley\/\"},\"author\":{\"name\":\"Cl\u00e9ment\",\"@id\":\"https:\/\/footdavant.fr\/actualites\/#\/schema\/person\/bc222566d95871b37e597b3ed3ba5e1d\"},\"headline\":\"S\u00e9ville \u00ab\u00a0garde un \u0153il sur l&rsquo;attaquant de Chelsea et David Datro Fofana, pr\u00eat\u00e9 par Burnley\u00a0\u00bb\",\"datePublished\":\"2024-03-18T04:48:26+00:00\",\"dateModified\":\"2024-03-18T04:48:26+00:00\",\"mainEntityOfPage\":{\"@id\":\"https:\/\/footdavant.fr\/actualites\/seville-garde-un-oeil-sur-lattaquant-de-chelsea-et-david-datro-fofana-prete-par-burnley\/\"},\"wordCount\":513,\"publisher\":{\"@id\":\"https:\/\/footdavant.fr\/actualites\/#organization\"},\"keywords\":[\"Burnley\",\"Chelsea\",\"Datro\",\"David\",\"Fofana\",\"garde\",\"lattaquant\",\"\u0153il\",\"par\",\"pr\u00eat\u00e9\",\"S\u00e9ville\",\"sur\"],\"articleSection\":[\"Premier League\"],\"inLanguage\":\"fr-FR\"},{\"@type\":\"WebPage\",\"@id\":\"https:\/\/footdavant.fr\/actualites\/seville-garde-un-oeil-sur-lattaquant-de-chelsea-et-david-datro-fofana-prete-par-burnley\/\",\"url\":\"https:\/\/footdavant.fr\/actualites\/seville-garde-un-oeil-sur-lattaquant-de-chelsea-et-david-datro-fofana-prete-par-burnley\/\",\"name\":\"S\u00e9ville \\\"garde un \u0153il sur l'attaquant de Chelsea et David Datro Fofana, pr\u00eat\u00e9 par Burnley\\\"\",\"isPartOf\":{\"@id\":\"https:\/\/footdavant.fr\/actualites\/#website\"},\"datePublished\":\"2024-03-18T04:48:26+00:00\",\"dateModified\":\"2024-03-18T04:48:26+00:00\",\"breadcrumb\":{\"@id\":\"https:\/\/footdavant.fr\/actualites\/seville-garde-un-oeil-sur-lattaquant-de-chelsea-et-david-datro-fofana-prete-par-burnley\/#breadcrumb\"},\"inLanguage\":\"fr-FR\",\"potentialAction\":[{\"@type\":\"ReadAction\",\"target\":[\"https:\/\/footdavant.fr\/actualites\/seville-garde-un-oeil-sur-lattaquant-de-chelsea-et-david-datro-fofana-prete-par-burnley\/\"]}]},{\"@type\":\"BreadcrumbList\",\"@id\":\"https:\/\/footdavant.fr\/actualites\/seville-garde-un-oeil-sur-lattaquant-de-chelsea-et-david-datro-fofana-prete-par-burnley\/#breadcrumb\",\"itemListElement\":[{\"@type\":\"ListItem\",\"position\":1,\"name\":\"Accueil\",\"item\":\"https:\/\/footdavant.fr\/actualites\/\"},{\"@type\":\"ListItem\",\"position\":2,\"name\":\"S\u00e9ville \u00ab\u00a0garde un \u0153il sur l&rsquo;attaquant de Chelsea et David Datro Fofana, pr\u00eat\u00e9 par Burnley\u00a0\u00bb\"}]},{\"@type\":\"WebSite\",\"@id\":\"https:\/\/footdavant.fr\/actualites\/#website\",\"url\":\"https:\/\/footdavant.fr\/actualites\/\",\"name\":\"Foot d'avant\",\"description\":\"\",\"publisher\":{\"@id\":\"https:\/\/footdavant.fr\/actualites\/#organization\"},\"potentialAction\":[{\"@type\":\"SearchAction\",\"target\":{\"@type\":\"EntryPoint\",\"urlTemplate\":\"https:\/\/footdavant.fr\/actualites\/?s={search_term_string}\"},\"query-input\":\"required name=search_term_string\"}],\"inLanguage\":\"fr-FR\"},{\"@type\":\"Organization\",\"@id\":\"https:\/\/footdavant.fr\/actualites\/#organization\",\"name\":\"Foot d'avant\",\"url\":\"https:\/\/footdavant.fr\/actualites\/\",\"logo\":{\"@type\":\"ImageObject\",\"inLanguage\":\"fr-FR\",\"@id\":\"https:\/\/footdavant.fr\/actualites\/#\/schema\/logo\/image\/\",\"url\":\"https:\/\/footdavant.fr\/actualites\/wp-content\/uploads\/2023\/09\/Copy-of-FootDavant-Logo.png\",\"contentUrl\":\"https:\/\/footdavant.fr\/actualites\/wp-content\/uploads\/2023\/09\/Copy-of-FootDavant-Logo.png\",\"width\":936,\"height\":549,\"caption\":\"Foot d'avant\"},\"image\":{\"@id\":\"https:\/\/footdavant.fr\/actualites\/#\/schema\/logo\/image\/\"},\"sameAs\":[\"https:\/\/www.facebook.com\/Footdavant\/\",\"https:\/\/twitter.com\/FootdavantFr\",\"https:\/\/www.instagram.com\/footdavant.fr\/\"]},{\"@type\":\"Person\",\"@id\":\"https:\/\/footdavant.fr\/actualites\/#\/schema\/person\/bc222566d95871b37e597b3ed3ba5e1d\",\"name\":\"Cl\u00e9ment\",\"image\":{\"@type\":\"ImageObject\",\"inLanguage\":\"fr-FR\",\"@id\":\"https:\/\/footdavant.fr\/actualites\/#\/schema\/person\/image\/\",\"url\":\"https:\/\/secure.gravatar.com\/avatar\/7728b29aac2719421e1a9159b2254c44?s=96&d=mm&r=g\",\"contentUrl\":\"https:\/\/secure.gravatar.com\/avatar\/7728b29aac2719421e1a9159b2254c44?s=96&d=mm&r=g\",\"caption\":\"Cl\u00e9ment\"},\"sameAs\":[\"https:\/\/footdavant.fr\/\"]}]}<\/script>\n<!-- \/ Yoast SEO plugin. -->","yoast_head_json":{"title":"S\u00e9ville \"garde un \u0153il sur l'attaquant de Chelsea et David Datro Fofana, pr\u00eat\u00e9 par Burnley\"","robots":{"index":"index","follow":"follow","max-snippet":"max-snippet:-1","max-image-preview":"max-image-preview:large","max-video-preview":"max-video-preview:-1"},"canonical":"https:\/\/footdavant.fr\/actualites\/seville-garde-un-oeil-sur-lattaquant-de-chelsea-et-david-datro-fofana-prete-par-burnley\/","og_locale":"fr_FR","og_type":"article","og_title":"S\u00e9ville \"garde un \u0153il sur l'attaquant de Chelsea et David Datro Fofana, pr\u00eat\u00e9 par Burnley\"","og_description":"S\u00e9ville garderait un \u0153il sur l&rsquo;attaquant de Chelsea David Datro Fofana, le joueur de 21 ans \u00e9tant actuellement pr\u00eat\u00e9 \u00e0 Burnley, un lutteur de Premier","og_url":"https:\/\/footdavant.fr\/actualites\/seville-garde-un-oeil-sur-lattaquant-de-chelsea-et-david-datro-fofana-prete-par-burnley\/","og_site_name":"Foot d&#039;avant","article_publisher":"https:\/\/www.facebook.com\/Footdavant\/","article_published_time":"2024-03-18T04:48:26+00:00","og_image":[{"width":640,"height":480,"url":"https:\/\/footdavant.fr\/actualites\/wp-content\/uploads\/2024\/03\/Seville-garde-un-oeil-sur-lattaquant-de-Chelsea-et-David.jpg","type":"image\/jpeg"}],"author":"Cl\u00e9ment","twitter_card":"summary_large_image","twitter_creator":"@FootdavantFr","twitter_site":"@FootdavantFr","twitter_misc":{"\u00c9crit par":"Cl\u00e9ment","Dur\u00e9e de lecture estim\u00e9e":"2 minutes"},"schema":{"@context":"https:\/\/schema.org","@graph":[{"@type":"Article","@id":"https:\/\/footdavant.fr\/actualites\/seville-garde-un-oeil-sur-lattaquant-de-chelsea-et-david-datro-fofana-prete-par-burnley\/#article","isPartOf":{"@id":"https:\/\/footdavant.fr\/actualites\/seville-garde-un-oeil-sur-lattaquant-de-chelsea-et-david-datro-fofana-prete-par-burnley\/"},"author":{"name":"Cl\u00e9ment","@id":"https:\/\/footdavant.fr\/actualites\/#\/schema\/person\/bc222566d95871b37e597b3ed3ba5e1d"},"headline":"S\u00e9ville \u00ab\u00a0garde un \u0153il sur l&rsquo;attaquant de Chelsea et David Datro Fofana, pr\u00eat\u00e9 par Burnley\u00a0\u00bb","datePublished":"2024-03-18T04:48:26+00:00","dateModified":"2024-03-18T04:48:26+00:00","mainEntityOfPage":{"@id":"https:\/\/footdavant.fr\/actualites\/seville-garde-un-oeil-sur-lattaquant-de-chelsea-et-david-datro-fofana-prete-par-burnley\/"},"wordCount":513,"publisher":{"@id":"https:\/\/footdavant.fr\/actualites\/#organization"},"keywords":["Burnley","Chelsea","Datro","David","Fofana","garde","lattaquant","\u0153il","par","pr\u00eat\u00e9","S\u00e9ville","sur"],"articleSection":["Premier League"],"inLanguage":"fr-FR"},{"@type":"WebPage","@id":"https:\/\/footdavant.fr\/actualites\/seville-garde-un-oeil-sur-lattaquant-de-chelsea-et-david-datro-fofana-prete-par-burnley\/","url":"https:\/\/footdavant.fr\/actualites\/seville-garde-un-oeil-sur-lattaquant-de-chelsea-et-david-datro-fofana-prete-par-burnley\/","name":"S\u00e9ville \"garde un \u0153il sur l'attaquant de Chelsea et David Datro Fofana, pr\u00eat\u00e9 par Burnley\"","isPartOf":{"@id":"https:\/\/footdavant.fr\/actualites\/#website"},"datePublished":"2024-03-18T04:48:26+00:00","dateModified":"2024-03-18T04:48:26+00:00","breadcrumb":{"@id":"https:\/\/footdavant.fr\/actualites\/seville-garde-un-oeil-sur-lattaquant-de-chelsea-et-david-datro-fofana-prete-par-burnley\/#breadcrumb"},"inLanguage":"fr-FR","potentialAction":[{"@type":"ReadAction","target":["https:\/\/footdavant.fr\/actualites\/seville-garde-un-oeil-sur-lattaquant-de-chelsea-et-david-datro-fofana-prete-par-burnley\/"]}]},{"@type":"BreadcrumbList","@id":"https:\/\/footdavant.fr\/actualites\/seville-garde-un-oeil-sur-lattaquant-de-chelsea-et-david-datro-fofana-prete-par-burnley\/#breadcrumb","itemListElement":[{"@type":"ListItem","position":1,"name":"Accueil","item":"https:\/\/footdavant.fr\/actualites\/"},{"@type":"ListItem","position":2,"name":"S\u00e9ville \u00ab\u00a0garde un \u0153il sur l&rsquo;attaquant de Chelsea et David Datro Fofana, pr\u00eat\u00e9 par Burnley\u00a0\u00bb"}]},{"@type":"WebSite","@id":"https:\/\/footdavant.fr\/actualites\/#website","url":"https:\/\/footdavant.fr\/actualites\/","name":"Foot d'avant","description":"","publisher":{"@id":"https:\/\/footdavant.fr\/actualites\/#organization"},"potentialAction":[{"@type":"SearchAction","target":{"@type":"EntryPoint","urlTemplate":"https:\/\/footdavant.fr\/actualites\/?s={search_term_string}"},"query-input":"required name=search_term_string"}],"inLanguage":"fr-FR"},{"@type":"Organization","@id":"https:\/\/footdavant.fr\/actualites\/#organization","name":"Foot d'avant","url":"https:\/\/footdavant.fr\/actualites\/","logo":{"@type":"ImageObject","inLanguage":"fr-FR","@id":"https:\/\/footdavant.fr\/actualites\/#\/schema\/logo\/image\/","url":"https:\/\/footdavant.fr\/actualites\/wp-content\/uploads\/2023\/09\/Copy-of-FootDavant-Logo.png","contentUrl":"https:\/\/footdavant.fr\/actualites\/wp-content\/uploads\/2023\/09\/Copy-of-FootDavant-Logo.png","width":936,"height":549,"caption":"Foot d'avant"},"image":{"@id":"https:\/\/footdavant.fr\/actualites\/#\/schema\/logo\/image\/"},"sameAs":["https:\/\/www.facebook.com\/Footdavant\/","https:\/\/twitter.com\/FootdavantFr","https:\/\/www.instagram.com\/footdavant.fr\/"]},{"@type":"Person","@id":"https:\/\/footdavant.fr\/actualites\/#\/schema\/person\/bc222566d95871b37e597b3ed3ba5e1d","name":"Cl\u00e9ment","image":{"@type":"ImageObject","inLanguage":"fr-FR","@id":"https:\/\/footdavant.fr\/actualites\/#\/schema\/person\/image\/","url":"https:\/\/secure.gravatar.com\/avatar\/7728b29aac2719421e1a9159b2254c44?s=96&d=mm&r=g","contentUrl":"https:\/\/secure.gravatar.com\/avatar\/7728b29aac2719421e1a9159b2254c44?s=96&d=mm&r=g","caption":"Cl\u00e9ment"},"sameAs":["https:\/\/footdavant.fr\/"]}]}},"_links":{"self":[{"href":"https:\/\/footdavant.fr\/actualites\/wp-json\/wp\/v2\/posts\/6388"}],"collection":[{"href":"https:\/\/footdavant.fr\/actualites\/wp-json\/wp\/v2\/posts"}],"about":[{"href":"https:\/\/footdavant.fr\/actualites\/wp-json\/wp\/v2\/types\/post"}],"author":[{"embeddable":true,"href":"https:\/\/footdavant.fr\/actualites\/wp-json\/wp\/v2\/users\/1"}],"replies":[{"embeddable":true,"href":"https:\/\/footdavant.fr\/actualites\/wp-json\/wp\/v2\/comments?post=6388"}],"version-history":[{"count":1,"href":"https:\/\/footdavant.fr\/actualites\/wp-json\/wp\/v2\/posts\/6388\/revisions"}],"predecessor-version":[{"id":6390,"href":"https:\/\/footdavant.fr\/actualites\/wp-json\/wp\/v2\/posts\/6388\/revisions\/6390"}],"wp:featuredmedia":[{"embeddable":true,"href":"https:\/\/footdavant.fr\/actualites\/wp-json\/wp\/v2\/media\/6389"}],"wp:attachment":[{"href":"https:\/\/footdavant.fr\/actualites\/wp-json\/wp\/v2\/media?parent=6388"}],"wp:term":[{"taxonomy":"category","embeddable":true,"href":"https:\/\/footdavant.fr\/actualites\/wp-json\/wp\/v2\/categories?post=6388"},{"taxonomy":"post_tag","embeddable":true,"href":"https:\/\/footdavant.fr\/actualites\/wp-json\/wp\/v2\/tags?post=6388"}],"curies":[{"name":"wp","href":"https:\/\/api.w.org\/{rel}","templated":true}]}}