{"id":6394,"date":"2024-03-18T09:51:05","date_gmt":"2024-03-18T08:51:05","guid":{"rendered":"https:\/\/footdavant.fr\/actualites\/ian-maatsen-jai-compris-les-raisons-du-manque-de-temps-de-jeu-a-chelsea\/"},"modified":"2024-03-18T09:51:06","modified_gmt":"2024-03-18T08:51:06","slug":"ian-maatsen-jai-compris-les-raisons-du-manque-de-temps-de-jeu-a-chelsea","status":"publish","type":"post","link":"https:\/\/footdavant.fr\/actualites\/ian-maatsen-jai-compris-les-raisons-du-manque-de-temps-de-jeu-a-chelsea\/","title":{"rendered":"Ian Maatsen : \u00ab\u00a0J&rsquo;ai compris les raisons du manque de temps de jeu \u00e0 Chelsea\u00a0\u00bb"},"content":{"rendered":"<p>Ian Maatsen &#8211; actuellement pr\u00eat\u00e9 au Borussia Dortmund &#8211; admet qu&rsquo;il a compris pourquoi il n&rsquo;a pas eu beaucoup d&rsquo;opportunit\u00e9s \u00e0 Chelsea plus t\u00f4t cette saison.<\/p>\n<div id=\"article_body\" itemprop=\"articleBody\">\n<h3 class=\"firstPara\">\n<strong class=\"autotag\">Ian Maatsen<\/strong> a reconnu qu&rsquo;il comprenait les raisons de son temps de jeu minimal \u00e0 <strong class=\"autotag\">Chelsea<\/strong> durant la premi\u00e8re moiti\u00e9 de la saison.<\/h3>\n<p>Apr\u00e8s avoir jou\u00e9 lors de la campagne victorieuse du titre de champion de Burnley en 2022-2023, Maatsen a eu la chance d&rsquo;impressionner \u00e0 Stamford Bridge gr\u00e2ce au nouvel entra\u00eeneur-chef. <strong class=\"autotag\">Mauricio Pochettino<\/strong>.<\/p>\n<p>C&rsquo;est exactement ce que Maatsen a fait pendant la pr\u00e9-saison, mais les opportunit\u00e9s se sont taries une fois la campagne commenc\u00e9e puisque l&rsquo;international n\u00e9erlandais des moins de 21 ans n&rsquo;a obtenu que trois titularisations et 12 sorties de remplacement toutes comp\u00e9titions confondues.<\/p>\n<p>Bien qu&rsquo;un nouveau contrat ait \u00e9t\u00e9 sign\u00e9 pour prot\u00e9ger la position de Chelsea sur le march\u00e9 des transferts, Maatsen a \u00e9t\u00e9 autoris\u00e9 \u00e0 signer pour <strong class=\"autotag\">Borussia Dortmund<\/strong> en pr\u00eat en janvier.<\/p>\n<p>Depuis, le joueur de 22 ans a eu un impact positif au Westfalenstadion, apparaissant \u00e0 10 reprises dans le onze de d\u00e9part et dans son r\u00f4le pr\u00e9f\u00e9r\u00e9 d&rsquo;arri\u00e8re gauche.<\/p>\n<p class=\"imgI\">\n<p>Dans l\u2019\u00e9tat actuel des choses, il n\u2019est pas clair si Dortmund cherchera \u00e0 n\u00e9gocier un accord permanent avec Chelsea, Maatsen aurait une clause lib\u00e9ratoire d\u2019environ 35 millions de livres sterling.<\/p>\n<p>L&rsquo;\u00e9quipe de Premier League devant lever des fonds apr\u00e8s la fin de la saison, il est plausible que le N\u00e9erlandais ait disput\u00e9 son dernier match de comp\u00e9tition pour Chelsea.<\/p>\n<p>Dans une interview avec <em>Le gardien<\/em>Maatsen dit qu&rsquo;il a accept\u00e9 les raisons de ses omissions dans l&rsquo;\u00e9quipe, \u00e0 peine aucune mauvaise volont\u00e9 envers Pochettino qui \u00e9tait sous pression pour faire sa marque \u00e0 Stamford Bridge.<\/p>\n<p>Maatsen a d\u00e9clar\u00e9 : \u00ab\u00a0J&rsquo;avais confiance \u00e0 Chelsea, mais avec la pression qu&rsquo;ils subissent, il est parfois difficile pour un manager de laisser tout le monde jouer, en particulier les jeunes talents avec du potentiel. <\/p>\n<p class=\"imgI\"><img decoding=\"async\" loading=\"lazy\" class=\"l\" src=\"https:\/\/footdavant.fr\/actualites\/wp-content\/uploads\/2024\/03\/Ian-Maatsen-Jai-compris-les-raisons-du-manque-de.JPG\" title=\"L'entra\u00eeneur-chef de Chelsea, Mauricio Pochettino, lors de la finale de la Coupe EFL le 25 f\u00e9vrier 2024.\" alt=\"L'entra\u00eeneur-chef de Chelsea, Mauricio Pochettino, lors de la finale de la Coupe EFL le 25 f\u00e9vrier 2024.\" width=\"640\" height=\"480\"><\/p>\n<p>\u00ab\u00a0Il doit prendre des d\u00e9cisions pour l&rsquo;\u00e9quipe. Il faut y faire face en tant que jeune joueur. Parfois, ce n&rsquo;est pas juste mais c&rsquo;est peut-\u00eatre la meilleure d\u00e9cision pour le club et les autres co\u00e9quipiers. J&rsquo;appr\u00e9cie cela. Mais je veux jouer au football.\u00a0\u00bb<\/p>\n<p>Maatsen a ajout\u00e9 : \u00ab\u00a0J&rsquo;avais fait mes p\u00e9riodes de pr\u00eat. Je pensais que j&rsquo;\u00e9tais pr\u00eat \u00e0 concourir pour les grands clubs. Mais parfois le football fonctionne comme \u00e7a. Je n&rsquo;ai pas eu beaucoup d&rsquo;opportunit\u00e9s. Ce n&rsquo;est pas la fin du monde mais vous il faut \u00eatre pr\u00eat.\u00a0\u00bb<\/p>\n<p>Pochettino a actuellement <strong class=\"autotag\">Ben Chilwell<\/strong>, <strong class=\"autotag\">Levi Colwill<\/strong> et <strong class=\"autotag\">Marc Cucurella<\/strong> comme ses trois principales options \u00e0 l&rsquo;arri\u00e8re gauche, ainsi que <strong class=\"autotag\">Malo Gusto<\/strong> qui peut le remplacer en cas de besoin.<\/p>\n<p>Chelsea a enregistr\u00e9 la semaine derni\u00e8re des pertes financi\u00e8res de plus de 90 millions de livres sterling pour la campagne 2022-23, il est probable que les ventes devront \u00eatre facilit\u00e9es \u00e0 partir de juin afin de se conformer aux r\u00e8gles actuelles de profit et de durabilit\u00e9 de la Premier League.<\/p>\n<\/div>\n","protected":false},"excerpt":{"rendered":"<p>Ian Maatsen &#8211; actuellement pr\u00eat\u00e9 au Borussia Dortmund &#8211; admet qu&rsquo;il a compris pourquoi il n&rsquo;a pas eu beaucoup d&rsquo;opportunit\u00e9s \u00e0 Chelsea plus t\u00f4t cette<\/p>\n","protected":false},"author":1,"featured_media":6395,"comment_status":"closed","ping_status":"","sticky":false,"template":"","format":"standard","meta":{"footnotes":""},"categories":[5],"tags":[171,507,1277,221,840,93,1278,476,2171,168],"yoast_head":"<!-- This site is optimized with the Yoast SEO plugin v21.0 - https:\/\/yoast.com\/wordpress\/plugins\/seo\/ -->\n<title>Ian Maatsen : &quot;J&#039;ai compris les raisons du manque de temps de jeu \u00e0 Chelsea&quot;<\/title>\n<meta name=\"robots\" content=\"index, follow, max-snippet:-1, max-image-preview:large, max-video-preview:-1\" \/>\n<link rel=\"canonical\" href=\"https:\/\/footdavant.fr\/actualites\/ian-maatsen-jai-compris-les-raisons-du-manque-de-temps-de-jeu-a-chelsea\/\" \/>\n<meta property=\"og:locale\" content=\"fr_FR\" \/>\n<meta property=\"og:type\" content=\"article\" \/>\n<meta property=\"og:title\" content=\"Ian Maatsen : &quot;J&#039;ai compris les raisons du manque de temps de jeu \u00e0 Chelsea&quot;\" \/>\n<meta property=\"og:description\" content=\"Ian Maatsen &#8211; actuellement pr\u00eat\u00e9 au Borussia Dortmund &#8211; admet qu&rsquo;il a compris pourquoi il n&rsquo;a pas eu beaucoup d&rsquo;opportunit\u00e9s \u00e0 Chelsea plus t\u00f4t cette\" \/>\n<meta property=\"og:url\" content=\"https:\/\/footdavant.fr\/actualites\/ian-maatsen-jai-compris-les-raisons-du-manque-de-temps-de-jeu-a-chelsea\/\" \/>\n<meta property=\"og:site_name\" content=\"Foot d&#039;avant\" \/>\n<meta property=\"article:publisher\" content=\"https:\/\/www.facebook.com\/Footdavant\/\" \/>\n<meta property=\"article:published_time\" content=\"2024-03-18T08:51:05+00:00\" \/>\n<meta property=\"article:modified_time\" content=\"2024-03-18T08:51:06+00:00\" \/>\n<meta property=\"og:image\" content=\"https:\/\/footdavant.fr\/actualites\/wp-content\/uploads\/2024\/03\/Ian-Maatsen-Jai-compris-les-raisons-du-manque-de.jpg\" \/>\n\t<meta property=\"og:image:width\" content=\"640\" \/>\n\t<meta property=\"og:image:height\" content=\"480\" \/>\n\t<meta property=\"og:image:type\" content=\"image\/jpeg\" \/>\n<meta name=\"author\" content=\"Cl\u00e9ment\" \/>\n<meta name=\"twitter:card\" content=\"summary_large_image\" \/>\n<meta name=\"twitter:creator\" content=\"@FootdavantFr\" \/>\n<meta name=\"twitter:site\" content=\"@FootdavantFr\" \/>\n<meta name=\"twitter:label1\" content=\"\u00c9crit par\" \/>\n\t<meta name=\"twitter:data1\" content=\"Cl\u00e9ment\" \/>\n\t<meta name=\"twitter:label2\" content=\"Dur\u00e9e de lecture estim\u00e9e\" \/>\n\t<meta name=\"twitter:data2\" content=\"3 minutes\" \/>\n<script type=\"application\/ld+json\" class=\"yoast-schema-graph\">{\"@context\":\"https:\/\/schema.org\",\"@graph\":[{\"@type\":\"Article\",\"@id\":\"https:\/\/footdavant.fr\/actualites\/ian-maatsen-jai-compris-les-raisons-du-manque-de-temps-de-jeu-a-chelsea\/#article\",\"isPartOf\":{\"@id\":\"https:\/\/footdavant.fr\/actualites\/ian-maatsen-jai-compris-les-raisons-du-manque-de-temps-de-jeu-a-chelsea\/\"},\"author\":{\"name\":\"Cl\u00e9ment\",\"@id\":\"https:\/\/footdavant.fr\/actualites\/#\/schema\/person\/bc222566d95871b37e597b3ed3ba5e1d\"},\"headline\":\"Ian Maatsen : \u00ab\u00a0J&rsquo;ai compris les raisons du manque de temps de jeu \u00e0 Chelsea\u00a0\u00bb\",\"datePublished\":\"2024-03-18T08:51:05+00:00\",\"dateModified\":\"2024-03-18T08:51:06+00:00\",\"mainEntityOfPage\":{\"@id\":\"https:\/\/footdavant.fr\/actualites\/ian-maatsen-jai-compris-les-raisons-du-manque-de-temps-de-jeu-a-chelsea\/\"},\"wordCount\":521,\"publisher\":{\"@id\":\"https:\/\/footdavant.fr\/actualites\/#organization\"},\"keywords\":[\"Chelsea\",\"compris\",\"Ian\",\"jai\",\"jeu\",\"les\",\"Maatsen\",\"manque\",\"raisons\",\"temps\"],\"articleSection\":[\"Premier League\"],\"inLanguage\":\"fr-FR\"},{\"@type\":\"WebPage\",\"@id\":\"https:\/\/footdavant.fr\/actualites\/ian-maatsen-jai-compris-les-raisons-du-manque-de-temps-de-jeu-a-chelsea\/\",\"url\":\"https:\/\/footdavant.fr\/actualites\/ian-maatsen-jai-compris-les-raisons-du-manque-de-temps-de-jeu-a-chelsea\/\",\"name\":\"Ian Maatsen : \\\"J'ai compris les raisons du manque de temps de jeu \u00e0 Chelsea\\\"\",\"isPartOf\":{\"@id\":\"https:\/\/footdavant.fr\/actualites\/#website\"},\"datePublished\":\"2024-03-18T08:51:05+00:00\",\"dateModified\":\"2024-03-18T08:51:06+00:00\",\"breadcrumb\":{\"@id\":\"https:\/\/footdavant.fr\/actualites\/ian-maatsen-jai-compris-les-raisons-du-manque-de-temps-de-jeu-a-chelsea\/#breadcrumb\"},\"inLanguage\":\"fr-FR\",\"potentialAction\":[{\"@type\":\"ReadAction\",\"target\":[\"https:\/\/footdavant.fr\/actualites\/ian-maatsen-jai-compris-les-raisons-du-manque-de-temps-de-jeu-a-chelsea\/\"]}]},{\"@type\":\"BreadcrumbList\",\"@id\":\"https:\/\/footdavant.fr\/actualites\/ian-maatsen-jai-compris-les-raisons-du-manque-de-temps-de-jeu-a-chelsea\/#breadcrumb\",\"itemListElement\":[{\"@type\":\"ListItem\",\"position\":1,\"name\":\"Accueil\",\"item\":\"https:\/\/footdavant.fr\/actualites\/\"},{\"@type\":\"ListItem\",\"position\":2,\"name\":\"Ian Maatsen : \u00ab\u00a0J&rsquo;ai compris les raisons du manque de temps de jeu \u00e0 Chelsea\u00a0\u00bb\"}]},{\"@type\":\"WebSite\",\"@id\":\"https:\/\/footdavant.fr\/actualites\/#website\",\"url\":\"https:\/\/footdavant.fr\/actualites\/\",\"name\":\"Foot d'avant\",\"description\":\"\",\"publisher\":{\"@id\":\"https:\/\/footdavant.fr\/actualites\/#organization\"},\"potentialAction\":[{\"@type\":\"SearchAction\",\"target\":{\"@type\":\"EntryPoint\",\"urlTemplate\":\"https:\/\/footdavant.fr\/actualites\/?s={search_term_string}\"},\"query-input\":\"required name=search_term_string\"}],\"inLanguage\":\"fr-FR\"},{\"@type\":\"Organization\",\"@id\":\"https:\/\/footdavant.fr\/actualites\/#organization\",\"name\":\"Foot d'avant\",\"url\":\"https:\/\/footdavant.fr\/actualites\/\",\"logo\":{\"@type\":\"ImageObject\",\"inLanguage\":\"fr-FR\",\"@id\":\"https:\/\/footdavant.fr\/actualites\/#\/schema\/logo\/image\/\",\"url\":\"https:\/\/footdavant.fr\/actualites\/wp-content\/uploads\/2023\/09\/Copy-of-FootDavant-Logo.png\",\"contentUrl\":\"https:\/\/footdavant.fr\/actualites\/wp-content\/uploads\/2023\/09\/Copy-of-FootDavant-Logo.png\",\"width\":936,\"height\":549,\"caption\":\"Foot d'avant\"},\"image\":{\"@id\":\"https:\/\/footdavant.fr\/actualites\/#\/schema\/logo\/image\/\"},\"sameAs\":[\"https:\/\/www.facebook.com\/Footdavant\/\",\"https:\/\/twitter.com\/FootdavantFr\",\"https:\/\/www.instagram.com\/footdavant.fr\/\"]},{\"@type\":\"Person\",\"@id\":\"https:\/\/footdavant.fr\/actualites\/#\/schema\/person\/bc222566d95871b37e597b3ed3ba5e1d\",\"name\":\"Cl\u00e9ment\",\"image\":{\"@type\":\"ImageObject\",\"inLanguage\":\"fr-FR\",\"@id\":\"https:\/\/footdavant.fr\/actualites\/#\/schema\/person\/image\/\",\"url\":\"https:\/\/secure.gravatar.com\/avatar\/7728b29aac2719421e1a9159b2254c44?s=96&d=mm&r=g\",\"contentUrl\":\"https:\/\/secure.gravatar.com\/avatar\/7728b29aac2719421e1a9159b2254c44?s=96&d=mm&r=g\",\"caption\":\"Cl\u00e9ment\"},\"sameAs\":[\"https:\/\/footdavant.fr\/\"]}]}<\/script>\n<!-- \/ Yoast SEO plugin. -->","yoast_head_json":{"title":"Ian Maatsen : \"J'ai compris les raisons du manque de temps de jeu \u00e0 Chelsea\"","robots":{"index":"index","follow":"follow","max-snippet":"max-snippet:-1","max-image-preview":"max-image-preview:large","max-video-preview":"max-video-preview:-1"},"canonical":"https:\/\/footdavant.fr\/actualites\/ian-maatsen-jai-compris-les-raisons-du-manque-de-temps-de-jeu-a-chelsea\/","og_locale":"fr_FR","og_type":"article","og_title":"Ian Maatsen : \"J'ai compris les raisons du manque de temps de jeu \u00e0 Chelsea\"","og_description":"Ian Maatsen &#8211; actuellement pr\u00eat\u00e9 au Borussia Dortmund &#8211; admet qu&rsquo;il a compris pourquoi il n&rsquo;a pas eu beaucoup d&rsquo;opportunit\u00e9s \u00e0 Chelsea plus t\u00f4t cette","og_url":"https:\/\/footdavant.fr\/actualites\/ian-maatsen-jai-compris-les-raisons-du-manque-de-temps-de-jeu-a-chelsea\/","og_site_name":"Foot d&#039;avant","article_publisher":"https:\/\/www.facebook.com\/Footdavant\/","article_published_time":"2024-03-18T08:51:05+00:00","article_modified_time":"2024-03-18T08:51:06+00:00","og_image":[{"width":640,"height":480,"url":"https:\/\/footdavant.fr\/actualites\/wp-content\/uploads\/2024\/03\/Ian-Maatsen-Jai-compris-les-raisons-du-manque-de.jpg","type":"image\/jpeg"}],"author":"Cl\u00e9ment","twitter_card":"summary_large_image","twitter_creator":"@FootdavantFr","twitter_site":"@FootdavantFr","twitter_misc":{"\u00c9crit par":"Cl\u00e9ment","Dur\u00e9e de lecture estim\u00e9e":"3 minutes"},"schema":{"@context":"https:\/\/schema.org","@graph":[{"@type":"Article","@id":"https:\/\/footdavant.fr\/actualites\/ian-maatsen-jai-compris-les-raisons-du-manque-de-temps-de-jeu-a-chelsea\/#article","isPartOf":{"@id":"https:\/\/footdavant.fr\/actualites\/ian-maatsen-jai-compris-les-raisons-du-manque-de-temps-de-jeu-a-chelsea\/"},"author":{"name":"Cl\u00e9ment","@id":"https:\/\/footdavant.fr\/actualites\/#\/schema\/person\/bc222566d95871b37e597b3ed3ba5e1d"},"headline":"Ian Maatsen : \u00ab\u00a0J&rsquo;ai compris les raisons du manque de temps de jeu \u00e0 Chelsea\u00a0\u00bb","datePublished":"2024-03-18T08:51:05+00:00","dateModified":"2024-03-18T08:51:06+00:00","mainEntityOfPage":{"@id":"https:\/\/footdavant.fr\/actualites\/ian-maatsen-jai-compris-les-raisons-du-manque-de-temps-de-jeu-a-chelsea\/"},"wordCount":521,"publisher":{"@id":"https:\/\/footdavant.fr\/actualites\/#organization"},"keywords":["Chelsea","compris","Ian","jai","jeu","les","Maatsen","manque","raisons","temps"],"articleSection":["Premier League"],"inLanguage":"fr-FR"},{"@type":"WebPage","@id":"https:\/\/footdavant.fr\/actualites\/ian-maatsen-jai-compris-les-raisons-du-manque-de-temps-de-jeu-a-chelsea\/","url":"https:\/\/footdavant.fr\/actualites\/ian-maatsen-jai-compris-les-raisons-du-manque-de-temps-de-jeu-a-chelsea\/","name":"Ian Maatsen : \"J'ai compris les raisons du manque de temps de jeu \u00e0 Chelsea\"","isPartOf":{"@id":"https:\/\/footdavant.fr\/actualites\/#website"},"datePublished":"2024-03-18T08:51:05+00:00","dateModified":"2024-03-18T08:51:06+00:00","breadcrumb":{"@id":"https:\/\/footdavant.fr\/actualites\/ian-maatsen-jai-compris-les-raisons-du-manque-de-temps-de-jeu-a-chelsea\/#breadcrumb"},"inLanguage":"fr-FR","potentialAction":[{"@type":"ReadAction","target":["https:\/\/footdavant.fr\/actualites\/ian-maatsen-jai-compris-les-raisons-du-manque-de-temps-de-jeu-a-chelsea\/"]}]},{"@type":"BreadcrumbList","@id":"https:\/\/footdavant.fr\/actualites\/ian-maatsen-jai-compris-les-raisons-du-manque-de-temps-de-jeu-a-chelsea\/#breadcrumb","itemListElement":[{"@type":"ListItem","position":1,"name":"Accueil","item":"https:\/\/footdavant.fr\/actualites\/"},{"@type":"ListItem","position":2,"name":"Ian Maatsen : \u00ab\u00a0J&rsquo;ai compris les raisons du manque de temps de jeu \u00e0 Chelsea\u00a0\u00bb"}]},{"@type":"WebSite","@id":"https:\/\/footdavant.fr\/actualites\/#website","url":"https:\/\/footdavant.fr\/actualites\/","name":"Foot d'avant","description":"","publisher":{"@id":"https:\/\/footdavant.fr\/actualites\/#organization"},"potentialAction":[{"@type":"SearchAction","target":{"@type":"EntryPoint","urlTemplate":"https:\/\/footdavant.fr\/actualites\/?s={search_term_string}"},"query-input":"required name=search_term_string"}],"inLanguage":"fr-FR"},{"@type":"Organization","@id":"https:\/\/footdavant.fr\/actualites\/#organization","name":"Foot d'avant","url":"https:\/\/footdavant.fr\/actualites\/","logo":{"@type":"ImageObject","inLanguage":"fr-FR","@id":"https:\/\/footdavant.fr\/actualites\/#\/schema\/logo\/image\/","url":"https:\/\/footdavant.fr\/actualites\/wp-content\/uploads\/2023\/09\/Copy-of-FootDavant-Logo.png","contentUrl":"https:\/\/footdavant.fr\/actualites\/wp-content\/uploads\/2023\/09\/Copy-of-FootDavant-Logo.png","width":936,"height":549,"caption":"Foot d'avant"},"image":{"@id":"https:\/\/footdavant.fr\/actualites\/#\/schema\/logo\/image\/"},"sameAs":["https:\/\/www.facebook.com\/Footdavant\/","https:\/\/twitter.com\/FootdavantFr","https:\/\/www.instagram.com\/footdavant.fr\/"]},{"@type":"Person","@id":"https:\/\/footdavant.fr\/actualites\/#\/schema\/person\/bc222566d95871b37e597b3ed3ba5e1d","name":"Cl\u00e9ment","image":{"@type":"ImageObject","inLanguage":"fr-FR","@id":"https:\/\/footdavant.fr\/actualites\/#\/schema\/person\/image\/","url":"https:\/\/secure.gravatar.com\/avatar\/7728b29aac2719421e1a9159b2254c44?s=96&d=mm&r=g","contentUrl":"https:\/\/secure.gravatar.com\/avatar\/7728b29aac2719421e1a9159b2254c44?s=96&d=mm&r=g","caption":"Cl\u00e9ment"},"sameAs":["https:\/\/footdavant.fr\/"]}]}},"_links":{"self":[{"href":"https:\/\/footdavant.fr\/actualites\/wp-json\/wp\/v2\/posts\/6394"}],"collection":[{"href":"https:\/\/footdavant.fr\/actualites\/wp-json\/wp\/v2\/posts"}],"about":[{"href":"https:\/\/footdavant.fr\/actualites\/wp-json\/wp\/v2\/types\/post"}],"author":[{"embeddable":true,"href":"https:\/\/footdavant.fr\/actualites\/wp-json\/wp\/v2\/users\/1"}],"replies":[{"embeddable":true,"href":"https:\/\/footdavant.fr\/actualites\/wp-json\/wp\/v2\/comments?post=6394"}],"version-history":[{"count":1,"href":"https:\/\/footdavant.fr\/actualites\/wp-json\/wp\/v2\/posts\/6394\/revisions"}],"predecessor-version":[{"id":6396,"href":"https:\/\/footdavant.fr\/actualites\/wp-json\/wp\/v2\/posts\/6394\/revisions\/6396"}],"wp:featuredmedia":[{"embeddable":true,"href":"https:\/\/footdavant.fr\/actualites\/wp-json\/wp\/v2\/media\/6395"}],"wp:attachment":[{"href":"https:\/\/footdavant.fr\/actualites\/wp-json\/wp\/v2\/media?parent=6394"}],"wp:term":[{"taxonomy":"category","embeddable":true,"href":"https:\/\/footdavant.fr\/actualites\/wp-json\/wp\/v2\/categories?post=6394"},{"taxonomy":"post_tag","embeddable":true,"href":"https:\/\/footdavant.fr\/actualites\/wp-json\/wp\/v2\/tags?post=6394"}],"curies":[{"name":"wp","href":"https:\/\/api.w.org\/{rel}","templated":true}]}}