{"id":6397,"date":"2024-03-18T11:48:24","date_gmt":"2024-03-18T10:48:24","guid":{"rendered":"https:\/\/footdavant.fr\/actualites\/ruud-van-nistelrooy-insiste-sur-le-fait-quil-souhaite-un-prochain-role-de-direction-en-angleterre-ou-en-espagne\/"},"modified":"2024-03-18T11:48:26","modified_gmt":"2024-03-18T10:48:26","slug":"ruud-van-nistelrooy-insiste-sur-le-fait-quil-souhaite-un-prochain-role-de-direction-en-angleterre-ou-en-espagne","status":"publish","type":"post","link":"https:\/\/footdavant.fr\/actualites\/ruud-van-nistelrooy-insiste-sur-le-fait-quil-souhaite-un-prochain-role-de-direction-en-angleterre-ou-en-espagne\/","title":{"rendered":"Ruud van Nistelrooy insiste sur le fait qu&rsquo;il souhaite un prochain r\u00f4le de direction en Angleterre ou en Espagne &#8211;"},"content":{"rendered":"<div id=\"penci-post-entry-inner\">\n<p>\t\t\t<i class=\"penci-post-countview-number-check\" style=\"display:none\">3<\/i><\/p>\n<p>La l\u00e9gende de Manchester United, Ruud van Nistelrooy, a exprim\u00e9 son d\u00e9sir de revenir \u00e0 la direction, mais cette fois en Angleterre ou en Espagne.<\/p>\n<p>L&rsquo;attaquant prolifique a marqu\u00e9 150 buts en seulement 219 matches avec les Red Devils, remportant une Premier League, une FA Cup et une Coupe de la Ligue avec le club.<\/p>\n<p>Le favori des fans a \u00e9t\u00e9 vendu au Real Madrid en 2006 apr\u00e8s une dispute avec Sir Alex Ferguson, o\u00f9 il a continu\u00e9 \u00e0 marquer avec une fr\u00e9quence incroyable et a \u00e9galement remport\u00e9 un titre de champion d&rsquo;Espagne.<\/p>\n<p>Le N\u00e9erlandais a termin\u00e9 ses jours de jeu \u00e0 Malaga en 2012 et est entr\u00e9 dans le management, o\u00f9 il a \u00e9t\u00e9 entra\u00eeneur du Jong PSV ainsi que du Feyenoord.  Hee a quitt\u00e9 son poste l\u00e0-bas en mai de l&rsquo;ann\u00e9e derni\u00e8re.<\/p>\n<p>Le joueur de 47 ans a connu une p\u00e9riode r\u00e9ussie en guidant son \u00e9quipe vers le Johan Cruijff Shield et la Coupe des Pays-Bas, mais a d\u00e9cid\u00e9 de partir en raison de rumeurs de r\u00e9volte des joueurs.<\/p>\n<p>Cependant, l\u2019ancien num\u00e9ro 10 de United sait clairement o\u00f9 il aimerait s\u2019essayer ensuite \u00e0 la gestion.<\/p>\n<p>Selon The Mirror, Van Nistelrooy a d\u00e9clar\u00e9 : \u00ab J&rsquo;ai re\u00e7u des offres de diff\u00e9rents clubs, \u00e9galement dans mon propre pays, mais j&rsquo;adorerais travailler en Angleterre ou en Espagne \u00bb.<\/p>\n<p>\u00ab Je veux entra\u00eener dans une ligue o\u00f9 j&rsquo;ai jou\u00e9, car dans ces pays, je parle couramment la langue.  \u00c0 mon avis, j&rsquo;ai acquis beaucoup d&rsquo;exp\u00e9rience.  J&rsquo;ai gravi les \u00e9chelons \u00bb.<\/p>\n<p>L&rsquo;ancien attaquant du PSV Eindhoven a confirm\u00e9 son parcours de manager en d\u00e9clarant : \u00ab J&rsquo;ai fait partie des \u00e9quipes de jeunes du PSV Eindhoven, j&rsquo;ai \u00e9t\u00e9 entra\u00eeneur des moins de 21 ans et je suis ensuite devenu manager de l&rsquo;\u00e9quipe premi\u00e8re.  J&rsquo;ai dirig\u00e9 beaucoup de joueurs diff\u00e9rents.  J&rsquo;ai aid\u00e9 de jeunes joueurs talentueux \u00e0 se d\u00e9velopper, \u00e0 les laisser grandir, comme Gakpo, Madueke, Bakayoko et Xavi Simons.  J\u2019ai pu les accompagner dans leur d\u00e9veloppement \u00bb.<\/p>\n<p>L&rsquo;ancien h\u00e9ros d&rsquo;Old Trafford a ensuite expliqu\u00e9 le type d&rsquo;organisation pour laquelle il aimerait travailler.<\/p>\n<p>\u00ab Cela m&rsquo;importe que ce soit un club bien organis\u00e9.  Je souhaite toujours travailler avec de jeunes joueurs, mais id\u00e9alement avec un m\u00e9lange de professionnels exp\u00e9riment\u00e9s.  Je veux les aider \u00e0 s\u2019am\u00e9liorer et \u00e0 apporter une mentalit\u00e9 de gagnant.  Cette derni\u00e8re est la chose la plus importante.  Avec mon style de football.<\/p>\n<p>Il sera certainement int\u00e9ressant de voir o\u00f9 aboutira l\u2019ancien international n\u00e9erlandais.  Peut-\u00eatre qu\u2019un jour nous le reverrons sur la sellette d\u2019Old Trafford et que les chants assourdissants de \u00ab Ruud \u00bb se feront \u00e0 nouveau entendre autour du c\u00e9l\u00e8bre vieux stade.<\/p>\n<p><!-- AI CONTENT END 3 --><\/p><\/div>\n","protected":false},"excerpt":{"rendered":"<p>3 La l\u00e9gende de Manchester United, Ruud van Nistelrooy, a exprim\u00e9 son d\u00e9sir de revenir \u00e0 la direction, mais cette fois en Angleterre ou en<\/p>\n","protected":false},"author":1,"featured_media":6398,"comment_status":"closed","ping_status":"","sticky":false,"template":"","format":"standard","meta":{"footnotes":""},"categories":[3],"tags":[1156,4170,3976,152,1371,4169,1257,514,831,4168,1082,103,783],"yoast_head":"<!-- This site is optimized with the Yoast SEO plugin v21.0 - https:\/\/yoast.com\/wordpress\/plugins\/seo\/ -->\n<title>Ruud van Nistelrooy insiste sur le fait qu&#039;il souhaite un prochain r\u00f4le de direction en Angleterre ou en Espagne -<\/title>\n<meta name=\"robots\" content=\"index, follow, max-snippet:-1, max-image-preview:large, max-video-preview:-1\" \/>\n<link rel=\"canonical\" href=\"https:\/\/footdavant.fr\/actualites\/ruud-van-nistelrooy-insiste-sur-le-fait-quil-souhaite-un-prochain-role-de-direction-en-angleterre-ou-en-espagne\/\" \/>\n<meta property=\"og:locale\" content=\"fr_FR\" \/>\n<meta property=\"og:type\" content=\"article\" \/>\n<meta property=\"og:title\" content=\"Ruud van Nistelrooy insiste sur le fait qu&#039;il souhaite un prochain r\u00f4le de direction en Angleterre ou en Espagne -\" \/>\n<meta property=\"og:description\" content=\"3 La l\u00e9gende de Manchester United, Ruud van Nistelrooy, a exprim\u00e9 son d\u00e9sir de revenir \u00e0 la direction, mais cette fois en Angleterre ou en\" \/>\n<meta property=\"og:url\" content=\"https:\/\/footdavant.fr\/actualites\/ruud-van-nistelrooy-insiste-sur-le-fait-quil-souhaite-un-prochain-role-de-direction-en-angleterre-ou-en-espagne\/\" \/>\n<meta property=\"og:site_name\" content=\"Foot d&#039;avant\" \/>\n<meta property=\"article:publisher\" content=\"https:\/\/www.facebook.com\/Footdavant\/\" \/>\n<meta property=\"article:published_time\" content=\"2024-03-18T10:48:24+00:00\" \/>\n<meta property=\"article:modified_time\" content=\"2024-03-18T10:48:26+00:00\" \/>\n<meta property=\"og:image\" content=\"https:\/\/footdavant.fr\/actualites\/wp-content\/uploads\/2024\/03\/Ruud-van-Nistelrooy-insiste-sur-le-fait-quil-souhaite-un.jpg\" \/>\n\t<meta property=\"og:image:width\" content=\"1600\" \/>\n\t<meta property=\"og:image:height\" content=\"703\" \/>\n\t<meta property=\"og:image:type\" content=\"image\/jpeg\" \/>\n<meta name=\"author\" content=\"Cl\u00e9ment\" \/>\n<meta name=\"twitter:card\" content=\"summary_large_image\" \/>\n<meta name=\"twitter:creator\" content=\"@FootdavantFr\" \/>\n<meta name=\"twitter:site\" content=\"@FootdavantFr\" \/>\n<meta name=\"twitter:label1\" content=\"\u00c9crit par\" \/>\n\t<meta name=\"twitter:data1\" content=\"Cl\u00e9ment\" \/>\n\t<meta name=\"twitter:label2\" content=\"Dur\u00e9e de lecture estim\u00e9e\" \/>\n\t<meta name=\"twitter:data2\" content=\"2 minutes\" \/>\n<script type=\"application\/ld+json\" class=\"yoast-schema-graph\">{\"@context\":\"https:\/\/schema.org\",\"@graph\":[{\"@type\":\"Article\",\"@id\":\"https:\/\/footdavant.fr\/actualites\/ruud-van-nistelrooy-insiste-sur-le-fait-quil-souhaite-un-prochain-role-de-direction-en-angleterre-ou-en-espagne\/#article\",\"isPartOf\":{\"@id\":\"https:\/\/footdavant.fr\/actualites\/ruud-van-nistelrooy-insiste-sur-le-fait-quil-souhaite-un-prochain-role-de-direction-en-angleterre-ou-en-espagne\/\"},\"author\":{\"name\":\"Cl\u00e9ment\",\"@id\":\"https:\/\/footdavant.fr\/actualites\/#\/schema\/person\/bc222566d95871b37e597b3ed3ba5e1d\"},\"headline\":\"Ruud van Nistelrooy insiste sur le fait qu&rsquo;il souhaite un prochain r\u00f4le de direction en Angleterre ou en Espagne &#8211;\",\"datePublished\":\"2024-03-18T10:48:24+00:00\",\"dateModified\":\"2024-03-18T10:48:26+00:00\",\"mainEntityOfPage\":{\"@id\":\"https:\/\/footdavant.fr\/actualites\/ruud-van-nistelrooy-insiste-sur-le-fait-quil-souhaite-un-prochain-role-de-direction-en-angleterre-ou-en-espagne\/\"},\"wordCount\":470,\"publisher\":{\"@id\":\"https:\/\/footdavant.fr\/actualites\/#organization\"},\"keywords\":[\"Angleterre\",\"direction\",\"Espagne\",\"fait\",\"insiste\",\"Nistelrooy\",\"prochain\",\"quil\",\"r\u00f4le\",\"Ruud\",\"souhaite\",\"sur\",\"van\"],\"articleSection\":[\"Football\"],\"inLanguage\":\"fr-FR\"},{\"@type\":\"WebPage\",\"@id\":\"https:\/\/footdavant.fr\/actualites\/ruud-van-nistelrooy-insiste-sur-le-fait-quil-souhaite-un-prochain-role-de-direction-en-angleterre-ou-en-espagne\/\",\"url\":\"https:\/\/footdavant.fr\/actualites\/ruud-van-nistelrooy-insiste-sur-le-fait-quil-souhaite-un-prochain-role-de-direction-en-angleterre-ou-en-espagne\/\",\"name\":\"Ruud van Nistelrooy insiste sur le fait qu'il souhaite un prochain r\u00f4le de direction en Angleterre ou en Espagne -\",\"isPartOf\":{\"@id\":\"https:\/\/footdavant.fr\/actualites\/#website\"},\"datePublished\":\"2024-03-18T10:48:24+00:00\",\"dateModified\":\"2024-03-18T10:48:26+00:00\",\"breadcrumb\":{\"@id\":\"https:\/\/footdavant.fr\/actualites\/ruud-van-nistelrooy-insiste-sur-le-fait-quil-souhaite-un-prochain-role-de-direction-en-angleterre-ou-en-espagne\/#breadcrumb\"},\"inLanguage\":\"fr-FR\",\"potentialAction\":[{\"@type\":\"ReadAction\",\"target\":[\"https:\/\/footdavant.fr\/actualites\/ruud-van-nistelrooy-insiste-sur-le-fait-quil-souhaite-un-prochain-role-de-direction-en-angleterre-ou-en-espagne\/\"]}]},{\"@type\":\"BreadcrumbList\",\"@id\":\"https:\/\/footdavant.fr\/actualites\/ruud-van-nistelrooy-insiste-sur-le-fait-quil-souhaite-un-prochain-role-de-direction-en-angleterre-ou-en-espagne\/#breadcrumb\",\"itemListElement\":[{\"@type\":\"ListItem\",\"position\":1,\"name\":\"Accueil\",\"item\":\"https:\/\/footdavant.fr\/actualites\/\"},{\"@type\":\"ListItem\",\"position\":2,\"name\":\"Ruud van Nistelrooy insiste sur le fait qu&rsquo;il souhaite un prochain r\u00f4le de direction en Angleterre ou en Espagne &#8211;\"}]},{\"@type\":\"WebSite\",\"@id\":\"https:\/\/footdavant.fr\/actualites\/#website\",\"url\":\"https:\/\/footdavant.fr\/actualites\/\",\"name\":\"Foot d'avant\",\"description\":\"\",\"publisher\":{\"@id\":\"https:\/\/footdavant.fr\/actualites\/#organization\"},\"potentialAction\":[{\"@type\":\"SearchAction\",\"target\":{\"@type\":\"EntryPoint\",\"urlTemplate\":\"https:\/\/footdavant.fr\/actualites\/?s={search_term_string}\"},\"query-input\":\"required name=search_term_string\"}],\"inLanguage\":\"fr-FR\"},{\"@type\":\"Organization\",\"@id\":\"https:\/\/footdavant.fr\/actualites\/#organization\",\"name\":\"Foot d'avant\",\"url\":\"https:\/\/footdavant.fr\/actualites\/\",\"logo\":{\"@type\":\"ImageObject\",\"inLanguage\":\"fr-FR\",\"@id\":\"https:\/\/footdavant.fr\/actualites\/#\/schema\/logo\/image\/\",\"url\":\"https:\/\/footdavant.fr\/actualites\/wp-content\/uploads\/2023\/09\/Copy-of-FootDavant-Logo.png\",\"contentUrl\":\"https:\/\/footdavant.fr\/actualites\/wp-content\/uploads\/2023\/09\/Copy-of-FootDavant-Logo.png\",\"width\":936,\"height\":549,\"caption\":\"Foot d'avant\"},\"image\":{\"@id\":\"https:\/\/footdavant.fr\/actualites\/#\/schema\/logo\/image\/\"},\"sameAs\":[\"https:\/\/www.facebook.com\/Footdavant\/\",\"https:\/\/twitter.com\/FootdavantFr\",\"https:\/\/www.instagram.com\/footdavant.fr\/\"]},{\"@type\":\"Person\",\"@id\":\"https:\/\/footdavant.fr\/actualites\/#\/schema\/person\/bc222566d95871b37e597b3ed3ba5e1d\",\"name\":\"Cl\u00e9ment\",\"image\":{\"@type\":\"ImageObject\",\"inLanguage\":\"fr-FR\",\"@id\":\"https:\/\/footdavant.fr\/actualites\/#\/schema\/person\/image\/\",\"url\":\"https:\/\/secure.gravatar.com\/avatar\/7728b29aac2719421e1a9159b2254c44?s=96&d=mm&r=g\",\"contentUrl\":\"https:\/\/secure.gravatar.com\/avatar\/7728b29aac2719421e1a9159b2254c44?s=96&d=mm&r=g\",\"caption\":\"Cl\u00e9ment\"},\"sameAs\":[\"https:\/\/footdavant.fr\/\"]}]}<\/script>\n<!-- \/ Yoast SEO plugin. -->","yoast_head_json":{"title":"Ruud van Nistelrooy insiste sur le fait qu'il souhaite un prochain r\u00f4le de direction en Angleterre ou en Espagne -","robots":{"index":"index","follow":"follow","max-snippet":"max-snippet:-1","max-image-preview":"max-image-preview:large","max-video-preview":"max-video-preview:-1"},"canonical":"https:\/\/footdavant.fr\/actualites\/ruud-van-nistelrooy-insiste-sur-le-fait-quil-souhaite-un-prochain-role-de-direction-en-angleterre-ou-en-espagne\/","og_locale":"fr_FR","og_type":"article","og_title":"Ruud van Nistelrooy insiste sur le fait qu'il souhaite un prochain r\u00f4le de direction en Angleterre ou en Espagne -","og_description":"3 La l\u00e9gende de Manchester United, Ruud van Nistelrooy, a exprim\u00e9 son d\u00e9sir de revenir \u00e0 la direction, mais cette fois en Angleterre ou en","og_url":"https:\/\/footdavant.fr\/actualites\/ruud-van-nistelrooy-insiste-sur-le-fait-quil-souhaite-un-prochain-role-de-direction-en-angleterre-ou-en-espagne\/","og_site_name":"Foot d&#039;avant","article_publisher":"https:\/\/www.facebook.com\/Footdavant\/","article_published_time":"2024-03-18T10:48:24+00:00","article_modified_time":"2024-03-18T10:48:26+00:00","og_image":[{"width":1600,"height":703,"url":"https:\/\/footdavant.fr\/actualites\/wp-content\/uploads\/2024\/03\/Ruud-van-Nistelrooy-insiste-sur-le-fait-quil-souhaite-un.jpg","type":"image\/jpeg"}],"author":"Cl\u00e9ment","twitter_card":"summary_large_image","twitter_creator":"@FootdavantFr","twitter_site":"@FootdavantFr","twitter_misc":{"\u00c9crit par":"Cl\u00e9ment","Dur\u00e9e de lecture estim\u00e9e":"2 minutes"},"schema":{"@context":"https:\/\/schema.org","@graph":[{"@type":"Article","@id":"https:\/\/footdavant.fr\/actualites\/ruud-van-nistelrooy-insiste-sur-le-fait-quil-souhaite-un-prochain-role-de-direction-en-angleterre-ou-en-espagne\/#article","isPartOf":{"@id":"https:\/\/footdavant.fr\/actualites\/ruud-van-nistelrooy-insiste-sur-le-fait-quil-souhaite-un-prochain-role-de-direction-en-angleterre-ou-en-espagne\/"},"author":{"name":"Cl\u00e9ment","@id":"https:\/\/footdavant.fr\/actualites\/#\/schema\/person\/bc222566d95871b37e597b3ed3ba5e1d"},"headline":"Ruud van Nistelrooy insiste sur le fait qu&rsquo;il souhaite un prochain r\u00f4le de direction en Angleterre ou en Espagne &#8211;","datePublished":"2024-03-18T10:48:24+00:00","dateModified":"2024-03-18T10:48:26+00:00","mainEntityOfPage":{"@id":"https:\/\/footdavant.fr\/actualites\/ruud-van-nistelrooy-insiste-sur-le-fait-quil-souhaite-un-prochain-role-de-direction-en-angleterre-ou-en-espagne\/"},"wordCount":470,"publisher":{"@id":"https:\/\/footdavant.fr\/actualites\/#organization"},"keywords":["Angleterre","direction","Espagne","fait","insiste","Nistelrooy","prochain","quil","r\u00f4le","Ruud","souhaite","sur","van"],"articleSection":["Football"],"inLanguage":"fr-FR"},{"@type":"WebPage","@id":"https:\/\/footdavant.fr\/actualites\/ruud-van-nistelrooy-insiste-sur-le-fait-quil-souhaite-un-prochain-role-de-direction-en-angleterre-ou-en-espagne\/","url":"https:\/\/footdavant.fr\/actualites\/ruud-van-nistelrooy-insiste-sur-le-fait-quil-souhaite-un-prochain-role-de-direction-en-angleterre-ou-en-espagne\/","name":"Ruud van Nistelrooy insiste sur le fait qu'il souhaite un prochain r\u00f4le de direction en Angleterre ou en Espagne -","isPartOf":{"@id":"https:\/\/footdavant.fr\/actualites\/#website"},"datePublished":"2024-03-18T10:48:24+00:00","dateModified":"2024-03-18T10:48:26+00:00","breadcrumb":{"@id":"https:\/\/footdavant.fr\/actualites\/ruud-van-nistelrooy-insiste-sur-le-fait-quil-souhaite-un-prochain-role-de-direction-en-angleterre-ou-en-espagne\/#breadcrumb"},"inLanguage":"fr-FR","potentialAction":[{"@type":"ReadAction","target":["https:\/\/footdavant.fr\/actualites\/ruud-van-nistelrooy-insiste-sur-le-fait-quil-souhaite-un-prochain-role-de-direction-en-angleterre-ou-en-espagne\/"]}]},{"@type":"BreadcrumbList","@id":"https:\/\/footdavant.fr\/actualites\/ruud-van-nistelrooy-insiste-sur-le-fait-quil-souhaite-un-prochain-role-de-direction-en-angleterre-ou-en-espagne\/#breadcrumb","itemListElement":[{"@type":"ListItem","position":1,"name":"Accueil","item":"https:\/\/footdavant.fr\/actualites\/"},{"@type":"ListItem","position":2,"name":"Ruud van Nistelrooy insiste sur le fait qu&rsquo;il souhaite un prochain r\u00f4le de direction en Angleterre ou en Espagne &#8211;"}]},{"@type":"WebSite","@id":"https:\/\/footdavant.fr\/actualites\/#website","url":"https:\/\/footdavant.fr\/actualites\/","name":"Foot d'avant","description":"","publisher":{"@id":"https:\/\/footdavant.fr\/actualites\/#organization"},"potentialAction":[{"@type":"SearchAction","target":{"@type":"EntryPoint","urlTemplate":"https:\/\/footdavant.fr\/actualites\/?s={search_term_string}"},"query-input":"required name=search_term_string"}],"inLanguage":"fr-FR"},{"@type":"Organization","@id":"https:\/\/footdavant.fr\/actualites\/#organization","name":"Foot d'avant","url":"https:\/\/footdavant.fr\/actualites\/","logo":{"@type":"ImageObject","inLanguage":"fr-FR","@id":"https:\/\/footdavant.fr\/actualites\/#\/schema\/logo\/image\/","url":"https:\/\/footdavant.fr\/actualites\/wp-content\/uploads\/2023\/09\/Copy-of-FootDavant-Logo.png","contentUrl":"https:\/\/footdavant.fr\/actualites\/wp-content\/uploads\/2023\/09\/Copy-of-FootDavant-Logo.png","width":936,"height":549,"caption":"Foot d'avant"},"image":{"@id":"https:\/\/footdavant.fr\/actualites\/#\/schema\/logo\/image\/"},"sameAs":["https:\/\/www.facebook.com\/Footdavant\/","https:\/\/twitter.com\/FootdavantFr","https:\/\/www.instagram.com\/footdavant.fr\/"]},{"@type":"Person","@id":"https:\/\/footdavant.fr\/actualites\/#\/schema\/person\/bc222566d95871b37e597b3ed3ba5e1d","name":"Cl\u00e9ment","image":{"@type":"ImageObject","inLanguage":"fr-FR","@id":"https:\/\/footdavant.fr\/actualites\/#\/schema\/person\/image\/","url":"https:\/\/secure.gravatar.com\/avatar\/7728b29aac2719421e1a9159b2254c44?s=96&d=mm&r=g","contentUrl":"https:\/\/secure.gravatar.com\/avatar\/7728b29aac2719421e1a9159b2254c44?s=96&d=mm&r=g","caption":"Cl\u00e9ment"},"sameAs":["https:\/\/footdavant.fr\/"]}]}},"_links":{"self":[{"href":"https:\/\/footdavant.fr\/actualites\/wp-json\/wp\/v2\/posts\/6397"}],"collection":[{"href":"https:\/\/footdavant.fr\/actualites\/wp-json\/wp\/v2\/posts"}],"about":[{"href":"https:\/\/footdavant.fr\/actualites\/wp-json\/wp\/v2\/types\/post"}],"author":[{"embeddable":true,"href":"https:\/\/footdavant.fr\/actualites\/wp-json\/wp\/v2\/users\/1"}],"replies":[{"embeddable":true,"href":"https:\/\/footdavant.fr\/actualites\/wp-json\/wp\/v2\/comments?post=6397"}],"version-history":[{"count":1,"href":"https:\/\/footdavant.fr\/actualites\/wp-json\/wp\/v2\/posts\/6397\/revisions"}],"predecessor-version":[{"id":6399,"href":"https:\/\/footdavant.fr\/actualites\/wp-json\/wp\/v2\/posts\/6397\/revisions\/6399"}],"wp:featuredmedia":[{"embeddable":true,"href":"https:\/\/footdavant.fr\/actualites\/wp-json\/wp\/v2\/media\/6398"}],"wp:attachment":[{"href":"https:\/\/footdavant.fr\/actualites\/wp-json\/wp\/v2\/media?parent=6397"}],"wp:term":[{"taxonomy":"category","embeddable":true,"href":"https:\/\/footdavant.fr\/actualites\/wp-json\/wp\/v2\/categories?post=6397"},{"taxonomy":"post_tag","embeddable":true,"href":"https:\/\/footdavant.fr\/actualites\/wp-json\/wp\/v2\/tags?post=6397"}],"curies":[{"name":"wp","href":"https:\/\/api.w.org\/{rel}","templated":true}]}}