{"id":64,"date":"2023-10-30T20:21:26","date_gmt":"2023-10-30T19:21:26","guid":{"rendered":"https:\/\/footdavant.fr\/actualites\/manchester-city-prend-le-controle-du-groupe-g-avec-une-victoire-3-1-contre-les-young-boys\/"},"modified":"2023-10-30T20:21:27","modified_gmt":"2023-10-30T19:21:27","slug":"manchester-city-prend-le-controle-du-groupe-g-avec-une-victoire-3-1-contre-les-young-boys","status":"publish","type":"post","link":"https:\/\/footdavant.fr\/actualites\/manchester-city-prend-le-controle-du-groupe-g-avec-une-victoire-3-1-contre-les-young-boys\/","title":{"rendered":"Manchester City prend le contr\u00f4le du Groupe G avec une victoire 3-1 contre les Young Boys"},"content":{"rendered":"<p>Manchester City prend le contr\u00f4le du groupe G avec une victoire 3-1 contre les champions de Super League suisse Young Boys au stade Wankdorf mercredi soir.<\/p>\n<div id=\"article_body\" itemprop=\"articleBody\">\n<p class=\"firstPara\">Un corset de <strong class=\"autotag\">Erling Haaland<\/strong> et <strong class=\"autotag\">Manuel Akanji<\/strong>Le premier but du club a vu <strong class=\"autotag\">Manchester City<\/strong> assurer une victoire 3-1 <strong class=\"autotag\">Jeunes gar\u00e7ons<\/strong> et prendre le contr\u00f4le du Groupe G dans le <strong class=\"autotag\">Ligue des champions<\/strong>.<\/p>\n<p><strong class=\"autotag\">Rapha\u00ebl Wicky<\/strong> a mentionn\u00e9 avant le coup d&rsquo;envoi que son \u00e9quipe n&rsquo;avait \u00ab\u00a0rien \u00e0 perdre\u00a0\u00bb et a affirm\u00e9 qu&rsquo;elle \u00e9tait capable de battre les champions en titre pour remporter leur premi\u00e8re victoire dans la comp\u00e9tition cette saison.<\/p>\n<p><strong class=\"autotag\">Pep Guardiola<\/strong>en revanche, esp\u00e9rait une troisi\u00e8me victoire cons\u00e9cutive en Europe qui permettrait \u00e0 son \u00e9quipe de prendre une solide avance dans le groupe et lui permettrait de reposer quelques joueurs jusqu&rsquo;aux huiti\u00e8mes de finale.<\/p>\n<p>Ce fut un d\u00e9but de match anim\u00e9, et les deux \u00e9quipes ont marqu\u00e9 rapidement le but gr\u00e2ce \u00e0 des tentatives de <strong class=\"autotag\">Filip Ugrinic<\/strong> et <strong class=\"autotag\">Rodri<\/strong> aux deux extr\u00e9mit\u00e9s au cours des cinq premi\u00e8res minutes, m\u00eame si ni l&rsquo;un ni l&rsquo;autre n&rsquo;ont r\u00e9ussi \u00e0 conserver les demi-chances qui leur \u00e9taient offertes.<\/p>\n<p>City a commenc\u00e9 \u00e0 contr\u00f4ler le match au fur et \u00e0 mesure que la mi-temps avan\u00e7ait, g\u00e9n\u00e9rant des opportunit\u00e9s mais ne parvenant pas \u00e0 les convertir, avec Haaland et <strong class=\"autotag\">J\u00e9r\u00e9mie Doku<\/strong> les deux manquent des occasions pr\u00e9sentables.<\/p>\n<p>Les visiteurs ont failli prendre l&rsquo;avantage avant la mi-temps lorsque <strong class=\"autotag\">Jack Grealish<\/strong> a tir\u00e9 un petit coup de feu sur <strong class=\"autotag\">Anthony Racioppi<\/strong>qui a \u00e9chapp\u00e9 le ballon <strong class=\"autotag\">Matheus Nunes<\/strong>mais <strong class=\"autotag\">Loris Benito<\/strong> est revenu pour d\u00e9gager la ligne et a maintenu le niveau des scores \u00e0 la pause.<\/p>\n<p class=\"imgI\">\n<p>Guardiola \u00e9tait visiblement frustr\u00e9 en descendant le tunnel alors que son \u00e9quipe dirigeait le match avec 75% de possession, enregistrant 10 tirs au but et six cadr\u00e9s, mais toujours sans but pour montrer leur domination en premi\u00e8re mi-temps, tandis que les Young Boys \u00e9taient toujours dans le match. jeu et semble dangereux en transition.<\/p>\n<p>Cependant, l&rsquo;entra\u00eeneur de City n&rsquo;a pas eu \u00e0 attendre longtemps pour trouver une raison de sourire, puisque son \u00e9quipe est sortie en trombe en deuxi\u00e8me p\u00e9riode et a obtenu sa r\u00e9compense avec Akanji qui a tap\u00e9 sur un rebond d&rsquo;un but. <strong class=\"autotag\">Rub\u00e9n Dias<\/strong> de la t\u00eate pour donner l&rsquo;avantage \u00e0 son \u00e9quipe et inscrire son tout premier but pour les Citizens.<\/p>\n<p>Les h\u00f4tes ont cependant \u00e9galis\u00e9 moins de cinq minutes plus tard, avec un premier ballon par-dessus qui a trouv\u00e9 <strong class=\"autotag\">Meschak Elia<\/strong>qui a mis un glorieux jeton dessus <strong class=\"autotag\">Ederson<\/strong> et dans le coin du filet.<\/p>\n<p>Au fur et \u00e0 mesure que le match avan\u00e7ait, il y avait de plus en plus le sentiment que ce n&rsquo;\u00e9tait qu&rsquo;une question de temps avant que City ne reprenne l&rsquo;avantage, et c&rsquo;est exactement ce qu&rsquo;ils ont fait lorsque Rodri a \u00e9t\u00e9 renvers\u00e9 dans la surface et que Haaland est intervenu pour marquer le coup de pied.<\/p>\n<p>Les Citizens pensaient avoir perdu le match \u00e0 la 74e minute lorsque <strong class=\"autotag\">Julien \u00c1lvarez<\/strong> a jou\u00e9 un une-deux rapide avec Haaland avant de rentrer \u00e0 la maison, mais le but a \u00e9t\u00e9 exclu pour un handball sur Grealish lors de la pr\u00e9paration.<\/p>\n<p>\u00c0 partir de ce moment-l\u00e0, c&rsquo;\u00e9tait principalement du trafic \u00e0 sens unique, les champions dominant la possession et bien qu&rsquo;il ait \u00e9t\u00e9 refus\u00e9 \u00e0 plusieurs reprises tout au long des 90 minutes de jeu ouvert, Haaland a obtenu son deuxi\u00e8me de la soir\u00e9e cinq minutes avant l&rsquo;heure avec un d\u00e9licieux tir enroul\u00e9 de l&rsquo;int\u00e9rieur du terrain. bo\u00eete.<\/p>\n<p>City a remport\u00e9 son groupe en Ligue des champions au cours des six derni\u00e8res saisons et semble \u00e0 nouveau en bonne voie pour se qualifier pour les huiti\u00e8mes de finale cette saison.<\/p>\n<p>Les Young Boys seront de retour en championnat ce week-end contre Lugano, tandis que Manchester City affrontera ses rivaux de l&rsquo;autre c\u00f4t\u00e9 de la ville lors du derby de Manchester dimanche.<\/p>\n<\/div>\n","protected":false},"excerpt":{"rendered":"<p>Manchester City prend le contr\u00f4le du groupe G avec une victoire 3-1 contre les champions de Super League suisse Young Boys au stade Wankdorf mercredi<\/p>\n","protected":false},"author":1,"featured_media":65,"comment_status":"closed","ping_status":"","sticky":false,"template":"","format":"standard","meta":{"footnotes":""},"categories":[4],"tags":[91,66,27,20,89,90,93,11,88,92,26,65],"yoast_head":"<!-- This site is optimized with the Yoast SEO plugin v21.0 - https:\/\/yoast.com\/wordpress\/plugins\/seo\/ -->\n<title>Manchester City prend le contr\u00f4le du Groupe G avec une victoire 3-1 contre les Young Boys<\/title>\n<meta name=\"robots\" content=\"index, follow, max-snippet:-1, max-image-preview:large, max-video-preview:-1\" \/>\n<link rel=\"canonical\" href=\"https:\/\/footdavant.fr\/actualites\/manchester-city-prend-le-controle-du-groupe-g-avec-une-victoire-3-1-contre-les-young-boys\/\" \/>\n<meta property=\"og:locale\" content=\"fr_FR\" \/>\n<meta property=\"og:type\" content=\"article\" \/>\n<meta property=\"og:title\" content=\"Manchester City prend le contr\u00f4le du Groupe G avec une victoire 3-1 contre les Young Boys\" \/>\n<meta property=\"og:description\" content=\"Manchester City prend le contr\u00f4le du groupe G avec une victoire 3-1 contre les champions de Super League suisse Young Boys au stade Wankdorf mercredi\" \/>\n<meta property=\"og:url\" content=\"https:\/\/footdavant.fr\/actualites\/manchester-city-prend-le-controle-du-groupe-g-avec-une-victoire-3-1-contre-les-young-boys\/\" \/>\n<meta property=\"og:site_name\" content=\"Foot d&#039;avant\" \/>\n<meta property=\"article:publisher\" content=\"https:\/\/www.facebook.com\/Footdavant\/\" \/>\n<meta property=\"article:published_time\" content=\"2023-10-30T19:21:26+00:00\" \/>\n<meta property=\"article:modified_time\" content=\"2023-10-30T19:21:27+00:00\" \/>\n<meta property=\"og:image\" content=\"https:\/\/footdavant.fr\/actualites\/wp-content\/uploads\/2023\/10\/Manchester-City-prend-le-controle-du-Groupe-G-avec-une.jpg\" \/>\n\t<meta property=\"og:image:width\" content=\"640\" \/>\n\t<meta property=\"og:image:height\" content=\"480\" \/>\n\t<meta property=\"og:image:type\" content=\"image\/jpeg\" \/>\n<meta name=\"author\" content=\"Cl\u00e9ment\" \/>\n<meta name=\"twitter:card\" content=\"summary_large_image\" \/>\n<meta name=\"twitter:creator\" content=\"@FootdavantFr\" \/>\n<meta name=\"twitter:site\" content=\"@FootdavantFr\" \/>\n<meta name=\"twitter:label1\" content=\"\u00c9crit par\" \/>\n\t<meta name=\"twitter:data1\" content=\"Cl\u00e9ment\" \/>\n\t<meta name=\"twitter:label2\" content=\"Dur\u00e9e de lecture estim\u00e9e\" \/>\n\t<meta name=\"twitter:data2\" content=\"3 minutes\" \/>\n<script type=\"application\/ld+json\" class=\"yoast-schema-graph\">{\"@context\":\"https:\/\/schema.org\",\"@graph\":[{\"@type\":\"Article\",\"@id\":\"https:\/\/footdavant.fr\/actualites\/manchester-city-prend-le-controle-du-groupe-g-avec-une-victoire-3-1-contre-les-young-boys\/#article\",\"isPartOf\":{\"@id\":\"https:\/\/footdavant.fr\/actualites\/manchester-city-prend-le-controle-du-groupe-g-avec-une-victoire-3-1-contre-les-young-boys\/\"},\"author\":{\"name\":\"Cl\u00e9ment\",\"@id\":\"https:\/\/footdavant.fr\/actualites\/#\/schema\/person\/bc222566d95871b37e597b3ed3ba5e1d\"},\"headline\":\"Manchester City prend le contr\u00f4le du Groupe G avec une victoire 3-1 contre les Young Boys\",\"datePublished\":\"2023-10-30T19:21:26+00:00\",\"dateModified\":\"2023-10-30T19:21:27+00:00\",\"mainEntityOfPage\":{\"@id\":\"https:\/\/footdavant.fr\/actualites\/manchester-city-prend-le-controle-du-groupe-g-avec-une-victoire-3-1-contre-les-young-boys\/\"},\"wordCount\":676,\"publisher\":{\"@id\":\"https:\/\/footdavant.fr\/actualites\/#organization\"},\"keywords\":[\"avec\",\"Boys\",\"City\",\"contre\",\"contr\u00f4le\",\"Groupe\",\"les\",\"Manchester\",\"prend\",\"une\",\"victoire\",\"Young\"],\"articleSection\":[\"Champions League\"],\"inLanguage\":\"fr-FR\"},{\"@type\":\"WebPage\",\"@id\":\"https:\/\/footdavant.fr\/actualites\/manchester-city-prend-le-controle-du-groupe-g-avec-une-victoire-3-1-contre-les-young-boys\/\",\"url\":\"https:\/\/footdavant.fr\/actualites\/manchester-city-prend-le-controle-du-groupe-g-avec-une-victoire-3-1-contre-les-young-boys\/\",\"name\":\"Manchester City prend le contr\u00f4le du Groupe G avec une victoire 3-1 contre les Young Boys\",\"isPartOf\":{\"@id\":\"https:\/\/footdavant.fr\/actualites\/#website\"},\"datePublished\":\"2023-10-30T19:21:26+00:00\",\"dateModified\":\"2023-10-30T19:21:27+00:00\",\"breadcrumb\":{\"@id\":\"https:\/\/footdavant.fr\/actualites\/manchester-city-prend-le-controle-du-groupe-g-avec-une-victoire-3-1-contre-les-young-boys\/#breadcrumb\"},\"inLanguage\":\"fr-FR\",\"potentialAction\":[{\"@type\":\"ReadAction\",\"target\":[\"https:\/\/footdavant.fr\/actualites\/manchester-city-prend-le-controle-du-groupe-g-avec-une-victoire-3-1-contre-les-young-boys\/\"]}]},{\"@type\":\"BreadcrumbList\",\"@id\":\"https:\/\/footdavant.fr\/actualites\/manchester-city-prend-le-controle-du-groupe-g-avec-une-victoire-3-1-contre-les-young-boys\/#breadcrumb\",\"itemListElement\":[{\"@type\":\"ListItem\",\"position\":1,\"name\":\"Accueil\",\"item\":\"https:\/\/footdavant.fr\/actualites\/\"},{\"@type\":\"ListItem\",\"position\":2,\"name\":\"Manchester City prend le contr\u00f4le du Groupe G avec une victoire 3-1 contre les Young Boys\"}]},{\"@type\":\"WebSite\",\"@id\":\"https:\/\/footdavant.fr\/actualites\/#website\",\"url\":\"https:\/\/footdavant.fr\/actualites\/\",\"name\":\"Foot d'avant\",\"description\":\"\",\"publisher\":{\"@id\":\"https:\/\/footdavant.fr\/actualites\/#organization\"},\"potentialAction\":[{\"@type\":\"SearchAction\",\"target\":{\"@type\":\"EntryPoint\",\"urlTemplate\":\"https:\/\/footdavant.fr\/actualites\/?s={search_term_string}\"},\"query-input\":\"required name=search_term_string\"}],\"inLanguage\":\"fr-FR\"},{\"@type\":\"Organization\",\"@id\":\"https:\/\/footdavant.fr\/actualites\/#organization\",\"name\":\"Foot d'avant\",\"url\":\"https:\/\/footdavant.fr\/actualites\/\",\"logo\":{\"@type\":\"ImageObject\",\"inLanguage\":\"fr-FR\",\"@id\":\"https:\/\/footdavant.fr\/actualites\/#\/schema\/logo\/image\/\",\"url\":\"https:\/\/footdavant.fr\/actualites\/wp-content\/uploads\/2023\/09\/Copy-of-FootDavant-Logo.png\",\"contentUrl\":\"https:\/\/footdavant.fr\/actualites\/wp-content\/uploads\/2023\/09\/Copy-of-FootDavant-Logo.png\",\"width\":936,\"height\":549,\"caption\":\"Foot d'avant\"},\"image\":{\"@id\":\"https:\/\/footdavant.fr\/actualites\/#\/schema\/logo\/image\/\"},\"sameAs\":[\"https:\/\/www.facebook.com\/Footdavant\/\",\"https:\/\/twitter.com\/FootdavantFr\",\"https:\/\/www.instagram.com\/footdavant.fr\/\"]},{\"@type\":\"Person\",\"@id\":\"https:\/\/footdavant.fr\/actualites\/#\/schema\/person\/bc222566d95871b37e597b3ed3ba5e1d\",\"name\":\"Cl\u00e9ment\",\"image\":{\"@type\":\"ImageObject\",\"inLanguage\":\"fr-FR\",\"@id\":\"https:\/\/footdavant.fr\/actualites\/#\/schema\/person\/image\/\",\"url\":\"https:\/\/secure.gravatar.com\/avatar\/7728b29aac2719421e1a9159b2254c44?s=96&d=mm&r=g\",\"contentUrl\":\"https:\/\/secure.gravatar.com\/avatar\/7728b29aac2719421e1a9159b2254c44?s=96&d=mm&r=g\",\"caption\":\"Cl\u00e9ment\"},\"sameAs\":[\"https:\/\/footdavant.fr\/\"]}]}<\/script>\n<!-- \/ Yoast SEO plugin. -->","yoast_head_json":{"title":"Manchester City prend le contr\u00f4le du Groupe G avec une victoire 3-1 contre les Young Boys","robots":{"index":"index","follow":"follow","max-snippet":"max-snippet:-1","max-image-preview":"max-image-preview:large","max-video-preview":"max-video-preview:-1"},"canonical":"https:\/\/footdavant.fr\/actualites\/manchester-city-prend-le-controle-du-groupe-g-avec-une-victoire-3-1-contre-les-young-boys\/","og_locale":"fr_FR","og_type":"article","og_title":"Manchester City prend le contr\u00f4le du Groupe G avec une victoire 3-1 contre les Young Boys","og_description":"Manchester City prend le contr\u00f4le du groupe G avec une victoire 3-1 contre les champions de Super League suisse Young Boys au stade Wankdorf mercredi","og_url":"https:\/\/footdavant.fr\/actualites\/manchester-city-prend-le-controle-du-groupe-g-avec-une-victoire-3-1-contre-les-young-boys\/","og_site_name":"Foot d&#039;avant","article_publisher":"https:\/\/www.facebook.com\/Footdavant\/","article_published_time":"2023-10-30T19:21:26+00:00","article_modified_time":"2023-10-30T19:21:27+00:00","og_image":[{"width":640,"height":480,"url":"https:\/\/footdavant.fr\/actualites\/wp-content\/uploads\/2023\/10\/Manchester-City-prend-le-controle-du-Groupe-G-avec-une.jpg","type":"image\/jpeg"}],"author":"Cl\u00e9ment","twitter_card":"summary_large_image","twitter_creator":"@FootdavantFr","twitter_site":"@FootdavantFr","twitter_misc":{"\u00c9crit par":"Cl\u00e9ment","Dur\u00e9e de lecture estim\u00e9e":"3 minutes"},"schema":{"@context":"https:\/\/schema.org","@graph":[{"@type":"Article","@id":"https:\/\/footdavant.fr\/actualites\/manchester-city-prend-le-controle-du-groupe-g-avec-une-victoire-3-1-contre-les-young-boys\/#article","isPartOf":{"@id":"https:\/\/footdavant.fr\/actualites\/manchester-city-prend-le-controle-du-groupe-g-avec-une-victoire-3-1-contre-les-young-boys\/"},"author":{"name":"Cl\u00e9ment","@id":"https:\/\/footdavant.fr\/actualites\/#\/schema\/person\/bc222566d95871b37e597b3ed3ba5e1d"},"headline":"Manchester City prend le contr\u00f4le du Groupe G avec une victoire 3-1 contre les Young Boys","datePublished":"2023-10-30T19:21:26+00:00","dateModified":"2023-10-30T19:21:27+00:00","mainEntityOfPage":{"@id":"https:\/\/footdavant.fr\/actualites\/manchester-city-prend-le-controle-du-groupe-g-avec-une-victoire-3-1-contre-les-young-boys\/"},"wordCount":676,"publisher":{"@id":"https:\/\/footdavant.fr\/actualites\/#organization"},"keywords":["avec","Boys","City","contre","contr\u00f4le","Groupe","les","Manchester","prend","une","victoire","Young"],"articleSection":["Champions League"],"inLanguage":"fr-FR"},{"@type":"WebPage","@id":"https:\/\/footdavant.fr\/actualites\/manchester-city-prend-le-controle-du-groupe-g-avec-une-victoire-3-1-contre-les-young-boys\/","url":"https:\/\/footdavant.fr\/actualites\/manchester-city-prend-le-controle-du-groupe-g-avec-une-victoire-3-1-contre-les-young-boys\/","name":"Manchester City prend le contr\u00f4le du Groupe G avec une victoire 3-1 contre les Young Boys","isPartOf":{"@id":"https:\/\/footdavant.fr\/actualites\/#website"},"datePublished":"2023-10-30T19:21:26+00:00","dateModified":"2023-10-30T19:21:27+00:00","breadcrumb":{"@id":"https:\/\/footdavant.fr\/actualites\/manchester-city-prend-le-controle-du-groupe-g-avec-une-victoire-3-1-contre-les-young-boys\/#breadcrumb"},"inLanguage":"fr-FR","potentialAction":[{"@type":"ReadAction","target":["https:\/\/footdavant.fr\/actualites\/manchester-city-prend-le-controle-du-groupe-g-avec-une-victoire-3-1-contre-les-young-boys\/"]}]},{"@type":"BreadcrumbList","@id":"https:\/\/footdavant.fr\/actualites\/manchester-city-prend-le-controle-du-groupe-g-avec-une-victoire-3-1-contre-les-young-boys\/#breadcrumb","itemListElement":[{"@type":"ListItem","position":1,"name":"Accueil","item":"https:\/\/footdavant.fr\/actualites\/"},{"@type":"ListItem","position":2,"name":"Manchester City prend le contr\u00f4le du Groupe G avec une victoire 3-1 contre les Young Boys"}]},{"@type":"WebSite","@id":"https:\/\/footdavant.fr\/actualites\/#website","url":"https:\/\/footdavant.fr\/actualites\/","name":"Foot d'avant","description":"","publisher":{"@id":"https:\/\/footdavant.fr\/actualites\/#organization"},"potentialAction":[{"@type":"SearchAction","target":{"@type":"EntryPoint","urlTemplate":"https:\/\/footdavant.fr\/actualites\/?s={search_term_string}"},"query-input":"required name=search_term_string"}],"inLanguage":"fr-FR"},{"@type":"Organization","@id":"https:\/\/footdavant.fr\/actualites\/#organization","name":"Foot d'avant","url":"https:\/\/footdavant.fr\/actualites\/","logo":{"@type":"ImageObject","inLanguage":"fr-FR","@id":"https:\/\/footdavant.fr\/actualites\/#\/schema\/logo\/image\/","url":"https:\/\/footdavant.fr\/actualites\/wp-content\/uploads\/2023\/09\/Copy-of-FootDavant-Logo.png","contentUrl":"https:\/\/footdavant.fr\/actualites\/wp-content\/uploads\/2023\/09\/Copy-of-FootDavant-Logo.png","width":936,"height":549,"caption":"Foot d'avant"},"image":{"@id":"https:\/\/footdavant.fr\/actualites\/#\/schema\/logo\/image\/"},"sameAs":["https:\/\/www.facebook.com\/Footdavant\/","https:\/\/twitter.com\/FootdavantFr","https:\/\/www.instagram.com\/footdavant.fr\/"]},{"@type":"Person","@id":"https:\/\/footdavant.fr\/actualites\/#\/schema\/person\/bc222566d95871b37e597b3ed3ba5e1d","name":"Cl\u00e9ment","image":{"@type":"ImageObject","inLanguage":"fr-FR","@id":"https:\/\/footdavant.fr\/actualites\/#\/schema\/person\/image\/","url":"https:\/\/secure.gravatar.com\/avatar\/7728b29aac2719421e1a9159b2254c44?s=96&d=mm&r=g","contentUrl":"https:\/\/secure.gravatar.com\/avatar\/7728b29aac2719421e1a9159b2254c44?s=96&d=mm&r=g","caption":"Cl\u00e9ment"},"sameAs":["https:\/\/footdavant.fr\/"]}]}},"_links":{"self":[{"href":"https:\/\/footdavant.fr\/actualites\/wp-json\/wp\/v2\/posts\/64"}],"collection":[{"href":"https:\/\/footdavant.fr\/actualites\/wp-json\/wp\/v2\/posts"}],"about":[{"href":"https:\/\/footdavant.fr\/actualites\/wp-json\/wp\/v2\/types\/post"}],"author":[{"embeddable":true,"href":"https:\/\/footdavant.fr\/actualites\/wp-json\/wp\/v2\/users\/1"}],"replies":[{"embeddable":true,"href":"https:\/\/footdavant.fr\/actualites\/wp-json\/wp\/v2\/comments?post=64"}],"version-history":[{"count":1,"href":"https:\/\/footdavant.fr\/actualites\/wp-json\/wp\/v2\/posts\/64\/revisions"}],"predecessor-version":[{"id":66,"href":"https:\/\/footdavant.fr\/actualites\/wp-json\/wp\/v2\/posts\/64\/revisions\/66"}],"wp:featuredmedia":[{"embeddable":true,"href":"https:\/\/footdavant.fr\/actualites\/wp-json\/wp\/v2\/media\/65"}],"wp:attachment":[{"href":"https:\/\/footdavant.fr\/actualites\/wp-json\/wp\/v2\/media?parent=64"}],"wp:term":[{"taxonomy":"category","embeddable":true,"href":"https:\/\/footdavant.fr\/actualites\/wp-json\/wp\/v2\/categories?post=64"},{"taxonomy":"post_tag","embeddable":true,"href":"https:\/\/footdavant.fr\/actualites\/wp-json\/wp\/v2\/tags?post=64"}],"curies":[{"name":"wp","href":"https:\/\/api.w.org\/{rel}","templated":true}]}}