{"id":6400,"date":"2024-03-18T13:48:59","date_gmt":"2024-03-18T12:48:59","guid":{"rendered":"https:\/\/footdavant.fr\/actualites\/aston-villa-mene-lac-milan-et-la-juventus-dans-la-course-a-mario-hermoso\/"},"modified":"2024-03-18T13:48:59","modified_gmt":"2024-03-18T12:48:59","slug":"aston-villa-mene-lac-milan-et-la-juventus-dans-la-course-a-mario-hermoso","status":"publish","type":"post","link":"https:\/\/footdavant.fr\/actualites\/aston-villa-mene-lac-milan-et-la-juventus-dans-la-course-a-mario-hermoso\/","title":{"rendered":"Aston Villa \u00ab\u00a0m\u00e8ne l&rsquo;AC Milan et la Juventus dans la course \u00e0 Mario Hermoso\u00a0\u00bb"},"content":{"rendered":"<p>Aston Villa serait en t\u00eate d&rsquo;un certain nombre de clubs italiens dans la course pour recruter le d\u00e9fenseur de l&rsquo;Atletico Madrid Mario Hermoso.<\/p>\n<div id=\"article_body\" itemprop=\"articleBody\">\n<h3 class=\"firstPara\">\n<strong class=\"autotag\">Aston Villa<\/strong> auraient identifi\u00e9 <strong class=\"autotag\">Atletico Madrid<\/strong> d\u00e9fenseur <strong class=\"autotag\">Mario Hermoso<\/strong> comme cible potentielle de transfert d\u2019\u00e9t\u00e9.<\/h3>\n<p>L\u2019\u00e9quipe des West Midlands affronte actuellement Tottenham Hotspur et Manchester United dans la course pour une place parmi les quatre premiers du classement de la Premier League.<\/p>\n<p>M\u00eame si la cinqui\u00e8me place pourrait \u00e9galement conduire \u00e0 une qualification pour la Ligue des champions, cela d\u00e9pend actuellement de la performance des \u00e9quipes anglaises lors des huiti\u00e8mes de finale des comp\u00e9titions europ\u00e9ennes de cette saison.<\/p>\n<p>N\u00e9anmoins, telle a \u00e9t\u00e9 la progression de Villa sous <strong class=\"autotag\">Unai Emery<\/strong> qu&rsquo;ils sont consid\u00e9r\u00e9s comme les favoris pour remporter la Ligue Europa Conference, m\u00eame s&rsquo;ils sont vierges avec l&rsquo;Ajax au total apr\u00e8s le match aller de leurs huiti\u00e8mes de finale.<\/p>\n<p>Avec au moins une place en Ligue Europa en vue pour 2024-25, Emery et les ambitieux propri\u00e9taires du club peuvent commencer \u00e0 \u00e9valuer les objectifs potentiels, \u00e0 condition qu&rsquo;ils continuent de respecter la r\u00e9glementation financi\u00e8re.<\/p>\n<p class=\"imgI\">\n<p>Selon <em>Calciomercato<\/em>une r\u00e9flexion est envisag\u00e9e pour faire une approche pour Hermoso lors du prochain mercato.<\/p>\n<p>Le joueur de 28 ans en est actuellement \u00e0 sa cinqui\u00e8me campagne au Wanda Metropolitano, totalisant 164 apparitions toutes comp\u00e9titions confondues et marquant 10 buts.<\/p>\n<p>Au total, 34 titularisations ont \u00e9t\u00e9 effectu\u00e9es par l&rsquo;international espagnol \u00e0 cinq s\u00e9lections au cours de la saison 2023-24, dont sept en Ligue des champions avant le match retour de mercredi contre l&rsquo;Inter Milan lors des huiti\u00e8mes de finale.<\/p>\n<p>Cependant, le contrat d&rsquo;Hermoso avec l&rsquo;Atletico expire actuellement \u00e0 la fin de la saison, ce qui permettra au d\u00e9fenseur polyvalent de discuter avec des clubs \u00e9trangers.<\/p>\n<p class=\"imgI\"><img decoding=\"async\" loading=\"lazy\" class=\"l\" src=\"https:\/\/footdavant.fr\/actualites\/wp-content\/uploads\/2024\/03\/1710766139_627_Aston-Villa-mene-lAC-Milan-et-la-Juventus-dans-la.jpg\" title=\"Mario Hermoso de l'Atletico Madrid c\u00e9l\u00e8bre son deuxi\u00e8me but avec ses co\u00e9quipiers le 28 novembre 2023\" alt=\"Mario Hermoso de l'Atletico Madrid c\u00e9l\u00e8bre son deuxi\u00e8me but avec ses co\u00e9quipiers le 28 novembre 2023\" width=\"640\" height=\"480\"><\/p>\n<p>On ne sait pas si cela doit encore se produire, mais on pr\u00e9tend que Villa est actuellement consid\u00e9r\u00e9e comme le favori pour attirer Hermoso en Premier League.<\/p>\n<p>Le rapport affirme que chacun des <strong class=\"autotag\">AC Milan<\/strong> et <strong class=\"autotag\">Juve<\/strong> surveillent \u00e9galement la situation alors qu&rsquo;ils tentent de capitaliser sur la possibilit\u00e9 de recruter un d\u00e9fenseur de classe mondiale \u00e9prouv\u00e9 en tant qu&rsquo;agent libre.<\/p>\n<p>L&rsquo;Atletico a r\u00e9cemment rouvert les n\u00e9gociations avec les repr\u00e9sentants d&rsquo;Hermoso, mais il n&rsquo;est pas clair si le joueur est press\u00e9 de signer de nouveaux termes, surtout lorsqu&rsquo;il n&rsquo;y a aucune garantie que l&rsquo;Atletico participera \u00e0 la Ligue des champions la saison prochaine.<\/p>\n<p>Hermoso a pass\u00e9 l&rsquo;int\u00e9gralit\u00e9 de sa carri\u00e8re dans son pays natal, ayant \u00e9galement repr\u00e9sent\u00e9 le Real Valladolid et l&rsquo;Espanyol avant de rejoindre la capitale.<\/p>\n<\/div>\n","protected":false},"excerpt":{"rendered":"<p>Aston Villa serait en t\u00eate d&rsquo;un certain nombre de clubs italiens dans la course pour recruter le d\u00e9fenseur de l&rsquo;Atletico Madrid Mario Hermoso. Aston Villa<\/p>\n","protected":false},"author":1,"featured_media":6401,"comment_status":"closed","ping_status":"","sticky":false,"template":"","format":"standard","meta":{"footnotes":""},"categories":[5],"tags":[369,19,4172,711,1054,4171,493,250,370],"yoast_head":"<!-- This site is optimized with the Yoast SEO plugin v21.0 - https:\/\/yoast.com\/wordpress\/plugins\/seo\/ -->\n<title>Aston Villa &quot;m\u00e8ne l&#039;AC Milan et la Juventus dans la course \u00e0 Mario Hermoso&quot;<\/title>\n<meta name=\"robots\" content=\"index, follow, max-snippet:-1, max-image-preview:large, max-video-preview:-1\" \/>\n<link rel=\"canonical\" href=\"https:\/\/footdavant.fr\/actualites\/aston-villa-mene-lac-milan-et-la-juventus-dans-la-course-a-mario-hermoso\/\" \/>\n<meta property=\"og:locale\" content=\"fr_FR\" \/>\n<meta property=\"og:type\" content=\"article\" \/>\n<meta property=\"og:title\" content=\"Aston Villa &quot;m\u00e8ne l&#039;AC Milan et la Juventus dans la course \u00e0 Mario Hermoso&quot;\" \/>\n<meta property=\"og:description\" content=\"Aston Villa serait en t\u00eate d&rsquo;un certain nombre de clubs italiens dans la course pour recruter le d\u00e9fenseur de l&rsquo;Atletico Madrid Mario Hermoso. Aston Villa\" \/>\n<meta property=\"og:url\" content=\"https:\/\/footdavant.fr\/actualites\/aston-villa-mene-lac-milan-et-la-juventus-dans-la-course-a-mario-hermoso\/\" \/>\n<meta property=\"og:site_name\" content=\"Foot d&#039;avant\" \/>\n<meta property=\"article:publisher\" content=\"https:\/\/www.facebook.com\/Footdavant\/\" \/>\n<meta property=\"article:published_time\" content=\"2024-03-18T12:48:59+00:00\" \/>\n<meta property=\"og:image\" content=\"https:\/\/footdavant.fr\/actualites\/wp-content\/uploads\/2024\/03\/Aston-Villa-mene-lAC-Milan-et-la-Juventus-dans-la.jpg\" \/>\n\t<meta property=\"og:image:width\" content=\"640\" \/>\n\t<meta property=\"og:image:height\" content=\"480\" \/>\n\t<meta property=\"og:image:type\" content=\"image\/jpeg\" \/>\n<meta name=\"author\" content=\"Cl\u00e9ment\" \/>\n<meta name=\"twitter:card\" content=\"summary_large_image\" \/>\n<meta name=\"twitter:creator\" content=\"@FootdavantFr\" \/>\n<meta name=\"twitter:site\" content=\"@FootdavantFr\" \/>\n<meta name=\"twitter:label1\" content=\"\u00c9crit par\" \/>\n\t<meta name=\"twitter:data1\" content=\"Cl\u00e9ment\" \/>\n\t<meta name=\"twitter:label2\" content=\"Dur\u00e9e de lecture estim\u00e9e\" \/>\n\t<meta name=\"twitter:data2\" content=\"2 minutes\" \/>\n<script type=\"application\/ld+json\" class=\"yoast-schema-graph\">{\"@context\":\"https:\/\/schema.org\",\"@graph\":[{\"@type\":\"Article\",\"@id\":\"https:\/\/footdavant.fr\/actualites\/aston-villa-mene-lac-milan-et-la-juventus-dans-la-course-a-mario-hermoso\/#article\",\"isPartOf\":{\"@id\":\"https:\/\/footdavant.fr\/actualites\/aston-villa-mene-lac-milan-et-la-juventus-dans-la-course-a-mario-hermoso\/\"},\"author\":{\"name\":\"Cl\u00e9ment\",\"@id\":\"https:\/\/footdavant.fr\/actualites\/#\/schema\/person\/bc222566d95871b37e597b3ed3ba5e1d\"},\"headline\":\"Aston Villa \u00ab\u00a0m\u00e8ne l&rsquo;AC Milan et la Juventus dans la course \u00e0 Mario Hermoso\u00a0\u00bb\",\"datePublished\":\"2024-03-18T12:48:59+00:00\",\"dateModified\":\"2024-03-18T12:48:59+00:00\",\"mainEntityOfPage\":{\"@id\":\"https:\/\/footdavant.fr\/actualites\/aston-villa-mene-lac-milan-et-la-juventus-dans-la-course-a-mario-hermoso\/\"},\"wordCount\":449,\"publisher\":{\"@id\":\"https:\/\/footdavant.fr\/actualites\/#organization\"},\"keywords\":[\"Aston\",\"dans\",\"Hermoso\",\"Juventus\",\"lAC\",\"Mario\",\"m\u00e8ne\",\"Milan\",\"Villa\"],\"articleSection\":[\"Premier League\"],\"inLanguage\":\"fr-FR\"},{\"@type\":\"WebPage\",\"@id\":\"https:\/\/footdavant.fr\/actualites\/aston-villa-mene-lac-milan-et-la-juventus-dans-la-course-a-mario-hermoso\/\",\"url\":\"https:\/\/footdavant.fr\/actualites\/aston-villa-mene-lac-milan-et-la-juventus-dans-la-course-a-mario-hermoso\/\",\"name\":\"Aston Villa \\\"m\u00e8ne l'AC Milan et la Juventus dans la course \u00e0 Mario Hermoso\\\"\",\"isPartOf\":{\"@id\":\"https:\/\/footdavant.fr\/actualites\/#website\"},\"datePublished\":\"2024-03-18T12:48:59+00:00\",\"dateModified\":\"2024-03-18T12:48:59+00:00\",\"breadcrumb\":{\"@id\":\"https:\/\/footdavant.fr\/actualites\/aston-villa-mene-lac-milan-et-la-juventus-dans-la-course-a-mario-hermoso\/#breadcrumb\"},\"inLanguage\":\"fr-FR\",\"potentialAction\":[{\"@type\":\"ReadAction\",\"target\":[\"https:\/\/footdavant.fr\/actualites\/aston-villa-mene-lac-milan-et-la-juventus-dans-la-course-a-mario-hermoso\/\"]}]},{\"@type\":\"BreadcrumbList\",\"@id\":\"https:\/\/footdavant.fr\/actualites\/aston-villa-mene-lac-milan-et-la-juventus-dans-la-course-a-mario-hermoso\/#breadcrumb\",\"itemListElement\":[{\"@type\":\"ListItem\",\"position\":1,\"name\":\"Accueil\",\"item\":\"https:\/\/footdavant.fr\/actualites\/\"},{\"@type\":\"ListItem\",\"position\":2,\"name\":\"Aston Villa \u00ab\u00a0m\u00e8ne l&rsquo;AC Milan et la Juventus dans la course \u00e0 Mario Hermoso\u00a0\u00bb\"}]},{\"@type\":\"WebSite\",\"@id\":\"https:\/\/footdavant.fr\/actualites\/#website\",\"url\":\"https:\/\/footdavant.fr\/actualites\/\",\"name\":\"Foot d'avant\",\"description\":\"\",\"publisher\":{\"@id\":\"https:\/\/footdavant.fr\/actualites\/#organization\"},\"potentialAction\":[{\"@type\":\"SearchAction\",\"target\":{\"@type\":\"EntryPoint\",\"urlTemplate\":\"https:\/\/footdavant.fr\/actualites\/?s={search_term_string}\"},\"query-input\":\"required name=search_term_string\"}],\"inLanguage\":\"fr-FR\"},{\"@type\":\"Organization\",\"@id\":\"https:\/\/footdavant.fr\/actualites\/#organization\",\"name\":\"Foot d'avant\",\"url\":\"https:\/\/footdavant.fr\/actualites\/\",\"logo\":{\"@type\":\"ImageObject\",\"inLanguage\":\"fr-FR\",\"@id\":\"https:\/\/footdavant.fr\/actualites\/#\/schema\/logo\/image\/\",\"url\":\"https:\/\/footdavant.fr\/actualites\/wp-content\/uploads\/2023\/09\/Copy-of-FootDavant-Logo.png\",\"contentUrl\":\"https:\/\/footdavant.fr\/actualites\/wp-content\/uploads\/2023\/09\/Copy-of-FootDavant-Logo.png\",\"width\":936,\"height\":549,\"caption\":\"Foot d'avant\"},\"image\":{\"@id\":\"https:\/\/footdavant.fr\/actualites\/#\/schema\/logo\/image\/\"},\"sameAs\":[\"https:\/\/www.facebook.com\/Footdavant\/\",\"https:\/\/twitter.com\/FootdavantFr\",\"https:\/\/www.instagram.com\/footdavant.fr\/\"]},{\"@type\":\"Person\",\"@id\":\"https:\/\/footdavant.fr\/actualites\/#\/schema\/person\/bc222566d95871b37e597b3ed3ba5e1d\",\"name\":\"Cl\u00e9ment\",\"image\":{\"@type\":\"ImageObject\",\"inLanguage\":\"fr-FR\",\"@id\":\"https:\/\/footdavant.fr\/actualites\/#\/schema\/person\/image\/\",\"url\":\"https:\/\/secure.gravatar.com\/avatar\/7728b29aac2719421e1a9159b2254c44?s=96&d=mm&r=g\",\"contentUrl\":\"https:\/\/secure.gravatar.com\/avatar\/7728b29aac2719421e1a9159b2254c44?s=96&d=mm&r=g\",\"caption\":\"Cl\u00e9ment\"},\"sameAs\":[\"https:\/\/footdavant.fr\/\"]}]}<\/script>\n<!-- \/ Yoast SEO plugin. -->","yoast_head_json":{"title":"Aston Villa \"m\u00e8ne l'AC Milan et la Juventus dans la course \u00e0 Mario Hermoso\"","robots":{"index":"index","follow":"follow","max-snippet":"max-snippet:-1","max-image-preview":"max-image-preview:large","max-video-preview":"max-video-preview:-1"},"canonical":"https:\/\/footdavant.fr\/actualites\/aston-villa-mene-lac-milan-et-la-juventus-dans-la-course-a-mario-hermoso\/","og_locale":"fr_FR","og_type":"article","og_title":"Aston Villa \"m\u00e8ne l'AC Milan et la Juventus dans la course \u00e0 Mario Hermoso\"","og_description":"Aston Villa serait en t\u00eate d&rsquo;un certain nombre de clubs italiens dans la course pour recruter le d\u00e9fenseur de l&rsquo;Atletico Madrid Mario Hermoso. Aston Villa","og_url":"https:\/\/footdavant.fr\/actualites\/aston-villa-mene-lac-milan-et-la-juventus-dans-la-course-a-mario-hermoso\/","og_site_name":"Foot d&#039;avant","article_publisher":"https:\/\/www.facebook.com\/Footdavant\/","article_published_time":"2024-03-18T12:48:59+00:00","og_image":[{"width":640,"height":480,"url":"https:\/\/footdavant.fr\/actualites\/wp-content\/uploads\/2024\/03\/Aston-Villa-mene-lAC-Milan-et-la-Juventus-dans-la.jpg","type":"image\/jpeg"}],"author":"Cl\u00e9ment","twitter_card":"summary_large_image","twitter_creator":"@FootdavantFr","twitter_site":"@FootdavantFr","twitter_misc":{"\u00c9crit par":"Cl\u00e9ment","Dur\u00e9e de lecture estim\u00e9e":"2 minutes"},"schema":{"@context":"https:\/\/schema.org","@graph":[{"@type":"Article","@id":"https:\/\/footdavant.fr\/actualites\/aston-villa-mene-lac-milan-et-la-juventus-dans-la-course-a-mario-hermoso\/#article","isPartOf":{"@id":"https:\/\/footdavant.fr\/actualites\/aston-villa-mene-lac-milan-et-la-juventus-dans-la-course-a-mario-hermoso\/"},"author":{"name":"Cl\u00e9ment","@id":"https:\/\/footdavant.fr\/actualites\/#\/schema\/person\/bc222566d95871b37e597b3ed3ba5e1d"},"headline":"Aston Villa \u00ab\u00a0m\u00e8ne l&rsquo;AC Milan et la Juventus dans la course \u00e0 Mario Hermoso\u00a0\u00bb","datePublished":"2024-03-18T12:48:59+00:00","dateModified":"2024-03-18T12:48:59+00:00","mainEntityOfPage":{"@id":"https:\/\/footdavant.fr\/actualites\/aston-villa-mene-lac-milan-et-la-juventus-dans-la-course-a-mario-hermoso\/"},"wordCount":449,"publisher":{"@id":"https:\/\/footdavant.fr\/actualites\/#organization"},"keywords":["Aston","dans","Hermoso","Juventus","lAC","Mario","m\u00e8ne","Milan","Villa"],"articleSection":["Premier League"],"inLanguage":"fr-FR"},{"@type":"WebPage","@id":"https:\/\/footdavant.fr\/actualites\/aston-villa-mene-lac-milan-et-la-juventus-dans-la-course-a-mario-hermoso\/","url":"https:\/\/footdavant.fr\/actualites\/aston-villa-mene-lac-milan-et-la-juventus-dans-la-course-a-mario-hermoso\/","name":"Aston Villa \"m\u00e8ne l'AC Milan et la Juventus dans la course \u00e0 Mario Hermoso\"","isPartOf":{"@id":"https:\/\/footdavant.fr\/actualites\/#website"},"datePublished":"2024-03-18T12:48:59+00:00","dateModified":"2024-03-18T12:48:59+00:00","breadcrumb":{"@id":"https:\/\/footdavant.fr\/actualites\/aston-villa-mene-lac-milan-et-la-juventus-dans-la-course-a-mario-hermoso\/#breadcrumb"},"inLanguage":"fr-FR","potentialAction":[{"@type":"ReadAction","target":["https:\/\/footdavant.fr\/actualites\/aston-villa-mene-lac-milan-et-la-juventus-dans-la-course-a-mario-hermoso\/"]}]},{"@type":"BreadcrumbList","@id":"https:\/\/footdavant.fr\/actualites\/aston-villa-mene-lac-milan-et-la-juventus-dans-la-course-a-mario-hermoso\/#breadcrumb","itemListElement":[{"@type":"ListItem","position":1,"name":"Accueil","item":"https:\/\/footdavant.fr\/actualites\/"},{"@type":"ListItem","position":2,"name":"Aston Villa \u00ab\u00a0m\u00e8ne l&rsquo;AC Milan et la Juventus dans la course \u00e0 Mario Hermoso\u00a0\u00bb"}]},{"@type":"WebSite","@id":"https:\/\/footdavant.fr\/actualites\/#website","url":"https:\/\/footdavant.fr\/actualites\/","name":"Foot d'avant","description":"","publisher":{"@id":"https:\/\/footdavant.fr\/actualites\/#organization"},"potentialAction":[{"@type":"SearchAction","target":{"@type":"EntryPoint","urlTemplate":"https:\/\/footdavant.fr\/actualites\/?s={search_term_string}"},"query-input":"required name=search_term_string"}],"inLanguage":"fr-FR"},{"@type":"Organization","@id":"https:\/\/footdavant.fr\/actualites\/#organization","name":"Foot d'avant","url":"https:\/\/footdavant.fr\/actualites\/","logo":{"@type":"ImageObject","inLanguage":"fr-FR","@id":"https:\/\/footdavant.fr\/actualites\/#\/schema\/logo\/image\/","url":"https:\/\/footdavant.fr\/actualites\/wp-content\/uploads\/2023\/09\/Copy-of-FootDavant-Logo.png","contentUrl":"https:\/\/footdavant.fr\/actualites\/wp-content\/uploads\/2023\/09\/Copy-of-FootDavant-Logo.png","width":936,"height":549,"caption":"Foot d'avant"},"image":{"@id":"https:\/\/footdavant.fr\/actualites\/#\/schema\/logo\/image\/"},"sameAs":["https:\/\/www.facebook.com\/Footdavant\/","https:\/\/twitter.com\/FootdavantFr","https:\/\/www.instagram.com\/footdavant.fr\/"]},{"@type":"Person","@id":"https:\/\/footdavant.fr\/actualites\/#\/schema\/person\/bc222566d95871b37e597b3ed3ba5e1d","name":"Cl\u00e9ment","image":{"@type":"ImageObject","inLanguage":"fr-FR","@id":"https:\/\/footdavant.fr\/actualites\/#\/schema\/person\/image\/","url":"https:\/\/secure.gravatar.com\/avatar\/7728b29aac2719421e1a9159b2254c44?s=96&d=mm&r=g","contentUrl":"https:\/\/secure.gravatar.com\/avatar\/7728b29aac2719421e1a9159b2254c44?s=96&d=mm&r=g","caption":"Cl\u00e9ment"},"sameAs":["https:\/\/footdavant.fr\/"]}]}},"_links":{"self":[{"href":"https:\/\/footdavant.fr\/actualites\/wp-json\/wp\/v2\/posts\/6400"}],"collection":[{"href":"https:\/\/footdavant.fr\/actualites\/wp-json\/wp\/v2\/posts"}],"about":[{"href":"https:\/\/footdavant.fr\/actualites\/wp-json\/wp\/v2\/types\/post"}],"author":[{"embeddable":true,"href":"https:\/\/footdavant.fr\/actualites\/wp-json\/wp\/v2\/users\/1"}],"replies":[{"embeddable":true,"href":"https:\/\/footdavant.fr\/actualites\/wp-json\/wp\/v2\/comments?post=6400"}],"version-history":[{"count":1,"href":"https:\/\/footdavant.fr\/actualites\/wp-json\/wp\/v2\/posts\/6400\/revisions"}],"predecessor-version":[{"id":6402,"href":"https:\/\/footdavant.fr\/actualites\/wp-json\/wp\/v2\/posts\/6400\/revisions\/6402"}],"wp:featuredmedia":[{"embeddable":true,"href":"https:\/\/footdavant.fr\/actualites\/wp-json\/wp\/v2\/media\/6401"}],"wp:attachment":[{"href":"https:\/\/footdavant.fr\/actualites\/wp-json\/wp\/v2\/media?parent=6400"}],"wp:term":[{"taxonomy":"category","embeddable":true,"href":"https:\/\/footdavant.fr\/actualites\/wp-json\/wp\/v2\/categories?post=6400"},{"taxonomy":"post_tag","embeddable":true,"href":"https:\/\/footdavant.fr\/actualites\/wp-json\/wp\/v2\/tags?post=6400"}],"curies":[{"name":"wp","href":"https:\/\/api.w.org\/{rel}","templated":true}]}}