{"id":6505,"date":"2024-03-21T12:49:41","date_gmt":"2024-03-21T11:49:41","guid":{"rendered":"https:\/\/footdavant.fr\/actualites\/edu-soutient-arsenal-pour-battre-le-bayern-munich-en-ligue-des-champions\/"},"modified":"2024-03-21T12:49:42","modified_gmt":"2024-03-21T11:49:42","slug":"edu-soutient-arsenal-pour-battre-le-bayern-munich-en-ligue-des-champions","status":"publish","type":"post","link":"https:\/\/footdavant.fr\/actualites\/edu-soutient-arsenal-pour-battre-le-bayern-munich-en-ligue-des-champions\/","title":{"rendered":"Edu soutient Arsenal pour battre le Bayern Munich en Ligue des Champions"},"content":{"rendered":"<p>Le directeur sportif d&rsquo;Arsenal, Edu, ne voit aucune raison pour laquelle les Gunners ne pourraient pas vaincre le Bayern Munich en quarts de finale de la Ligue des champions et aller jusqu&rsquo;au bout du tournoi.<\/p>\n<div id=\"article_body\" itemprop=\"articleBody\">\n<h3 class=\"firstPara\">\n<strong class=\"autotag\">Arsenal<\/strong> directeur sportif <strong class=\"autotag\">\u00c9du<\/strong> est convaincu que les Gunners peuvent \u00e9liminer <strong class=\"autotag\">Bayern Munich<\/strong> du <strong class=\"autotag\">Ligue des champions<\/strong> et aller jusqu&rsquo;au bout du tournoi.<\/h3>\n<p>Apr\u00e8s un match nul 1-1 contre le g\u00e9ant portugais Porto en huiti\u00e8mes de finale, <strong class=\"autotag\">Mikel Arteta<\/strong>Les hommes de se sont qualifi\u00e9s pour les quarts de finale gr\u00e2ce \u00e0 un succ\u00e8s 4-2 aux tirs au but aux Emirats au match retour.<\/p>\n<p>Avec l&rsquo;aimable autorisation de <strong class=\"autotag\">David Raya<\/strong>s&rsquo;arr\u00eate \u00e0 partir de <strong class=\"autotag\">Wendel<\/strong> et <strong class=\"autotag\">Gal\u00e8ne<\/strong>aux c\u00f4t\u00e9s de tirs au but r\u00e9ussis de <strong class=\"autotag\">Martin Odegaard<\/strong>, <strong class=\"autotag\">Declan Riz<\/strong>, <strong class=\"autotag\">Bukayo Saka<\/strong> et <strong class=\"autotag\">Kai Havertz<\/strong>Arsenal a mis fin \u00e0 14 ann\u00e9es de huiti\u00e8mes de finale bless\u00e9s en Ligue des champions, o\u00f9 ils n&rsquo;avaient plus atteint les quarts depuis la saison 2009-10.<\/p>\n<p>Apr\u00e8s que Barcelone les ait \u00e9limin\u00e9s du tournoi cette ann\u00e9e-l\u00e0, Arsenal a subi sept \u00e9liminations cons\u00e9cutives en huiti\u00e8mes de finale de la plus haute comp\u00e9tition europ\u00e9enne, dont trois aux mains du Bayern Munich lors des \u00e9ditions 2012-13, 2013-14 et 2016-17.<\/p>\n<p>Cette derni\u00e8re campagne a vu les \u00e9ternels champions d&rsquo;Allemagne humilier les Gunners dans un score cumul\u00e9 de 10-2 gr\u00e2ce \u00e0 deux victoires 5-1, et ils ont \u00e9galement battu <strong class=\"autotag\">Arsene Wenger<\/strong>L&rsquo;\u00e9quipe d&rsquo;Angleterre sur le m\u00eame score lors de la phase de groupes 2015-16.<\/p>\n<p class=\"imgI\">\n<p>Avant leur embarras face aux Emirats contre le Bayern, Arsenal avait \u00e9galement \u00e9t\u00e9 \u00e9limin\u00e9 des huiti\u00e8mes de finale de la Ligue des champions 2004-05 par les Bavarois, qui n&rsquo;ont perdu que trois de leurs 12 matchs de comp\u00e9tition contre leurs adversaires anglais.<\/p>\n<p>De plus, m\u00eame si Arsenal est capable de venger ses r\u00e9centes \u00e9liminations face aux champions de Bundesliga, il devra battre soit le champion en titre Manchester City, soit le Real Madrid, 14 fois vainqueur, pour avoir la chance de rencontrer l&rsquo;Atletico Madrid, le Borussia Dortmund, Barcelone ou le Paris Saint-Germain. le final.<\/p>\n<p>Cependant, s&rsquo;adressant aux m\u00e9dias apr\u00e8s la c\u00e9r\u00e9monie de tirage au sort de vendredi en Suisse, Edu &#8211; qui a jou\u00e9 lors du match aller lors de la sortie d&rsquo;Arsenal contre le Bayern en 2004-05 &#8211; a affirm\u00e9 qu&rsquo;il n&rsquo;y avait aucune raison pour que les Gunners ne puissent pas r\u00eaver d&rsquo;atteindre enfin la c\u00e9l\u00e9brit\u00e9 europ\u00e9enne \u00e0 Wembley en juin. .<\/p>\n<p>\u00ab\u00a0Pourquoi pas ? Nous devons r\u00eaver \u00e0 cause de notre fa\u00e7on de jouer et de la dynamique que nous avons\u00a0\u00bb, a d\u00e9clar\u00e9 le <em>Courrier quotidien<\/em> cite l&rsquo;homme de 45 ans.  \u00ab\u00a0C&rsquo;est la position dans laquelle nous devons toujours nous trouver en raison de la taille du club. Nous sommes de retour \u00e0 notre place.\u00a0\u00bb<\/p>\n<p>Lorsque Arsenal et le Bayern se sont crois\u00e9s pour la derni\u00e8re fois il y a plus de sept ans, les Allemands \u00e9taient les champions perp\u00e9tuels de la Bundesliga, mais une saison difficile sous <strong class=\"autotag\">Thomas Tuchel<\/strong> les laisse risquer de terminer la campagne 2023-24 sans un seul troph\u00e9e majeur.<\/p>\n<p class=\"imgI\"><img decoding=\"async\" loading=\"lazy\" class=\"l\" src=\"https:\/\/footdavant.fr\/actualites\/wp-content\/uploads\/2024\/03\/Edu-soutient-Arsenal-pour-battre-le-Bayern-Munich-en-Ligue.JPG\" title=\"Harry Kane du Bayern Munich c\u00e9l\u00e8bre son but avec Jamal Musiala le 5 mars 2024\" alt=\"Harry Kane du Bayern Munich c\u00e9l\u00e8bre son but avec Jamal Musiala le 5 mars 2024\" width=\"640\" height=\"480\"><\/p>\n<p>\u00c0 neuf journ\u00e9es de la fin de la saison de Bundesliga, le Bayern compte 10 points de retard. <strong class=\"autotag\">Xabi Alonso<\/strong>Le Bayer Leverkusen est invaincu en t\u00eate du classement et a besoin d&rsquo;un petit miracle s&rsquo;il veut d\u00e9crocher sa 12e couronne cons\u00e9cutive dans l&rsquo;\u00e9lite.<\/p>\n<p>De plus, l&rsquo;\u00e9quipe de Tuchel a subi une tuerie g\u00e9ante du DFB-Pokal aux mains du troisi\u00e8me rang de Sarrebruck \u2013 qui s&rsquo;est depuis qualifi\u00e9 pour les demi-finales \u2013 et a perdu la Super Coupe d&rsquo;Allemagne 3-0 contre le RB Leipzig.<\/p>\n<p>Lorsque la difficile campagne du Bayern touchera \u00e0 sa fin, Tuchel quittera son poste, un peu plus d&rsquo;un an apr\u00e8s avoir \u00e9t\u00e9 embauch\u00e9 en tant que <strong class=\"autotag\">Julien Nagelsmann<\/strong>apr\u00e8s le limogeage de son compatriote.<\/p>\n<p>Cependant, l&rsquo;ancien entra\u00eeneur de Chelsea a supervis\u00e9 un retour r\u00e9ussi contre la Lazio lors des huiti\u00e8mes de finale de la Ligue des champions, o\u00f9 les Bavarois ont perdu 1-0 au match aller mais ont triomph\u00e9 3-0 \u00e0 l&rsquo;Allianz Arena, et ils ont encha\u00een\u00e9 avec un Destruction 8-1 de Mayence en Bundesliga.<\/p>\n<p><strong class=\"autotag\">Harry Kane<\/strong> a marqu\u00e9 un tripl\u00e9 dans cette affaire de haut vol &#8211; passant \u00e0 un total stup\u00e9fiant de 36 buts pour la saison &#8211; et l&rsquo;ancien joueur de Tottenham Hotspur revient dans le nord de Londres le mois prochain avec 14 buts lors de ses 19 matches pr\u00e9c\u00e9dents contre Arsenal.<\/p>\n<\/div>\n","protected":false},"excerpt":{"rendered":"<p>Le directeur sportif d&rsquo;Arsenal, Edu, ne voit aucune raison pour laquelle les Gunners ne pourraient pas vaincre le Bayern Munich en quarts de finale de<\/p>\n","protected":false},"author":1,"featured_media":6506,"comment_status":"closed","ping_status":"","sticky":false,"template":"","format":"standard","meta":{"footnotes":""},"categories":[4],"tags":[67,540,340,31,12,30,341,51,477],"yoast_head":"<!-- This site is optimized with the Yoast SEO plugin v21.0 - https:\/\/yoast.com\/wordpress\/plugins\/seo\/ -->\n<title>Edu soutient Arsenal pour battre le Bayern Munich en Ligue des Champions<\/title>\n<meta name=\"robots\" content=\"index, follow, max-snippet:-1, max-image-preview:large, max-video-preview:-1\" \/>\n<link rel=\"canonical\" href=\"https:\/\/footdavant.fr\/actualites\/edu-soutient-arsenal-pour-battre-le-bayern-munich-en-ligue-des-champions\/\" \/>\n<meta property=\"og:locale\" content=\"fr_FR\" \/>\n<meta property=\"og:type\" content=\"article\" \/>\n<meta property=\"og:title\" content=\"Edu soutient Arsenal pour battre le Bayern Munich en Ligue des Champions\" \/>\n<meta property=\"og:description\" content=\"Le directeur sportif d&rsquo;Arsenal, Edu, ne voit aucune raison pour laquelle les Gunners ne pourraient pas vaincre le Bayern Munich en quarts de finale de\" \/>\n<meta property=\"og:url\" content=\"https:\/\/footdavant.fr\/actualites\/edu-soutient-arsenal-pour-battre-le-bayern-munich-en-ligue-des-champions\/\" \/>\n<meta property=\"og:site_name\" content=\"Foot d&#039;avant\" \/>\n<meta property=\"article:publisher\" content=\"https:\/\/www.facebook.com\/Footdavant\/\" \/>\n<meta property=\"article:published_time\" content=\"2024-03-21T11:49:41+00:00\" \/>\n<meta property=\"article:modified_time\" content=\"2024-03-21T11:49:42+00:00\" \/>\n<meta property=\"og:image\" content=\"https:\/\/footdavant.fr\/actualites\/wp-content\/uploads\/2024\/03\/Edu-soutient-Arsenal-pour-battre-le-Bayern-Munich-en-Ligue.jpg\" \/>\n\t<meta property=\"og:image:width\" content=\"640\" \/>\n\t<meta property=\"og:image:height\" content=\"480\" \/>\n\t<meta property=\"og:image:type\" content=\"image\/jpeg\" \/>\n<meta name=\"author\" content=\"Cl\u00e9ment\" \/>\n<meta name=\"twitter:card\" content=\"summary_large_image\" \/>\n<meta name=\"twitter:creator\" content=\"@FootdavantFr\" \/>\n<meta name=\"twitter:site\" content=\"@FootdavantFr\" \/>\n<meta name=\"twitter:label1\" content=\"\u00c9crit par\" \/>\n\t<meta name=\"twitter:data1\" content=\"Cl\u00e9ment\" \/>\n\t<meta name=\"twitter:label2\" content=\"Dur\u00e9e de lecture estim\u00e9e\" \/>\n\t<meta name=\"twitter:data2\" content=\"4 minutes\" \/>\n<script type=\"application\/ld+json\" class=\"yoast-schema-graph\">{\"@context\":\"https:\/\/schema.org\",\"@graph\":[{\"@type\":\"Article\",\"@id\":\"https:\/\/footdavant.fr\/actualites\/edu-soutient-arsenal-pour-battre-le-bayern-munich-en-ligue-des-champions\/#article\",\"isPartOf\":{\"@id\":\"https:\/\/footdavant.fr\/actualites\/edu-soutient-arsenal-pour-battre-le-bayern-munich-en-ligue-des-champions\/\"},\"author\":{\"name\":\"Cl\u00e9ment\",\"@id\":\"https:\/\/footdavant.fr\/actualites\/#\/schema\/person\/bc222566d95871b37e597b3ed3ba5e1d\"},\"headline\":\"Edu soutient Arsenal pour battre le Bayern Munich en Ligue des Champions\",\"datePublished\":\"2024-03-21T11:49:41+00:00\",\"dateModified\":\"2024-03-21T11:49:42+00:00\",\"mainEntityOfPage\":{\"@id\":\"https:\/\/footdavant.fr\/actualites\/edu-soutient-arsenal-pour-battre-le-bayern-munich-en-ligue-des-champions\/\"},\"wordCount\":758,\"publisher\":{\"@id\":\"https:\/\/footdavant.fr\/actualites\/#organization\"},\"keywords\":[\"Arsenal\",\"battre\",\"Bayern\",\"champions\",\"des\",\"Ligue\",\"Munich\",\"pour\",\"soutient\"],\"articleSection\":[\"Champions League\"],\"inLanguage\":\"fr-FR\"},{\"@type\":\"WebPage\",\"@id\":\"https:\/\/footdavant.fr\/actualites\/edu-soutient-arsenal-pour-battre-le-bayern-munich-en-ligue-des-champions\/\",\"url\":\"https:\/\/footdavant.fr\/actualites\/edu-soutient-arsenal-pour-battre-le-bayern-munich-en-ligue-des-champions\/\",\"name\":\"Edu soutient Arsenal pour battre le Bayern Munich en Ligue des Champions\",\"isPartOf\":{\"@id\":\"https:\/\/footdavant.fr\/actualites\/#website\"},\"datePublished\":\"2024-03-21T11:49:41+00:00\",\"dateModified\":\"2024-03-21T11:49:42+00:00\",\"breadcrumb\":{\"@id\":\"https:\/\/footdavant.fr\/actualites\/edu-soutient-arsenal-pour-battre-le-bayern-munich-en-ligue-des-champions\/#breadcrumb\"},\"inLanguage\":\"fr-FR\",\"potentialAction\":[{\"@type\":\"ReadAction\",\"target\":[\"https:\/\/footdavant.fr\/actualites\/edu-soutient-arsenal-pour-battre-le-bayern-munich-en-ligue-des-champions\/\"]}]},{\"@type\":\"BreadcrumbList\",\"@id\":\"https:\/\/footdavant.fr\/actualites\/edu-soutient-arsenal-pour-battre-le-bayern-munich-en-ligue-des-champions\/#breadcrumb\",\"itemListElement\":[{\"@type\":\"ListItem\",\"position\":1,\"name\":\"Accueil\",\"item\":\"https:\/\/footdavant.fr\/actualites\/\"},{\"@type\":\"ListItem\",\"position\":2,\"name\":\"Edu soutient Arsenal pour battre le Bayern Munich en Ligue des Champions\"}]},{\"@type\":\"WebSite\",\"@id\":\"https:\/\/footdavant.fr\/actualites\/#website\",\"url\":\"https:\/\/footdavant.fr\/actualites\/\",\"name\":\"Foot d'avant\",\"description\":\"\",\"publisher\":{\"@id\":\"https:\/\/footdavant.fr\/actualites\/#organization\"},\"potentialAction\":[{\"@type\":\"SearchAction\",\"target\":{\"@type\":\"EntryPoint\",\"urlTemplate\":\"https:\/\/footdavant.fr\/actualites\/?s={search_term_string}\"},\"query-input\":\"required name=search_term_string\"}],\"inLanguage\":\"fr-FR\"},{\"@type\":\"Organization\",\"@id\":\"https:\/\/footdavant.fr\/actualites\/#organization\",\"name\":\"Foot d'avant\",\"url\":\"https:\/\/footdavant.fr\/actualites\/\",\"logo\":{\"@type\":\"ImageObject\",\"inLanguage\":\"fr-FR\",\"@id\":\"https:\/\/footdavant.fr\/actualites\/#\/schema\/logo\/image\/\",\"url\":\"https:\/\/footdavant.fr\/actualites\/wp-content\/uploads\/2023\/09\/Copy-of-FootDavant-Logo.png\",\"contentUrl\":\"https:\/\/footdavant.fr\/actualites\/wp-content\/uploads\/2023\/09\/Copy-of-FootDavant-Logo.png\",\"width\":936,\"height\":549,\"caption\":\"Foot d'avant\"},\"image\":{\"@id\":\"https:\/\/footdavant.fr\/actualites\/#\/schema\/logo\/image\/\"},\"sameAs\":[\"https:\/\/www.facebook.com\/Footdavant\/\",\"https:\/\/twitter.com\/FootdavantFr\",\"https:\/\/www.instagram.com\/footdavant.fr\/\"]},{\"@type\":\"Person\",\"@id\":\"https:\/\/footdavant.fr\/actualites\/#\/schema\/person\/bc222566d95871b37e597b3ed3ba5e1d\",\"name\":\"Cl\u00e9ment\",\"image\":{\"@type\":\"ImageObject\",\"inLanguage\":\"fr-FR\",\"@id\":\"https:\/\/footdavant.fr\/actualites\/#\/schema\/person\/image\/\",\"url\":\"https:\/\/secure.gravatar.com\/avatar\/7728b29aac2719421e1a9159b2254c44?s=96&d=mm&r=g\",\"contentUrl\":\"https:\/\/secure.gravatar.com\/avatar\/7728b29aac2719421e1a9159b2254c44?s=96&d=mm&r=g\",\"caption\":\"Cl\u00e9ment\"},\"sameAs\":[\"https:\/\/footdavant.fr\/\"]}]}<\/script>\n<!-- \/ Yoast SEO plugin. -->","yoast_head_json":{"title":"Edu soutient Arsenal pour battre le Bayern Munich en Ligue des Champions","robots":{"index":"index","follow":"follow","max-snippet":"max-snippet:-1","max-image-preview":"max-image-preview:large","max-video-preview":"max-video-preview:-1"},"canonical":"https:\/\/footdavant.fr\/actualites\/edu-soutient-arsenal-pour-battre-le-bayern-munich-en-ligue-des-champions\/","og_locale":"fr_FR","og_type":"article","og_title":"Edu soutient Arsenal pour battre le Bayern Munich en Ligue des Champions","og_description":"Le directeur sportif d&rsquo;Arsenal, Edu, ne voit aucune raison pour laquelle les Gunners ne pourraient pas vaincre le Bayern Munich en quarts de finale de","og_url":"https:\/\/footdavant.fr\/actualites\/edu-soutient-arsenal-pour-battre-le-bayern-munich-en-ligue-des-champions\/","og_site_name":"Foot d&#039;avant","article_publisher":"https:\/\/www.facebook.com\/Footdavant\/","article_published_time":"2024-03-21T11:49:41+00:00","article_modified_time":"2024-03-21T11:49:42+00:00","og_image":[{"width":640,"height":480,"url":"https:\/\/footdavant.fr\/actualites\/wp-content\/uploads\/2024\/03\/Edu-soutient-Arsenal-pour-battre-le-Bayern-Munich-en-Ligue.jpg","type":"image\/jpeg"}],"author":"Cl\u00e9ment","twitter_card":"summary_large_image","twitter_creator":"@FootdavantFr","twitter_site":"@FootdavantFr","twitter_misc":{"\u00c9crit par":"Cl\u00e9ment","Dur\u00e9e de lecture estim\u00e9e":"4 minutes"},"schema":{"@context":"https:\/\/schema.org","@graph":[{"@type":"Article","@id":"https:\/\/footdavant.fr\/actualites\/edu-soutient-arsenal-pour-battre-le-bayern-munich-en-ligue-des-champions\/#article","isPartOf":{"@id":"https:\/\/footdavant.fr\/actualites\/edu-soutient-arsenal-pour-battre-le-bayern-munich-en-ligue-des-champions\/"},"author":{"name":"Cl\u00e9ment","@id":"https:\/\/footdavant.fr\/actualites\/#\/schema\/person\/bc222566d95871b37e597b3ed3ba5e1d"},"headline":"Edu soutient Arsenal pour battre le Bayern Munich en Ligue des Champions","datePublished":"2024-03-21T11:49:41+00:00","dateModified":"2024-03-21T11:49:42+00:00","mainEntityOfPage":{"@id":"https:\/\/footdavant.fr\/actualites\/edu-soutient-arsenal-pour-battre-le-bayern-munich-en-ligue-des-champions\/"},"wordCount":758,"publisher":{"@id":"https:\/\/footdavant.fr\/actualites\/#organization"},"keywords":["Arsenal","battre","Bayern","champions","des","Ligue","Munich","pour","soutient"],"articleSection":["Champions League"],"inLanguage":"fr-FR"},{"@type":"WebPage","@id":"https:\/\/footdavant.fr\/actualites\/edu-soutient-arsenal-pour-battre-le-bayern-munich-en-ligue-des-champions\/","url":"https:\/\/footdavant.fr\/actualites\/edu-soutient-arsenal-pour-battre-le-bayern-munich-en-ligue-des-champions\/","name":"Edu soutient Arsenal pour battre le Bayern Munich en Ligue des Champions","isPartOf":{"@id":"https:\/\/footdavant.fr\/actualites\/#website"},"datePublished":"2024-03-21T11:49:41+00:00","dateModified":"2024-03-21T11:49:42+00:00","breadcrumb":{"@id":"https:\/\/footdavant.fr\/actualites\/edu-soutient-arsenal-pour-battre-le-bayern-munich-en-ligue-des-champions\/#breadcrumb"},"inLanguage":"fr-FR","potentialAction":[{"@type":"ReadAction","target":["https:\/\/footdavant.fr\/actualites\/edu-soutient-arsenal-pour-battre-le-bayern-munich-en-ligue-des-champions\/"]}]},{"@type":"BreadcrumbList","@id":"https:\/\/footdavant.fr\/actualites\/edu-soutient-arsenal-pour-battre-le-bayern-munich-en-ligue-des-champions\/#breadcrumb","itemListElement":[{"@type":"ListItem","position":1,"name":"Accueil","item":"https:\/\/footdavant.fr\/actualites\/"},{"@type":"ListItem","position":2,"name":"Edu soutient Arsenal pour battre le Bayern Munich en Ligue des Champions"}]},{"@type":"WebSite","@id":"https:\/\/footdavant.fr\/actualites\/#website","url":"https:\/\/footdavant.fr\/actualites\/","name":"Foot d'avant","description":"","publisher":{"@id":"https:\/\/footdavant.fr\/actualites\/#organization"},"potentialAction":[{"@type":"SearchAction","target":{"@type":"EntryPoint","urlTemplate":"https:\/\/footdavant.fr\/actualites\/?s={search_term_string}"},"query-input":"required name=search_term_string"}],"inLanguage":"fr-FR"},{"@type":"Organization","@id":"https:\/\/footdavant.fr\/actualites\/#organization","name":"Foot d'avant","url":"https:\/\/footdavant.fr\/actualites\/","logo":{"@type":"ImageObject","inLanguage":"fr-FR","@id":"https:\/\/footdavant.fr\/actualites\/#\/schema\/logo\/image\/","url":"https:\/\/footdavant.fr\/actualites\/wp-content\/uploads\/2023\/09\/Copy-of-FootDavant-Logo.png","contentUrl":"https:\/\/footdavant.fr\/actualites\/wp-content\/uploads\/2023\/09\/Copy-of-FootDavant-Logo.png","width":936,"height":549,"caption":"Foot d'avant"},"image":{"@id":"https:\/\/footdavant.fr\/actualites\/#\/schema\/logo\/image\/"},"sameAs":["https:\/\/www.facebook.com\/Footdavant\/","https:\/\/twitter.com\/FootdavantFr","https:\/\/www.instagram.com\/footdavant.fr\/"]},{"@type":"Person","@id":"https:\/\/footdavant.fr\/actualites\/#\/schema\/person\/bc222566d95871b37e597b3ed3ba5e1d","name":"Cl\u00e9ment","image":{"@type":"ImageObject","inLanguage":"fr-FR","@id":"https:\/\/footdavant.fr\/actualites\/#\/schema\/person\/image\/","url":"https:\/\/secure.gravatar.com\/avatar\/7728b29aac2719421e1a9159b2254c44?s=96&d=mm&r=g","contentUrl":"https:\/\/secure.gravatar.com\/avatar\/7728b29aac2719421e1a9159b2254c44?s=96&d=mm&r=g","caption":"Cl\u00e9ment"},"sameAs":["https:\/\/footdavant.fr\/"]}]}},"_links":{"self":[{"href":"https:\/\/footdavant.fr\/actualites\/wp-json\/wp\/v2\/posts\/6505"}],"collection":[{"href":"https:\/\/footdavant.fr\/actualites\/wp-json\/wp\/v2\/posts"}],"about":[{"href":"https:\/\/footdavant.fr\/actualites\/wp-json\/wp\/v2\/types\/post"}],"author":[{"embeddable":true,"href":"https:\/\/footdavant.fr\/actualites\/wp-json\/wp\/v2\/users\/1"}],"replies":[{"embeddable":true,"href":"https:\/\/footdavant.fr\/actualites\/wp-json\/wp\/v2\/comments?post=6505"}],"version-history":[{"count":1,"href":"https:\/\/footdavant.fr\/actualites\/wp-json\/wp\/v2\/posts\/6505\/revisions"}],"predecessor-version":[{"id":6507,"href":"https:\/\/footdavant.fr\/actualites\/wp-json\/wp\/v2\/posts\/6505\/revisions\/6507"}],"wp:featuredmedia":[{"embeddable":true,"href":"https:\/\/footdavant.fr\/actualites\/wp-json\/wp\/v2\/media\/6506"}],"wp:attachment":[{"href":"https:\/\/footdavant.fr\/actualites\/wp-json\/wp\/v2\/media?parent=6505"}],"wp:term":[{"taxonomy":"category","embeddable":true,"href":"https:\/\/footdavant.fr\/actualites\/wp-json\/wp\/v2\/categories?post=6505"},{"taxonomy":"post_tag","embeddable":true,"href":"https:\/\/footdavant.fr\/actualites\/wp-json\/wp\/v2\/tags?post=6505"}],"curies":[{"name":"wp","href":"https:\/\/api.w.org\/{rel}","templated":true}]}}