{"id":6511,"date":"2024-03-21T15:52:20","date_gmt":"2024-03-21T14:52:20","guid":{"rendered":"https:\/\/footdavant.fr\/actualites\/bonne-nouvelle-alors-que-tomiyasu-signe-un-nouvel-accord\/"},"modified":"2024-03-21T15:52:21","modified_gmt":"2024-03-21T14:52:21","slug":"bonne-nouvelle-alors-que-tomiyasu-signe-un-nouvel-accord","status":"publish","type":"post","link":"https:\/\/footdavant.fr\/actualites\/bonne-nouvelle-alors-que-tomiyasu-signe-un-nouvel-accord\/","title":{"rendered":"Bonne nouvelle alors que Tomiyasu signe un nouvel accord"},"content":{"rendered":"<div>\n<p>Bonjour \u00e0 tous.<\/p>\n<p>Commen\u00e7ons par le nouvel accord pour Takehiro Tomiyasu, car sinon nous risquons de nous laisser entra\u00eener dans des b\u00eatises plus fastidieuses avec Ben White England.  Lorsque les hommes qui critiquent notre fantastique arri\u00e8re droit sont Danny Mills, Harry Redknapp et leurs semblables, cela ne sert \u00e0 rien d&rsquo;essayer de fournir un contre-argument aux ordures qu&rsquo;ils ont d\u00e9bit\u00e9es.  Gareth Southgate peut continuer \u00e0 choisir Harry Maguire et Jordan Henderson et voir comment cela fonctionne pour lui.<\/p>\n<p><em>#\u00c9quipeBen<\/em><\/p>\n<p>Quoi qu&rsquo;il en soit, revenons \u00e0 Tomiyasu, et les informations ont rapport\u00e9 hier qu&rsquo;il avait sign\u00e9 une prolongation au club, qui le m\u00e8nerait jusqu&rsquo;en 2026, avec une option pour un an suppl\u00e9mentaire.  Premi\u00e8rement, je pense que c&rsquo;est un joueur v\u00e9ritablement exceptionnel, donc sur cette seule base, c&rsquo;est une bonne nouvelle.  Je ne sais pas s&rsquo;il y a quelqu&rsquo;un capable de jouer arri\u00e8re droit, tant au poste de demi-centre qu&rsquo;arri\u00e8re gauche, du mieux qu&rsquo;il peut.  Sa polyvalence \u00e9tait en partie la raison pour laquelle nous l&rsquo;avons recrut\u00e9, m\u00eame si \u00e0 l&rsquo;\u00e9poque il \u00e9tait principalement consid\u00e9r\u00e9 comme un arri\u00e8re droit, mais je ne pensais pas qu&rsquo;il pouvait fondamentalement \u00eatre un couteau suisse d\u00e9fensif.<\/p>\n<p>Cela dit, il est impossible de parler de lui sans \u00e9voquer ses blessures et sa disponibilit\u00e9.  Il ne fait aucun doute qu&rsquo;il a eu quelques probl\u00e8mes pendant son s\u00e9jour chez nous, comme le montre son dossier\u00a0:<\/p>\n<\/p>\n<p>Je soup\u00e7onne assez fortement que sans la Coupe d&rsquo;Asie cette saison, sa derni\u00e8re absence aurait \u00e9t\u00e9 plus courte.  Je ne pense pas qu&rsquo;il \u00e9tait en pleine forme pour partir, il a re\u00e7u un autre coup \u00e0 cause de cela et a \u00e0 peine jou\u00e9 en 2024. Cependant, le club doit \u00eatre relativement confiant dans sa capacit\u00e9 \u00e0 se remettre sur les rails, simplement en lui offrant un prolongation, et je pense \u00e9galement que l\u2019accord refl\u00e8te cela dans une certaine mesure.  Il ne s&rsquo;agit pas d&rsquo;un contrat de quatre ans avec une option pour un an suppl\u00e9mentaire, mais de deux ans, ce qui d\u00e9montre une certaine prudence \u2013 probablement \u00e0 cause de ses probl\u00e8mes.  N\u00e9anmoins, s&rsquo;il existe une certaine mesure de risque, elle est calcul\u00e9e et bas\u00e9e sur ce qu&rsquo;il peut apporter \u00e0 l&rsquo;\u00e9quipe lorsqu&rsquo;il est en forme.<\/p>\n<p>Il a 25 ans maintenant et se dirige donc vers les meilleures ann\u00e9es de sa carri\u00e8re.  Il ne serait pas seul s&rsquo;il devait surmonter des probl\u00e8mes au d\u00e9but de la vingtaine pour devenir beaucoup plus fiable \u00e0 mesure qu&rsquo;il grandissait.  D\u2019innombrables joueurs ont suivi cette trajectoire, et nous croisons les doigts pour qu\u2019il soit l\u2019un d\u2019entre eux, car il ajoute tellement de profondeur \u00e0 cette \u00e9quipe.<\/p>\n<p>Mikel Arteta dit :<\/p>\n<blockquote>\n<p>L&rsquo;attitude, la mentalit\u00e9 et les valeurs de Tomi sont de premi\u00e8re classe.  Tomi est aim\u00e9 de tous et fait partie int\u00e9grante de l\u2019\u00e9quipe depuis qu\u2019il nous a rejoint.  La fa\u00e7on dont il s\u2019entra\u00eene, avec son d\u00e9sir et sa d\u00e9termination d\u2019\u00eatre chaque jour la meilleure version de lui-m\u00eame est admirable.  Nous sommes impatients de continuer \u00e0 travailler avec Tomi dans les ann\u00e9es \u00e0 venir.<\/p>\n<\/blockquote>\n<p>Cela contribue \u00e9galement \u00e0 le rapprocher de tant d\u2019autres qui ont sign\u00e9 de nouveaux accords ces derniers temps.  Tous les joueurs qui ont pris la plume au cours des 12 derniers mois ont \u00e9galement am\u00e9lior\u00e9 leurs conditions, leurs salaires, etc., ce qui a pour cons\u00e9quence un l\u00e9ger d\u00e9s\u00e9quilibre qu&rsquo;il faut corriger pour que les choses restent harmonieuses.  Tomiyasu ne touchera pas le m\u00eame salaire que quelqu&rsquo;un comme Bukayo Saka ou Martin Odegaard, mais une augmentation d\u00e9cente sur un salaire de d\u00e9part relativement bas fait la diff\u00e9rence et montre l&rsquo;engagement du club envers lui sans alourdir la masse salariale de mani\u00e8re significative.<\/p>\n<p>Tomi a d\u00e9clar\u00e9 sur le site officiel :<\/p>\n<blockquote>\n<p>Quand je suis sur le terrain, je ressens l&rsquo;amour et l&rsquo;\u00e9nergie des supporters.  Nous sommes beaucoup connect\u00e9s donc je veux leur rendre quelque chose en retour.  Je joue pour Arsenal, ce qui veut dire que je joue pour les supporters d&rsquo;Arsenal.  C&rsquo;est pourquoi je consacre ma vie \u00e0 ce club et \u00e0 ses supporters.  Je veux leur rendre quelque chose en retour.  La connexion entre les joueurs et les supporters est d\u2019un autre niveau et cela la rend plus sp\u00e9ciale.<\/p>\n<\/blockquote>\n<p>De toute \u00e9vidence, il sera en forme et pr\u00eat apr\u00e8s l&rsquo;Interlull, ce qui nous donne un coup de pouce avant le d\u00e9but du calendrier charg\u00e9 qui nous attend.  Il y aura beaucoup de monde sur le pont, et s&rsquo;il peut renforcer nos options d\u00e9fensives d&rsquo;ici la fin de la saison, ce sera d&rsquo;une grande aide.<\/p>\n<p>\u2014<\/p>\n<p>Enfin pour aujourd\u2019hui, j\u2019ai vu cette histoire\u2026<\/p>\n<p><img loading=\"lazy\" decoding=\"async\" class=\"alignnone size-full wp-image-43552\" src=\"https:\/\/footdavant.fr\/actualites\/wp-content\/uploads\/2024\/03\/1711032740_791_Bonne-nouvelle-alors-que-Tomiyasu-signe-un-nouvel-accord.png\" alt=\"\" width=\"1324\" height=\"370\"  ><\/p>\n<p>\u2026 et j&rsquo;ai ri.  Oh, comme j&rsquo;ai ri.  Ils ont allait\u00e9 les dents du diable pendant 20 ans et ont connu un succ\u00e8s sans pr\u00e9c\u00e9dent (en comparaison de ce qu&rsquo;ils avaient fait dans leur histoire).  Il est maintenant temps de payer le prix.  Difficile.  Merde.<\/p>\n<p>Quand on pense \u00e0 tant de choses qui ne vont pas dans le football de nos jours, il est impossible d&rsquo;\u00e9viter le lien avec Roman Abramovich et la fa\u00e7on dont il a chang\u00e9 le jeu lorsqu&rsquo;il a d\u00e9cid\u00e9 d&rsquo;utiliser un club de football anglais pour son profil et sa l\u00e9gitimit\u00e9.  Comme je l&rsquo;ai d\u00e9j\u00e0 dit, c&rsquo;\u00e9tait probablement in\u00e9vitable, et si cela n&rsquo;avait pas \u00e9t\u00e9 Chelsea, cela aurait \u00e9t\u00e9 quelqu&rsquo;un d&rsquo;autre, mais c&rsquo;\u00e9tait eux et ils m\u00e9ritent tout ce qui leur arrive.<\/p>\n<p>D\u00e9duction de 9 000 points s&rsquo;il vous pla\u00eet pour toutes les transactions douteuses.  Par saison.  \u00c0 l&rsquo;infini et au-del\u00e0.  Jusqu&rsquo;\u00e0 ce que la mort nous fasse rire.<\/p>\n<p>\u2014<\/p>\n<p>Bon, c&rsquo;est tout pour l&rsquo;instant.  Je vais probablement sortir un Arsecast pour vous aujourd&rsquo;hui, c&rsquo;est un peu difficile cet Interull donc j&rsquo;esp\u00e8re que nous aurons quelque chose \u00e0 vous \u00e9couter un peu plus tard.<\/p>\n<p>Jusque l\u00e0.<\/p>\n<\/div>\n","protected":false},"excerpt":{"rendered":"<p>Bonjour \u00e0 tous. Commen\u00e7ons par le nouvel accord pour Takehiro Tomiyasu, car sinon nous risquons de nous laisser entra\u00eener dans des b\u00eatises plus fastidieuses avec<\/p>\n","protected":false},"author":1,"featured_media":6512,"comment_status":"closed","ping_status":"","sticky":false,"template":"","format":"standard","meta":{"footnotes":""},"categories":[3],"tags":[277,318,1646,886,1850,515,1534],"yoast_head":"<!-- This site is optimized with the Yoast SEO plugin v21.0 - https:\/\/yoast.com\/wordpress\/plugins\/seo\/ -->\n<title>Bonne nouvelle alors que Tomiyasu signe un nouvel accord<\/title>\n<meta name=\"robots\" content=\"index, follow, max-snippet:-1, max-image-preview:large, max-video-preview:-1\" \/>\n<link rel=\"canonical\" href=\"https:\/\/footdavant.fr\/actualites\/bonne-nouvelle-alors-que-tomiyasu-signe-un-nouvel-accord\/\" \/>\n<meta property=\"og:locale\" content=\"fr_FR\" \/>\n<meta property=\"og:type\" content=\"article\" \/>\n<meta property=\"og:title\" content=\"Bonne nouvelle alors que Tomiyasu signe un nouvel accord\" \/>\n<meta property=\"og:description\" content=\"Bonjour \u00e0 tous. Commen\u00e7ons par le nouvel accord pour Takehiro Tomiyasu, car sinon nous risquons de nous laisser entra\u00eener dans des b\u00eatises plus fastidieuses avec\" \/>\n<meta property=\"og:url\" content=\"https:\/\/footdavant.fr\/actualites\/bonne-nouvelle-alors-que-tomiyasu-signe-un-nouvel-accord\/\" \/>\n<meta property=\"og:site_name\" content=\"Foot d&#039;avant\" \/>\n<meta property=\"article:publisher\" content=\"https:\/\/www.facebook.com\/Footdavant\/\" \/>\n<meta property=\"article:published_time\" content=\"2024-03-21T14:52:20+00:00\" \/>\n<meta property=\"article:modified_time\" content=\"2024-03-21T14:52:21+00:00\" \/>\n<meta property=\"og:image\" content=\"https:\/\/footdavant.fr\/actualites\/wp-content\/uploads\/2024\/03\/Bonne-nouvelle-alors-que-Tomiyasu-signe-un-nouvel-accord.jpg\" \/>\n\t<meta property=\"og:image:width\" content=\"1500\" \/>\n\t<meta property=\"og:image:height\" content=\"750\" \/>\n\t<meta property=\"og:image:type\" content=\"image\/jpeg\" \/>\n<meta name=\"author\" content=\"Cl\u00e9ment\" \/>\n<meta name=\"twitter:card\" content=\"summary_large_image\" \/>\n<meta name=\"twitter:creator\" content=\"@FootdavantFr\" \/>\n<meta name=\"twitter:site\" content=\"@FootdavantFr\" \/>\n<meta name=\"twitter:label1\" content=\"\u00c9crit par\" \/>\n\t<meta name=\"twitter:data1\" content=\"Cl\u00e9ment\" \/>\n\t<meta name=\"twitter:label2\" content=\"Dur\u00e9e de lecture estim\u00e9e\" \/>\n\t<meta name=\"twitter:data2\" content=\"5 minutes\" \/>\n<script type=\"application\/ld+json\" class=\"yoast-schema-graph\">{\"@context\":\"https:\/\/schema.org\",\"@graph\":[{\"@type\":\"Article\",\"@id\":\"https:\/\/footdavant.fr\/actualites\/bonne-nouvelle-alors-que-tomiyasu-signe-un-nouvel-accord\/#article\",\"isPartOf\":{\"@id\":\"https:\/\/footdavant.fr\/actualites\/bonne-nouvelle-alors-que-tomiyasu-signe-un-nouvel-accord\/\"},\"author\":{\"name\":\"Cl\u00e9ment\",\"@id\":\"https:\/\/footdavant.fr\/actualites\/#\/schema\/person\/bc222566d95871b37e597b3ed3ba5e1d\"},\"headline\":\"Bonne nouvelle alors que Tomiyasu signe un nouvel accord\",\"datePublished\":\"2024-03-21T14:52:20+00:00\",\"dateModified\":\"2024-03-21T14:52:21+00:00\",\"mainEntityOfPage\":{\"@id\":\"https:\/\/footdavant.fr\/actualites\/bonne-nouvelle-alors-que-tomiyasu-signe-un-nouvel-accord\/\"},\"wordCount\":1002,\"publisher\":{\"@id\":\"https:\/\/footdavant.fr\/actualites\/#organization\"},\"keywords\":[\"accord\",\"alors\",\"bonne\",\"nouvel\",\"nouvelle\",\"signe\",\"Tomiyasu\"],\"articleSection\":[\"Football\"],\"inLanguage\":\"fr-FR\"},{\"@type\":\"WebPage\",\"@id\":\"https:\/\/footdavant.fr\/actualites\/bonne-nouvelle-alors-que-tomiyasu-signe-un-nouvel-accord\/\",\"url\":\"https:\/\/footdavant.fr\/actualites\/bonne-nouvelle-alors-que-tomiyasu-signe-un-nouvel-accord\/\",\"name\":\"Bonne nouvelle alors que Tomiyasu signe un nouvel accord\",\"isPartOf\":{\"@id\":\"https:\/\/footdavant.fr\/actualites\/#website\"},\"datePublished\":\"2024-03-21T14:52:20+00:00\",\"dateModified\":\"2024-03-21T14:52:21+00:00\",\"breadcrumb\":{\"@id\":\"https:\/\/footdavant.fr\/actualites\/bonne-nouvelle-alors-que-tomiyasu-signe-un-nouvel-accord\/#breadcrumb\"},\"inLanguage\":\"fr-FR\",\"potentialAction\":[{\"@type\":\"ReadAction\",\"target\":[\"https:\/\/footdavant.fr\/actualites\/bonne-nouvelle-alors-que-tomiyasu-signe-un-nouvel-accord\/\"]}]},{\"@type\":\"BreadcrumbList\",\"@id\":\"https:\/\/footdavant.fr\/actualites\/bonne-nouvelle-alors-que-tomiyasu-signe-un-nouvel-accord\/#breadcrumb\",\"itemListElement\":[{\"@type\":\"ListItem\",\"position\":1,\"name\":\"Accueil\",\"item\":\"https:\/\/footdavant.fr\/actualites\/\"},{\"@type\":\"ListItem\",\"position\":2,\"name\":\"Bonne nouvelle alors que Tomiyasu signe un nouvel accord\"}]},{\"@type\":\"WebSite\",\"@id\":\"https:\/\/footdavant.fr\/actualites\/#website\",\"url\":\"https:\/\/footdavant.fr\/actualites\/\",\"name\":\"Foot d'avant\",\"description\":\"\",\"publisher\":{\"@id\":\"https:\/\/footdavant.fr\/actualites\/#organization\"},\"potentialAction\":[{\"@type\":\"SearchAction\",\"target\":{\"@type\":\"EntryPoint\",\"urlTemplate\":\"https:\/\/footdavant.fr\/actualites\/?s={search_term_string}\"},\"query-input\":\"required name=search_term_string\"}],\"inLanguage\":\"fr-FR\"},{\"@type\":\"Organization\",\"@id\":\"https:\/\/footdavant.fr\/actualites\/#organization\",\"name\":\"Foot d'avant\",\"url\":\"https:\/\/footdavant.fr\/actualites\/\",\"logo\":{\"@type\":\"ImageObject\",\"inLanguage\":\"fr-FR\",\"@id\":\"https:\/\/footdavant.fr\/actualites\/#\/schema\/logo\/image\/\",\"url\":\"https:\/\/footdavant.fr\/actualites\/wp-content\/uploads\/2023\/09\/Copy-of-FootDavant-Logo.png\",\"contentUrl\":\"https:\/\/footdavant.fr\/actualites\/wp-content\/uploads\/2023\/09\/Copy-of-FootDavant-Logo.png\",\"width\":936,\"height\":549,\"caption\":\"Foot d'avant\"},\"image\":{\"@id\":\"https:\/\/footdavant.fr\/actualites\/#\/schema\/logo\/image\/\"},\"sameAs\":[\"https:\/\/www.facebook.com\/Footdavant\/\",\"https:\/\/twitter.com\/FootdavantFr\",\"https:\/\/www.instagram.com\/footdavant.fr\/\"]},{\"@type\":\"Person\",\"@id\":\"https:\/\/footdavant.fr\/actualites\/#\/schema\/person\/bc222566d95871b37e597b3ed3ba5e1d\",\"name\":\"Cl\u00e9ment\",\"image\":{\"@type\":\"ImageObject\",\"inLanguage\":\"fr-FR\",\"@id\":\"https:\/\/footdavant.fr\/actualites\/#\/schema\/person\/image\/\",\"url\":\"https:\/\/secure.gravatar.com\/avatar\/7728b29aac2719421e1a9159b2254c44?s=96&d=mm&r=g\",\"contentUrl\":\"https:\/\/secure.gravatar.com\/avatar\/7728b29aac2719421e1a9159b2254c44?s=96&d=mm&r=g\",\"caption\":\"Cl\u00e9ment\"},\"sameAs\":[\"https:\/\/footdavant.fr\/\"]}]}<\/script>\n<!-- \/ Yoast SEO plugin. -->","yoast_head_json":{"title":"Bonne nouvelle alors que Tomiyasu signe un nouvel accord","robots":{"index":"index","follow":"follow","max-snippet":"max-snippet:-1","max-image-preview":"max-image-preview:large","max-video-preview":"max-video-preview:-1"},"canonical":"https:\/\/footdavant.fr\/actualites\/bonne-nouvelle-alors-que-tomiyasu-signe-un-nouvel-accord\/","og_locale":"fr_FR","og_type":"article","og_title":"Bonne nouvelle alors que Tomiyasu signe un nouvel accord","og_description":"Bonjour \u00e0 tous. Commen\u00e7ons par le nouvel accord pour Takehiro Tomiyasu, car sinon nous risquons de nous laisser entra\u00eener dans des b\u00eatises plus fastidieuses avec","og_url":"https:\/\/footdavant.fr\/actualites\/bonne-nouvelle-alors-que-tomiyasu-signe-un-nouvel-accord\/","og_site_name":"Foot d&#039;avant","article_publisher":"https:\/\/www.facebook.com\/Footdavant\/","article_published_time":"2024-03-21T14:52:20+00:00","article_modified_time":"2024-03-21T14:52:21+00:00","og_image":[{"width":1500,"height":750,"url":"https:\/\/footdavant.fr\/actualites\/wp-content\/uploads\/2024\/03\/Bonne-nouvelle-alors-que-Tomiyasu-signe-un-nouvel-accord.jpg","type":"image\/jpeg"}],"author":"Cl\u00e9ment","twitter_card":"summary_large_image","twitter_creator":"@FootdavantFr","twitter_site":"@FootdavantFr","twitter_misc":{"\u00c9crit par":"Cl\u00e9ment","Dur\u00e9e de lecture estim\u00e9e":"5 minutes"},"schema":{"@context":"https:\/\/schema.org","@graph":[{"@type":"Article","@id":"https:\/\/footdavant.fr\/actualites\/bonne-nouvelle-alors-que-tomiyasu-signe-un-nouvel-accord\/#article","isPartOf":{"@id":"https:\/\/footdavant.fr\/actualites\/bonne-nouvelle-alors-que-tomiyasu-signe-un-nouvel-accord\/"},"author":{"name":"Cl\u00e9ment","@id":"https:\/\/footdavant.fr\/actualites\/#\/schema\/person\/bc222566d95871b37e597b3ed3ba5e1d"},"headline":"Bonne nouvelle alors que Tomiyasu signe un nouvel accord","datePublished":"2024-03-21T14:52:20+00:00","dateModified":"2024-03-21T14:52:21+00:00","mainEntityOfPage":{"@id":"https:\/\/footdavant.fr\/actualites\/bonne-nouvelle-alors-que-tomiyasu-signe-un-nouvel-accord\/"},"wordCount":1002,"publisher":{"@id":"https:\/\/footdavant.fr\/actualites\/#organization"},"keywords":["accord","alors","bonne","nouvel","nouvelle","signe","Tomiyasu"],"articleSection":["Football"],"inLanguage":"fr-FR"},{"@type":"WebPage","@id":"https:\/\/footdavant.fr\/actualites\/bonne-nouvelle-alors-que-tomiyasu-signe-un-nouvel-accord\/","url":"https:\/\/footdavant.fr\/actualites\/bonne-nouvelle-alors-que-tomiyasu-signe-un-nouvel-accord\/","name":"Bonne nouvelle alors que Tomiyasu signe un nouvel accord","isPartOf":{"@id":"https:\/\/footdavant.fr\/actualites\/#website"},"datePublished":"2024-03-21T14:52:20+00:00","dateModified":"2024-03-21T14:52:21+00:00","breadcrumb":{"@id":"https:\/\/footdavant.fr\/actualites\/bonne-nouvelle-alors-que-tomiyasu-signe-un-nouvel-accord\/#breadcrumb"},"inLanguage":"fr-FR","potentialAction":[{"@type":"ReadAction","target":["https:\/\/footdavant.fr\/actualites\/bonne-nouvelle-alors-que-tomiyasu-signe-un-nouvel-accord\/"]}]},{"@type":"BreadcrumbList","@id":"https:\/\/footdavant.fr\/actualites\/bonne-nouvelle-alors-que-tomiyasu-signe-un-nouvel-accord\/#breadcrumb","itemListElement":[{"@type":"ListItem","position":1,"name":"Accueil","item":"https:\/\/footdavant.fr\/actualites\/"},{"@type":"ListItem","position":2,"name":"Bonne nouvelle alors que Tomiyasu signe un nouvel accord"}]},{"@type":"WebSite","@id":"https:\/\/footdavant.fr\/actualites\/#website","url":"https:\/\/footdavant.fr\/actualites\/","name":"Foot d'avant","description":"","publisher":{"@id":"https:\/\/footdavant.fr\/actualites\/#organization"},"potentialAction":[{"@type":"SearchAction","target":{"@type":"EntryPoint","urlTemplate":"https:\/\/footdavant.fr\/actualites\/?s={search_term_string}"},"query-input":"required name=search_term_string"}],"inLanguage":"fr-FR"},{"@type":"Organization","@id":"https:\/\/footdavant.fr\/actualites\/#organization","name":"Foot d'avant","url":"https:\/\/footdavant.fr\/actualites\/","logo":{"@type":"ImageObject","inLanguage":"fr-FR","@id":"https:\/\/footdavant.fr\/actualites\/#\/schema\/logo\/image\/","url":"https:\/\/footdavant.fr\/actualites\/wp-content\/uploads\/2023\/09\/Copy-of-FootDavant-Logo.png","contentUrl":"https:\/\/footdavant.fr\/actualites\/wp-content\/uploads\/2023\/09\/Copy-of-FootDavant-Logo.png","width":936,"height":549,"caption":"Foot d'avant"},"image":{"@id":"https:\/\/footdavant.fr\/actualites\/#\/schema\/logo\/image\/"},"sameAs":["https:\/\/www.facebook.com\/Footdavant\/","https:\/\/twitter.com\/FootdavantFr","https:\/\/www.instagram.com\/footdavant.fr\/"]},{"@type":"Person","@id":"https:\/\/footdavant.fr\/actualites\/#\/schema\/person\/bc222566d95871b37e597b3ed3ba5e1d","name":"Cl\u00e9ment","image":{"@type":"ImageObject","inLanguage":"fr-FR","@id":"https:\/\/footdavant.fr\/actualites\/#\/schema\/person\/image\/","url":"https:\/\/secure.gravatar.com\/avatar\/7728b29aac2719421e1a9159b2254c44?s=96&d=mm&r=g","contentUrl":"https:\/\/secure.gravatar.com\/avatar\/7728b29aac2719421e1a9159b2254c44?s=96&d=mm&r=g","caption":"Cl\u00e9ment"},"sameAs":["https:\/\/footdavant.fr\/"]}]}},"_links":{"self":[{"href":"https:\/\/footdavant.fr\/actualites\/wp-json\/wp\/v2\/posts\/6511"}],"collection":[{"href":"https:\/\/footdavant.fr\/actualites\/wp-json\/wp\/v2\/posts"}],"about":[{"href":"https:\/\/footdavant.fr\/actualites\/wp-json\/wp\/v2\/types\/post"}],"author":[{"embeddable":true,"href":"https:\/\/footdavant.fr\/actualites\/wp-json\/wp\/v2\/users\/1"}],"replies":[{"embeddable":true,"href":"https:\/\/footdavant.fr\/actualites\/wp-json\/wp\/v2\/comments?post=6511"}],"version-history":[{"count":1,"href":"https:\/\/footdavant.fr\/actualites\/wp-json\/wp\/v2\/posts\/6511\/revisions"}],"predecessor-version":[{"id":6513,"href":"https:\/\/footdavant.fr\/actualites\/wp-json\/wp\/v2\/posts\/6511\/revisions\/6513"}],"wp:featuredmedia":[{"embeddable":true,"href":"https:\/\/footdavant.fr\/actualites\/wp-json\/wp\/v2\/media\/6512"}],"wp:attachment":[{"href":"https:\/\/footdavant.fr\/actualites\/wp-json\/wp\/v2\/media?parent=6511"}],"wp:term":[{"taxonomy":"category","embeddable":true,"href":"https:\/\/footdavant.fr\/actualites\/wp-json\/wp\/v2\/categories?post=6511"},{"taxonomy":"post_tag","embeddable":true,"href":"https:\/\/footdavant.fr\/actualites\/wp-json\/wp\/v2\/tags?post=6511"}],"curies":[{"name":"wp","href":"https:\/\/api.w.org\/{rel}","templated":true}]}}